{"id":25413,"date":"2016-05-15T00:00:00","date_gmt":"2016-05-14T23:00:00","guid":{"rendered":"https:\/\/www.prioratenoturisme.com\/tasting-cal-compte\/"},"modified":"2016-05-15T00:00:00","modified_gmt":"2016-05-14T23:00:00","slug":"tasting-cal-compte","status":"publish","type":"post","link":"https:\/\/www.prioratenoturisme.com\/en\/tasting-cal-compte\/","title":{"rendered":"Tasting Cal Compte"},"content":{"rendered":"<p><span id=\"result_box\" class=\"\" lang=\"en\"><span title=\"El Tast de Cal Compte, un homenatge a la tr\u00edada mediterr\u00e0nia \"><strong>Wine Tasting in Cal Compte, a tribute to the Mediterranean triad<\/strong><\/span><\/span><\/p>\n<p><span title=\"L'espai, el moment, la companyia i els productes mediterranis: el vi, l'oli i el pa.\">Space, time, the company and Mediterranean products: wine, oil and bread. <\/span><span title=\"Aquests s\u00f3n els elements que combina el Tast de Cal Compte, que aquest any arriba a la vuitena edici\u00f3.\">These are the elements that combine Tasting Cal Compte, which this year reaches the eighth. <\/span><span title=\"Un acte que se celebra a la terrassa de Cal Compte a Torroja del Priorat, en el marc de la Fira del Vi de Falset.\">A ceremony held on the terrace of Cal Compte Torroja del Priorat, within the framework of the Falset Wine Fair. <\/span><span title=\"El diumenge 1 de maig, de les 11 del mat\u00ed a les 14h del migdia, els assistents podran tastar els vins dels cellers de Torroja, olis d'oliva verge extra i pans ecol\u00f2gics. \">On Sunday, May 1, from 11 am to 14h pm, attendees can sample wines from the cellars of Torroja, extra virgin olive oil and organic breads. <\/span><span title=\"\u00abL'ess\u00e8ncia del Tast \u00e9s gaudir del moment, de l'espai, del magn\u00edfic paisatge de primavera des de les terrasses de Cal Compte i dels productes de la mediterr\u00e0nia: l'oli, el vi i el pa\u00bb explica la propiet\u00e0ria Anna Figueras\">&#8220;The essence of the tasting is to enjoy the moment, space, the magnificent spring landscape from the Cal Compte terraces and Mediterranean products: olive oil, wine and bread&#8221; explains the owner Anna Figueras <\/span><span title=\".\">. <\/span><span title=\"Aquest acte va n\u00e9ixer amb la voluntat \u00abde donar m\u00e9s continguts a la Fira del Vi, m\u00e9s diversitat d'actes, al mateix temps que era una finestra perqu\u00e8 els petits cellers de Torroja del Priorat poguessin ser presents i mostrar la qualitat dels seus vins\u00bb\">This act is intended &#8220;to give more content to the Wine Fair, more variety of events, while a window was so small wineries in Priorat Torroja could be present and show the quality of their wines&#8221; <\/span><span title=\"afegeix Anna Figueras. \">Anna Figueras adds.<\/span><\/p>\n<p><span title=\"Acompanyant el vi, s'hi torba l'oli i el pa.\">Accompanying wine are peat oil and bread. <\/span><span title=\"\u00abA m\u00e9s del vi, vam considerar fer una trobada homenatge a la tr\u00edada mediterr\u00e0nia, per aix\u00f2 vam afegir el pa i l'oli\u00bb.\">&#8220;In addition to wine, we consider doing a tribute to meeting the Mediterranean triad, so we add the bread and oil.&#8221; <\/span><span title=\"En aquesta edici\u00f3 i com cada any \u00abs'hi podran degustar els vins de deu cellers vinculats a Torroja del Priorat, els pans de dos forns de Reus i Tarragona i cinc olis de la zona.\">In this edition every year and &#8220;we will taste the wines of ten wineries from Torroja del Priorat, breads of two ovens and five oils from Reus and Tarragona region. <\/span><\/p>\n<p><span title=\"\u00c9s un tast dirigit a tot tipus de p\u00fablic: \u00abhi ha qui ja coneix els vins per\u00f2 sempre queda alguna cosa a descobrir i n'hi ha que els descobreixen i es tornen prescriptors del producte.\">It&#8217;s a tasting aimed at all audiences, &#8220;there are those who already know the wines but there is always something to discover and there are those who discover them and become prescribers of the product. <\/span><span title=\"De fet, \u00e9s un tast que molta gent repeteix any rere any i les places s\u00f3n molt limitades\u00bb afegeix la propiet\u00e0ria de Cal Compte.\">In fact, it is a taste that many people repeated every year and places are very limited &#8220;adds the owner of Cal Compte. <\/span><span title=\"Una jornada que recomana gaudir-la: \u00ab\u00e9s una experi\u00e8ncia singular que com a m\u00ednim s'ha de viure un cop a la vida, tot i que despr\u00e9s, et fas addicte al lloc, a l'entorn i al que tastes\u00bb conclou Anna\">A recommended day to enjoy it, &#8220;is a unique experience that has to live at least once in life, but then you get addicted to the site and the environment&#8221; concludes Anna <\/span><span title=\"Figueras.\">Figueras.<\/span><\/p>\n<p>&nbsp;<\/p>\n","protected":false},"excerpt":{"rendered":"<p>Wine Tasting in Cal Compte, a tribute to the Mediterranean triad Space, time, the company and Mediterranean products: wine, oil and bread. These are the elements that combine Tasting Cal Compte, which this year reaches the eighth. A ceremony held on the terrace of Cal Compte Torroja del Priorat, within the framework of the Falset [&hellip;]<\/p>\n","protected":false},"author":2,"featured_media":23195,"comment_status":"open","ping_status":"open","sticky":false,"template":"","format":"standard","meta":{"_acf_changed":false,"_et_pb_use_builder":"","_et_pb_old_content":"","_et_gb_content_width":"","footnotes":""},"categories":[8],"tags":[],"class_list":["post-25413","post","type-post","status-publish","format-standard","has-post-thumbnail","hentry","category-uncategorized"],"acf":[],"yoast_head":"<!-- This site is optimized with the Yoast SEO plugin v25.6 - https:\/\/yoast.com\/wordpress\/plugins\/seo\/ -->\n<title>Tasting Cal Compte - Priorat Enoturisme<\/title>\n<meta name=\"robots\" content=\"index, follow, max-snippet:-1, max-image-preview:large, max-video-preview:-1\" \/>\n<link rel=\"canonical\" href=\"https:\/\/www.prioratenoturisme.com\/en\/tasting-cal-compte\/\" \/>\n<meta property=\"og:locale\" content=\"en_US\" \/>\n<meta property=\"og:type\" content=\"article\" \/>\n<meta property=\"og:title\" content=\"Tasting Cal Compte - Priorat Enoturisme\" \/>\n<meta property=\"og:description\" content=\"Wine Tasting in Cal Compte, a tribute to the Mediterranean triad Space, time, the company and Mediterranean products: wine, oil and bread. These are the elements that combine Tasting Cal Compte, which this year reaches the eighth. A ceremony held on the terrace of Cal Compte Torroja del Priorat, within the framework of the Falset [&hellip;]\" \/>\n<meta property=\"og:url\" content=\"https:\/\/www.prioratenoturisme.com\/en\/tasting-cal-compte\/\" \/>\n<meta property=\"og:site_name\" content=\"Priorat Enoturisme\" \/>\n<meta property=\"article:publisher\" content=\"https:\/\/www.facebook.com\/prioratenoturisme\/\" \/>\n<meta property=\"article:published_time\" content=\"2016-05-14T23:00:00+00:00\" \/>\n<meta property=\"og:image\" content=\"https:\/\/www.prioratenoturisme.com\/wp-content\/uploads\/IMG_20151026_1308161-scaled.jpg\" \/>\n\t<meta property=\"og:image:width\" content=\"1707\" \/>\n\t<meta property=\"og:image:height\" content=\"2560\" \/>\n\t<meta property=\"og:image:type\" content=\"image\/jpeg\" \/>\n<meta name=\"author\" content=\"Priorat Enoturisme\" \/>\n<meta name=\"twitter:card\" content=\"summary_large_image\" \/>\n<meta name=\"twitter:label1\" content=\"Written by\" \/>\n\t<meta name=\"twitter:data1\" content=\"Priorat Enoturisme\" \/>\n\t<meta name=\"twitter:label2\" content=\"Est. reading time\" \/>\n\t<meta name=\"twitter:data2\" content=\"2 minutes\" \/>\n<script type=\"application\/ld+json\" class=\"yoast-schema-graph\">{\"@context\":\"https:\/\/schema.org\",\"@graph\":[{\"@type\":\"Article\",\"@id\":\"https:\/\/www.prioratenoturisme.com\/en\/tasting-cal-compte\/#article\",\"isPartOf\":{\"@id\":\"https:\/\/www.prioratenoturisme.com\/en\/tasting-cal-compte\/\"},\"author\":{\"name\":\"Priorat Enoturisme\",\"@id\":\"https:\/\/www.prioratenoturisme.com\/#\/schema\/person\/21cb071ed0505ebc2f5e911eca6dccf7\"},\"headline\":\"Tasting Cal Compte\",\"datePublished\":\"2016-05-14T23:00:00+00:00\",\"mainEntityOfPage\":{\"@id\":\"https:\/\/www.prioratenoturisme.com\/en\/tasting-cal-compte\/\"},\"wordCount\":307,\"commentCount\":0,\"publisher\":{\"@id\":\"https:\/\/www.prioratenoturisme.com\/#organization\"},\"image\":{\"@id\":\"https:\/\/www.prioratenoturisme.com\/en\/tasting-cal-compte\/#primaryimage\"},\"thumbnailUrl\":\"https:\/\/www.prioratenoturisme.com\/wp-content\/uploads\/IMG_20151026_1308161-scaled.jpg\",\"inLanguage\":\"en-US\",\"potentialAction\":[{\"@type\":\"CommentAction\",\"name\":\"Comment\",\"target\":[\"https:\/\/www.prioratenoturisme.com\/en\/tasting-cal-compte\/#respond\"]}]},{\"@type\":\"WebPage\",\"@id\":\"https:\/\/www.prioratenoturisme.com\/en\/tasting-cal-compte\/\",\"url\":\"https:\/\/www.prioratenoturisme.com\/en\/tasting-cal-compte\/\",\"name\":\"Tasting Cal Compte - Priorat Enoturisme\",\"isPartOf\":{\"@id\":\"https:\/\/www.prioratenoturisme.com\/#website\"},\"primaryImageOfPage\":{\"@id\":\"https:\/\/www.prioratenoturisme.com\/en\/tasting-cal-compte\/#primaryimage\"},\"image\":{\"@id\":\"https:\/\/www.prioratenoturisme.com\/en\/tasting-cal-compte\/#primaryimage\"},\"thumbnailUrl\":\"https:\/\/www.prioratenoturisme.com\/wp-content\/uploads\/IMG_20151026_1308161-scaled.jpg\",\"datePublished\":\"2016-05-14T23:00:00+00:00\",\"breadcrumb\":{\"@id\":\"https:\/\/www.prioratenoturisme.com\/en\/tasting-cal-compte\/#breadcrumb\"},\"inLanguage\":\"en-US\",\"potentialAction\":[{\"@type\":\"ReadAction\",\"target\":[\"https:\/\/www.prioratenoturisme.com\/en\/tasting-cal-compte\/\"]}]},{\"@type\":\"ImageObject\",\"inLanguage\":\"en-US\",\"@id\":\"https:\/\/www.prioratenoturisme.com\/en\/tasting-cal-compte\/#primaryimage\",\"url\":\"https:\/\/www.prioratenoturisme.com\/wp-content\/uploads\/IMG_20151026_1308161-scaled.jpg\",\"contentUrl\":\"https:\/\/www.prioratenoturisme.com\/wp-content\/uploads\/IMG_20151026_1308161-scaled.jpg\",\"width\":1707,\"height\":2560},{\"@type\":\"BreadcrumbList\",\"@id\":\"https:\/\/www.prioratenoturisme.com\/en\/tasting-cal-compte\/#breadcrumb\",\"itemListElement\":[{\"@type\":\"ListItem\",\"position\":1,\"name\":\"Portada\",\"item\":\"https:\/\/www.prioratenoturisme.com\/en\/home-live-the-priorat\/\"},{\"@type\":\"ListItem\",\"position\":2,\"name\":\"Tasting Cal Compte\"}]},{\"@type\":\"WebSite\",\"@id\":\"https:\/\/www.prioratenoturisme.com\/#website\",\"url\":\"https:\/\/www.prioratenoturisme.com\/\",\"name\":\"Priorat Enoturisme\",\"description\":\"Viu el Priorat\",\"publisher\":{\"@id\":\"https:\/\/www.prioratenoturisme.com\/#organization\"},\"potentialAction\":[{\"@type\":\"SearchAction\",\"target\":{\"@type\":\"EntryPoint\",\"urlTemplate\":\"https:\/\/www.prioratenoturisme.com\/?s={search_term_string}\"},\"query-input\":{\"@type\":\"PropertyValueSpecification\",\"valueRequired\":true,\"valueName\":\"search_term_string\"}}],\"inLanguage\":\"en-US\"},{\"@type\":\"Organization\",\"@id\":\"https:\/\/www.prioratenoturisme.com\/#organization\",\"name\":\"Priorat Enoturisme\",\"url\":\"https:\/\/www.prioratenoturisme.com\/\",\"logo\":{\"@type\":\"ImageObject\",\"inLanguage\":\"en-US\",\"@id\":\"https:\/\/www.prioratenoturisme.com\/#\/schema\/logo\/image\/\",\"url\":\"https:\/\/www.prioratenoturisme.com\/wp-content\/uploads\/2023\/03\/cropped-FAVICON.png\",\"contentUrl\":\"https:\/\/www.prioratenoturisme.com\/wp-content\/uploads\/2023\/03\/cropped-FAVICON.png\",\"width\":512,\"height\":512,\"caption\":\"Priorat Enoturisme\"},\"image\":{\"@id\":\"https:\/\/www.prioratenoturisme.com\/#\/schema\/logo\/image\/\"},\"sameAs\":[\"https:\/\/www.facebook.com\/prioratenoturisme\/\",\"https:\/\/www.instagram.com\/prioratenoturisme\/\"]},{\"@type\":\"Person\",\"@id\":\"https:\/\/www.prioratenoturisme.com\/#\/schema\/person\/21cb071ed0505ebc2f5e911eca6dccf7\",\"name\":\"Priorat Enoturisme\",\"image\":{\"@type\":\"ImageObject\",\"inLanguage\":\"en-US\",\"@id\":\"https:\/\/www.prioratenoturisme.com\/#\/schema\/person\/image\/\",\"url\":\"https:\/\/secure.gravatar.com\/avatar\/18e124132141ce8f3b812fb2b92f98d9180a5b7a1f465cb453ca291f504ea831?s=96&d=mm&r=g\",\"contentUrl\":\"https:\/\/secure.gravatar.com\/avatar\/18e124132141ce8f3b812fb2b92f98d9180a5b7a1f465cb453ca291f504ea831?s=96&d=mm&r=g\",\"caption\":\"Priorat Enoturisme\"},\"url\":\"https:\/\/www.prioratenoturisme.com\/en\/author\/prioratenoturisme_gestio\/\"}]}<\/script>\n<!-- \/ Yoast SEO plugin. -->","yoast_head_json":{"title":"Tasting Cal Compte - Priorat Enoturisme","robots":{"index":"index","follow":"follow","max-snippet":"max-snippet:-1","max-image-preview":"max-image-preview:large","max-video-preview":"max-video-preview:-1"},"canonical":"https:\/\/www.prioratenoturisme.com\/en\/tasting-cal-compte\/","og_locale":"en_US","og_type":"article","og_title":"Tasting Cal Compte - Priorat Enoturisme","og_description":"Wine Tasting in Cal Compte, a tribute to the Mediterranean triad Space, time, the company and Mediterranean products: wine, oil and bread. These are the elements that combine Tasting Cal Compte, which this year reaches the eighth. A ceremony held on the terrace of Cal Compte Torroja del Priorat, within the framework of the Falset [&hellip;]","og_url":"https:\/\/www.prioratenoturisme.com\/en\/tasting-cal-compte\/","og_site_name":"Priorat Enoturisme","article_publisher":"https:\/\/www.facebook.com\/prioratenoturisme\/","article_published_time":"2016-05-14T23:00:00+00:00","og_image":[{"width":1707,"height":2560,"url":"https:\/\/www.prioratenoturisme.com\/wp-content\/uploads\/IMG_20151026_1308161-scaled.jpg","type":"image\/jpeg"}],"author":"Priorat Enoturisme","twitter_card":"summary_large_image","twitter_misc":{"Written by":"Priorat Enoturisme","Est. reading time":"2 minutes"},"schema":{"@context":"https:\/\/schema.org","@graph":[{"@type":"Article","@id":"https:\/\/www.prioratenoturisme.com\/en\/tasting-cal-compte\/#article","isPartOf":{"@id":"https:\/\/www.prioratenoturisme.com\/en\/tasting-cal-compte\/"},"author":{"name":"Priorat Enoturisme","@id":"https:\/\/www.prioratenoturisme.com\/#\/schema\/person\/21cb071ed0505ebc2f5e911eca6dccf7"},"headline":"Tasting Cal Compte","datePublished":"2016-05-14T23:00:00+00:00","mainEntityOfPage":{"@id":"https:\/\/www.prioratenoturisme.com\/en\/tasting-cal-compte\/"},"wordCount":307,"commentCount":0,"publisher":{"@id":"https:\/\/www.prioratenoturisme.com\/#organization"},"image":{"@id":"https:\/\/www.prioratenoturisme.com\/en\/tasting-cal-compte\/#primaryimage"},"thumbnailUrl":"https:\/\/www.prioratenoturisme.com\/wp-content\/uploads\/IMG_20151026_1308161-scaled.jpg","inLanguage":"en-US","potentialAction":[{"@type":"CommentAction","name":"Comment","target":["https:\/\/www.prioratenoturisme.com\/en\/tasting-cal-compte\/#respond"]}]},{"@type":"WebPage","@id":"https:\/\/www.prioratenoturisme.com\/en\/tasting-cal-compte\/","url":"https:\/\/www.prioratenoturisme.com\/en\/tasting-cal-compte\/","name":"Tasting Cal Compte - Priorat Enoturisme","isPartOf":{"@id":"https:\/\/www.prioratenoturisme.com\/#website"},"primaryImageOfPage":{"@id":"https:\/\/www.prioratenoturisme.com\/en\/tasting-cal-compte\/#primaryimage"},"image":{"@id":"https:\/\/www.prioratenoturisme.com\/en\/tasting-cal-compte\/#primaryimage"},"thumbnailUrl":"https:\/\/www.prioratenoturisme.com\/wp-content\/uploads\/IMG_20151026_1308161-scaled.jpg","datePublished":"2016-05-14T23:00:00+00:00","breadcrumb":{"@id":"https:\/\/www.prioratenoturisme.com\/en\/tasting-cal-compte\/#breadcrumb"},"inLanguage":"en-US","potentialAction":[{"@type":"ReadAction","target":["https:\/\/www.prioratenoturisme.com\/en\/tasting-cal-compte\/"]}]},{"@type":"ImageObject","inLanguage":"en-US","@id":"https:\/\/www.prioratenoturisme.com\/en\/tasting-cal-compte\/#primaryimage","url":"https:\/\/www.prioratenoturisme.com\/wp-content\/uploads\/IMG_20151026_1308161-scaled.jpg","contentUrl":"https:\/\/www.prioratenoturisme.com\/wp-content\/uploads\/IMG_20151026_1308161-scaled.jpg","width":1707,"height":2560},{"@type":"BreadcrumbList","@id":"https:\/\/www.prioratenoturisme.com\/en\/tasting-cal-compte\/#breadcrumb","itemListElement":[{"@type":"ListItem","position":1,"name":"Portada","item":"https:\/\/www.prioratenoturisme.com\/en\/home-live-the-priorat\/"},{"@type":"ListItem","position":2,"name":"Tasting Cal Compte"}]},{"@type":"WebSite","@id":"https:\/\/www.prioratenoturisme.com\/#website","url":"https:\/\/www.prioratenoturisme.com\/","name":"Priorat Enoturisme","description":"Viu el Priorat","publisher":{"@id":"https:\/\/www.prioratenoturisme.com\/#organization"},"potentialAction":[{"@type":"SearchAction","target":{"@type":"EntryPoint","urlTemplate":"https:\/\/www.prioratenoturisme.com\/?s={search_term_string}"},"query-input":{"@type":"PropertyValueSpecification","valueRequired":true,"valueName":"search_term_string"}}],"inLanguage":"en-US"},{"@type":"Organization","@id":"https:\/\/www.prioratenoturisme.com\/#organization","name":"Priorat Enoturisme","url":"https:\/\/www.prioratenoturisme.com\/","logo":{"@type":"ImageObject","inLanguage":"en-US","@id":"https:\/\/www.prioratenoturisme.com\/#\/schema\/logo\/image\/","url":"https:\/\/www.prioratenoturisme.com\/wp-content\/uploads\/2023\/03\/cropped-FAVICON.png","contentUrl":"https:\/\/www.prioratenoturisme.com\/wp-content\/uploads\/2023\/03\/cropped-FAVICON.png","width":512,"height":512,"caption":"Priorat Enoturisme"},"image":{"@id":"https:\/\/www.prioratenoturisme.com\/#\/schema\/logo\/image\/"},"sameAs":["https:\/\/www.facebook.com\/prioratenoturisme\/","https:\/\/www.instagram.com\/prioratenoturisme\/"]},{"@type":"Person","@id":"https:\/\/www.prioratenoturisme.com\/#\/schema\/person\/21cb071ed0505ebc2f5e911eca6dccf7","name":"Priorat Enoturisme","image":{"@type":"ImageObject","inLanguage":"en-US","@id":"https:\/\/www.prioratenoturisme.com\/#\/schema\/person\/image\/","url":"https:\/\/secure.gravatar.com\/avatar\/18e124132141ce8f3b812fb2b92f98d9180a5b7a1f465cb453ca291f504ea831?s=96&d=mm&r=g","contentUrl":"https:\/\/secure.gravatar.com\/avatar\/18e124132141ce8f3b812fb2b92f98d9180a5b7a1f465cb453ca291f504ea831?s=96&d=mm&r=g","caption":"Priorat Enoturisme"},"url":"https:\/\/www.prioratenoturisme.com\/en\/author\/prioratenoturisme_gestio\/"}]}},"_links":{"self":[{"href":"https:\/\/www.prioratenoturisme.com\/en\/wp-json\/wp\/v2\/posts\/25413","targetHints":{"allow":["GET"]}}],"collection":[{"href":"https:\/\/www.prioratenoturisme.com\/en\/wp-json\/wp\/v2\/posts"}],"about":[{"href":"https:\/\/www.prioratenoturisme.com\/en\/wp-json\/wp\/v2\/types\/post"}],"author":[{"embeddable":true,"href":"https:\/\/www.prioratenoturisme.com\/en\/wp-json\/wp\/v2\/users\/2"}],"replies":[{"embeddable":true,"href":"https:\/\/www.prioratenoturisme.com\/en\/wp-json\/wp\/v2\/comments?post=25413"}],"version-history":[{"count":0,"href":"https:\/\/www.prioratenoturisme.com\/en\/wp-json\/wp\/v2\/posts\/25413\/revisions"}],"wp:featuredmedia":[{"embeddable":true,"href":"https:\/\/www.prioratenoturisme.com\/en\/wp-json\/wp\/v2\/media\/23195"}],"wp:attachment":[{"href":"https:\/\/www.prioratenoturisme.com\/en\/wp-json\/wp\/v2\/media?parent=25413"}],"wp:term":[{"taxonomy":"category","embeddable":true,"href":"https:\/\/www.prioratenoturisme.com\/en\/wp-json\/wp\/v2\/categories?post=25413"},{"taxonomy":"post_tag","embeddable":true,"href":"https:\/\/www.prioratenoturisme.com\/en\/wp-json\/wp\/v2\/tags?post=25413"}],"curies":[{"name":"wp","href":"https:\/\/api.w.org\/{rel}","templated":true}]}}