{"id":25414,"date":"2016-04-15T00:00:00","date_gmt":"2016-04-14T23:00:00","guid":{"rendered":"https:\/\/www.prioratenoturisme.com\/tast-llops-10-years-of-wine-adventure\/"},"modified":"2016-04-15T00:00:00","modified_gmt":"2016-04-14T23:00:00","slug":"tast-llops-10-years-of-wine-adventure","status":"publish","type":"post","link":"https:\/\/www.prioratenoturisme.com\/en\/tast-llops-10-years-of-wine-adventure\/","title":{"rendered":"Tast amb Llops, 10 years of wine adventure"},"content":{"rendered":"<div class=\"field field-name-body field-type-text-with-summary field-label-hidden\">\n<div class=\"field-items\">\n<div class=\"field-item even\"><span id=\"result_box\" class=\"\" lang=\"en\"><span title=\"El Tast amb Llops, organizado por el Hotel Cal Llop, se ha convertido en un wine festival de referencia para los amantes del vino.\n\n\"><strong><em>Tast amb Llops<\/em>, organized by the Hotel Cal Llop, has become a wine festival of reference for wine lovers.<\/strong><\/p>\n<p><\/span><span title=\"De una reuni\u00f3n de amigos a una cita de referencia para los amantes del vino.\">From a meeting of friends to a reference event for wine lovers. <\/span><span title=\"La esencia sin embargo, sigue siendo la misma: \u00abhablar de vinos, re\u00edr y disfrutar de un buen rato\u00bb.\">The essence, however, remains the same: &#8220;talk about wines, laugh and enjoy a good time&#8221;. <\/span><span title=\"Tast amb Llops, el wine festival de Gratallops, celebra la d\u00e9cima edici\u00f3n el pr\u00f3ximo 30 de abril en el marco de la Feria del Vino.\"><em>Tast amb Llops<\/em>, the wine festival of Gratallops, celebrates the tenth edition next April 30 in the framework of the Wine Fair. <\/span><span title=\"Con la voluntad de dar a conocer los vinos elaborados por las bodegas de Gratallops y de elaboradores invitados, ya han pasado por la cita enol\u00f3gica m\u00e1s de 50 bodegas de todo el mundo.\">With the intention of publicizing the wines made by Gratallops wineries and guest processors, more than 50 wineries from around the world have already passed through the oenological event. <\/span><span title=\"Los vinos, la gastronom\u00eda, la m\u00fasica y la buena compa\u00f1\u00eda han sido los compa\u00f1eros de viaje, a lo largo de estos diez a\u00f1os, del Tast amb Llops.\n\n\">Wines, gastronomy, music and good company have been the traveling companions, over the last ten years, of <em>Tast amb Llops<\/em>.<\/p>\n<p><\/span><span title=\"La primera edici\u00f3n se celebr\u00f3 en 2006 cuando \u00abnos reunimos con dos amigos, j\u00f3venes bodegueros de Gratallops, y pensamos en hacer una cata, una fiesta entre nosotros y algunos invitados cercanos para celebrar sus primeros vinos elaborados en el Priorat\u00bb explica Cristina Jim\u00e9nez, propietaria\">The first edition was held in 2006 when &#8220;we met two friends, young Gratallops winemakers, and we thought about tasting, a party between us and some nearby guests to celebrate their first wines made in the Priorat&#8221; explains Cristina Jim\u00e9nez, owner <\/span><span title=\"del Hotel Cal Llop y organizadora de la cata La intenci\u00f3n era clara: pasarlo bien.\">Of the Hotel Cal Llop and organizer of the tasting. The intention was clear: to have a good time. <\/span><span title=\"\u00abHablar de vinos, re\u00edr y disfrutar de un buen rato degustando los primeros vinos que hab\u00edan elaborado, escuchando sus secretos y sus historias\u00bb.\n\n\">&#8220;Talk about wines, laugh and enjoy a good time tasting the first wines they had made, listening to their secrets and their stories&#8221;.<\/p>\n<p><\/span><span title=\"De la reuni\u00f3n entre amigos surgi\u00f3 la idea de profesionalizar el encuentro y ampliar el c\u00edrculo para disfrutar de la cita con otros compa\u00f1eros de viaje.\">From the meeting between friends came the idea of professionalizing the meeting and expanding the circle to enjoy the appointment with other fellow travelers. <\/span><span title=\"\u00abEl a\u00f1o siguiente de la primera edici\u00f3n, decidimos hacerlo de forma m\u00e1s profesional y se propuso la organizaci\u00f3n de la Feria del Vino de Falset, incluir el evento en el marco del certamen.\">&#8220;The following year of the first edition, we decided to do it in a more professional way and it was proposed the organization of the Falset Wine Fair, to include the event in the framework of the contest. <\/span><span title=\"Adem\u00e1s, el Celler de Cap\u00e7anes tambi\u00e9n comenzaba con su primera Noche de las Garnachas y fue genial porque nac\u00edan los primeros eventos que se sumaban a la Feria del Vino\u00bb explica Cristina Jim\u00e9nez.\n\n\">In addition, the Celler de Cap\u00e7anes also began with its first Night of the Garnatxes and was great because they were born the first events that were added to the Wine Fair &#8220;explains Cristina Jim\u00e9nez.<\/p>\n<p><\/span><span title=\"Una apuesta fuerte que se ha consolidado como una cita enol\u00f3gica de referencia con diez a\u00f1os de experiencia.\">A strong bet that has been consolidated as a reference oenological appointment with ten years of experience. <\/span><span title=\"\u00abAprovechamos que desde la DOQ Priorat, se estaba gestando la denominaci\u00f3n: Vino de Villa \u00bb y conversamos con otros bodegueros amigos de Gratallops para invitarles a participar y as\u00ed se unieron los 10 magn\u00edficos hist\u00f3ricos del Tast amb Llops y ahora ya somos 12 incondicionales \u00bb a\u00f1ade\">&#8220;We took advantage of the fact that from the DOQ Priorat, the designation: Vi de Vila was being developed&#8221; and we talked with other Gratallops winemakers to invite them to participate and the 10 magnificent Tast amb Llops were joined and now we are 12 unconditional &#8220;adds <\/span><span title=\"Cristina.\n\n\">Cristina.<\/p>\n<p><\/span><span title=\"El objetivo era poner de relieve la singular personalidad de los vinos de Gratallops y su expresi\u00f3n particular, fruto de las caracter\u00edsticas de la zona.\">The objective was to highlight the unique personality of Gratallops wines and their particular expression, fruit of the characteristics of the area. <\/span><span title=\"A parte de las bodegas de Gratallops, en paralelo, tambi\u00e9n se empezaron a invitar a otras bodegas de la comarca y de todo el mundo.\">Apart from the Gratallops wineries, in parallel, they also began to invite other wineries in the region and around the world. <\/span><span title=\"El perfil de p\u00fablico que re\u00fane el wine festival es similar: \u00abcuriosos, apasionados del vino, dotados de un hambre extraordinaria y con un gusto refinado en el aspecto musical\u00bb explica Cristina Jim\u00e9nez.\n\n\">The public profile of the wine festival is similar: &#8220;curious, passionate about wine, endowed with an extraordinary hunger and refined taste in the musical aspect&#8221;, explains Cristina Jim\u00e9nez.<\/p>\n<p><\/span><span title=\"Despu\u00e9s de diez a\u00f1os, toca mirar atr\u00e1s y hacer balance.\">After ten years, it&#8217;s time to look back and take stock. <\/span><span title=\"\u00abNos hemos hecho diez a\u00f1os m\u00e1s a\u00f1ejos, m\u00e1s rancios, pero en el sentido positivo que tambi\u00e9n tiene el vino despu\u00e9s de envejecer bien\u00bb explica Cristina.\">&#8220;We have become ten years older, more rancid, but in the positive sense that wine also has after aging well,&#8221; explains Cristina. <\/span><span title=\"Las ganas de pasarlo bien y de compartir buenos vinos son las mismas que el primer d\u00eda: &quot;seguimos con el mismo esp\u00edritu: conversar, re\u00edr, beber vinos excelentes de edici\u00f3n limitada y reunirnos otro a\u00f1o con todos los nuestros, los que nos han acompa\u00f1ado,\">The desire to have a good time and share good wines are the same as the first day: &#8220;we continue with the same spirit: talk, laugh, drink excellent limited edition wines and meet another year with all of us, those who have accompanied us, <\/span><span title=\"viejos y nuevos amigos, para seguir escuchando sus historias y secretos \u00bba\u00f1ade Cristina.\">Old and new friends, to continue listening to their stories and secrets, &#8220;adds Cristina.<\/span><\/span><\/div>\n<\/div>\n<\/div>\n","protected":false},"excerpt":{"rendered":"<p>Tast amb Llops, organized by the Hotel Cal Llop, has become a wine festival of reference for wine lovers. From a meeting of friends to a reference event for wine lovers. The essence, however, remains the same: &#8220;talk about wines, laugh and enjoy a good time&#8221;. Tast amb Llops, the wine festival of Gratallops, celebrates [&hellip;]<\/p>\n","protected":false},"author":2,"featured_media":23149,"comment_status":"open","ping_status":"open","sticky":false,"template":"","format":"standard","meta":{"_acf_changed":false,"_et_pb_use_builder":"","_et_pb_old_content":"","_et_gb_content_width":"","footnotes":""},"categories":[8],"tags":[],"class_list":["post-25414","post","type-post","status-publish","format-standard","has-post-thumbnail","hentry","category-uncategorized"],"acf":[],"yoast_head":"<!-- This site is optimized with the Yoast SEO plugin v25.6 - https:\/\/yoast.com\/wordpress\/plugins\/seo\/ -->\n<title>Tast amb Llops, 10 years of wine adventure - Priorat Enoturisme<\/title>\n<meta name=\"robots\" content=\"index, follow, max-snippet:-1, max-image-preview:large, max-video-preview:-1\" \/>\n<link rel=\"canonical\" href=\"https:\/\/www.prioratenoturisme.com\/en\/tast-llops-10-years-of-wine-adventure\/\" \/>\n<meta property=\"og:locale\" content=\"en_US\" \/>\n<meta property=\"og:type\" content=\"article\" \/>\n<meta property=\"og:title\" content=\"Tast amb Llops, 10 years of wine adventure - Priorat Enoturisme\" \/>\n<meta property=\"og:description\" content=\"Tast amb Llops, organized by the Hotel Cal Llop, has become a wine festival of reference for wine lovers. From a meeting of friends to a reference event for wine lovers. The essence, however, remains the same: &#8220;talk about wines, laugh and enjoy a good time&#8221;. Tast amb Llops, the wine festival of Gratallops, celebrates [&hellip;]\" \/>\n<meta property=\"og:url\" content=\"https:\/\/www.prioratenoturisme.com\/en\/tast-llops-10-years-of-wine-adventure\/\" \/>\n<meta property=\"og:site_name\" content=\"Priorat Enoturisme\" \/>\n<meta property=\"article:publisher\" content=\"https:\/\/www.facebook.com\/prioratenoturisme\/\" \/>\n<meta property=\"article:published_time\" content=\"2016-04-14T23:00:00+00:00\" \/>\n<meta property=\"og:image\" content=\"https:\/\/www.prioratenoturisme.com\/wp-content\/uploads\/tast_amb_llops_foto_2.jpg\" \/>\n\t<meta property=\"og:image:width\" content=\"1000\" \/>\n\t<meta property=\"og:image:height\" content=\"667\" \/>\n\t<meta property=\"og:image:type\" content=\"image\/jpeg\" \/>\n<meta name=\"author\" content=\"Priorat Enoturisme\" \/>\n<meta name=\"twitter:card\" content=\"summary_large_image\" \/>\n<meta name=\"twitter:label1\" content=\"Written by\" \/>\n\t<meta name=\"twitter:data1\" content=\"Priorat Enoturisme\" \/>\n\t<meta name=\"twitter:label2\" content=\"Est. reading time\" \/>\n\t<meta name=\"twitter:data2\" content=\"3 minutes\" \/>\n<script type=\"application\/ld+json\" class=\"yoast-schema-graph\">{\"@context\":\"https:\/\/schema.org\",\"@graph\":[{\"@type\":\"Article\",\"@id\":\"https:\/\/www.prioratenoturisme.com\/en\/tast-llops-10-years-of-wine-adventure\/#article\",\"isPartOf\":{\"@id\":\"https:\/\/www.prioratenoturisme.com\/en\/tast-llops-10-years-of-wine-adventure\/\"},\"author\":{\"name\":\"Priorat Enoturisme\",\"@id\":\"https:\/\/www.prioratenoturisme.com\/#\/schema\/person\/21cb071ed0505ebc2f5e911eca6dccf7\"},\"headline\":\"Tast amb Llops, 10 years of wine adventure\",\"datePublished\":\"2016-04-14T23:00:00+00:00\",\"mainEntityOfPage\":{\"@id\":\"https:\/\/www.prioratenoturisme.com\/en\/tast-llops-10-years-of-wine-adventure\/\"},\"wordCount\":531,\"commentCount\":0,\"publisher\":{\"@id\":\"https:\/\/www.prioratenoturisme.com\/#organization\"},\"image\":{\"@id\":\"https:\/\/www.prioratenoturisme.com\/en\/tast-llops-10-years-of-wine-adventure\/#primaryimage\"},\"thumbnailUrl\":\"https:\/\/www.prioratenoturisme.com\/wp-content\/uploads\/tast_amb_llops_foto_2.jpg\",\"inLanguage\":\"en-US\",\"potentialAction\":[{\"@type\":\"CommentAction\",\"name\":\"Comment\",\"target\":[\"https:\/\/www.prioratenoturisme.com\/en\/tast-llops-10-years-of-wine-adventure\/#respond\"]}]},{\"@type\":\"WebPage\",\"@id\":\"https:\/\/www.prioratenoturisme.com\/en\/tast-llops-10-years-of-wine-adventure\/\",\"url\":\"https:\/\/www.prioratenoturisme.com\/en\/tast-llops-10-years-of-wine-adventure\/\",\"name\":\"Tast amb Llops, 10 years of wine adventure - Priorat Enoturisme\",\"isPartOf\":{\"@id\":\"https:\/\/www.prioratenoturisme.com\/#website\"},\"primaryImageOfPage\":{\"@id\":\"https:\/\/www.prioratenoturisme.com\/en\/tast-llops-10-years-of-wine-adventure\/#primaryimage\"},\"image\":{\"@id\":\"https:\/\/www.prioratenoturisme.com\/en\/tast-llops-10-years-of-wine-adventure\/#primaryimage\"},\"thumbnailUrl\":\"https:\/\/www.prioratenoturisme.com\/wp-content\/uploads\/tast_amb_llops_foto_2.jpg\",\"datePublished\":\"2016-04-14T23:00:00+00:00\",\"breadcrumb\":{\"@id\":\"https:\/\/www.prioratenoturisme.com\/en\/tast-llops-10-years-of-wine-adventure\/#breadcrumb\"},\"inLanguage\":\"en-US\",\"potentialAction\":[{\"@type\":\"ReadAction\",\"target\":[\"https:\/\/www.prioratenoturisme.com\/en\/tast-llops-10-years-of-wine-adventure\/\"]}]},{\"@type\":\"ImageObject\",\"inLanguage\":\"en-US\",\"@id\":\"https:\/\/www.prioratenoturisme.com\/en\/tast-llops-10-years-of-wine-adventure\/#primaryimage\",\"url\":\"https:\/\/www.prioratenoturisme.com\/wp-content\/uploads\/tast_amb_llops_foto_2.jpg\",\"contentUrl\":\"https:\/\/www.prioratenoturisme.com\/wp-content\/uploads\/tast_amb_llops_foto_2.jpg\",\"width\":1000,\"height\":667,\"caption\":\"Tast amb Llops, 8a edici\u00f3 2014.\"},{\"@type\":\"BreadcrumbList\",\"@id\":\"https:\/\/www.prioratenoturisme.com\/en\/tast-llops-10-years-of-wine-adventure\/#breadcrumb\",\"itemListElement\":[{\"@type\":\"ListItem\",\"position\":1,\"name\":\"Portada\",\"item\":\"https:\/\/www.prioratenoturisme.com\/en\/home-live-the-priorat\/\"},{\"@type\":\"ListItem\",\"position\":2,\"name\":\"Tast amb Llops, 10 years of wine adventure\"}]},{\"@type\":\"WebSite\",\"@id\":\"https:\/\/www.prioratenoturisme.com\/#website\",\"url\":\"https:\/\/www.prioratenoturisme.com\/\",\"name\":\"Priorat Enoturisme\",\"description\":\"Viu el Priorat\",\"publisher\":{\"@id\":\"https:\/\/www.prioratenoturisme.com\/#organization\"},\"potentialAction\":[{\"@type\":\"SearchAction\",\"target\":{\"@type\":\"EntryPoint\",\"urlTemplate\":\"https:\/\/www.prioratenoturisme.com\/?s={search_term_string}\"},\"query-input\":{\"@type\":\"PropertyValueSpecification\",\"valueRequired\":true,\"valueName\":\"search_term_string\"}}],\"inLanguage\":\"en-US\"},{\"@type\":\"Organization\",\"@id\":\"https:\/\/www.prioratenoturisme.com\/#organization\",\"name\":\"Priorat Enoturisme\",\"url\":\"https:\/\/www.prioratenoturisme.com\/\",\"logo\":{\"@type\":\"ImageObject\",\"inLanguage\":\"en-US\",\"@id\":\"https:\/\/www.prioratenoturisme.com\/#\/schema\/logo\/image\/\",\"url\":\"https:\/\/www.prioratenoturisme.com\/wp-content\/uploads\/2023\/03\/cropped-FAVICON.png\",\"contentUrl\":\"https:\/\/www.prioratenoturisme.com\/wp-content\/uploads\/2023\/03\/cropped-FAVICON.png\",\"width\":512,\"height\":512,\"caption\":\"Priorat Enoturisme\"},\"image\":{\"@id\":\"https:\/\/www.prioratenoturisme.com\/#\/schema\/logo\/image\/\"},\"sameAs\":[\"https:\/\/www.facebook.com\/prioratenoturisme\/\",\"https:\/\/www.instagram.com\/prioratenoturisme\/\"]},{\"@type\":\"Person\",\"@id\":\"https:\/\/www.prioratenoturisme.com\/#\/schema\/person\/21cb071ed0505ebc2f5e911eca6dccf7\",\"name\":\"Priorat Enoturisme\",\"image\":{\"@type\":\"ImageObject\",\"inLanguage\":\"en-US\",\"@id\":\"https:\/\/www.prioratenoturisme.com\/#\/schema\/person\/image\/\",\"url\":\"https:\/\/secure.gravatar.com\/avatar\/18e124132141ce8f3b812fb2b92f98d9180a5b7a1f465cb453ca291f504ea831?s=96&d=mm&r=g\",\"contentUrl\":\"https:\/\/secure.gravatar.com\/avatar\/18e124132141ce8f3b812fb2b92f98d9180a5b7a1f465cb453ca291f504ea831?s=96&d=mm&r=g\",\"caption\":\"Priorat Enoturisme\"},\"url\":\"https:\/\/www.prioratenoturisme.com\/en\/author\/prioratenoturisme_gestio\/\"}]}<\/script>\n<!-- \/ Yoast SEO plugin. -->","yoast_head_json":{"title":"Tast amb Llops, 10 years of wine adventure - Priorat Enoturisme","robots":{"index":"index","follow":"follow","max-snippet":"max-snippet:-1","max-image-preview":"max-image-preview:large","max-video-preview":"max-video-preview:-1"},"canonical":"https:\/\/www.prioratenoturisme.com\/en\/tast-llops-10-years-of-wine-adventure\/","og_locale":"en_US","og_type":"article","og_title":"Tast amb Llops, 10 years of wine adventure - Priorat Enoturisme","og_description":"Tast amb Llops, organized by the Hotel Cal Llop, has become a wine festival of reference for wine lovers. From a meeting of friends to a reference event for wine lovers. The essence, however, remains the same: &#8220;talk about wines, laugh and enjoy a good time&#8221;. Tast amb Llops, the wine festival of Gratallops, celebrates [&hellip;]","og_url":"https:\/\/www.prioratenoturisme.com\/en\/tast-llops-10-years-of-wine-adventure\/","og_site_name":"Priorat Enoturisme","article_publisher":"https:\/\/www.facebook.com\/prioratenoturisme\/","article_published_time":"2016-04-14T23:00:00+00:00","og_image":[{"width":1000,"height":667,"url":"https:\/\/www.prioratenoturisme.com\/wp-content\/uploads\/tast_amb_llops_foto_2.jpg","type":"image\/jpeg"}],"author":"Priorat Enoturisme","twitter_card":"summary_large_image","twitter_misc":{"Written by":"Priorat Enoturisme","Est. reading time":"3 minutes"},"schema":{"@context":"https:\/\/schema.org","@graph":[{"@type":"Article","@id":"https:\/\/www.prioratenoturisme.com\/en\/tast-llops-10-years-of-wine-adventure\/#article","isPartOf":{"@id":"https:\/\/www.prioratenoturisme.com\/en\/tast-llops-10-years-of-wine-adventure\/"},"author":{"name":"Priorat Enoturisme","@id":"https:\/\/www.prioratenoturisme.com\/#\/schema\/person\/21cb071ed0505ebc2f5e911eca6dccf7"},"headline":"Tast amb Llops, 10 years of wine adventure","datePublished":"2016-04-14T23:00:00+00:00","mainEntityOfPage":{"@id":"https:\/\/www.prioratenoturisme.com\/en\/tast-llops-10-years-of-wine-adventure\/"},"wordCount":531,"commentCount":0,"publisher":{"@id":"https:\/\/www.prioratenoturisme.com\/#organization"},"image":{"@id":"https:\/\/www.prioratenoturisme.com\/en\/tast-llops-10-years-of-wine-adventure\/#primaryimage"},"thumbnailUrl":"https:\/\/www.prioratenoturisme.com\/wp-content\/uploads\/tast_amb_llops_foto_2.jpg","inLanguage":"en-US","potentialAction":[{"@type":"CommentAction","name":"Comment","target":["https:\/\/www.prioratenoturisme.com\/en\/tast-llops-10-years-of-wine-adventure\/#respond"]}]},{"@type":"WebPage","@id":"https:\/\/www.prioratenoturisme.com\/en\/tast-llops-10-years-of-wine-adventure\/","url":"https:\/\/www.prioratenoturisme.com\/en\/tast-llops-10-years-of-wine-adventure\/","name":"Tast amb Llops, 10 years of wine adventure - Priorat Enoturisme","isPartOf":{"@id":"https:\/\/www.prioratenoturisme.com\/#website"},"primaryImageOfPage":{"@id":"https:\/\/www.prioratenoturisme.com\/en\/tast-llops-10-years-of-wine-adventure\/#primaryimage"},"image":{"@id":"https:\/\/www.prioratenoturisme.com\/en\/tast-llops-10-years-of-wine-adventure\/#primaryimage"},"thumbnailUrl":"https:\/\/www.prioratenoturisme.com\/wp-content\/uploads\/tast_amb_llops_foto_2.jpg","datePublished":"2016-04-14T23:00:00+00:00","breadcrumb":{"@id":"https:\/\/www.prioratenoturisme.com\/en\/tast-llops-10-years-of-wine-adventure\/#breadcrumb"},"inLanguage":"en-US","potentialAction":[{"@type":"ReadAction","target":["https:\/\/www.prioratenoturisme.com\/en\/tast-llops-10-years-of-wine-adventure\/"]}]},{"@type":"ImageObject","inLanguage":"en-US","@id":"https:\/\/www.prioratenoturisme.com\/en\/tast-llops-10-years-of-wine-adventure\/#primaryimage","url":"https:\/\/www.prioratenoturisme.com\/wp-content\/uploads\/tast_amb_llops_foto_2.jpg","contentUrl":"https:\/\/www.prioratenoturisme.com\/wp-content\/uploads\/tast_amb_llops_foto_2.jpg","width":1000,"height":667,"caption":"Tast amb Llops, 8a edici\u00f3 2014."},{"@type":"BreadcrumbList","@id":"https:\/\/www.prioratenoturisme.com\/en\/tast-llops-10-years-of-wine-adventure\/#breadcrumb","itemListElement":[{"@type":"ListItem","position":1,"name":"Portada","item":"https:\/\/www.prioratenoturisme.com\/en\/home-live-the-priorat\/"},{"@type":"ListItem","position":2,"name":"Tast amb Llops, 10 years of wine adventure"}]},{"@type":"WebSite","@id":"https:\/\/www.prioratenoturisme.com\/#website","url":"https:\/\/www.prioratenoturisme.com\/","name":"Priorat Enoturisme","description":"Viu el Priorat","publisher":{"@id":"https:\/\/www.prioratenoturisme.com\/#organization"},"potentialAction":[{"@type":"SearchAction","target":{"@type":"EntryPoint","urlTemplate":"https:\/\/www.prioratenoturisme.com\/?s={search_term_string}"},"query-input":{"@type":"PropertyValueSpecification","valueRequired":true,"valueName":"search_term_string"}}],"inLanguage":"en-US"},{"@type":"Organization","@id":"https:\/\/www.prioratenoturisme.com\/#organization","name":"Priorat Enoturisme","url":"https:\/\/www.prioratenoturisme.com\/","logo":{"@type":"ImageObject","inLanguage":"en-US","@id":"https:\/\/www.prioratenoturisme.com\/#\/schema\/logo\/image\/","url":"https:\/\/www.prioratenoturisme.com\/wp-content\/uploads\/2023\/03\/cropped-FAVICON.png","contentUrl":"https:\/\/www.prioratenoturisme.com\/wp-content\/uploads\/2023\/03\/cropped-FAVICON.png","width":512,"height":512,"caption":"Priorat Enoturisme"},"image":{"@id":"https:\/\/www.prioratenoturisme.com\/#\/schema\/logo\/image\/"},"sameAs":["https:\/\/www.facebook.com\/prioratenoturisme\/","https:\/\/www.instagram.com\/prioratenoturisme\/"]},{"@type":"Person","@id":"https:\/\/www.prioratenoturisme.com\/#\/schema\/person\/21cb071ed0505ebc2f5e911eca6dccf7","name":"Priorat Enoturisme","image":{"@type":"ImageObject","inLanguage":"en-US","@id":"https:\/\/www.prioratenoturisme.com\/#\/schema\/person\/image\/","url":"https:\/\/secure.gravatar.com\/avatar\/18e124132141ce8f3b812fb2b92f98d9180a5b7a1f465cb453ca291f504ea831?s=96&d=mm&r=g","contentUrl":"https:\/\/secure.gravatar.com\/avatar\/18e124132141ce8f3b812fb2b92f98d9180a5b7a1f465cb453ca291f504ea831?s=96&d=mm&r=g","caption":"Priorat Enoturisme"},"url":"https:\/\/www.prioratenoturisme.com\/en\/author\/prioratenoturisme_gestio\/"}]}},"_links":{"self":[{"href":"https:\/\/www.prioratenoturisme.com\/en\/wp-json\/wp\/v2\/posts\/25414","targetHints":{"allow":["GET"]}}],"collection":[{"href":"https:\/\/www.prioratenoturisme.com\/en\/wp-json\/wp\/v2\/posts"}],"about":[{"href":"https:\/\/www.prioratenoturisme.com\/en\/wp-json\/wp\/v2\/types\/post"}],"author":[{"embeddable":true,"href":"https:\/\/www.prioratenoturisme.com\/en\/wp-json\/wp\/v2\/users\/2"}],"replies":[{"embeddable":true,"href":"https:\/\/www.prioratenoturisme.com\/en\/wp-json\/wp\/v2\/comments?post=25414"}],"version-history":[{"count":0,"href":"https:\/\/www.prioratenoturisme.com\/en\/wp-json\/wp\/v2\/posts\/25414\/revisions"}],"wp:featuredmedia":[{"embeddable":true,"href":"https:\/\/www.prioratenoturisme.com\/en\/wp-json\/wp\/v2\/media\/23149"}],"wp:attachment":[{"href":"https:\/\/www.prioratenoturisme.com\/en\/wp-json\/wp\/v2\/media?parent=25414"}],"wp:term":[{"taxonomy":"category","embeddable":true,"href":"https:\/\/www.prioratenoturisme.com\/en\/wp-json\/wp\/v2\/categories?post=25414"},{"taxonomy":"post_tag","embeddable":true,"href":"https:\/\/www.prioratenoturisme.com\/en\/wp-json\/wp\/v2\/tags?post=25414"}],"curies":[{"name":"wp","href":"https:\/\/api.w.org\/{rel}","templated":true}]}}