{"id":25476,"date":"2022-08-16T00:00:00","date_gmt":"2022-08-15T23:00:00","guid":{"rendered":"https:\/\/www.prioratenoturisme.com\/food-expo-at-the-falset-castle\/"},"modified":"2022-08-16T00:00:00","modified_gmt":"2022-08-15T23:00:00","slug":"food-expo-at-the-falset-castle","status":"publish","type":"post","link":"https:\/\/www.prioratenoturisme.com\/en\/food-expo-at-the-falset-castle\/","title":{"rendered":"Food Expo at the Falset Castle"},"content":{"rendered":"<p>The Priorat Enoturisme Food Expo is to be held on Friday, 19th August at 8:30 p.m. at the Falset Castle, right after the Tomato Fair opening ceremony. Different restaurants, oil producers, a bakery, a cheesemaker and association wineries will all be participating. Will you join us?<\/p>\n<p>Tickets can be purchased via this link as well as at two physical locations: Cooperativa Falset Mar\u00e7\u00e0 in Falset and LoRefugi in Cornudella de Montsant. Each ticket includes one drink and one tapa (the value of the drink is \u20ac2.50 and the tapa, \u20ac3). And&#8230; if you aren\u2019t able to get a ticket now, more tickets will be available for purchase at the Castle on the day of the event.<\/p>\n<p>You\u2019ll be able to try&#8230;<\/p>\n<p>Restaurant tapas:<\/p>\n<ul>\n<li>Brichs Restaurant: Tomato salad with olive soup. 3 types of locally-grown tomatoes with a chamomile olive soup.<\/li>\n<li>Fonda Toldr\u00e0: An omelette with Ulldemolins garden spinach juice.<\/li>\n<li>Les Figueres Restaurant: A mini ricotta cheese pie, assorted tomatoes sprinkled with basil.<\/li>\n<li>El Cairat Restaurant: Smoked herring tartare and roasted vegetables in a bread bowl.<\/li>\n<li>La Morera: Cold cream of tomato and curd cheese soup, basil oil and croutons.<\/li>\n<li>Quinoa Restaurant: Meatballs with stewed organic vegetables.<\/li>\n<li>Mas d\u2019en Gil: Tomato tartare with crunchy bread seasoned with the winery\u2019s own oil and vinegar.<\/li>\n<li>Queser\u00eda Linens: cheese specialties.<\/li>\n<li>Forn Pedret: Smoky grilled vegetables and organic tomatoes on flatbread and stewed vegetables on a croissant.<\/li>\n<li>Priordei: Toasted bread, chocolate, salt and Priordei oil by Christian Escrib\u00e0.<\/li>\n<\/ul>\n<p>&nbsp;<\/p>\n<p>Extra virgin olive oils:<\/p>\n<ul>\n<li>Mir\u00f3 Cubells: 3 different varieties of oil. Chocolates with Cavaloca oil and salt.<\/li>\n<li>Vin\u00edcola del Priorat \u2013 Pedra de Mol\u00ed and Mol\u00ed Nou.<\/li>\n<li>Priordei \u2013 Priordei Llegat 500ml. Arbequina with a slice of bread.<\/li>\n<\/ul>\n<p>&nbsp;<\/p>\n<p>Wines from the wineries:<\/p>\n<ul>\n<li>Celler Cap\u00e7anes \u2013 Mas Don\u00eds white wine, Mas Don\u00eds ros\u00e9 wine, Mas Don\u00eds red wine, Mas Picosa white wine made from red grapes, Lasendal<\/li>\n<li>Clos Figueras \u2013 Serras del Priorat white wine 2021<\/li>\n<li>Cellers Scaladei \u2013 Blanc de Noirs 2021, Prior 2019, Cartoixa 2018<\/li>\n<li>Celler Pasanau \u2013 Les Myriams 2017, Ceps Nous organic wine 2019<\/li>\n<li>Mas d\u2019en Gil \u2013 Bellmunt white wine 2021, Bellmunt red wine 2019, Coma Alta 2018, Coma Vella 2016<\/li>\n<li>Mas Sinen \u2013 La Vall, El Clos<\/li>\n<li>Cooperativa Falset-Mar\u00e7\u00e0 \u2013 \u00c8tim white wine, ros\u00e9 wine and young red wine<\/li>\n<li>Vin\u00edcola del Priorat \u2013 \u00d2nix Cl\u00e0ssic white wine, \u00d2nix Fusi\u00f3, Mas dels Frares, Clos Gebrat Crian\u00e7a, La Sim\u00f3<\/li>\n<\/ul>\n","protected":false},"excerpt":{"rendered":"<p>The Priorat Enoturisme Food Expo is to be held on Friday, 19th August at 8:30 p.m. at the Falset Castle, right after the Tomato Fair opening ceremony. Different restaurants, oil producers, a bakery, a cheesemaker and association wineries will all be participating. Will you join us? Tickets can be purchased via this link as well [&hellip;]<\/p>\n","protected":false},"author":1,"featured_media":25162,"comment_status":"open","ping_status":"open","sticky":false,"template":"","format":"standard","meta":{"_acf_changed":false,"_et_pb_use_builder":"","_et_pb_old_content":"","_et_gb_content_width":"","footnotes":""},"categories":[231],"tags":[],"class_list":["post-25476","post","type-post","status-publish","format-standard","has-post-thumbnail","hentry","category-blog"],"acf":[],"yoast_head":"<!-- This site is optimized with the Yoast SEO plugin v25.6 - https:\/\/yoast.com\/wordpress\/plugins\/seo\/ -->\n<title>Food Expo at the Falset Castle - Priorat Enoturisme<\/title>\n<meta name=\"robots\" content=\"index, follow, max-snippet:-1, max-image-preview:large, max-video-preview:-1\" \/>\n<link rel=\"canonical\" href=\"https:\/\/www.prioratenoturisme.com\/en\/food-expo-at-the-falset-castle\/\" \/>\n<meta property=\"og:locale\" content=\"en_US\" \/>\n<meta property=\"og:type\" content=\"article\" \/>\n<meta property=\"og:title\" content=\"Food Expo at the Falset Castle - Priorat Enoturisme\" \/>\n<meta property=\"og:description\" content=\"The Priorat Enoturisme Food Expo is to be held on Friday, 19th August at 8:30 p.m. at the Falset Castle, right after the Tomato Fair opening ceremony. Different restaurants, oil producers, a bakery, a cheesemaker and association wineries will all be participating. Will you join us? Tickets can be purchased via this link as well [&hellip;]\" \/>\n<meta property=\"og:url\" content=\"https:\/\/www.prioratenoturisme.com\/en\/food-expo-at-the-falset-castle\/\" \/>\n<meta property=\"og:site_name\" content=\"Priorat Enoturisme\" \/>\n<meta property=\"article:publisher\" content=\"https:\/\/www.facebook.com\/prioratenoturisme\/\" \/>\n<meta property=\"article:published_time\" content=\"2022-08-15T23:00:00+00:00\" \/>\n<meta property=\"og:image\" content=\"https:\/\/www.prioratenoturisme.com\/wp-content\/uploads\/16-agost.png\" \/>\n\t<meta property=\"og:image:width\" content=\"1080\" \/>\n\t<meta property=\"og:image:height\" content=\"1080\" \/>\n\t<meta property=\"og:image:type\" content=\"image\/png\" \/>\n<meta name=\"author\" content=\"admin\" \/>\n<meta name=\"twitter:card\" content=\"summary_large_image\" \/>\n<meta name=\"twitter:label1\" content=\"Written by\" \/>\n\t<meta name=\"twitter:data1\" content=\"admin\" \/>\n\t<meta name=\"twitter:label2\" content=\"Est. reading time\" \/>\n\t<meta name=\"twitter:data2\" content=\"3 minutes\" \/>\n<script type=\"application\/ld+json\" class=\"yoast-schema-graph\">{\"@context\":\"https:\/\/schema.org\",\"@graph\":[{\"@type\":\"Article\",\"@id\":\"https:\/\/www.prioratenoturisme.com\/en\/food-expo-at-the-falset-castle\/#article\",\"isPartOf\":{\"@id\":\"https:\/\/www.prioratenoturisme.com\/en\/food-expo-at-the-falset-castle\/\"},\"author\":{\"name\":\"admin\",\"@id\":\"https:\/\/www.prioratenoturisme.com\/#\/schema\/person\/cf8b2b46ed7cccfee161b86aa5c2c3eb\"},\"headline\":\"Food Expo at the Falset Castle\",\"datePublished\":\"2022-08-15T23:00:00+00:00\",\"mainEntityOfPage\":{\"@id\":\"https:\/\/www.prioratenoturisme.com\/en\/food-expo-at-the-falset-castle\/\"},\"wordCount\":393,\"commentCount\":0,\"publisher\":{\"@id\":\"https:\/\/www.prioratenoturisme.com\/#organization\"},\"image\":{\"@id\":\"https:\/\/www.prioratenoturisme.com\/en\/food-expo-at-the-falset-castle\/#primaryimage\"},\"thumbnailUrl\":\"https:\/\/www.prioratenoturisme.com\/wp-content\/uploads\/16-agost.png\",\"articleSection\":[\"Blog\"],\"inLanguage\":\"en-US\",\"potentialAction\":[{\"@type\":\"CommentAction\",\"name\":\"Comment\",\"target\":[\"https:\/\/www.prioratenoturisme.com\/en\/food-expo-at-the-falset-castle\/#respond\"]}]},{\"@type\":\"WebPage\",\"@id\":\"https:\/\/www.prioratenoturisme.com\/en\/food-expo-at-the-falset-castle\/\",\"url\":\"https:\/\/www.prioratenoturisme.com\/en\/food-expo-at-the-falset-castle\/\",\"name\":\"Food Expo at the Falset Castle - Priorat Enoturisme\",\"isPartOf\":{\"@id\":\"https:\/\/www.prioratenoturisme.com\/#website\"},\"primaryImageOfPage\":{\"@id\":\"https:\/\/www.prioratenoturisme.com\/en\/food-expo-at-the-falset-castle\/#primaryimage\"},\"image\":{\"@id\":\"https:\/\/www.prioratenoturisme.com\/en\/food-expo-at-the-falset-castle\/#primaryimage\"},\"thumbnailUrl\":\"https:\/\/www.prioratenoturisme.com\/wp-content\/uploads\/16-agost.png\",\"datePublished\":\"2022-08-15T23:00:00+00:00\",\"breadcrumb\":{\"@id\":\"https:\/\/www.prioratenoturisme.com\/en\/food-expo-at-the-falset-castle\/#breadcrumb\"},\"inLanguage\":\"en-US\",\"potentialAction\":[{\"@type\":\"ReadAction\",\"target\":[\"https:\/\/www.prioratenoturisme.com\/en\/food-expo-at-the-falset-castle\/\"]}]},{\"@type\":\"ImageObject\",\"inLanguage\":\"en-US\",\"@id\":\"https:\/\/www.prioratenoturisme.com\/en\/food-expo-at-the-falset-castle\/#primaryimage\",\"url\":\"https:\/\/www.prioratenoturisme.com\/wp-content\/uploads\/16-agost.png\",\"contentUrl\":\"https:\/\/www.prioratenoturisme.com\/wp-content\/uploads\/16-agost.png\",\"width\":1080,\"height\":1080},{\"@type\":\"BreadcrumbList\",\"@id\":\"https:\/\/www.prioratenoturisme.com\/en\/food-expo-at-the-falset-castle\/#breadcrumb\",\"itemListElement\":[{\"@type\":\"ListItem\",\"position\":1,\"name\":\"Portada\",\"item\":\"https:\/\/www.prioratenoturisme.com\/en\/home-live-the-priorat\/\"},{\"@type\":\"ListItem\",\"position\":2,\"name\":\"Food Expo at the Falset Castle\"}]},{\"@type\":\"WebSite\",\"@id\":\"https:\/\/www.prioratenoturisme.com\/#website\",\"url\":\"https:\/\/www.prioratenoturisme.com\/\",\"name\":\"Priorat Enoturisme\",\"description\":\"Viu el Priorat\",\"publisher\":{\"@id\":\"https:\/\/www.prioratenoturisme.com\/#organization\"},\"potentialAction\":[{\"@type\":\"SearchAction\",\"target\":{\"@type\":\"EntryPoint\",\"urlTemplate\":\"https:\/\/www.prioratenoturisme.com\/?s={search_term_string}\"},\"query-input\":{\"@type\":\"PropertyValueSpecification\",\"valueRequired\":true,\"valueName\":\"search_term_string\"}}],\"inLanguage\":\"en-US\"},{\"@type\":\"Organization\",\"@id\":\"https:\/\/www.prioratenoturisme.com\/#organization\",\"name\":\"Priorat Enoturisme\",\"url\":\"https:\/\/www.prioratenoturisme.com\/\",\"logo\":{\"@type\":\"ImageObject\",\"inLanguage\":\"en-US\",\"@id\":\"https:\/\/www.prioratenoturisme.com\/#\/schema\/logo\/image\/\",\"url\":\"https:\/\/www.prioratenoturisme.com\/wp-content\/uploads\/2023\/03\/cropped-FAVICON.png\",\"contentUrl\":\"https:\/\/www.prioratenoturisme.com\/wp-content\/uploads\/2023\/03\/cropped-FAVICON.png\",\"width\":512,\"height\":512,\"caption\":\"Priorat Enoturisme\"},\"image\":{\"@id\":\"https:\/\/www.prioratenoturisme.com\/#\/schema\/logo\/image\/\"},\"sameAs\":[\"https:\/\/www.facebook.com\/prioratenoturisme\/\",\"https:\/\/www.instagram.com\/prioratenoturisme\/\"]},{\"@type\":\"Person\",\"@id\":\"https:\/\/www.prioratenoturisme.com\/#\/schema\/person\/cf8b2b46ed7cccfee161b86aa5c2c3eb\",\"name\":\"admin\",\"image\":{\"@type\":\"ImageObject\",\"inLanguage\":\"en-US\",\"@id\":\"https:\/\/www.prioratenoturisme.com\/#\/schema\/person\/image\/\",\"url\":\"https:\/\/secure.gravatar.com\/avatar\/aa0e2682f59fc8b757b375c7694c3398eb8a415e07a4ef7a4c0424484a51a974?s=96&d=mm&r=g\",\"contentUrl\":\"https:\/\/secure.gravatar.com\/avatar\/aa0e2682f59fc8b757b375c7694c3398eb8a415e07a4ef7a4c0424484a51a974?s=96&d=mm&r=g\",\"caption\":\"admin\"},\"sameAs\":[\"https:\/\/www.prioratenoturisme.com\"],\"url\":\"https:\/\/www.prioratenoturisme.com\/en\/author\/info_7igyc0mu\/\"}]}<\/script>\n<!-- \/ Yoast SEO plugin. -->","yoast_head_json":{"title":"Food Expo at the Falset Castle - Priorat Enoturisme","robots":{"index":"index","follow":"follow","max-snippet":"max-snippet:-1","max-image-preview":"max-image-preview:large","max-video-preview":"max-video-preview:-1"},"canonical":"https:\/\/www.prioratenoturisme.com\/en\/food-expo-at-the-falset-castle\/","og_locale":"en_US","og_type":"article","og_title":"Food Expo at the Falset Castle - Priorat Enoturisme","og_description":"The Priorat Enoturisme Food Expo is to be held on Friday, 19th August at 8:30 p.m. at the Falset Castle, right after the Tomato Fair opening ceremony. Different restaurants, oil producers, a bakery, a cheesemaker and association wineries will all be participating. Will you join us? Tickets can be purchased via this link as well [&hellip;]","og_url":"https:\/\/www.prioratenoturisme.com\/en\/food-expo-at-the-falset-castle\/","og_site_name":"Priorat Enoturisme","article_publisher":"https:\/\/www.facebook.com\/prioratenoturisme\/","article_published_time":"2022-08-15T23:00:00+00:00","og_image":[{"width":1080,"height":1080,"url":"https:\/\/www.prioratenoturisme.com\/wp-content\/uploads\/16-agost.png","type":"image\/png"}],"author":"admin","twitter_card":"summary_large_image","twitter_misc":{"Written by":"admin","Est. reading time":"3 minutes"},"schema":{"@context":"https:\/\/schema.org","@graph":[{"@type":"Article","@id":"https:\/\/www.prioratenoturisme.com\/en\/food-expo-at-the-falset-castle\/#article","isPartOf":{"@id":"https:\/\/www.prioratenoturisme.com\/en\/food-expo-at-the-falset-castle\/"},"author":{"name":"admin","@id":"https:\/\/www.prioratenoturisme.com\/#\/schema\/person\/cf8b2b46ed7cccfee161b86aa5c2c3eb"},"headline":"Food Expo at the Falset Castle","datePublished":"2022-08-15T23:00:00+00:00","mainEntityOfPage":{"@id":"https:\/\/www.prioratenoturisme.com\/en\/food-expo-at-the-falset-castle\/"},"wordCount":393,"commentCount":0,"publisher":{"@id":"https:\/\/www.prioratenoturisme.com\/#organization"},"image":{"@id":"https:\/\/www.prioratenoturisme.com\/en\/food-expo-at-the-falset-castle\/#primaryimage"},"thumbnailUrl":"https:\/\/www.prioratenoturisme.com\/wp-content\/uploads\/16-agost.png","articleSection":["Blog"],"inLanguage":"en-US","potentialAction":[{"@type":"CommentAction","name":"Comment","target":["https:\/\/www.prioratenoturisme.com\/en\/food-expo-at-the-falset-castle\/#respond"]}]},{"@type":"WebPage","@id":"https:\/\/www.prioratenoturisme.com\/en\/food-expo-at-the-falset-castle\/","url":"https:\/\/www.prioratenoturisme.com\/en\/food-expo-at-the-falset-castle\/","name":"Food Expo at the Falset Castle - Priorat Enoturisme","isPartOf":{"@id":"https:\/\/www.prioratenoturisme.com\/#website"},"primaryImageOfPage":{"@id":"https:\/\/www.prioratenoturisme.com\/en\/food-expo-at-the-falset-castle\/#primaryimage"},"image":{"@id":"https:\/\/www.prioratenoturisme.com\/en\/food-expo-at-the-falset-castle\/#primaryimage"},"thumbnailUrl":"https:\/\/www.prioratenoturisme.com\/wp-content\/uploads\/16-agost.png","datePublished":"2022-08-15T23:00:00+00:00","breadcrumb":{"@id":"https:\/\/www.prioratenoturisme.com\/en\/food-expo-at-the-falset-castle\/#breadcrumb"},"inLanguage":"en-US","potentialAction":[{"@type":"ReadAction","target":["https:\/\/www.prioratenoturisme.com\/en\/food-expo-at-the-falset-castle\/"]}]},{"@type":"ImageObject","inLanguage":"en-US","@id":"https:\/\/www.prioratenoturisme.com\/en\/food-expo-at-the-falset-castle\/#primaryimage","url":"https:\/\/www.prioratenoturisme.com\/wp-content\/uploads\/16-agost.png","contentUrl":"https:\/\/www.prioratenoturisme.com\/wp-content\/uploads\/16-agost.png","width":1080,"height":1080},{"@type":"BreadcrumbList","@id":"https:\/\/www.prioratenoturisme.com\/en\/food-expo-at-the-falset-castle\/#breadcrumb","itemListElement":[{"@type":"ListItem","position":1,"name":"Portada","item":"https:\/\/www.prioratenoturisme.com\/en\/home-live-the-priorat\/"},{"@type":"ListItem","position":2,"name":"Food Expo at the Falset Castle"}]},{"@type":"WebSite","@id":"https:\/\/www.prioratenoturisme.com\/#website","url":"https:\/\/www.prioratenoturisme.com\/","name":"Priorat Enoturisme","description":"Viu el Priorat","publisher":{"@id":"https:\/\/www.prioratenoturisme.com\/#organization"},"potentialAction":[{"@type":"SearchAction","target":{"@type":"EntryPoint","urlTemplate":"https:\/\/www.prioratenoturisme.com\/?s={search_term_string}"},"query-input":{"@type":"PropertyValueSpecification","valueRequired":true,"valueName":"search_term_string"}}],"inLanguage":"en-US"},{"@type":"Organization","@id":"https:\/\/www.prioratenoturisme.com\/#organization","name":"Priorat Enoturisme","url":"https:\/\/www.prioratenoturisme.com\/","logo":{"@type":"ImageObject","inLanguage":"en-US","@id":"https:\/\/www.prioratenoturisme.com\/#\/schema\/logo\/image\/","url":"https:\/\/www.prioratenoturisme.com\/wp-content\/uploads\/2023\/03\/cropped-FAVICON.png","contentUrl":"https:\/\/www.prioratenoturisme.com\/wp-content\/uploads\/2023\/03\/cropped-FAVICON.png","width":512,"height":512,"caption":"Priorat Enoturisme"},"image":{"@id":"https:\/\/www.prioratenoturisme.com\/#\/schema\/logo\/image\/"},"sameAs":["https:\/\/www.facebook.com\/prioratenoturisme\/","https:\/\/www.instagram.com\/prioratenoturisme\/"]},{"@type":"Person","@id":"https:\/\/www.prioratenoturisme.com\/#\/schema\/person\/cf8b2b46ed7cccfee161b86aa5c2c3eb","name":"admin","image":{"@type":"ImageObject","inLanguage":"en-US","@id":"https:\/\/www.prioratenoturisme.com\/#\/schema\/person\/image\/","url":"https:\/\/secure.gravatar.com\/avatar\/aa0e2682f59fc8b757b375c7694c3398eb8a415e07a4ef7a4c0424484a51a974?s=96&d=mm&r=g","contentUrl":"https:\/\/secure.gravatar.com\/avatar\/aa0e2682f59fc8b757b375c7694c3398eb8a415e07a4ef7a4c0424484a51a974?s=96&d=mm&r=g","caption":"admin"},"sameAs":["https:\/\/www.prioratenoturisme.com"],"url":"https:\/\/www.prioratenoturisme.com\/en\/author\/info_7igyc0mu\/"}]}},"_links":{"self":[{"href":"https:\/\/www.prioratenoturisme.com\/en\/wp-json\/wp\/v2\/posts\/25476","targetHints":{"allow":["GET"]}}],"collection":[{"href":"https:\/\/www.prioratenoturisme.com\/en\/wp-json\/wp\/v2\/posts"}],"about":[{"href":"https:\/\/www.prioratenoturisme.com\/en\/wp-json\/wp\/v2\/types\/post"}],"author":[{"embeddable":true,"href":"https:\/\/www.prioratenoturisme.com\/en\/wp-json\/wp\/v2\/users\/1"}],"replies":[{"embeddable":true,"href":"https:\/\/www.prioratenoturisme.com\/en\/wp-json\/wp\/v2\/comments?post=25476"}],"version-history":[{"count":0,"href":"https:\/\/www.prioratenoturisme.com\/en\/wp-json\/wp\/v2\/posts\/25476\/revisions"}],"wp:featuredmedia":[{"embeddable":true,"href":"https:\/\/www.prioratenoturisme.com\/en\/wp-json\/wp\/v2\/media\/25162"}],"wp:attachment":[{"href":"https:\/\/www.prioratenoturisme.com\/en\/wp-json\/wp\/v2\/media?parent=25476"}],"wp:term":[{"taxonomy":"category","embeddable":true,"href":"https:\/\/www.prioratenoturisme.com\/en\/wp-json\/wp\/v2\/categories?post=25476"},{"taxonomy":"post_tag","embeddable":true,"href":"https:\/\/www.prioratenoturisme.com\/en\/wp-json\/wp\/v2\/tags?post=25476"}],"curies":[{"name":"wp","href":"https:\/\/api.w.org\/{rel}","templated":true}]}}