{"id":25259,"date":"2016-11-07T00:00:00","date_gmt":"2016-11-06T23:00:00","guid":{"rendered":"https:\/\/www.prioratenoturisme.com\/priorat-enoturisme-organitza-curs-comunicacio-digital-empreses-sector-enoturistic\/"},"modified":"2016-11-07T00:00:00","modified_gmt":"2016-11-06T23:00:00","slug":"priorat-enoturisme-organitza-curs-comunicacio-digital-empreses-sector-enoturistic","status":"publish","type":"post","link":"https:\/\/www.prioratenoturisme.com\/es\/priorat-enoturisme-organitza-curs-comunicacio-digital-empreses-sector-enoturistic\/","title":{"rendered":"Priorat Enoturisme organiza un curso de comunicaci\u00f3n digital para empresas del sector enotur\u00edstico"},"content":{"rendered":"<p><strong>El curso se impartir\u00e1 los lunes 5, 12, 19 y 26 de septiembre al Consejo Comarcal del Priorat<\/strong><\/p>\n<p>La asociaci\u00f3n Priorat Enoturisme ofrece un curso de comunicaci\u00f3n digital dirigido a empresas del sector enotur\u00edstico. El curso pretende ofrecer herramientas para sacar el m\u00e1ximo rendimiento a la comunicaci\u00f3n digital de las empresas. Cuatro sesiones de tres horas cada una, que tendr\u00e1n lugar los lunes 5, 12, 19 y 26 de septiembre de las 10 h a las 13 h a Sala del Consejo Comarcal del Priorat. El curso lo impartir\u00e1 la formadora Laia Benaiges.<\/p>\n<p>El precio del curso es de 80 \u20ac (4 sesiones) por los no-socios y gratuito por los socios de Priorat Enoturisme. Las plazas son limitadas, por eso es importante reservar plaza lo antes posible. Para pedir m\u00e1s informaci\u00f3n o apuntarse: info@prioratenoturisme.com.<\/p>\n<p>La formadora Laia Benaiges es Licenciada en Publicidad y RRPP (UB), tiene un m\u00e1ster en MKT Pol\u00edtico e Internacional (UAB) y ha realizado cursos de extensi\u00f3n universitaria en community management y social media (URV y Pompeu Fabra).<\/p>\n<p>A continuaci\u00f3n, os adjuntamos el programa de las sesiones del curso:<\/p>\n<p><strong>SESI\u00d3N 1. COMUNICACI\u00d3N DIGITAL Y TURISMO 2.0<\/strong><\/p>\n<p>Escenario actual y tendencias en comunicaci\u00f3n digital y turismo 2.0<br \/>\nInboud marketing o como convertir a desconocidos en compradores y prescriptores de nuestra marca<br \/>\nLos contenidos; los reyes de las redes sociales y los blogs<br \/>\nEl poder de explicar historias (storytelling) y crear experiencias (marketing experiencial)<br \/>\nEl valor de las recomendaciones. Bloggers y influencers<\/p>\n<p><strong>SESI\u00d3N 2. INBOUD MARKETING. FILOSOF\u00cdA, METODOLOG\u00cdA Y HERRAMIENTAS (PARTE Y)<\/strong><\/p>\n<p>Estrategias y acciones de conocimiento de la marca; conversi\u00f3n, venta y fidelizaci\u00f3n de p\u00fablicos<br \/>\nContenidos:<br \/>\n\u2022 El plan de contenidos. Creaci\u00f3n, curaci\u00f3n y gesti\u00f3n de contenidos Blogs y redes sociales<br \/>\n\u2022 Radiograf\u00eda de las principales redes sociales verticales y horizontales. Caracter\u00edsticas, funcionamiento y selecci\u00f3n de las m\u00e1s adecuadas<br \/>\n\u2022 Herramientas de gesti\u00f3n de las redes sociales que nos har\u00e1n la vida m\u00e1s f\u00e1cil<br \/>\n\u2022 Monitorizaci\u00f3n de contenidos<\/p>\n<p><strong>SESI\u00d3N 3. INBOUD MARKETING. FILOSOF\u00cdA, METODOLOG\u00cdA Y HERRAMIENTAS (PARTE II)<\/strong><br \/>\nSocial ADS. Campa\u00f1as de publicidad a las redes sociales (FB, TW, LINKEDIN Y IG) Call to actions, landing pages, formularios y otras herramientas de conversi\u00f3n<br \/>\nSEO<br \/>\nE-mail marketing<br \/>\nEvent MKT<br \/>\nAcciones con bloggers y influencers<\/p>\n<p><strong>SESI\u00d3N 4. CASOS DE \u00c9XITO Y CASOS PR\u00c1CTICOS<\/strong><\/p>\n<p>Casos de \u00e9xito del sector enotur\u00edstico.<br \/>\nCasos pr\u00e1cticos aplicados.<\/p>\n","protected":false},"excerpt":{"rendered":"<p>El curso se impartir\u00e1 los lunes 5, 12, 19 y 26 de septiembre al Consejo Comarcal del Priorat La asociaci\u00f3n Priorat Enoturisme ofrece un curso de comunicaci\u00f3n digital dirigido a empresas del sector enotur\u00edstico. El curso pretende ofrecer herramientas para sacar el m\u00e1ximo rendimiento a la comunicaci\u00f3n digital de las empresas. Cuatro sesiones de tres [&hellip;]<\/p>\n","protected":false},"author":3,"featured_media":23266,"comment_status":"open","ping_status":"open","sticky":false,"template":"","format":"standard","meta":{"_acf_changed":false,"_et_pb_use_builder":"","_et_pb_old_content":"","_et_gb_content_width":"","footnotes":""},"categories":[7],"tags":[],"class_list":["post-25259","post","type-post","status-publish","format-standard","has-post-thumbnail","hentry","category-sin-categorizar"],"acf":[],"yoast_head":"<!-- This site is optimized with the Yoast SEO plugin v25.6 - https:\/\/yoast.com\/wordpress\/plugins\/seo\/ -->\n<title>Priorat Enoturisme organiza un curso de comunicaci\u00f3n digital para empresas del sector enotur\u00edstico - Priorat Enoturisme<\/title>\n<meta name=\"robots\" content=\"index, follow, max-snippet:-1, max-image-preview:large, max-video-preview:-1\" \/>\n<link rel=\"canonical\" href=\"https:\/\/www.prioratenoturisme.com\/es\/priorat-enoturisme-organitza-curs-comunicacio-digital-empreses-sector-enoturistic\/\" \/>\n<meta property=\"og:locale\" content=\"es_ES\" \/>\n<meta property=\"og:type\" content=\"article\" \/>\n<meta property=\"og:title\" content=\"Priorat Enoturisme organiza un curso de comunicaci\u00f3n digital para empresas del sector enotur\u00edstico - Priorat Enoturisme\" \/>\n<meta property=\"og:description\" content=\"El curso se impartir\u00e1 los lunes 5, 12, 19 y 26 de septiembre al Consejo Comarcal del Priorat La asociaci\u00f3n Priorat Enoturisme ofrece un curso de comunicaci\u00f3n digital dirigido a empresas del sector enotur\u00edstico. El curso pretende ofrecer herramientas para sacar el m\u00e1ximo rendimiento a la comunicaci\u00f3n digital de las empresas. Cuatro sesiones de tres [&hellip;]\" \/>\n<meta property=\"og:url\" content=\"https:\/\/www.prioratenoturisme.com\/es\/priorat-enoturisme-organitza-curs-comunicacio-digital-empreses-sector-enoturistic\/\" \/>\n<meta property=\"og:site_name\" content=\"Priorat Enoturisme\" \/>\n<meta property=\"article:publisher\" content=\"https:\/\/www.facebook.com\/prioratenoturisme\/\" \/>\n<meta property=\"article:published_time\" content=\"2016-11-06T23:00:00+00:00\" \/>\n<meta property=\"og:image\" content=\"https:\/\/www.prioratenoturisme.com\/wp-content\/uploads\/Curs-comunicacio-digital-Priorat-Enoturisme_opt.jpg\" \/>\n\t<meta property=\"og:image:width\" content=\"650\" \/>\n\t<meta property=\"og:image:height\" content=\"365\" \/>\n\t<meta property=\"og:image:type\" content=\"image\/jpeg\" \/>\n<meta name=\"author\" content=\"Carl\" \/>\n<meta name=\"twitter:card\" content=\"summary_large_image\" \/>\n<meta name=\"twitter:label1\" content=\"Escrito por\" \/>\n\t<meta name=\"twitter:data1\" content=\"Carl\" \/>\n\t<meta name=\"twitter:label2\" content=\"Tiempo de lectura\" \/>\n\t<meta name=\"twitter:data2\" content=\"2 minutos\" \/>\n<script type=\"application\/ld+json\" class=\"yoast-schema-graph\">{\"@context\":\"https:\/\/schema.org\",\"@graph\":[{\"@type\":\"Article\",\"@id\":\"https:\/\/www.prioratenoturisme.com\/es\/priorat-enoturisme-organitza-curs-comunicacio-digital-empreses-sector-enoturistic\/#article\",\"isPartOf\":{\"@id\":\"https:\/\/www.prioratenoturisme.com\/es\/priorat-enoturisme-organitza-curs-comunicacio-digital-empreses-sector-enoturistic\/\"},\"author\":{\"name\":\"Carl\",\"@id\":\"https:\/\/www.prioratenoturisme.com\/#\/schema\/person\/ac06549b4da3bd34588e62fff2493010\"},\"headline\":\"Priorat Enoturisme organiza un curso de comunicaci\u00f3n digital para empresas del sector enotur\u00edstico\",\"datePublished\":\"2016-11-06T23:00:00+00:00\",\"mainEntityOfPage\":{\"@id\":\"https:\/\/www.prioratenoturisme.com\/es\/priorat-enoturisme-organitza-curs-comunicacio-digital-empreses-sector-enoturistic\/\"},\"wordCount\":418,\"commentCount\":0,\"publisher\":{\"@id\":\"https:\/\/www.prioratenoturisme.com\/#organization\"},\"image\":{\"@id\":\"https:\/\/www.prioratenoturisme.com\/es\/priorat-enoturisme-organitza-curs-comunicacio-digital-empreses-sector-enoturistic\/#primaryimage\"},\"thumbnailUrl\":\"https:\/\/www.prioratenoturisme.com\/wp-content\/uploads\/Curs-comunicacio-digital-Priorat-Enoturisme_opt.jpg\",\"articleSection\":[\"Sin categorizar\"],\"inLanguage\":\"es\",\"potentialAction\":[{\"@type\":\"CommentAction\",\"name\":\"Comment\",\"target\":[\"https:\/\/www.prioratenoturisme.com\/es\/priorat-enoturisme-organitza-curs-comunicacio-digital-empreses-sector-enoturistic\/#respond\"]}]},{\"@type\":\"WebPage\",\"@id\":\"https:\/\/www.prioratenoturisme.com\/es\/priorat-enoturisme-organitza-curs-comunicacio-digital-empreses-sector-enoturistic\/\",\"url\":\"https:\/\/www.prioratenoturisme.com\/es\/priorat-enoturisme-organitza-curs-comunicacio-digital-empreses-sector-enoturistic\/\",\"name\":\"Priorat Enoturisme organiza un curso de comunicaci\u00f3n digital para empresas del sector enotur\u00edstico - Priorat Enoturisme\",\"isPartOf\":{\"@id\":\"https:\/\/www.prioratenoturisme.com\/#website\"},\"primaryImageOfPage\":{\"@id\":\"https:\/\/www.prioratenoturisme.com\/es\/priorat-enoturisme-organitza-curs-comunicacio-digital-empreses-sector-enoturistic\/#primaryimage\"},\"image\":{\"@id\":\"https:\/\/www.prioratenoturisme.com\/es\/priorat-enoturisme-organitza-curs-comunicacio-digital-empreses-sector-enoturistic\/#primaryimage\"},\"thumbnailUrl\":\"https:\/\/www.prioratenoturisme.com\/wp-content\/uploads\/Curs-comunicacio-digital-Priorat-Enoturisme_opt.jpg\",\"datePublished\":\"2016-11-06T23:00:00+00:00\",\"breadcrumb\":{\"@id\":\"https:\/\/www.prioratenoturisme.com\/es\/priorat-enoturisme-organitza-curs-comunicacio-digital-empreses-sector-enoturistic\/#breadcrumb\"},\"inLanguage\":\"es\",\"potentialAction\":[{\"@type\":\"ReadAction\",\"target\":[\"https:\/\/www.prioratenoturisme.com\/es\/priorat-enoturisme-organitza-curs-comunicacio-digital-empreses-sector-enoturistic\/\"]}]},{\"@type\":\"ImageObject\",\"inLanguage\":\"es\",\"@id\":\"https:\/\/www.prioratenoturisme.com\/es\/priorat-enoturisme-organitza-curs-comunicacio-digital-empreses-sector-enoturistic\/#primaryimage\",\"url\":\"https:\/\/www.prioratenoturisme.com\/wp-content\/uploads\/Curs-comunicacio-digital-Priorat-Enoturisme_opt.jpg\",\"contentUrl\":\"https:\/\/www.prioratenoturisme.com\/wp-content\/uploads\/Curs-comunicacio-digital-Priorat-Enoturisme_opt.jpg\",\"width\":650,\"height\":365},{\"@type\":\"BreadcrumbList\",\"@id\":\"https:\/\/www.prioratenoturisme.com\/es\/priorat-enoturisme-organitza-curs-comunicacio-digital-empreses-sector-enoturistic\/#breadcrumb\",\"itemListElement\":[{\"@type\":\"ListItem\",\"position\":1,\"name\":\"Portada\",\"item\":\"https:\/\/www.prioratenoturisme.com\/es\/inicio-vive-el-priorat\/\"},{\"@type\":\"ListItem\",\"position\":2,\"name\":\"Priorat Enoturisme organiza un curso de comunicaci\u00f3n digital para empresas del sector enotur\u00edstico\"}]},{\"@type\":\"WebSite\",\"@id\":\"https:\/\/www.prioratenoturisme.com\/#website\",\"url\":\"https:\/\/www.prioratenoturisme.com\/\",\"name\":\"Priorat Enoturisme\",\"description\":\"Viu el Priorat\",\"publisher\":{\"@id\":\"https:\/\/www.prioratenoturisme.com\/#organization\"},\"potentialAction\":[{\"@type\":\"SearchAction\",\"target\":{\"@type\":\"EntryPoint\",\"urlTemplate\":\"https:\/\/www.prioratenoturisme.com\/?s={search_term_string}\"},\"query-input\":{\"@type\":\"PropertyValueSpecification\",\"valueRequired\":true,\"valueName\":\"search_term_string\"}}],\"inLanguage\":\"es\"},{\"@type\":\"Organization\",\"@id\":\"https:\/\/www.prioratenoturisme.com\/#organization\",\"name\":\"Priorat Enoturisme\",\"url\":\"https:\/\/www.prioratenoturisme.com\/\",\"logo\":{\"@type\":\"ImageObject\",\"inLanguage\":\"es\",\"@id\":\"https:\/\/www.prioratenoturisme.com\/#\/schema\/logo\/image\/\",\"url\":\"https:\/\/www.prioratenoturisme.com\/wp-content\/uploads\/2023\/03\/cropped-FAVICON.png\",\"contentUrl\":\"https:\/\/www.prioratenoturisme.com\/wp-content\/uploads\/2023\/03\/cropped-FAVICON.png\",\"width\":512,\"height\":512,\"caption\":\"Priorat Enoturisme\"},\"image\":{\"@id\":\"https:\/\/www.prioratenoturisme.com\/#\/schema\/logo\/image\/\"},\"sameAs\":[\"https:\/\/www.facebook.com\/prioratenoturisme\/\",\"https:\/\/www.instagram.com\/prioratenoturisme\/\"]},{\"@type\":\"Person\",\"@id\":\"https:\/\/www.prioratenoturisme.com\/#\/schema\/person\/ac06549b4da3bd34588e62fff2493010\",\"name\":\"Carl\",\"image\":{\"@type\":\"ImageObject\",\"inLanguage\":\"es\",\"@id\":\"https:\/\/www.prioratenoturisme.com\/#\/schema\/person\/image\/\",\"url\":\"https:\/\/secure.gravatar.com\/avatar\/?s=96&d=mm&r=g\",\"contentUrl\":\"https:\/\/secure.gravatar.com\/avatar\/?s=96&d=mm&r=g\",\"caption\":\"Carl\"},\"url\":\"https:\/\/www.prioratenoturisme.com\/es\/author\/carl\/\"}]}<\/script>\n<!-- \/ Yoast SEO plugin. -->","yoast_head_json":{"title":"Priorat Enoturisme organiza un curso de comunicaci\u00f3n digital para empresas del sector enotur\u00edstico - Priorat Enoturisme","robots":{"index":"index","follow":"follow","max-snippet":"max-snippet:-1","max-image-preview":"max-image-preview:large","max-video-preview":"max-video-preview:-1"},"canonical":"https:\/\/www.prioratenoturisme.com\/es\/priorat-enoturisme-organitza-curs-comunicacio-digital-empreses-sector-enoturistic\/","og_locale":"es_ES","og_type":"article","og_title":"Priorat Enoturisme organiza un curso de comunicaci\u00f3n digital para empresas del sector enotur\u00edstico - Priorat Enoturisme","og_description":"El curso se impartir\u00e1 los lunes 5, 12, 19 y 26 de septiembre al Consejo Comarcal del Priorat La asociaci\u00f3n Priorat Enoturisme ofrece un curso de comunicaci\u00f3n digital dirigido a empresas del sector enotur\u00edstico. El curso pretende ofrecer herramientas para sacar el m\u00e1ximo rendimiento a la comunicaci\u00f3n digital de las empresas. Cuatro sesiones de tres [&hellip;]","og_url":"https:\/\/www.prioratenoturisme.com\/es\/priorat-enoturisme-organitza-curs-comunicacio-digital-empreses-sector-enoturistic\/","og_site_name":"Priorat Enoturisme","article_publisher":"https:\/\/www.facebook.com\/prioratenoturisme\/","article_published_time":"2016-11-06T23:00:00+00:00","og_image":[{"width":650,"height":365,"url":"https:\/\/www.prioratenoturisme.com\/wp-content\/uploads\/Curs-comunicacio-digital-Priorat-Enoturisme_opt.jpg","type":"image\/jpeg"}],"author":"Carl","twitter_card":"summary_large_image","twitter_misc":{"Escrito por":"Carl","Tiempo de lectura":"2 minutos"},"schema":{"@context":"https:\/\/schema.org","@graph":[{"@type":"Article","@id":"https:\/\/www.prioratenoturisme.com\/es\/priorat-enoturisme-organitza-curs-comunicacio-digital-empreses-sector-enoturistic\/#article","isPartOf":{"@id":"https:\/\/www.prioratenoturisme.com\/es\/priorat-enoturisme-organitza-curs-comunicacio-digital-empreses-sector-enoturistic\/"},"author":{"name":"Carl","@id":"https:\/\/www.prioratenoturisme.com\/#\/schema\/person\/ac06549b4da3bd34588e62fff2493010"},"headline":"Priorat Enoturisme organiza un curso de comunicaci\u00f3n digital para empresas del sector enotur\u00edstico","datePublished":"2016-11-06T23:00:00+00:00","mainEntityOfPage":{"@id":"https:\/\/www.prioratenoturisme.com\/es\/priorat-enoturisme-organitza-curs-comunicacio-digital-empreses-sector-enoturistic\/"},"wordCount":418,"commentCount":0,"publisher":{"@id":"https:\/\/www.prioratenoturisme.com\/#organization"},"image":{"@id":"https:\/\/www.prioratenoturisme.com\/es\/priorat-enoturisme-organitza-curs-comunicacio-digital-empreses-sector-enoturistic\/#primaryimage"},"thumbnailUrl":"https:\/\/www.prioratenoturisme.com\/wp-content\/uploads\/Curs-comunicacio-digital-Priorat-Enoturisme_opt.jpg","articleSection":["Sin categorizar"],"inLanguage":"es","potentialAction":[{"@type":"CommentAction","name":"Comment","target":["https:\/\/www.prioratenoturisme.com\/es\/priorat-enoturisme-organitza-curs-comunicacio-digital-empreses-sector-enoturistic\/#respond"]}]},{"@type":"WebPage","@id":"https:\/\/www.prioratenoturisme.com\/es\/priorat-enoturisme-organitza-curs-comunicacio-digital-empreses-sector-enoturistic\/","url":"https:\/\/www.prioratenoturisme.com\/es\/priorat-enoturisme-organitza-curs-comunicacio-digital-empreses-sector-enoturistic\/","name":"Priorat Enoturisme organiza un curso de comunicaci\u00f3n digital para empresas del sector enotur\u00edstico - Priorat Enoturisme","isPartOf":{"@id":"https:\/\/www.prioratenoturisme.com\/#website"},"primaryImageOfPage":{"@id":"https:\/\/www.prioratenoturisme.com\/es\/priorat-enoturisme-organitza-curs-comunicacio-digital-empreses-sector-enoturistic\/#primaryimage"},"image":{"@id":"https:\/\/www.prioratenoturisme.com\/es\/priorat-enoturisme-organitza-curs-comunicacio-digital-empreses-sector-enoturistic\/#primaryimage"},"thumbnailUrl":"https:\/\/www.prioratenoturisme.com\/wp-content\/uploads\/Curs-comunicacio-digital-Priorat-Enoturisme_opt.jpg","datePublished":"2016-11-06T23:00:00+00:00","breadcrumb":{"@id":"https:\/\/www.prioratenoturisme.com\/es\/priorat-enoturisme-organitza-curs-comunicacio-digital-empreses-sector-enoturistic\/#breadcrumb"},"inLanguage":"es","potentialAction":[{"@type":"ReadAction","target":["https:\/\/www.prioratenoturisme.com\/es\/priorat-enoturisme-organitza-curs-comunicacio-digital-empreses-sector-enoturistic\/"]}]},{"@type":"ImageObject","inLanguage":"es","@id":"https:\/\/www.prioratenoturisme.com\/es\/priorat-enoturisme-organitza-curs-comunicacio-digital-empreses-sector-enoturistic\/#primaryimage","url":"https:\/\/www.prioratenoturisme.com\/wp-content\/uploads\/Curs-comunicacio-digital-Priorat-Enoturisme_opt.jpg","contentUrl":"https:\/\/www.prioratenoturisme.com\/wp-content\/uploads\/Curs-comunicacio-digital-Priorat-Enoturisme_opt.jpg","width":650,"height":365},{"@type":"BreadcrumbList","@id":"https:\/\/www.prioratenoturisme.com\/es\/priorat-enoturisme-organitza-curs-comunicacio-digital-empreses-sector-enoturistic\/#breadcrumb","itemListElement":[{"@type":"ListItem","position":1,"name":"Portada","item":"https:\/\/www.prioratenoturisme.com\/es\/inicio-vive-el-priorat\/"},{"@type":"ListItem","position":2,"name":"Priorat Enoturisme organiza un curso de comunicaci\u00f3n digital para empresas del sector enotur\u00edstico"}]},{"@type":"WebSite","@id":"https:\/\/www.prioratenoturisme.com\/#website","url":"https:\/\/www.prioratenoturisme.com\/","name":"Priorat Enoturisme","description":"Viu el Priorat","publisher":{"@id":"https:\/\/www.prioratenoturisme.com\/#organization"},"potentialAction":[{"@type":"SearchAction","target":{"@type":"EntryPoint","urlTemplate":"https:\/\/www.prioratenoturisme.com\/?s={search_term_string}"},"query-input":{"@type":"PropertyValueSpecification","valueRequired":true,"valueName":"search_term_string"}}],"inLanguage":"es"},{"@type":"Organization","@id":"https:\/\/www.prioratenoturisme.com\/#organization","name":"Priorat Enoturisme","url":"https:\/\/www.prioratenoturisme.com\/","logo":{"@type":"ImageObject","inLanguage":"es","@id":"https:\/\/www.prioratenoturisme.com\/#\/schema\/logo\/image\/","url":"https:\/\/www.prioratenoturisme.com\/wp-content\/uploads\/2023\/03\/cropped-FAVICON.png","contentUrl":"https:\/\/www.prioratenoturisme.com\/wp-content\/uploads\/2023\/03\/cropped-FAVICON.png","width":512,"height":512,"caption":"Priorat Enoturisme"},"image":{"@id":"https:\/\/www.prioratenoturisme.com\/#\/schema\/logo\/image\/"},"sameAs":["https:\/\/www.facebook.com\/prioratenoturisme\/","https:\/\/www.instagram.com\/prioratenoturisme\/"]},{"@type":"Person","@id":"https:\/\/www.prioratenoturisme.com\/#\/schema\/person\/ac06549b4da3bd34588e62fff2493010","name":"Carl","image":{"@type":"ImageObject","inLanguage":"es","@id":"https:\/\/www.prioratenoturisme.com\/#\/schema\/person\/image\/","url":"https:\/\/secure.gravatar.com\/avatar\/?s=96&d=mm&r=g","contentUrl":"https:\/\/secure.gravatar.com\/avatar\/?s=96&d=mm&r=g","caption":"Carl"},"url":"https:\/\/www.prioratenoturisme.com\/es\/author\/carl\/"}]}},"_links":{"self":[{"href":"https:\/\/www.prioratenoturisme.com\/es\/wp-json\/wp\/v2\/posts\/25259","targetHints":{"allow":["GET"]}}],"collection":[{"href":"https:\/\/www.prioratenoturisme.com\/es\/wp-json\/wp\/v2\/posts"}],"about":[{"href":"https:\/\/www.prioratenoturisme.com\/es\/wp-json\/wp\/v2\/types\/post"}],"author":[{"embeddable":true,"href":"https:\/\/www.prioratenoturisme.com\/es\/wp-json\/wp\/v2\/users\/3"}],"replies":[{"embeddable":true,"href":"https:\/\/www.prioratenoturisme.com\/es\/wp-json\/wp\/v2\/comments?post=25259"}],"version-history":[{"count":0,"href":"https:\/\/www.prioratenoturisme.com\/es\/wp-json\/wp\/v2\/posts\/25259\/revisions"}],"wp:featuredmedia":[{"embeddable":true,"href":"https:\/\/www.prioratenoturisme.com\/es\/wp-json\/wp\/v2\/media\/23266"}],"wp:attachment":[{"href":"https:\/\/www.prioratenoturisme.com\/es\/wp-json\/wp\/v2\/media?parent=25259"}],"wp:term":[{"taxonomy":"category","embeddable":true,"href":"https:\/\/www.prioratenoturisme.com\/es\/wp-json\/wp\/v2\/categories?post=25259"},{"taxonomy":"post_tag","embeddable":true,"href":"https:\/\/www.prioratenoturisme.com\/es\/wp-json\/wp\/v2\/tags?post=25259"}],"curies":[{"name":"wp","href":"https:\/\/api.w.org\/{rel}","templated":true}]}}