{"id":25262,"date":"2016-04-08T00:00:00","date_gmt":"2016-04-07T23:00:00","guid":{"rendered":"https:\/\/www.prioratenoturisme.com\/tast-llops-10-anos-aventura-enologica\/"},"modified":"2016-04-08T00:00:00","modified_gmt":"2016-04-07T23:00:00","slug":"tast-llops-10-anos-aventura-enologica","status":"publish","type":"post","link":"https:\/\/www.prioratenoturisme.com\/es\/tast-llops-10-anos-aventura-enologica\/","title":{"rendered":"Tast amb Llops, 10 a\u00f1os de aventura enol\u00f2gica"},"content":{"rendered":"<div class=\"field field-name-body field-type-text-with-summary field-label-hidden\">\n<div class=\"field-items\">\n<div class=\"field-item even\">\n<p><span id=\"result_box\" class=\"\" lang=\"es\"><span title=\"El Tast amb Llops, organitzat per l'Hotel Cal Llop, s'ha convertit en un wine festival de refer\u00e8ncia pels amants del vi \"><strong>El Tast amb Llops, organizado por el Hotel Cal Llop, se ha convertido en un wine festival de referencia para los amantes del vino.<\/strong><\/span><\/span><\/p>\n<p><span title=\"D'una reuni\u00f3 d'amics a una cita de refer\u00e8ncia pels amants del vi.\">De una reuni\u00f3n de amigos a una cita de referencia para los amantes del vino. <\/span><span title=\"L'ess\u00e8ncia per\u00f2, segueix sent la mateixa: \u00abparlar de vins, riure i gaudir d'una bona estona\u00bb.\">La esencia sin embargo, sigue siendo la misma: \u00abhablar de vinos, re\u00edr y disfrutar de un buen rato\u00bb. <\/span><span title=\"Tast amb Llops, el wine festival de Gratallops, celebra la desena edici\u00f3 el pr\u00f2xim 30 d'abril en el marc de la Fira del Vi.\">Tast amb Llops, el wine festival de Gratallops, celebra la d\u00e9cima edici\u00f3n el pr\u00f3ximo 30 de abril en el marco de la Feria del Vino. <\/span><span title=\"Amb la voluntat de donar a con\u00e8ixer els vins elaborats pels cellers de Gratallops i d\u2019elaboradors convidats, ja han passat per la cita enol\u00f2gica m\u00e9s de 50 cellers d'arreu del m\u00f3n.\">Con la voluntad de dar a conocer los vinos elaborados por las bodegas de Gratallops y de elaboradores invitados, ya han pasado por la cita enol\u00f3gica m\u00e1s de 50 bodegas de todo el mundo. <\/span><span title=\"Els vins, la gastronomia, la m\u00fasica i la bona companyia han estat els companys de viatge, al llarg d'aquests deu anys, del Tast amb Llops. \">Los vinos, la gastronom\u00eda, la m\u00fasica y la buena compa\u00f1\u00eda han sido los compa\u00f1eros de viaje, a lo largo de estos diez a\u00f1os, del Tast amb Llops.<br \/>\n<\/span><\/p>\n<p><span title=\"La primera edici\u00f3 es va celebrar el 2006 quan \u00abens vam reunir amb dos amics, joves cellerers de Gratallops, i vam pensar a fer un tast, una festa entre nosaltres i alguns convidats propers per celebrar els seus primers vins elaborats al Priorat\u00bb explica Cristina\">La primera edici\u00f3n se celebr\u00f3 en 2006 cuando \u00abnos reunimos con dos amigos, j\u00f3venes bodegueros de Gratallops, y pensamos en hacer una cata, una fiesta entre nosotros y algunos invitados cercanos para celebrar sus primeros vinos elaborados en el Priorat\u00bb explica Cristina <\/span><span title=\"Jim\u00e9nez, propiet\u00e0ria de l'Hotel Cal Llop i organitzadora del Tast amb Llops.\">Jim\u00e9nez, propietaria del Hotel Cal Llop y organizadora de la cata <\/span><span title=\"La intenci\u00f3 era clara: passar-ho b\u00e9.\">La intenci\u00f3n era clara: pasarlo bien. <\/span><span title=\"\u00abParlar de vins, riure i gaudir d'una bona estona degustant els primers vins que havien elaborat, tot escoltant els seus secrets i les seves hist\u00f2ries\u00bb. \">\u00abHablar de vinos, re\u00edr y disfrutar de un buen rato degustando los primeros vinos que hab\u00edan elaborado, escuchando sus secretos y sus historias\u00bb.<\/span><\/p>\n<p><span title=\"De la reuni\u00f3 entre amics en va sorgir la idea de professionalitzar la trobada i ampliar el cercle per gaudir de la cita amb altres companys de viatge.\">De la reuni\u00f3n entre amigos surgi\u00f3 la idea de profesionalizar el encuentro y ampliar el c\u00edrculo para disfrutar de la cita con otros compa\u00f1eros de viaje. <\/span><span title=\"\u00abL'any seg\u00fcent de la primera edici\u00f3, vam decidir fer-ho de forma m\u00e9s professional i es va proposar a l'organitzaci\u00f3 de la Fira del Vi de Falset, incloure l'esdeveniment en el marc del certamen.\">\u00abEl a\u00f1o siguiente de la primera edici\u00f3n, decidimos hacerlo de forma m\u00e1s profesional y se propuso la organizaci\u00f3n de la Feria del Vino de Falset, incluir el evento en el marco del certamen.\u00a0<\/span><span title=\"A m\u00e9s, el Celler de Cap\u00e7anes tamb\u00e9 comen\u00e7ava amb la seva primera Nit de les Garnatxes i va ser genial perqu\u00e8 naixien els primers esdeveniments que se sumaven a la Fira del Vi\u00bb explica Cristina Jim\u00e9nez. \">Adem\u00e1s, el Celler de Cap\u00e7anes tambi\u00e9n comenzaba con su primera Noche de las Garnachas y fue genial porque nac\u00edan los primeros eventos que se sumaban a la Feria del Vino\u00bb explica Cristina Jim\u00e9nez.<\/span><\/p>\n<p><span title=\"Una aposta forta que s'ha consolidat com una cita enol\u00f2gica de refer\u00e8ncia amb deu anys d'experi\u00e8ncia.\">Una apuesta fuerte que se ha consolidado como una cita enol\u00f3gica de referencia con diez a\u00f1os de experiencia. <\/span><span title=\"\u00abVam aprofitar que des de la DOQ Priorat, s'estava gestant la denominaci\u00f3 \u00abVi de Vila\u00bb i vam conversar amb altres cellerers amics de Gratallops per convidar-los a participar i aix\u00ed es van unir els 10 magn\u00edfics hist\u00f2rics de Tast amb Llops i\">\u00abAprovechamos que desde la DOQ Priorat, se estaba gestando la denominaci\u00f3n: Vino de Villa \u00bb y conversamos con otros bodegueros amigos de Gratallops para invitarles a participar y as\u00ed se unieron los 10 magn\u00edficos hist\u00f3ricos del Tast amb Llops y <\/span><span title=\"ara ja som 12 incondicionals\u00bb afegeix la Cristina. \">ahora ya somos 12 incondicionales \u00bb a\u00f1ade Cristina.<\/span><\/p>\n<p><span title=\"L'objectiu era posar en relleu la singular personalitat dels vins de Gratallops i la seva expressi\u00f3 particular, fruit de les caracter\u00edstiques de la zona.\">El objetivo era poner de relieve la singular personalidad de los vinos de Gratallops y su expresi\u00f3n particular, fruto de las caracter\u00edsticas de la zona. <\/span><span title=\"A part dels cellers de Gratallops, en paral\u00b7lel, tamb\u00e9 es van comen\u00e7ar a convidar altres cellers de la comarca i d'arreu del m\u00f3n.\">A parte de las bodegas de Gratallops, en paralelo, tambi\u00e9n se empezaron a invitar a otras bodegas de la comarca y de todo el mundo. <\/span><span title=\"El perfil de p\u00fablic que aplega el wine festival \u00e9s similar: \u00abcuriosos, apassionats del vi, dotats d'una gana extraordin\u00e0ria i amb un gust refinat en l'aspecte musical\u00bb explica Cristina Jim\u00e9nez. \">El perfil de p\u00fablico que re\u00fane el wine festival es similar: \u00abcuriosos, apasionados del vino, dotados de un hambre extraordinaria y con un gusto refinado en el aspecto musical\u00bb explica Cristina Jim\u00e9nez.<\/span><\/p>\n<p><span title=\"Despr\u00e9s de deu anys, toca mirar enrere i fer balan\u00e7.\">Despu\u00e9s de diez a\u00f1os, toca mirar atr\u00e1s y hacer balance. <\/span><span title=\"\u00abEns hem fet deu anys m\u00e9s anyencs, m\u00e9s rancis, per\u00f2 en el sentit positiu que tamb\u00e9 t\u00e9 el vi despr\u00e9s d'envellir b\u00e9\u00bb explica la Cristina.\">\u00abNos hemos hecho diez a\u00f1os m\u00e1s a\u00f1ejos, m\u00e1s rancios, pero en el sentido positivo que tambi\u00e9n tiene el vino despu\u00e9s de envejecer bien\u00bb explica Cristina. <\/span><span title=\"Les ganes de passar-ho b\u00e9 i de compartir bons vins s\u00f3n les mateixes que el primer dia: \u00abseguim amb el mateix esperit: conversar, riure, beure vins excel\u00b7lents d'edici\u00f3 limitada i reunir-nos un altre any amb tots els\">Las ganas de pasarlo bien y de compartir buenos vinos son las mismas que el primer d\u00eda: \u00abseguimos con el mismo esp\u00edritu: conversar, re\u00edr, beber vinos excelentes de edici\u00f3n limitada y reunirnos otro a\u00f1o con todos los <\/span><span title=\"nostres, aquells qui ens han acompanyat, vells i nous amics, per seguir escoltant les seves hist\u00f2ries i secrets\u00bb afegeix la Cristina.\">nuestros, los que nos han acompa\u00f1ado, viejos y nuevos amigos, para seguir escuchando sus historias y secretos \u00bba\u00f1ade Cristina.<\/span><\/p>\n<p><strong><span id=\"result_box\" class=\"\" lang=\"es\"><span title=\"La desena edici\u00f3, una celebraci\u00f3 especial \">La d\u00e9cima edici\u00f3n, una celebraci\u00f3n especial<\/span><\/span><\/strong><\/p>\n<p><span title=\"El dia 30 d'abril, de les 18h a les 21.30h a la Pla\u00e7a de Dalt 21 de Gratallops, tindr\u00e0 lloc la desena edici\u00f3 de Tast amb Llops.\">El d\u00eda 30 de abril, de las 18h a las 21.30h en la Plaza de Arriba 21 de Gratallops, tendr\u00e1 lugar la d\u00e9cima edici\u00f3n de Cata con Lobos. <\/span><span title=\"Una celebraci\u00f3 carregada de novetats que vol ser un homenatge a aquests 10 anys d'experi\u00e8ncies compartides.\">Una celebraci\u00f3n cargada de novedades que quiere ser un homenaje a estos 10 a\u00f1os de experiencias compartidas. <\/span><span title=\"\u00abEs vol celebrar d'una manera especial, i com sempre, comptarem amb els 12 magn\u00edfics de Gratallops, per\u00f2 tamb\u00e9 amb una representaci\u00f3 simb\u00f2lica i aut\u00e8ntica de tots els cellers que ens han acompanyat durant els 10 anys d'aventura enol\u00f2gica, molts d'\">\u00abSe quiere celebrar de una manera especial, y como siempre, contaremos con los 12 magn\u00edficos de Gratallops, pero tambi\u00e9n con una representaci\u00f3n simb\u00f3lica y aut\u00e9ntica de todas las bodegas que nos han acompa\u00f1ado durante los 10 a\u00f1os de aventura enol\u00f3gica, muchos de <\/span><span title=\"ells de la DOQ Priorat\u00bb explica Cristina Jim\u00e9nez. \">ellos de la DOQ Priorat \u00bb explica Cristina Jim\u00e9nez.<\/span><\/p>\n<p><span title=\"A part del tast de vins, \u00abgaudirem d'un aperitiu gastron\u00f2mic amb les notes musicals del jazz fresc i vers\u00e0til del falset\u00e0 resident a Nova York, Llu\u00eds Capdevila i farem alguna bretolada per no prendre'ns-ho massa en serio\u00bb conclou la Cristina\">Aparte de la cata de vinos, \u00abdisfrutaremos de un aperitivo gastron\u00f3mico con las notas musicales del jazz fresco y vers\u00e1til del m\u00fasico residente en Nueva York, Llu\u00eds Capdevila y haremos alguna gamberrada para no tomarlo demasiado en serio\u00bb concluye Cristina<\/span><span title=\".\">. <\/span><span title=\"En aquesta edici\u00f3 es podran tastar m\u00e9s de 60 refer\u00e8ncies de vins d'edicions limitades i singulars.\">En esta edici\u00f3n se podr\u00e1n probar m\u00e1s de 60 referencias de vinos de ediciones limitadas y singulares. <\/span><span title=\"Una cita on el vi, la gastronomia, les converses, els riures i les experi\u00e8ncies compartides, s'han convertit en l'ess\u00e8ncia del Tast amb Llops. \">Una cita donde el vino, la gastronom\u00eda, las conversaciones, las risas y las experiencias compartidas, se han convertido en la esencia del Tast amb Llops.<\/span><\/p>\n<\/div>\n<\/div>\n<\/div>\n","protected":false},"excerpt":{"rendered":"<p>El Tast amb Llops, organizado por el Hotel Cal Llop, se ha convertido en un wine festival de referencia para los amantes del vino. De una reuni\u00f3n de amigos a una cita de referencia para los amantes del vino. La esencia sin embargo, sigue siendo la misma: \u00abhablar de vinos, re\u00edr y disfrutar de un [&hellip;]<\/p>\n","protected":false},"author":2,"featured_media":23150,"comment_status":"open","ping_status":"open","sticky":false,"template":"","format":"standard","meta":{"_acf_changed":false,"_et_pb_use_builder":"","_et_pb_old_content":"","_et_gb_content_width":"","footnotes":""},"categories":[7],"tags":[229,225,227,226,230,228],"class_list":["post-25262","post","type-post","status-publish","format-standard","has-post-thumbnail","hentry","category-sin-categorizar","tag-cata","tag-excelencia","tag-festival","tag-musica","tag-vino","tag-wine"],"acf":[],"yoast_head":"<!-- This site is optimized with the Yoast SEO plugin v25.6 - https:\/\/yoast.com\/wordpress\/plugins\/seo\/ -->\n<title>Tast amb Llops, 10 a\u00f1os de aventura enol\u00f2gica - Priorat Enoturisme<\/title>\n<meta name=\"robots\" content=\"index, follow, max-snippet:-1, max-image-preview:large, max-video-preview:-1\" \/>\n<link rel=\"canonical\" href=\"https:\/\/www.prioratenoturisme.com\/es\/tast-llops-10-anos-aventura-enologica\/\" \/>\n<meta property=\"og:locale\" content=\"es_ES\" \/>\n<meta property=\"og:type\" content=\"article\" \/>\n<meta property=\"og:title\" content=\"Tast amb Llops, 10 a\u00f1os de aventura enol\u00f2gica - Priorat Enoturisme\" \/>\n<meta property=\"og:description\" content=\"El Tast amb Llops, organizado por el Hotel Cal Llop, se ha convertido en un wine festival de referencia para los amantes del vino. De una reuni\u00f3n de amigos a una cita de referencia para los amantes del vino. La esencia sin embargo, sigue siendo la misma: \u00abhablar de vinos, re\u00edr y disfrutar de un [&hellip;]\" \/>\n<meta property=\"og:url\" content=\"https:\/\/www.prioratenoturisme.com\/es\/tast-llops-10-anos-aventura-enologica\/\" \/>\n<meta property=\"og:site_name\" content=\"Priorat Enoturisme\" \/>\n<meta property=\"article:publisher\" content=\"https:\/\/www.facebook.com\/prioratenoturisme\/\" \/>\n<meta property=\"article:published_time\" content=\"2016-04-07T23:00:00+00:00\" \/>\n<meta property=\"og:image\" content=\"https:\/\/www.prioratenoturisme.com\/wp-content\/uploads\/tast_amb_llops_foto_2.jpg\" \/>\n\t<meta property=\"og:image:width\" content=\"1000\" \/>\n\t<meta property=\"og:image:height\" content=\"667\" \/>\n\t<meta property=\"og:image:type\" content=\"image\/jpeg\" \/>\n<meta name=\"author\" content=\"Priorat Enoturisme\" \/>\n<meta name=\"twitter:card\" content=\"summary_large_image\" \/>\n<meta name=\"twitter:label1\" content=\"Escrito por\" \/>\n\t<meta name=\"twitter:data1\" content=\"Priorat Enoturisme\" \/>\n\t<meta name=\"twitter:label2\" content=\"Tiempo de lectura\" \/>\n\t<meta name=\"twitter:data2\" content=\"4 minutos\" \/>\n<script type=\"application\/ld+json\" class=\"yoast-schema-graph\">{\"@context\":\"https:\/\/schema.org\",\"@graph\":[{\"@type\":\"Article\",\"@id\":\"https:\/\/www.prioratenoturisme.com\/es\/tast-llops-10-anos-aventura-enologica\/#article\",\"isPartOf\":{\"@id\":\"https:\/\/www.prioratenoturisme.com\/es\/tast-llops-10-anos-aventura-enologica\/\"},\"author\":{\"name\":\"Priorat Enoturisme\",\"@id\":\"https:\/\/www.prioratenoturisme.com\/#\/schema\/person\/21cb071ed0505ebc2f5e911eca6dccf7\"},\"headline\":\"Tast amb Llops, 10 a\u00f1os de aventura enol\u00f2gica\",\"datePublished\":\"2016-04-07T23:00:00+00:00\",\"mainEntityOfPage\":{\"@id\":\"https:\/\/www.prioratenoturisme.com\/es\/tast-llops-10-anos-aventura-enologica\/\"},\"wordCount\":818,\"commentCount\":0,\"publisher\":{\"@id\":\"https:\/\/www.prioratenoturisme.com\/#organization\"},\"image\":{\"@id\":\"https:\/\/www.prioratenoturisme.com\/es\/tast-llops-10-anos-aventura-enologica\/#primaryimage\"},\"thumbnailUrl\":\"https:\/\/www.prioratenoturisme.com\/wp-content\/uploads\/tast_amb_llops_foto_2.jpg\",\"keywords\":[\"cata\",\"excelencia\",\"festival\",\"m\u00fasica\",\"vino\",\"wine\"],\"articleSection\":[\"Sin categorizar\"],\"inLanguage\":\"es\",\"potentialAction\":[{\"@type\":\"CommentAction\",\"name\":\"Comment\",\"target\":[\"https:\/\/www.prioratenoturisme.com\/es\/tast-llops-10-anos-aventura-enologica\/#respond\"]}]},{\"@type\":\"WebPage\",\"@id\":\"https:\/\/www.prioratenoturisme.com\/es\/tast-llops-10-anos-aventura-enologica\/\",\"url\":\"https:\/\/www.prioratenoturisme.com\/es\/tast-llops-10-anos-aventura-enologica\/\",\"name\":\"Tast amb Llops, 10 a\u00f1os de aventura enol\u00f2gica - Priorat Enoturisme\",\"isPartOf\":{\"@id\":\"https:\/\/www.prioratenoturisme.com\/#website\"},\"primaryImageOfPage\":{\"@id\":\"https:\/\/www.prioratenoturisme.com\/es\/tast-llops-10-anos-aventura-enologica\/#primaryimage\"},\"image\":{\"@id\":\"https:\/\/www.prioratenoturisme.com\/es\/tast-llops-10-anos-aventura-enologica\/#primaryimage\"},\"thumbnailUrl\":\"https:\/\/www.prioratenoturisme.com\/wp-content\/uploads\/tast_amb_llops_foto_2.jpg\",\"datePublished\":\"2016-04-07T23:00:00+00:00\",\"breadcrumb\":{\"@id\":\"https:\/\/www.prioratenoturisme.com\/es\/tast-llops-10-anos-aventura-enologica\/#breadcrumb\"},\"inLanguage\":\"es\",\"potentialAction\":[{\"@type\":\"ReadAction\",\"target\":[\"https:\/\/www.prioratenoturisme.com\/es\/tast-llops-10-anos-aventura-enologica\/\"]}]},{\"@type\":\"ImageObject\",\"inLanguage\":\"es\",\"@id\":\"https:\/\/www.prioratenoturisme.com\/es\/tast-llops-10-anos-aventura-enologica\/#primaryimage\",\"url\":\"https:\/\/www.prioratenoturisme.com\/wp-content\/uploads\/tast_amb_llops_foto_2.jpg\",\"contentUrl\":\"https:\/\/www.prioratenoturisme.com\/wp-content\/uploads\/tast_amb_llops_foto_2.jpg\",\"width\":1000,\"height\":667,\"caption\":\"Tast amb Llops, 8a edici\u00f3 2014.\"},{\"@type\":\"BreadcrumbList\",\"@id\":\"https:\/\/www.prioratenoturisme.com\/es\/tast-llops-10-anos-aventura-enologica\/#breadcrumb\",\"itemListElement\":[{\"@type\":\"ListItem\",\"position\":1,\"name\":\"Portada\",\"item\":\"https:\/\/www.prioratenoturisme.com\/es\/inicio-vive-el-priorat\/\"},{\"@type\":\"ListItem\",\"position\":2,\"name\":\"Tast amb Llops, 10 a\u00f1os de aventura enol\u00f2gica\"}]},{\"@type\":\"WebSite\",\"@id\":\"https:\/\/www.prioratenoturisme.com\/#website\",\"url\":\"https:\/\/www.prioratenoturisme.com\/\",\"name\":\"Priorat Enoturisme\",\"description\":\"Viu el Priorat\",\"publisher\":{\"@id\":\"https:\/\/www.prioratenoturisme.com\/#organization\"},\"potentialAction\":[{\"@type\":\"SearchAction\",\"target\":{\"@type\":\"EntryPoint\",\"urlTemplate\":\"https:\/\/www.prioratenoturisme.com\/?s={search_term_string}\"},\"query-input\":{\"@type\":\"PropertyValueSpecification\",\"valueRequired\":true,\"valueName\":\"search_term_string\"}}],\"inLanguage\":\"es\"},{\"@type\":\"Organization\",\"@id\":\"https:\/\/www.prioratenoturisme.com\/#organization\",\"name\":\"Priorat Enoturisme\",\"url\":\"https:\/\/www.prioratenoturisme.com\/\",\"logo\":{\"@type\":\"ImageObject\",\"inLanguage\":\"es\",\"@id\":\"https:\/\/www.prioratenoturisme.com\/#\/schema\/logo\/image\/\",\"url\":\"https:\/\/www.prioratenoturisme.com\/wp-content\/uploads\/2023\/03\/cropped-FAVICON.png\",\"contentUrl\":\"https:\/\/www.prioratenoturisme.com\/wp-content\/uploads\/2023\/03\/cropped-FAVICON.png\",\"width\":512,\"height\":512,\"caption\":\"Priorat Enoturisme\"},\"image\":{\"@id\":\"https:\/\/www.prioratenoturisme.com\/#\/schema\/logo\/image\/\"},\"sameAs\":[\"https:\/\/www.facebook.com\/prioratenoturisme\/\",\"https:\/\/www.instagram.com\/prioratenoturisme\/\"]},{\"@type\":\"Person\",\"@id\":\"https:\/\/www.prioratenoturisme.com\/#\/schema\/person\/21cb071ed0505ebc2f5e911eca6dccf7\",\"name\":\"Priorat Enoturisme\",\"image\":{\"@type\":\"ImageObject\",\"inLanguage\":\"es\",\"@id\":\"https:\/\/www.prioratenoturisme.com\/#\/schema\/person\/image\/\",\"url\":\"https:\/\/secure.gravatar.com\/avatar\/18e124132141ce8f3b812fb2b92f98d9180a5b7a1f465cb453ca291f504ea831?s=96&d=mm&r=g\",\"contentUrl\":\"https:\/\/secure.gravatar.com\/avatar\/18e124132141ce8f3b812fb2b92f98d9180a5b7a1f465cb453ca291f504ea831?s=96&d=mm&r=g\",\"caption\":\"Priorat Enoturisme\"},\"url\":\"https:\/\/www.prioratenoturisme.com\/es\/author\/prioratenoturisme_gestio\/\"}]}<\/script>\n<!-- \/ Yoast SEO plugin. -->","yoast_head_json":{"title":"Tast amb Llops, 10 a\u00f1os de aventura enol\u00f2gica - Priorat Enoturisme","robots":{"index":"index","follow":"follow","max-snippet":"max-snippet:-1","max-image-preview":"max-image-preview:large","max-video-preview":"max-video-preview:-1"},"canonical":"https:\/\/www.prioratenoturisme.com\/es\/tast-llops-10-anos-aventura-enologica\/","og_locale":"es_ES","og_type":"article","og_title":"Tast amb Llops, 10 a\u00f1os de aventura enol\u00f2gica - Priorat Enoturisme","og_description":"El Tast amb Llops, organizado por el Hotel Cal Llop, se ha convertido en un wine festival de referencia para los amantes del vino. De una reuni\u00f3n de amigos a una cita de referencia para los amantes del vino. La esencia sin embargo, sigue siendo la misma: \u00abhablar de vinos, re\u00edr y disfrutar de un [&hellip;]","og_url":"https:\/\/www.prioratenoturisme.com\/es\/tast-llops-10-anos-aventura-enologica\/","og_site_name":"Priorat Enoturisme","article_publisher":"https:\/\/www.facebook.com\/prioratenoturisme\/","article_published_time":"2016-04-07T23:00:00+00:00","og_image":[{"width":1000,"height":667,"url":"https:\/\/www.prioratenoturisme.com\/wp-content\/uploads\/tast_amb_llops_foto_2.jpg","type":"image\/jpeg"}],"author":"Priorat Enoturisme","twitter_card":"summary_large_image","twitter_misc":{"Escrito por":"Priorat Enoturisme","Tiempo de lectura":"4 minutos"},"schema":{"@context":"https:\/\/schema.org","@graph":[{"@type":"Article","@id":"https:\/\/www.prioratenoturisme.com\/es\/tast-llops-10-anos-aventura-enologica\/#article","isPartOf":{"@id":"https:\/\/www.prioratenoturisme.com\/es\/tast-llops-10-anos-aventura-enologica\/"},"author":{"name":"Priorat Enoturisme","@id":"https:\/\/www.prioratenoturisme.com\/#\/schema\/person\/21cb071ed0505ebc2f5e911eca6dccf7"},"headline":"Tast amb Llops, 10 a\u00f1os de aventura enol\u00f2gica","datePublished":"2016-04-07T23:00:00+00:00","mainEntityOfPage":{"@id":"https:\/\/www.prioratenoturisme.com\/es\/tast-llops-10-anos-aventura-enologica\/"},"wordCount":818,"commentCount":0,"publisher":{"@id":"https:\/\/www.prioratenoturisme.com\/#organization"},"image":{"@id":"https:\/\/www.prioratenoturisme.com\/es\/tast-llops-10-anos-aventura-enologica\/#primaryimage"},"thumbnailUrl":"https:\/\/www.prioratenoturisme.com\/wp-content\/uploads\/tast_amb_llops_foto_2.jpg","keywords":["cata","excelencia","festival","m\u00fasica","vino","wine"],"articleSection":["Sin categorizar"],"inLanguage":"es","potentialAction":[{"@type":"CommentAction","name":"Comment","target":["https:\/\/www.prioratenoturisme.com\/es\/tast-llops-10-anos-aventura-enologica\/#respond"]}]},{"@type":"WebPage","@id":"https:\/\/www.prioratenoturisme.com\/es\/tast-llops-10-anos-aventura-enologica\/","url":"https:\/\/www.prioratenoturisme.com\/es\/tast-llops-10-anos-aventura-enologica\/","name":"Tast amb Llops, 10 a\u00f1os de aventura enol\u00f2gica - Priorat Enoturisme","isPartOf":{"@id":"https:\/\/www.prioratenoturisme.com\/#website"},"primaryImageOfPage":{"@id":"https:\/\/www.prioratenoturisme.com\/es\/tast-llops-10-anos-aventura-enologica\/#primaryimage"},"image":{"@id":"https:\/\/www.prioratenoturisme.com\/es\/tast-llops-10-anos-aventura-enologica\/#primaryimage"},"thumbnailUrl":"https:\/\/www.prioratenoturisme.com\/wp-content\/uploads\/tast_amb_llops_foto_2.jpg","datePublished":"2016-04-07T23:00:00+00:00","breadcrumb":{"@id":"https:\/\/www.prioratenoturisme.com\/es\/tast-llops-10-anos-aventura-enologica\/#breadcrumb"},"inLanguage":"es","potentialAction":[{"@type":"ReadAction","target":["https:\/\/www.prioratenoturisme.com\/es\/tast-llops-10-anos-aventura-enologica\/"]}]},{"@type":"ImageObject","inLanguage":"es","@id":"https:\/\/www.prioratenoturisme.com\/es\/tast-llops-10-anos-aventura-enologica\/#primaryimage","url":"https:\/\/www.prioratenoturisme.com\/wp-content\/uploads\/tast_amb_llops_foto_2.jpg","contentUrl":"https:\/\/www.prioratenoturisme.com\/wp-content\/uploads\/tast_amb_llops_foto_2.jpg","width":1000,"height":667,"caption":"Tast amb Llops, 8a edici\u00f3 2014."},{"@type":"BreadcrumbList","@id":"https:\/\/www.prioratenoturisme.com\/es\/tast-llops-10-anos-aventura-enologica\/#breadcrumb","itemListElement":[{"@type":"ListItem","position":1,"name":"Portada","item":"https:\/\/www.prioratenoturisme.com\/es\/inicio-vive-el-priorat\/"},{"@type":"ListItem","position":2,"name":"Tast amb Llops, 10 a\u00f1os de aventura enol\u00f2gica"}]},{"@type":"WebSite","@id":"https:\/\/www.prioratenoturisme.com\/#website","url":"https:\/\/www.prioratenoturisme.com\/","name":"Priorat Enoturisme","description":"Viu el Priorat","publisher":{"@id":"https:\/\/www.prioratenoturisme.com\/#organization"},"potentialAction":[{"@type":"SearchAction","target":{"@type":"EntryPoint","urlTemplate":"https:\/\/www.prioratenoturisme.com\/?s={search_term_string}"},"query-input":{"@type":"PropertyValueSpecification","valueRequired":true,"valueName":"search_term_string"}}],"inLanguage":"es"},{"@type":"Organization","@id":"https:\/\/www.prioratenoturisme.com\/#organization","name":"Priorat Enoturisme","url":"https:\/\/www.prioratenoturisme.com\/","logo":{"@type":"ImageObject","inLanguage":"es","@id":"https:\/\/www.prioratenoturisme.com\/#\/schema\/logo\/image\/","url":"https:\/\/www.prioratenoturisme.com\/wp-content\/uploads\/2023\/03\/cropped-FAVICON.png","contentUrl":"https:\/\/www.prioratenoturisme.com\/wp-content\/uploads\/2023\/03\/cropped-FAVICON.png","width":512,"height":512,"caption":"Priorat Enoturisme"},"image":{"@id":"https:\/\/www.prioratenoturisme.com\/#\/schema\/logo\/image\/"},"sameAs":["https:\/\/www.facebook.com\/prioratenoturisme\/","https:\/\/www.instagram.com\/prioratenoturisme\/"]},{"@type":"Person","@id":"https:\/\/www.prioratenoturisme.com\/#\/schema\/person\/21cb071ed0505ebc2f5e911eca6dccf7","name":"Priorat Enoturisme","image":{"@type":"ImageObject","inLanguage":"es","@id":"https:\/\/www.prioratenoturisme.com\/#\/schema\/person\/image\/","url":"https:\/\/secure.gravatar.com\/avatar\/18e124132141ce8f3b812fb2b92f98d9180a5b7a1f465cb453ca291f504ea831?s=96&d=mm&r=g","contentUrl":"https:\/\/secure.gravatar.com\/avatar\/18e124132141ce8f3b812fb2b92f98d9180a5b7a1f465cb453ca291f504ea831?s=96&d=mm&r=g","caption":"Priorat Enoturisme"},"url":"https:\/\/www.prioratenoturisme.com\/es\/author\/prioratenoturisme_gestio\/"}]}},"_links":{"self":[{"href":"https:\/\/www.prioratenoturisme.com\/es\/wp-json\/wp\/v2\/posts\/25262","targetHints":{"allow":["GET"]}}],"collection":[{"href":"https:\/\/www.prioratenoturisme.com\/es\/wp-json\/wp\/v2\/posts"}],"about":[{"href":"https:\/\/www.prioratenoturisme.com\/es\/wp-json\/wp\/v2\/types\/post"}],"author":[{"embeddable":true,"href":"https:\/\/www.prioratenoturisme.com\/es\/wp-json\/wp\/v2\/users\/2"}],"replies":[{"embeddable":true,"href":"https:\/\/www.prioratenoturisme.com\/es\/wp-json\/wp\/v2\/comments?post=25262"}],"version-history":[{"count":0,"href":"https:\/\/www.prioratenoturisme.com\/es\/wp-json\/wp\/v2\/posts\/25262\/revisions"}],"wp:featuredmedia":[{"embeddable":true,"href":"https:\/\/www.prioratenoturisme.com\/es\/wp-json\/wp\/v2\/media\/23150"}],"wp:attachment":[{"href":"https:\/\/www.prioratenoturisme.com\/es\/wp-json\/wp\/v2\/media?parent=25262"}],"wp:term":[{"taxonomy":"category","embeddable":true,"href":"https:\/\/www.prioratenoturisme.com\/es\/wp-json\/wp\/v2\/categories?post=25262"},{"taxonomy":"post_tag","embeddable":true,"href":"https:\/\/www.prioratenoturisme.com\/es\/wp-json\/wp\/v2\/tags?post=25262"}],"curies":[{"name":"wp","href":"https:\/\/api.w.org\/{rel}","templated":true}]}}