{"id":25264,"date":"2015-10-29T00:00:00","date_gmt":"2015-10-28T23:00:00","guid":{"rendered":"https:\/\/www.prioratenoturisme.com\/sostenibilitat-model-priorat\/"},"modified":"2015-10-29T00:00:00","modified_gmt":"2015-10-28T23:00:00","slug":"sostenibilitat-model-priorat","status":"publish","type":"post","link":"https:\/\/www.prioratenoturisme.com\/es\/sostenibilitat-model-priorat\/","title":{"rendered":"La sostenibilidad, el modelo para el Priorat"},"content":{"rendered":"<div class=\"traductor-textarea form-group\">\n<div class=\"textarea-desti col-xs-12 col-sm-6\">\n<div class=\"form-control second-textarea\">El 27 de octubre se celebr\u00f3 la jornada t\u00e9cnica &#8216;La sostenibilidad, el modelo para el Priorat&#8217;. Durante el 2015, Priorat Enoturisme ha trabajando junto con otros agentes p\u00fablicos y privados de la comarca para redactar la candidatura de la Carta Europea de Turismo Sostenible del Priorat (CETS).<\/div>\n<div class=\"form-control second-textarea\"><\/div>\n<div class=\"form-control second-textarea\">Este proceso es impulsado desde el Parque Natural de Montsant y cuenta con la participaci\u00f3n del Parque Cient\u00edfico y Tecnol\u00f3gico de Turismo y Ocio de Catalu\u00f1a para definir el modelo tur\u00edstico del Priorat. El turismo es un verdadero motor econ\u00f3mico de la comarca que complementa las econom\u00edas locales. La CETS es una oportunidad para estructurar un modelo tur\u00edstico propio que tenga presente las singularidades de la comarca y el respeto hacia el medio ambiente, natura, patrimonio y cultura prioratina.<\/div>\n<div class=\"form-control second-textarea\"><\/div>\n<div class=\"form-control second-textarea\">Xavier Cazorla, consultor en ecoturismo y secretario t\u00e9cnico del Pla NaturCAT2020, expuso que el sector natural es uno de los sectores que genera un impacto m\u00e1s importante a nivel econ\u00f3mico. Catalu\u00f1a es natura, por lo tanto, hay que fortalecer un sector en consolidaci\u00f3n que complemente el turismo rural, el enoturismo, el oleoturismo y el ecoturismo y que se desarrolle con las funciones de conservaci\u00f3n, conocimiento, identidad y econom\u00eda local.<\/div>\n<div class=\"form-control second-textarea\"><\/div>\n<div class=\"form-control second-textarea\">Jaume Salvat del Parque Cient\u00edfico y Tecnol\u00f3gico de Catalu\u00f1a indic\u00f3 los diez principios y las estrategias en que se mueve la CETS y aport\u00f3 la reflexi\u00f3n de que el Priorat \u00abtiene que ser fiel a las cuestiones y productos propios del territorio y ponerlos en valor\u00bb.<\/div>\n<div class=\"form-control second-textarea\"><\/div>\n<div class=\"form-control second-textarea\">Por otro lado, Joan Vaqu\u00e9 de Prioridat explic\u00f3 el papel del turismo en el plan de gesti\u00f3n de la candidatura UNESCO. A continuaci\u00f3n, los asistentes pudieron conocer de primera mano experiencias pr\u00e1cticas de entidades y empresas ya acreditadas en otros espacios naturales. C\u00f3mo es el caso del desarrollo del turismo sostenible a Turismo Garrotxa y el Hotel La Perla de Olot y EDUCA Viladrau, que demostraban las ventajas que puede aportar la CETS.<\/div>\n<div class=\"form-control second-textarea\"><\/div>\n<div class=\"form-control second-textarea\">Para finalizar, Neus Mir\u00f3, coordinadora del Parque Natural de Montsant, cerr\u00f3 el acto con la consideraci\u00f3n de que la estrategia del Priorat a la Carta Europea de Turismo Sostenible es basada en CO6, es decir, en cooperar, compartir, conversar, confianza, compromiso y comunicar.<\/div>\n<\/div>\n<\/div>\n<div class=\"traductor-checkbox form-group\">\n<div class=\"row\">\n<div class=\"col-sm-2\"><label class=\"checkbox-inline\"> <a id=\"traductor-neteja\"><\/a>Neteja <\/label><\/div>\n<div class=\"col-sm-5\"><label class=\"checkbox-inline\"> <input id=\"mark_unknown\" type=\"checkbox\" \/> Ressalta les paraules desconegudes <\/label><\/div>\n<div class=\"col-sm-5\"><label id=\"formes_valencianes_label\" class=\"checkbox-inline\"> <input id=\"formes_valencianes\" type=\"checkbox\" \/><\/label><\/div>\n<\/div>\n<\/div>\n","protected":false},"excerpt":{"rendered":"<p>El 27 de octubre se celebr\u00f3 la jornada t\u00e9cnica &#8216;La sostenibilidad, el modelo para el Priorat&#8217;. Durante el 2015, Priorat Enoturisme ha trabajando junto con otros agentes p\u00fablicos y privados de la comarca para redactar la candidatura de la Carta Europea de Turismo Sostenible del Priorat (CETS). Este proceso es impulsado desde el Parque Natural [&hellip;]<\/p>\n","protected":false},"author":3,"featured_media":23250,"comment_status":"open","ping_status":"open","sticky":false,"template":"","format":"standard","meta":{"_acf_changed":false,"_et_pb_use_builder":"","_et_pb_old_content":"","_et_gb_content_width":"","footnotes":""},"categories":[7],"tags":[],"class_list":["post-25264","post","type-post","status-publish","format-standard","has-post-thumbnail","hentry","category-sin-categorizar"],"acf":[],"yoast_head":"<!-- This site is optimized with the Yoast SEO plugin v25.6 - https:\/\/yoast.com\/wordpress\/plugins\/seo\/ -->\n<title>La sostenibilidad, el modelo para el Priorat - Priorat Enoturisme<\/title>\n<meta name=\"description\" content=\"El 27 de octubre se celebr\u00f3 la jornada t\u00e9cnica &#039;La sostenibilidad, el modelo para el Priorat&#039;. Durante el 2015, Priorat Enoturisme ha trabajando junto...\" \/>\n<meta name=\"robots\" content=\"index, follow, max-snippet:-1, max-image-preview:large, max-video-preview:-1\" \/>\n<link rel=\"canonical\" href=\"https:\/\/www.prioratenoturisme.com\/es\/sostenibilitat-model-priorat\/\" \/>\n<meta property=\"og:locale\" content=\"es_ES\" \/>\n<meta property=\"og:type\" content=\"article\" \/>\n<meta property=\"og:title\" content=\"La sostenibilidad, el modelo para el Priorat - Priorat Enoturisme\" \/>\n<meta property=\"og:description\" content=\"El 27 de octubre se celebr\u00f3 la jornada t\u00e9cnica &#039;La sostenibilidad, el modelo para el Priorat&#039;. Durante el 2015, Priorat Enoturisme ha trabajando junto...\" \/>\n<meta property=\"og:url\" content=\"https:\/\/www.prioratenoturisme.com\/es\/sostenibilitat-model-priorat\/\" \/>\n<meta property=\"og:site_name\" content=\"Priorat Enoturisme\" \/>\n<meta property=\"article:publisher\" content=\"https:\/\/www.facebook.com\/prioratenoturisme\/\" \/>\n<meta property=\"article:published_time\" content=\"2015-10-28T23:00:00+00:00\" \/>\n<meta property=\"og:image\" content=\"https:\/\/www.prioratenoturisme.com\/wp-content\/uploads\/b9125f24-b012-488f-8c0b-1ce924410d84.jpg.png\" \/>\n\t<meta property=\"og:image:width\" content=\"940\" \/>\n\t<meta property=\"og:image:height\" content=\"540\" \/>\n\t<meta property=\"og:image:type\" content=\"image\/png\" \/>\n<meta name=\"author\" content=\"Carl\" \/>\n<meta name=\"twitter:card\" content=\"summary_large_image\" \/>\n<meta name=\"twitter:label1\" content=\"Escrito por\" \/>\n\t<meta name=\"twitter:data1\" content=\"Carl\" \/>\n\t<meta name=\"twitter:label2\" content=\"Tiempo de lectura\" \/>\n\t<meta name=\"twitter:data2\" content=\"2 minutos\" \/>\n<script type=\"application\/ld+json\" class=\"yoast-schema-graph\">{\"@context\":\"https:\/\/schema.org\",\"@graph\":[{\"@type\":\"Article\",\"@id\":\"https:\/\/www.prioratenoturisme.com\/es\/sostenibilitat-model-priorat\/#article\",\"isPartOf\":{\"@id\":\"https:\/\/www.prioratenoturisme.com\/es\/sostenibilitat-model-priorat\/\"},\"author\":{\"name\":\"Carl\",\"@id\":\"https:\/\/www.prioratenoturisme.com\/#\/schema\/person\/ac06549b4da3bd34588e62fff2493010\"},\"headline\":\"La sostenibilidad, el modelo para el Priorat\",\"datePublished\":\"2015-10-28T23:00:00+00:00\",\"mainEntityOfPage\":{\"@id\":\"https:\/\/www.prioratenoturisme.com\/es\/sostenibilitat-model-priorat\/\"},\"wordCount\":393,\"commentCount\":0,\"publisher\":{\"@id\":\"https:\/\/www.prioratenoturisme.com\/#organization\"},\"image\":{\"@id\":\"https:\/\/www.prioratenoturisme.com\/es\/sostenibilitat-model-priorat\/#primaryimage\"},\"thumbnailUrl\":\"https:\/\/www.prioratenoturisme.com\/wp-content\/uploads\/b9125f24-b012-488f-8c0b-1ce924410d84.jpg.png\",\"articleSection\":[\"Sin categorizar\"],\"inLanguage\":\"es\",\"potentialAction\":[{\"@type\":\"CommentAction\",\"name\":\"Comment\",\"target\":[\"https:\/\/www.prioratenoturisme.com\/es\/sostenibilitat-model-priorat\/#respond\"]}]},{\"@type\":\"WebPage\",\"@id\":\"https:\/\/www.prioratenoturisme.com\/es\/sostenibilitat-model-priorat\/\",\"url\":\"https:\/\/www.prioratenoturisme.com\/es\/sostenibilitat-model-priorat\/\",\"name\":\"La sostenibilidad, el modelo para el Priorat - Priorat Enoturisme\",\"isPartOf\":{\"@id\":\"https:\/\/www.prioratenoturisme.com\/#website\"},\"primaryImageOfPage\":{\"@id\":\"https:\/\/www.prioratenoturisme.com\/es\/sostenibilitat-model-priorat\/#primaryimage\"},\"image\":{\"@id\":\"https:\/\/www.prioratenoturisme.com\/es\/sostenibilitat-model-priorat\/#primaryimage\"},\"thumbnailUrl\":\"https:\/\/www.prioratenoturisme.com\/wp-content\/uploads\/b9125f24-b012-488f-8c0b-1ce924410d84.jpg.png\",\"datePublished\":\"2015-10-28T23:00:00+00:00\",\"description\":\"El 27 de octubre se celebr\u00f3 la jornada t\u00e9cnica 'La sostenibilidad, el modelo para el Priorat'. Durante el 2015, Priorat Enoturisme ha trabajando junto...\",\"breadcrumb\":{\"@id\":\"https:\/\/www.prioratenoturisme.com\/es\/sostenibilitat-model-priorat\/#breadcrumb\"},\"inLanguage\":\"es\",\"potentialAction\":[{\"@type\":\"ReadAction\",\"target\":[\"https:\/\/www.prioratenoturisme.com\/es\/sostenibilitat-model-priorat\/\"]}]},{\"@type\":\"ImageObject\",\"inLanguage\":\"es\",\"@id\":\"https:\/\/www.prioratenoturisme.com\/es\/sostenibilitat-model-priorat\/#primaryimage\",\"url\":\"https:\/\/www.prioratenoturisme.com\/wp-content\/uploads\/b9125f24-b012-488f-8c0b-1ce924410d84.jpg.png\",\"contentUrl\":\"https:\/\/www.prioratenoturisme.com\/wp-content\/uploads\/b9125f24-b012-488f-8c0b-1ce924410d84.jpg.png\",\"width\":940,\"height\":540},{\"@type\":\"BreadcrumbList\",\"@id\":\"https:\/\/www.prioratenoturisme.com\/es\/sostenibilitat-model-priorat\/#breadcrumb\",\"itemListElement\":[{\"@type\":\"ListItem\",\"position\":1,\"name\":\"Portada\",\"item\":\"https:\/\/www.prioratenoturisme.com\/es\/inicio-vive-el-priorat\/\"},{\"@type\":\"ListItem\",\"position\":2,\"name\":\"La sostenibilidad, el modelo para el Priorat\"}]},{\"@type\":\"WebSite\",\"@id\":\"https:\/\/www.prioratenoturisme.com\/#website\",\"url\":\"https:\/\/www.prioratenoturisme.com\/\",\"name\":\"Priorat Enoturisme\",\"description\":\"Viu el Priorat\",\"publisher\":{\"@id\":\"https:\/\/www.prioratenoturisme.com\/#organization\"},\"potentialAction\":[{\"@type\":\"SearchAction\",\"target\":{\"@type\":\"EntryPoint\",\"urlTemplate\":\"https:\/\/www.prioratenoturisme.com\/?s={search_term_string}\"},\"query-input\":{\"@type\":\"PropertyValueSpecification\",\"valueRequired\":true,\"valueName\":\"search_term_string\"}}],\"inLanguage\":\"es\"},{\"@type\":\"Organization\",\"@id\":\"https:\/\/www.prioratenoturisme.com\/#organization\",\"name\":\"Priorat Enoturisme\",\"url\":\"https:\/\/www.prioratenoturisme.com\/\",\"logo\":{\"@type\":\"ImageObject\",\"inLanguage\":\"es\",\"@id\":\"https:\/\/www.prioratenoturisme.com\/#\/schema\/logo\/image\/\",\"url\":\"https:\/\/www.prioratenoturisme.com\/wp-content\/uploads\/2023\/03\/cropped-FAVICON.png\",\"contentUrl\":\"https:\/\/www.prioratenoturisme.com\/wp-content\/uploads\/2023\/03\/cropped-FAVICON.png\",\"width\":512,\"height\":512,\"caption\":\"Priorat Enoturisme\"},\"image\":{\"@id\":\"https:\/\/www.prioratenoturisme.com\/#\/schema\/logo\/image\/\"},\"sameAs\":[\"https:\/\/www.facebook.com\/prioratenoturisme\/\",\"https:\/\/www.instagram.com\/prioratenoturisme\/\"]},{\"@type\":\"Person\",\"@id\":\"https:\/\/www.prioratenoturisme.com\/#\/schema\/person\/ac06549b4da3bd34588e62fff2493010\",\"name\":\"Carl\",\"image\":{\"@type\":\"ImageObject\",\"inLanguage\":\"es\",\"@id\":\"https:\/\/www.prioratenoturisme.com\/#\/schema\/person\/image\/\",\"url\":\"https:\/\/secure.gravatar.com\/avatar\/?s=96&d=mm&r=g\",\"contentUrl\":\"https:\/\/secure.gravatar.com\/avatar\/?s=96&d=mm&r=g\",\"caption\":\"Carl\"},\"url\":\"https:\/\/www.prioratenoturisme.com\/es\/author\/carl\/\"}]}<\/script>\n<!-- \/ Yoast SEO plugin. -->","yoast_head_json":{"title":"La sostenibilidad, el modelo para el Priorat - Priorat Enoturisme","description":"El 27 de octubre se celebr\u00f3 la jornada t\u00e9cnica 'La sostenibilidad, el modelo para el Priorat'. Durante el 2015, Priorat Enoturisme ha trabajando junto...","robots":{"index":"index","follow":"follow","max-snippet":"max-snippet:-1","max-image-preview":"max-image-preview:large","max-video-preview":"max-video-preview:-1"},"canonical":"https:\/\/www.prioratenoturisme.com\/es\/sostenibilitat-model-priorat\/","og_locale":"es_ES","og_type":"article","og_title":"La sostenibilidad, el modelo para el Priorat - Priorat Enoturisme","og_description":"El 27 de octubre se celebr\u00f3 la jornada t\u00e9cnica 'La sostenibilidad, el modelo para el Priorat'. Durante el 2015, Priorat Enoturisme ha trabajando junto...","og_url":"https:\/\/www.prioratenoturisme.com\/es\/sostenibilitat-model-priorat\/","og_site_name":"Priorat Enoturisme","article_publisher":"https:\/\/www.facebook.com\/prioratenoturisme\/","article_published_time":"2015-10-28T23:00:00+00:00","og_image":[{"width":940,"height":540,"url":"https:\/\/www.prioratenoturisme.com\/wp-content\/uploads\/b9125f24-b012-488f-8c0b-1ce924410d84.jpg.png","type":"image\/png"}],"author":"Carl","twitter_card":"summary_large_image","twitter_misc":{"Escrito por":"Carl","Tiempo de lectura":"2 minutos"},"schema":{"@context":"https:\/\/schema.org","@graph":[{"@type":"Article","@id":"https:\/\/www.prioratenoturisme.com\/es\/sostenibilitat-model-priorat\/#article","isPartOf":{"@id":"https:\/\/www.prioratenoturisme.com\/es\/sostenibilitat-model-priorat\/"},"author":{"name":"Carl","@id":"https:\/\/www.prioratenoturisme.com\/#\/schema\/person\/ac06549b4da3bd34588e62fff2493010"},"headline":"La sostenibilidad, el modelo para el Priorat","datePublished":"2015-10-28T23:00:00+00:00","mainEntityOfPage":{"@id":"https:\/\/www.prioratenoturisme.com\/es\/sostenibilitat-model-priorat\/"},"wordCount":393,"commentCount":0,"publisher":{"@id":"https:\/\/www.prioratenoturisme.com\/#organization"},"image":{"@id":"https:\/\/www.prioratenoturisme.com\/es\/sostenibilitat-model-priorat\/#primaryimage"},"thumbnailUrl":"https:\/\/www.prioratenoturisme.com\/wp-content\/uploads\/b9125f24-b012-488f-8c0b-1ce924410d84.jpg.png","articleSection":["Sin categorizar"],"inLanguage":"es","potentialAction":[{"@type":"CommentAction","name":"Comment","target":["https:\/\/www.prioratenoturisme.com\/es\/sostenibilitat-model-priorat\/#respond"]}]},{"@type":"WebPage","@id":"https:\/\/www.prioratenoturisme.com\/es\/sostenibilitat-model-priorat\/","url":"https:\/\/www.prioratenoturisme.com\/es\/sostenibilitat-model-priorat\/","name":"La sostenibilidad, el modelo para el Priorat - Priorat Enoturisme","isPartOf":{"@id":"https:\/\/www.prioratenoturisme.com\/#website"},"primaryImageOfPage":{"@id":"https:\/\/www.prioratenoturisme.com\/es\/sostenibilitat-model-priorat\/#primaryimage"},"image":{"@id":"https:\/\/www.prioratenoturisme.com\/es\/sostenibilitat-model-priorat\/#primaryimage"},"thumbnailUrl":"https:\/\/www.prioratenoturisme.com\/wp-content\/uploads\/b9125f24-b012-488f-8c0b-1ce924410d84.jpg.png","datePublished":"2015-10-28T23:00:00+00:00","description":"El 27 de octubre se celebr\u00f3 la jornada t\u00e9cnica 'La sostenibilidad, el modelo para el Priorat'. Durante el 2015, Priorat Enoturisme ha trabajando junto...","breadcrumb":{"@id":"https:\/\/www.prioratenoturisme.com\/es\/sostenibilitat-model-priorat\/#breadcrumb"},"inLanguage":"es","potentialAction":[{"@type":"ReadAction","target":["https:\/\/www.prioratenoturisme.com\/es\/sostenibilitat-model-priorat\/"]}]},{"@type":"ImageObject","inLanguage":"es","@id":"https:\/\/www.prioratenoturisme.com\/es\/sostenibilitat-model-priorat\/#primaryimage","url":"https:\/\/www.prioratenoturisme.com\/wp-content\/uploads\/b9125f24-b012-488f-8c0b-1ce924410d84.jpg.png","contentUrl":"https:\/\/www.prioratenoturisme.com\/wp-content\/uploads\/b9125f24-b012-488f-8c0b-1ce924410d84.jpg.png","width":940,"height":540},{"@type":"BreadcrumbList","@id":"https:\/\/www.prioratenoturisme.com\/es\/sostenibilitat-model-priorat\/#breadcrumb","itemListElement":[{"@type":"ListItem","position":1,"name":"Portada","item":"https:\/\/www.prioratenoturisme.com\/es\/inicio-vive-el-priorat\/"},{"@type":"ListItem","position":2,"name":"La sostenibilidad, el modelo para el Priorat"}]},{"@type":"WebSite","@id":"https:\/\/www.prioratenoturisme.com\/#website","url":"https:\/\/www.prioratenoturisme.com\/","name":"Priorat Enoturisme","description":"Viu el Priorat","publisher":{"@id":"https:\/\/www.prioratenoturisme.com\/#organization"},"potentialAction":[{"@type":"SearchAction","target":{"@type":"EntryPoint","urlTemplate":"https:\/\/www.prioratenoturisme.com\/?s={search_term_string}"},"query-input":{"@type":"PropertyValueSpecification","valueRequired":true,"valueName":"search_term_string"}}],"inLanguage":"es"},{"@type":"Organization","@id":"https:\/\/www.prioratenoturisme.com\/#organization","name":"Priorat Enoturisme","url":"https:\/\/www.prioratenoturisme.com\/","logo":{"@type":"ImageObject","inLanguage":"es","@id":"https:\/\/www.prioratenoturisme.com\/#\/schema\/logo\/image\/","url":"https:\/\/www.prioratenoturisme.com\/wp-content\/uploads\/2023\/03\/cropped-FAVICON.png","contentUrl":"https:\/\/www.prioratenoturisme.com\/wp-content\/uploads\/2023\/03\/cropped-FAVICON.png","width":512,"height":512,"caption":"Priorat Enoturisme"},"image":{"@id":"https:\/\/www.prioratenoturisme.com\/#\/schema\/logo\/image\/"},"sameAs":["https:\/\/www.facebook.com\/prioratenoturisme\/","https:\/\/www.instagram.com\/prioratenoturisme\/"]},{"@type":"Person","@id":"https:\/\/www.prioratenoturisme.com\/#\/schema\/person\/ac06549b4da3bd34588e62fff2493010","name":"Carl","image":{"@type":"ImageObject","inLanguage":"es","@id":"https:\/\/www.prioratenoturisme.com\/#\/schema\/person\/image\/","url":"https:\/\/secure.gravatar.com\/avatar\/?s=96&d=mm&r=g","contentUrl":"https:\/\/secure.gravatar.com\/avatar\/?s=96&d=mm&r=g","caption":"Carl"},"url":"https:\/\/www.prioratenoturisme.com\/es\/author\/carl\/"}]}},"_links":{"self":[{"href":"https:\/\/www.prioratenoturisme.com\/es\/wp-json\/wp\/v2\/posts\/25264","targetHints":{"allow":["GET"]}}],"collection":[{"href":"https:\/\/www.prioratenoturisme.com\/es\/wp-json\/wp\/v2\/posts"}],"about":[{"href":"https:\/\/www.prioratenoturisme.com\/es\/wp-json\/wp\/v2\/types\/post"}],"author":[{"embeddable":true,"href":"https:\/\/www.prioratenoturisme.com\/es\/wp-json\/wp\/v2\/users\/3"}],"replies":[{"embeddable":true,"href":"https:\/\/www.prioratenoturisme.com\/es\/wp-json\/wp\/v2\/comments?post=25264"}],"version-history":[{"count":0,"href":"https:\/\/www.prioratenoturisme.com\/es\/wp-json\/wp\/v2\/posts\/25264\/revisions"}],"wp:featuredmedia":[{"embeddable":true,"href":"https:\/\/www.prioratenoturisme.com\/es\/wp-json\/wp\/v2\/media\/23250"}],"wp:attachment":[{"href":"https:\/\/www.prioratenoturisme.com\/es\/wp-json\/wp\/v2\/media?parent=25264"}],"wp:term":[{"taxonomy":"category","embeddable":true,"href":"https:\/\/www.prioratenoturisme.com\/es\/wp-json\/wp\/v2\/categories?post=25264"},{"taxonomy":"post_tag","embeddable":true,"href":"https:\/\/www.prioratenoturisme.com\/es\/wp-json\/wp\/v2\/tags?post=25264"}],"curies":[{"name":"wp","href":"https:\/\/api.w.org\/{rel}","templated":true}]}}