{"id":25266,"date":"2016-01-27T00:00:00","date_gmt":"2016-01-26T23:00:00","guid":{"rendered":"https:\/\/www.prioratenoturisme.com\/pasado-judio-falset-recuperacion-historica-y-cultural\/"},"modified":"2016-01-27T00:00:00","modified_gmt":"2016-01-26T23:00:00","slug":"pasado-judio-falset-recuperacion-historica-y-cultural","status":"publish","type":"post","link":"https:\/\/www.prioratenoturisme.com\/es\/pasado-judio-falset-recuperacion-historica-y-cultural\/","title":{"rendered":"El pasado jud\u00edo de Falset: recuperaci\u00f3n hist\u00f3rica y cultural"},"content":{"rendered":"<div class=\"field field-name-body field-type-text-with-summary field-label-hidden\">\n<div class=\"field-items\">\n<div class=\"field-item even\">\n<p><strong>La visita teatralitzada por el barrio jud\u00edo es una de las actividades de divulgaci\u00f3n m\u00e1s destacadas<\/strong><\/p>\n<p>Recuperar el pasado jud\u00edo de Falset para poner en valor la riqueza hist\u00f3rica y cultural. Este es el objetivo y uno de los motivos de trabajo de una Comisi\u00f3n que engloba la Asociaci\u00f3n de Vecinos y Amigos de Falset, el Ayuntamiento de Falset, el Archivo Comarcal, el Centro de Estudios de Falset y empresas vinculadas con el turismo. Investigar, descubrir y divulgar el legado cultural de un pasado que enriquece el presente.<br \/>\nActualmente, al segundo s\u00e1bado de cada mes se organiza una visita teatralitzada de la mano de La Jud\u00eda de Tortosa que recorre las diferentes calles del barrio jud\u00edo para evocar un pasado hist\u00f3rico de una manera especial. \u201cA trav\u00e9s de la visita guiada se est\u00e1 actuando en un \u00e1mbito de promoci\u00f3n, pero a la vez tambi\u00e9n se quiere dar valor a este pasado. Por eso, el Ayuntamiento y la URV est\u00e1n trabajando para firmar un convenio de colaboraci\u00f3n porque a trav\u00e9s de la Facultad de Arqueolog\u00eda se pueda documentar las partes del barrio jud\u00edo\u201d explica Enric Calvo, miembro de la Comisi\u00f3n y propietario de los apartamentos tur\u00edsticos La Escoleta, situados en medio del barrio jud\u00edo.<\/p>\n<div class=\"traductor-textarea form-group\">\n<div class=\"textarea-desti col-xs-12 col-sm-6\">\n<div class=\"form-control second-textarea\">\n<p>En esta l\u00ednea, \u201cse est\u00e1 trabajando para tener un espacio de interpretaci\u00f3n permanente de promoci\u00f3n y profundizar en este trabajo de documentaci\u00f3n e investigaci\u00f3n que se est\u00e1 desarrollando\u201d, a\u00f1ade Enric. Las actividades de promoci\u00f3n tur\u00edstica se dirigen a \u201cun p\u00fablico general, que tiene inter\u00e9s por la comarca y por los valores culturales del Priorat\u201d.<\/p>\n<p>Con las visitas se quiere potenciar la recuperaci\u00f3n de un episodio hist\u00f3rico de Falset, investigar cu\u00e1l es esta riqueza cultural y tener un elemento m\u00e1s de dinamizaci\u00f3n de la comarca desde un punto de vista cultural e hist\u00f3rico.<\/p>\n<\/div>\n<\/div>\n<\/div>\n<p><strong>La Escoleta, un apartamento tur\u00edstico situado en medio del barrio jud\u00edo<\/strong><\/p>\n<p>El apartamento tur\u00edstico La Escoleta de Baronia es un edificio situado a una de las calles que forman parte del barrio jud\u00edo de Falset, conocido popularmente como la calle de la Escoleta. Todo indica que durante la Edad Media, en los siglos XIV y XV, este edificio albergaba dependencias o formaba parte del que pod\u00eda ser la sinagoga de Falset. \u201cCuando hicimos las obras de rehabilitaci\u00f3n es cuando se puso en manifiesto que este edificio ten\u00eda una singularidad hist\u00f3rica\u201d explica Enric Calvo, propietario del apartamento y actual presidente de Priorat Enoturisme.<\/p>\n<\/div>\n<div class=\"field-item even\">Las obras de rehabilitaci\u00f3n fueron previas a la decisi\u00f3n de convertir la casa en apartamentos tur\u00edsticos. \u201cEra una casa que estaba en muy mal estado y la rehabilitaci\u00f3n ten\u00eda que ser integral. La escalera se tuvo que hacer toda nueva, pero se ha conservado el m\u00e1ximo de la estructura para poder mantener el sentido de la casa\u201d explica Enric Calvo.La casa acoge seis apartamentos, cada uno con una ambientaci\u00f3n diferente, y un espacio central o entrada que consta de una gran sala, situada a la parte m\u00e1s vinculada al pasado jud\u00edo. \u201cTambi\u00e9n hay una sala m\u00e1s peque\u00f1a que es la antigua bodega, donde estamos trabajando porque pueda tener una multi funcionalidad para hacer catas, comidas, charlas o reuniones\u201d explica el propietario.<\/p>\n<p>\u201cLa decoraci\u00f3n es la \u00faltima fase que estamos abordando. Cada apartamento tiene una ambientaci\u00f3n particular, donde hemos aprovechado puertas y ventanas antiguas como elementos de decoraci\u00f3n. Adem\u00e1s, cada uno estar\u00e1 dedicado a un personaje femenino determinado. \u201cFiguras femeninas que han sido importantes en la comarca, pero que quiz\u00e1s no han tenido la misma relevancia que otros personajes hist\u00f3ricos. Por ejemplo, uno de los apartamentos estar\u00e1 dedicado a la Reina Mora\u201d explica Enric Calvo. La escalera tambi\u00e9n tendr\u00e1 una ambientaci\u00f3n particular, \u201cb\u00e1sicamente reflejar\u00e1 diferentes oficios artesanales a trav\u00e9s de peque\u00f1os espacios que recrear\u00e1n oficios con herramientas, enseres y explicaciones. El objetivo es \u201cconservar todo el que podamos sin renunciar a la comodidad de la modernidad\u201d a\u00f1ade Enric Calvo. Un espacio para disfrutar de la tranquilidad y el confort, rodeados de paredes llenas de historia.<\/p>\n<\/div>\n<\/div>\n<\/div>\n","protected":false},"excerpt":{"rendered":"<p>La visita teatralitzada por el barrio jud\u00edo es una de las actividades de divulgaci\u00f3n m\u00e1s destacadas Recuperar el pasado jud\u00edo de Falset para poner en valor la riqueza hist\u00f3rica y cultural. Este es el objetivo y uno de los motivos de trabajo de una Comisi\u00f3n que engloba la Asociaci\u00f3n de Vecinos y Amigos de Falset, [&hellip;]<\/p>\n","protected":false},"author":3,"featured_media":23200,"comment_status":"open","ping_status":"open","sticky":false,"template":"","format":"standard","meta":{"_acf_changed":false,"_et_pb_use_builder":"","_et_pb_old_content":"","_et_gb_content_width":"","footnotes":""},"categories":[7],"tags":[],"class_list":["post-25266","post","type-post","status-publish","format-standard","has-post-thumbnail","hentry","category-sin-categorizar"],"acf":[],"yoast_head":"<!-- This site is optimized with the Yoast SEO plugin v25.6 - https:\/\/yoast.com\/wordpress\/plugins\/seo\/ -->\n<title>El pasado jud\u00edo de Falset: recuperaci\u00f3n hist\u00f3rica y cultural<\/title>\n<meta name=\"description\" content=\"La visita teatralitzada por el barrio jud\u00edo es una de las actividades de divulgaci\u00f3n m\u00e1s destacadas. Recuperar el pasado jud\u00edo de Falset...\" \/>\n<meta name=\"robots\" content=\"index, follow, max-snippet:-1, max-image-preview:large, max-video-preview:-1\" \/>\n<link rel=\"canonical\" href=\"https:\/\/www.prioratenoturisme.com\/es\/pasado-judio-falset-recuperacion-historica-y-cultural\/\" \/>\n<meta property=\"og:locale\" content=\"es_ES\" \/>\n<meta property=\"og:type\" content=\"article\" \/>\n<meta property=\"og:title\" content=\"El pasado jud\u00edo de Falset: recuperaci\u00f3n hist\u00f3rica y cultural\" \/>\n<meta property=\"og:description\" content=\"La visita teatralitzada por el barrio jud\u00edo es una de las actividades de divulgaci\u00f3n m\u00e1s destacadas. Recuperar el pasado jud\u00edo de Falset...\" \/>\n<meta property=\"og:url\" content=\"https:\/\/www.prioratenoturisme.com\/es\/pasado-judio-falset-recuperacion-historica-y-cultural\/\" \/>\n<meta property=\"og:site_name\" content=\"Priorat Enoturisme\" \/>\n<meta property=\"article:publisher\" content=\"https:\/\/www.facebook.com\/prioratenoturisme\/\" \/>\n<meta property=\"article:published_time\" content=\"2016-01-26T23:00:00+00:00\" \/>\n<meta property=\"og:image\" content=\"https:\/\/www.prioratenoturisme.com\/wp-content\/uploads\/el-passat-jueu-de-falset-recuperacio-historica-i-cultural.jpg\" \/>\n\t<meta property=\"og:image:width\" content=\"1000\" \/>\n\t<meta property=\"og:image:height\" content=\"752\" \/>\n\t<meta property=\"og:image:type\" content=\"image\/jpeg\" \/>\n<meta name=\"author\" content=\"Carl\" \/>\n<meta name=\"twitter:card\" content=\"summary_large_image\" \/>\n<meta name=\"twitter:label1\" content=\"Escrito por\" \/>\n\t<meta name=\"twitter:data1\" content=\"Carl\" \/>\n\t<meta name=\"twitter:label2\" content=\"Tiempo de lectura\" \/>\n\t<meta name=\"twitter:data2\" content=\"4 minutos\" \/>\n<script type=\"application\/ld+json\" class=\"yoast-schema-graph\">{\"@context\":\"https:\/\/schema.org\",\"@graph\":[{\"@type\":\"Article\",\"@id\":\"https:\/\/www.prioratenoturisme.com\/es\/pasado-judio-falset-recuperacion-historica-y-cultural\/#article\",\"isPartOf\":{\"@id\":\"https:\/\/www.prioratenoturisme.com\/es\/pasado-judio-falset-recuperacion-historica-y-cultural\/\"},\"author\":{\"name\":\"Carl\",\"@id\":\"https:\/\/www.prioratenoturisme.com\/#\/schema\/person\/ac06549b4da3bd34588e62fff2493010\"},\"headline\":\"El pasado jud\u00edo de Falset: recuperaci\u00f3n hist\u00f3rica y cultural\",\"datePublished\":\"2016-01-26T23:00:00+00:00\",\"mainEntityOfPage\":{\"@id\":\"https:\/\/www.prioratenoturisme.com\/es\/pasado-judio-falset-recuperacion-historica-y-cultural\/\"},\"wordCount\":735,\"commentCount\":0,\"publisher\":{\"@id\":\"https:\/\/www.prioratenoturisme.com\/#organization\"},\"image\":{\"@id\":\"https:\/\/www.prioratenoturisme.com\/es\/pasado-judio-falset-recuperacion-historica-y-cultural\/#primaryimage\"},\"thumbnailUrl\":\"https:\/\/www.prioratenoturisme.com\/wp-content\/uploads\/el-passat-jueu-de-falset-recuperacio-historica-i-cultural.jpg\",\"articleSection\":[\"Sin categorizar\"],\"inLanguage\":\"es\",\"potentialAction\":[{\"@type\":\"CommentAction\",\"name\":\"Comment\",\"target\":[\"https:\/\/www.prioratenoturisme.com\/es\/pasado-judio-falset-recuperacion-historica-y-cultural\/#respond\"]}]},{\"@type\":\"WebPage\",\"@id\":\"https:\/\/www.prioratenoturisme.com\/es\/pasado-judio-falset-recuperacion-historica-y-cultural\/\",\"url\":\"https:\/\/www.prioratenoturisme.com\/es\/pasado-judio-falset-recuperacion-historica-y-cultural\/\",\"name\":\"El pasado jud\u00edo de Falset: recuperaci\u00f3n hist\u00f3rica y cultural\",\"isPartOf\":{\"@id\":\"https:\/\/www.prioratenoturisme.com\/#website\"},\"primaryImageOfPage\":{\"@id\":\"https:\/\/www.prioratenoturisme.com\/es\/pasado-judio-falset-recuperacion-historica-y-cultural\/#primaryimage\"},\"image\":{\"@id\":\"https:\/\/www.prioratenoturisme.com\/es\/pasado-judio-falset-recuperacion-historica-y-cultural\/#primaryimage\"},\"thumbnailUrl\":\"https:\/\/www.prioratenoturisme.com\/wp-content\/uploads\/el-passat-jueu-de-falset-recuperacio-historica-i-cultural.jpg\",\"datePublished\":\"2016-01-26T23:00:00+00:00\",\"description\":\"La visita teatralitzada por el barrio jud\u00edo es una de las actividades de divulgaci\u00f3n m\u00e1s destacadas. Recuperar el pasado jud\u00edo de Falset...\",\"breadcrumb\":{\"@id\":\"https:\/\/www.prioratenoturisme.com\/es\/pasado-judio-falset-recuperacion-historica-y-cultural\/#breadcrumb\"},\"inLanguage\":\"es\",\"potentialAction\":[{\"@type\":\"ReadAction\",\"target\":[\"https:\/\/www.prioratenoturisme.com\/es\/pasado-judio-falset-recuperacion-historica-y-cultural\/\"]}]},{\"@type\":\"ImageObject\",\"inLanguage\":\"es\",\"@id\":\"https:\/\/www.prioratenoturisme.com\/es\/pasado-judio-falset-recuperacion-historica-y-cultural\/#primaryimage\",\"url\":\"https:\/\/www.prioratenoturisme.com\/wp-content\/uploads\/el-passat-jueu-de-falset-recuperacio-historica-i-cultural.jpg\",\"contentUrl\":\"https:\/\/www.prioratenoturisme.com\/wp-content\/uploads\/el-passat-jueu-de-falset-recuperacio-historica-i-cultural.jpg\",\"width\":1000,\"height\":752,\"caption\":\"jueva de Tortosa\"},{\"@type\":\"BreadcrumbList\",\"@id\":\"https:\/\/www.prioratenoturisme.com\/es\/pasado-judio-falset-recuperacion-historica-y-cultural\/#breadcrumb\",\"itemListElement\":[{\"@type\":\"ListItem\",\"position\":1,\"name\":\"Portada\",\"item\":\"https:\/\/www.prioratenoturisme.com\/es\/inicio-vive-el-priorat\/\"},{\"@type\":\"ListItem\",\"position\":2,\"name\":\"El pasado jud\u00edo de Falset: recuperaci\u00f3n hist\u00f3rica y cultural\"}]},{\"@type\":\"WebSite\",\"@id\":\"https:\/\/www.prioratenoturisme.com\/#website\",\"url\":\"https:\/\/www.prioratenoturisme.com\/\",\"name\":\"Priorat Enoturisme\",\"description\":\"Viu el Priorat\",\"publisher\":{\"@id\":\"https:\/\/www.prioratenoturisme.com\/#organization\"},\"potentialAction\":[{\"@type\":\"SearchAction\",\"target\":{\"@type\":\"EntryPoint\",\"urlTemplate\":\"https:\/\/www.prioratenoturisme.com\/?s={search_term_string}\"},\"query-input\":{\"@type\":\"PropertyValueSpecification\",\"valueRequired\":true,\"valueName\":\"search_term_string\"}}],\"inLanguage\":\"es\"},{\"@type\":\"Organization\",\"@id\":\"https:\/\/www.prioratenoturisme.com\/#organization\",\"name\":\"Priorat Enoturisme\",\"url\":\"https:\/\/www.prioratenoturisme.com\/\",\"logo\":{\"@type\":\"ImageObject\",\"inLanguage\":\"es\",\"@id\":\"https:\/\/www.prioratenoturisme.com\/#\/schema\/logo\/image\/\",\"url\":\"https:\/\/www.prioratenoturisme.com\/wp-content\/uploads\/2023\/03\/cropped-FAVICON.png\",\"contentUrl\":\"https:\/\/www.prioratenoturisme.com\/wp-content\/uploads\/2023\/03\/cropped-FAVICON.png\",\"width\":512,\"height\":512,\"caption\":\"Priorat Enoturisme\"},\"image\":{\"@id\":\"https:\/\/www.prioratenoturisme.com\/#\/schema\/logo\/image\/\"},\"sameAs\":[\"https:\/\/www.facebook.com\/prioratenoturisme\/\",\"https:\/\/www.instagram.com\/prioratenoturisme\/\"]},{\"@type\":\"Person\",\"@id\":\"https:\/\/www.prioratenoturisme.com\/#\/schema\/person\/ac06549b4da3bd34588e62fff2493010\",\"name\":\"Carl\",\"image\":{\"@type\":\"ImageObject\",\"inLanguage\":\"es\",\"@id\":\"https:\/\/www.prioratenoturisme.com\/#\/schema\/person\/image\/\",\"url\":\"https:\/\/secure.gravatar.com\/avatar\/?s=96&d=mm&r=g\",\"contentUrl\":\"https:\/\/secure.gravatar.com\/avatar\/?s=96&d=mm&r=g\",\"caption\":\"Carl\"},\"url\":\"https:\/\/www.prioratenoturisme.com\/es\/author\/carl\/\"}]}<\/script>\n<!-- \/ Yoast SEO plugin. -->","yoast_head_json":{"title":"El pasado jud\u00edo de Falset: recuperaci\u00f3n hist\u00f3rica y cultural","description":"La visita teatralitzada por el barrio jud\u00edo es una de las actividades de divulgaci\u00f3n m\u00e1s destacadas. Recuperar el pasado jud\u00edo de Falset...","robots":{"index":"index","follow":"follow","max-snippet":"max-snippet:-1","max-image-preview":"max-image-preview:large","max-video-preview":"max-video-preview:-1"},"canonical":"https:\/\/www.prioratenoturisme.com\/es\/pasado-judio-falset-recuperacion-historica-y-cultural\/","og_locale":"es_ES","og_type":"article","og_title":"El pasado jud\u00edo de Falset: recuperaci\u00f3n hist\u00f3rica y cultural","og_description":"La visita teatralitzada por el barrio jud\u00edo es una de las actividades de divulgaci\u00f3n m\u00e1s destacadas. Recuperar el pasado jud\u00edo de Falset...","og_url":"https:\/\/www.prioratenoturisme.com\/es\/pasado-judio-falset-recuperacion-historica-y-cultural\/","og_site_name":"Priorat Enoturisme","article_publisher":"https:\/\/www.facebook.com\/prioratenoturisme\/","article_published_time":"2016-01-26T23:00:00+00:00","og_image":[{"width":1000,"height":752,"url":"https:\/\/www.prioratenoturisme.com\/wp-content\/uploads\/el-passat-jueu-de-falset-recuperacio-historica-i-cultural.jpg","type":"image\/jpeg"}],"author":"Carl","twitter_card":"summary_large_image","twitter_misc":{"Escrito por":"Carl","Tiempo de lectura":"4 minutos"},"schema":{"@context":"https:\/\/schema.org","@graph":[{"@type":"Article","@id":"https:\/\/www.prioratenoturisme.com\/es\/pasado-judio-falset-recuperacion-historica-y-cultural\/#article","isPartOf":{"@id":"https:\/\/www.prioratenoturisme.com\/es\/pasado-judio-falset-recuperacion-historica-y-cultural\/"},"author":{"name":"Carl","@id":"https:\/\/www.prioratenoturisme.com\/#\/schema\/person\/ac06549b4da3bd34588e62fff2493010"},"headline":"El pasado jud\u00edo de Falset: recuperaci\u00f3n hist\u00f3rica y cultural","datePublished":"2016-01-26T23:00:00+00:00","mainEntityOfPage":{"@id":"https:\/\/www.prioratenoturisme.com\/es\/pasado-judio-falset-recuperacion-historica-y-cultural\/"},"wordCount":735,"commentCount":0,"publisher":{"@id":"https:\/\/www.prioratenoturisme.com\/#organization"},"image":{"@id":"https:\/\/www.prioratenoturisme.com\/es\/pasado-judio-falset-recuperacion-historica-y-cultural\/#primaryimage"},"thumbnailUrl":"https:\/\/www.prioratenoturisme.com\/wp-content\/uploads\/el-passat-jueu-de-falset-recuperacio-historica-i-cultural.jpg","articleSection":["Sin categorizar"],"inLanguage":"es","potentialAction":[{"@type":"CommentAction","name":"Comment","target":["https:\/\/www.prioratenoturisme.com\/es\/pasado-judio-falset-recuperacion-historica-y-cultural\/#respond"]}]},{"@type":"WebPage","@id":"https:\/\/www.prioratenoturisme.com\/es\/pasado-judio-falset-recuperacion-historica-y-cultural\/","url":"https:\/\/www.prioratenoturisme.com\/es\/pasado-judio-falset-recuperacion-historica-y-cultural\/","name":"El pasado jud\u00edo de Falset: recuperaci\u00f3n hist\u00f3rica y cultural","isPartOf":{"@id":"https:\/\/www.prioratenoturisme.com\/#website"},"primaryImageOfPage":{"@id":"https:\/\/www.prioratenoturisme.com\/es\/pasado-judio-falset-recuperacion-historica-y-cultural\/#primaryimage"},"image":{"@id":"https:\/\/www.prioratenoturisme.com\/es\/pasado-judio-falset-recuperacion-historica-y-cultural\/#primaryimage"},"thumbnailUrl":"https:\/\/www.prioratenoturisme.com\/wp-content\/uploads\/el-passat-jueu-de-falset-recuperacio-historica-i-cultural.jpg","datePublished":"2016-01-26T23:00:00+00:00","description":"La visita teatralitzada por el barrio jud\u00edo es una de las actividades de divulgaci\u00f3n m\u00e1s destacadas. Recuperar el pasado jud\u00edo de Falset...","breadcrumb":{"@id":"https:\/\/www.prioratenoturisme.com\/es\/pasado-judio-falset-recuperacion-historica-y-cultural\/#breadcrumb"},"inLanguage":"es","potentialAction":[{"@type":"ReadAction","target":["https:\/\/www.prioratenoturisme.com\/es\/pasado-judio-falset-recuperacion-historica-y-cultural\/"]}]},{"@type":"ImageObject","inLanguage":"es","@id":"https:\/\/www.prioratenoturisme.com\/es\/pasado-judio-falset-recuperacion-historica-y-cultural\/#primaryimage","url":"https:\/\/www.prioratenoturisme.com\/wp-content\/uploads\/el-passat-jueu-de-falset-recuperacio-historica-i-cultural.jpg","contentUrl":"https:\/\/www.prioratenoturisme.com\/wp-content\/uploads\/el-passat-jueu-de-falset-recuperacio-historica-i-cultural.jpg","width":1000,"height":752,"caption":"jueva de Tortosa"},{"@type":"BreadcrumbList","@id":"https:\/\/www.prioratenoturisme.com\/es\/pasado-judio-falset-recuperacion-historica-y-cultural\/#breadcrumb","itemListElement":[{"@type":"ListItem","position":1,"name":"Portada","item":"https:\/\/www.prioratenoturisme.com\/es\/inicio-vive-el-priorat\/"},{"@type":"ListItem","position":2,"name":"El pasado jud\u00edo de Falset: recuperaci\u00f3n hist\u00f3rica y cultural"}]},{"@type":"WebSite","@id":"https:\/\/www.prioratenoturisme.com\/#website","url":"https:\/\/www.prioratenoturisme.com\/","name":"Priorat Enoturisme","description":"Viu el Priorat","publisher":{"@id":"https:\/\/www.prioratenoturisme.com\/#organization"},"potentialAction":[{"@type":"SearchAction","target":{"@type":"EntryPoint","urlTemplate":"https:\/\/www.prioratenoturisme.com\/?s={search_term_string}"},"query-input":{"@type":"PropertyValueSpecification","valueRequired":true,"valueName":"search_term_string"}}],"inLanguage":"es"},{"@type":"Organization","@id":"https:\/\/www.prioratenoturisme.com\/#organization","name":"Priorat Enoturisme","url":"https:\/\/www.prioratenoturisme.com\/","logo":{"@type":"ImageObject","inLanguage":"es","@id":"https:\/\/www.prioratenoturisme.com\/#\/schema\/logo\/image\/","url":"https:\/\/www.prioratenoturisme.com\/wp-content\/uploads\/2023\/03\/cropped-FAVICON.png","contentUrl":"https:\/\/www.prioratenoturisme.com\/wp-content\/uploads\/2023\/03\/cropped-FAVICON.png","width":512,"height":512,"caption":"Priorat Enoturisme"},"image":{"@id":"https:\/\/www.prioratenoturisme.com\/#\/schema\/logo\/image\/"},"sameAs":["https:\/\/www.facebook.com\/prioratenoturisme\/","https:\/\/www.instagram.com\/prioratenoturisme\/"]},{"@type":"Person","@id":"https:\/\/www.prioratenoturisme.com\/#\/schema\/person\/ac06549b4da3bd34588e62fff2493010","name":"Carl","image":{"@type":"ImageObject","inLanguage":"es","@id":"https:\/\/www.prioratenoturisme.com\/#\/schema\/person\/image\/","url":"https:\/\/secure.gravatar.com\/avatar\/?s=96&d=mm&r=g","contentUrl":"https:\/\/secure.gravatar.com\/avatar\/?s=96&d=mm&r=g","caption":"Carl"},"url":"https:\/\/www.prioratenoturisme.com\/es\/author\/carl\/"}]}},"_links":{"self":[{"href":"https:\/\/www.prioratenoturisme.com\/es\/wp-json\/wp\/v2\/posts\/25266","targetHints":{"allow":["GET"]}}],"collection":[{"href":"https:\/\/www.prioratenoturisme.com\/es\/wp-json\/wp\/v2\/posts"}],"about":[{"href":"https:\/\/www.prioratenoturisme.com\/es\/wp-json\/wp\/v2\/types\/post"}],"author":[{"embeddable":true,"href":"https:\/\/www.prioratenoturisme.com\/es\/wp-json\/wp\/v2\/users\/3"}],"replies":[{"embeddable":true,"href":"https:\/\/www.prioratenoturisme.com\/es\/wp-json\/wp\/v2\/comments?post=25266"}],"version-history":[{"count":0,"href":"https:\/\/www.prioratenoturisme.com\/es\/wp-json\/wp\/v2\/posts\/25266\/revisions"}],"wp:featuredmedia":[{"embeddable":true,"href":"https:\/\/www.prioratenoturisme.com\/es\/wp-json\/wp\/v2\/media\/23200"}],"wp:attachment":[{"href":"https:\/\/www.prioratenoturisme.com\/es\/wp-json\/wp\/v2\/media?parent=25266"}],"wp:term":[{"taxonomy":"category","embeddable":true,"href":"https:\/\/www.prioratenoturisme.com\/es\/wp-json\/wp\/v2\/categories?post=25266"},{"taxonomy":"post_tag","embeddable":true,"href":"https:\/\/www.prioratenoturisme.com\/es\/wp-json\/wp\/v2\/tags?post=25266"}],"curies":[{"name":"wp","href":"https:\/\/api.w.org\/{rel}","templated":true}]}}