{"id":25270,"date":"2016-02-28T00:00:00","date_gmt":"2016-02-27T23:00:00","guid":{"rendered":"https:\/\/www.prioratenoturisme.com\/mas-salin-alojamiento-rural-entorno-privilegiado\/"},"modified":"2016-02-28T00:00:00","modified_gmt":"2016-02-27T23:00:00","slug":"mas-salin-alojamiento-rural-entorno-privilegiado","status":"publish","type":"post","link":"https:\/\/www.prioratenoturisme.com\/es\/mas-salin-alojamiento-rural-entorno-privilegiado\/","title":{"rendered":"El Mas del Sal\u00edn, un alojamiento rural en un entorno privilegiado"},"content":{"rendered":"<p>Calma, silencio, tranquilidad y un trato familiar. Judit y Ramon llegaron al Mas del Sal\u00edn buscando un proyecto de vida diferente y lo encontraron en un lugar rodeado de natura y con unas vistas privilegiadas que convirtieron con su hogar. Desde abril del 2010 que la comparten con sus hu\u00e9spedes, ofreci\u00e9ndolos un trato cercano para hacerlos sentir como en casa. Su proyecto va dado de la mano de la ecolog\u00eda y el respeto por el entorno. Los olores, el silencio y el paisaje forman parte de la experiencia de alojarse a Mas del Sal\u00edn.<\/p>\n<p>En el a\u00f1o 2006, cuando encontraron el Mas, \u00abestaba muy derruido, pero enseguida vimos que este era el lugar que busc\u00e1bamos para hacer un cambio de vida y poner en marcha nuestro proyecto\u00bb explica Judit. Pasar de vivir en una ciudad como Reus a estar en pleno contacto con la natura, fue el primer paso. \u00abLa idea era tirar adelante el proyecto como un alojamiento rural, al mismo tiempo que ser\u00eda nuestro hogar, ofreciendo el servicio de alojamiento, almuerzos y cenas\u00bb.<\/p>\n<p>Desde el Mas del Sal\u00edn las vistas son privilegiadas, haciendo una mirada panor\u00e1mica se puede ver el Pantano de Siurana, la Sierra del Montsant, el pueblo de Siurana y las monta\u00f1as de Prades. \u00abEs un lugar que tiene muchas posibilidades para hacer muchas actividades cerca: en el \u00e1mbito enotur\u00edstico, cultural, deportivo\u2026 Desde visitar una bodega o un molino de aceite, a hacer una salida a la Cartuja de Scala Dei, hacer kayak al pantano de Siurana o escalar las rocas de Siurana, reconocidas mundialmente por los escaladores\u00bb explican Ramon y Judit.<\/p>\n<p>El silencio que se respira fue otro elemento cautivador. \u00abNos impresion\u00f3 la paz inmensa que hay, la tranquilidad\u00bb. Adem\u00e1s, por unos amantes de la monta\u00f1a, como Judit y Ramon, el hecho de encontrarse en medio de la natura era imprescindible. \u00abLas posibilidades de senderismo que tenemos alrededor son muy diversas y es un buen lugar para los forofos a la natura, al excursionismo y la monta\u00f1a en general\u00bb a\u00f1ade Judit.<\/p>\n<p>El Mas del Sal\u00edn tambi\u00e9n se reconstruy\u00f3 teniendo en cuenta el entorno. \u00abNo quer\u00edamos hacer ning\u00fan tipo de impacto ambiental y por eso reconstruimos el Mas, siguiendo unos criterios ecol\u00f3gicos desde el punto de vista del material, la orientaci\u00f3n, etc. El aislamiento de las paredes y el techo es de corcho, la pintura es ecol\u00f3gica y funcionamos con energ\u00edas renovables. Empezamos con placas solares, y actualmente, combinamos las placas con un molino de viento\u00bb explican Ramon y Judit.<\/p>\n<p>Los amantes del senderismo son el perfil tur\u00edstico principal. \u00abSobre todo nos viene gente que quieren desconectar, que necesitan descansar y estar en contacto con la natura\u00bb. La procedencia del turismo a los inicios era principalmente catal\u00e1n, pero actualmente tienen hu\u00e9spedes procedentes de diferentes pa\u00edses de todo el mundo: Suecia, Suiza, Noruega, Francia, Alemania, Estados Unidos, entre otros. \u00abNos gusta recibir la gente como si estuvieran en su casa, ofrecerlos un trato que se sientan c\u00f3modos, acogidos. El que m\u00e1s nos gusta es el intercambio que se produce, la tertulia\u00bb explican los propietarios. \u00abAdem\u00e1s, por quien no lo conocen, tambi\u00e9n nos gusta ense\u00f1ar nuestras costumbres: la aceitera, el porr\u00f3n, sorprenderlos con la comida tradicional casera. Los ofrecemos cocina tradicional catalana: desde una escudella o una tortilla\u00a0 a un pan con tomate o una escarola con romesco\u00bb explican Ramon y Judit.<\/p>\n<p>El Mas del Sal\u00edn cuenta con siete habitaciones (seis dobles y una triple) y se llega desde la carretera de Arbol\u00ed, cogiendo una desviaci\u00f3n, direcci\u00f3n a la Ermita de Sant Pau, por una pista que sale a mano izquierda. Se encuentra situado justo encima de El Halc\u00f3n, una zona de escalada muy preciada por los escaladores. El hecho que se encuentre a unos 850 metros de altitud y en medio del bosque, explica las vistas espectaculares que lo rodean. Pasear bajo la luz de la luna, hacer una copa de vino contemplando la puesta de sol o escuchar el silencio, son algunos de los privilegios que se esconden.<\/p>\n<p>&nbsp;<\/p>\n","protected":false},"excerpt":{"rendered":"<p>Calma, silencio, tranquilidad y un trato familiar. Judit y Ramon llegaron al Mas del Sal\u00edn buscando un proyecto de vida diferente y lo encontraron en un lugar rodeado de natura y con unas vistas privilegiadas que convirtieron con su hogar. Desde abril del 2010 que la comparten con sus hu\u00e9spedes, ofreci\u00e9ndolos un trato cercano para [&hellip;]<\/p>\n","protected":false},"author":3,"featured_media":23174,"comment_status":"open","ping_status":"open","sticky":false,"template":"","format":"standard","meta":{"_acf_changed":false,"_et_pb_use_builder":"","_et_pb_old_content":"","_et_gb_content_width":"","footnotes":""},"categories":[7],"tags":[],"class_list":["post-25270","post","type-post","status-publish","format-standard","has-post-thumbnail","hentry","category-sin-categorizar"],"acf":[],"yoast_head":"<!-- This site is optimized with the Yoast SEO plugin v25.6 - https:\/\/yoast.com\/wordpress\/plugins\/seo\/ -->\n<title>El Mas del Sal\u00edn, un alojamiento rural en un entorno privilegiado<\/title>\n<meta name=\"description\" content=\"Calma, silencio, tranquilidad y un trato familiar. Judit y Ramon llegaron al Mas del Sal\u00edn buscando un proyecto de vida diferente y lo encontraron...\" \/>\n<meta name=\"robots\" content=\"index, follow, max-snippet:-1, max-image-preview:large, max-video-preview:-1\" \/>\n<link rel=\"canonical\" href=\"https:\/\/www.prioratenoturisme.com\/es\/mas-salin-alojamiento-rural-entorno-privilegiado\/\" \/>\n<meta property=\"og:locale\" content=\"es_ES\" \/>\n<meta property=\"og:type\" content=\"article\" \/>\n<meta property=\"og:title\" content=\"El Mas del Sal\u00edn, un alojamiento rural en un entorno privilegiado\" \/>\n<meta property=\"og:description\" content=\"Calma, silencio, tranquilidad y un trato familiar. Judit y Ramon llegaron al Mas del Sal\u00edn buscando un proyecto de vida diferente y lo encontraron...\" \/>\n<meta property=\"og:url\" content=\"https:\/\/www.prioratenoturisme.com\/es\/mas-salin-alojamiento-rural-entorno-privilegiado\/\" \/>\n<meta property=\"og:site_name\" content=\"Priorat Enoturisme\" \/>\n<meta property=\"article:publisher\" content=\"https:\/\/www.facebook.com\/prioratenoturisme\/\" \/>\n<meta property=\"article:published_time\" content=\"2016-02-27T23:00:00+00:00\" \/>\n<meta property=\"og:image\" content=\"https:\/\/www.prioratenoturisme.com\/wp-content\/uploads\/ramon-i-judit.jpg\" \/>\n\t<meta property=\"og:image:width\" content=\"970\" \/>\n\t<meta property=\"og:image:height\" content=\"262\" \/>\n\t<meta property=\"og:image:type\" content=\"image\/jpeg\" \/>\n<meta name=\"author\" content=\"Carl\" \/>\n<meta name=\"twitter:card\" content=\"summary_large_image\" \/>\n<meta name=\"twitter:label1\" content=\"Escrito por\" \/>\n\t<meta name=\"twitter:data1\" content=\"Carl\" \/>\n\t<meta name=\"twitter:label2\" content=\"Tiempo de lectura\" \/>\n\t<meta name=\"twitter:data2\" content=\"3 minutos\" \/>\n<script type=\"application\/ld+json\" class=\"yoast-schema-graph\">{\"@context\":\"https:\/\/schema.org\",\"@graph\":[{\"@type\":\"Article\",\"@id\":\"https:\/\/www.prioratenoturisme.com\/es\/mas-salin-alojamiento-rural-entorno-privilegiado\/#article\",\"isPartOf\":{\"@id\":\"https:\/\/www.prioratenoturisme.com\/es\/mas-salin-alojamiento-rural-entorno-privilegiado\/\"},\"author\":{\"name\":\"Carl\",\"@id\":\"https:\/\/www.prioratenoturisme.com\/#\/schema\/person\/ac06549b4da3bd34588e62fff2493010\"},\"headline\":\"El Mas del Sal\u00edn, un alojamiento rural en un entorno privilegiado\",\"datePublished\":\"2016-02-27T23:00:00+00:00\",\"mainEntityOfPage\":{\"@id\":\"https:\/\/www.prioratenoturisme.com\/es\/mas-salin-alojamiento-rural-entorno-privilegiado\/\"},\"wordCount\":710,\"commentCount\":0,\"publisher\":{\"@id\":\"https:\/\/www.prioratenoturisme.com\/#organization\"},\"image\":{\"@id\":\"https:\/\/www.prioratenoturisme.com\/es\/mas-salin-alojamiento-rural-entorno-privilegiado\/#primaryimage\"},\"thumbnailUrl\":\"https:\/\/www.prioratenoturisme.com\/wp-content\/uploads\/ramon-i-judit.jpg\",\"articleSection\":[\"Sin categorizar\"],\"inLanguage\":\"es\",\"potentialAction\":[{\"@type\":\"CommentAction\",\"name\":\"Comment\",\"target\":[\"https:\/\/www.prioratenoturisme.com\/es\/mas-salin-alojamiento-rural-entorno-privilegiado\/#respond\"]}]},{\"@type\":\"WebPage\",\"@id\":\"https:\/\/www.prioratenoturisme.com\/es\/mas-salin-alojamiento-rural-entorno-privilegiado\/\",\"url\":\"https:\/\/www.prioratenoturisme.com\/es\/mas-salin-alojamiento-rural-entorno-privilegiado\/\",\"name\":\"El Mas del Sal\u00edn, un alojamiento rural en un entorno privilegiado\",\"isPartOf\":{\"@id\":\"https:\/\/www.prioratenoturisme.com\/#website\"},\"primaryImageOfPage\":{\"@id\":\"https:\/\/www.prioratenoturisme.com\/es\/mas-salin-alojamiento-rural-entorno-privilegiado\/#primaryimage\"},\"image\":{\"@id\":\"https:\/\/www.prioratenoturisme.com\/es\/mas-salin-alojamiento-rural-entorno-privilegiado\/#primaryimage\"},\"thumbnailUrl\":\"https:\/\/www.prioratenoturisme.com\/wp-content\/uploads\/ramon-i-judit.jpg\",\"datePublished\":\"2016-02-27T23:00:00+00:00\",\"description\":\"Calma, silencio, tranquilidad y un trato familiar. Judit y Ramon llegaron al Mas del Sal\u00edn buscando un proyecto de vida diferente y lo encontraron...\",\"breadcrumb\":{\"@id\":\"https:\/\/www.prioratenoturisme.com\/es\/mas-salin-alojamiento-rural-entorno-privilegiado\/#breadcrumb\"},\"inLanguage\":\"es\",\"potentialAction\":[{\"@type\":\"ReadAction\",\"target\":[\"https:\/\/www.prioratenoturisme.com\/es\/mas-salin-alojamiento-rural-entorno-privilegiado\/\"]}]},{\"@type\":\"ImageObject\",\"inLanguage\":\"es\",\"@id\":\"https:\/\/www.prioratenoturisme.com\/es\/mas-salin-alojamiento-rural-entorno-privilegiado\/#primaryimage\",\"url\":\"https:\/\/www.prioratenoturisme.com\/wp-content\/uploads\/ramon-i-judit.jpg\",\"contentUrl\":\"https:\/\/www.prioratenoturisme.com\/wp-content\/uploads\/ramon-i-judit.jpg\",\"width\":970,\"height\":262},{\"@type\":\"BreadcrumbList\",\"@id\":\"https:\/\/www.prioratenoturisme.com\/es\/mas-salin-alojamiento-rural-entorno-privilegiado\/#breadcrumb\",\"itemListElement\":[{\"@type\":\"ListItem\",\"position\":1,\"name\":\"Portada\",\"item\":\"https:\/\/www.prioratenoturisme.com\/es\/inicio-vive-el-priorat\/\"},{\"@type\":\"ListItem\",\"position\":2,\"name\":\"El Mas del Sal\u00edn, un alojamiento rural en un entorno privilegiado\"}]},{\"@type\":\"WebSite\",\"@id\":\"https:\/\/www.prioratenoturisme.com\/#website\",\"url\":\"https:\/\/www.prioratenoturisme.com\/\",\"name\":\"Priorat Enoturisme\",\"description\":\"Viu el Priorat\",\"publisher\":{\"@id\":\"https:\/\/www.prioratenoturisme.com\/#organization\"},\"potentialAction\":[{\"@type\":\"SearchAction\",\"target\":{\"@type\":\"EntryPoint\",\"urlTemplate\":\"https:\/\/www.prioratenoturisme.com\/?s={search_term_string}\"},\"query-input\":{\"@type\":\"PropertyValueSpecification\",\"valueRequired\":true,\"valueName\":\"search_term_string\"}}],\"inLanguage\":\"es\"},{\"@type\":\"Organization\",\"@id\":\"https:\/\/www.prioratenoturisme.com\/#organization\",\"name\":\"Priorat Enoturisme\",\"url\":\"https:\/\/www.prioratenoturisme.com\/\",\"logo\":{\"@type\":\"ImageObject\",\"inLanguage\":\"es\",\"@id\":\"https:\/\/www.prioratenoturisme.com\/#\/schema\/logo\/image\/\",\"url\":\"https:\/\/www.prioratenoturisme.com\/wp-content\/uploads\/2023\/03\/cropped-FAVICON.png\",\"contentUrl\":\"https:\/\/www.prioratenoturisme.com\/wp-content\/uploads\/2023\/03\/cropped-FAVICON.png\",\"width\":512,\"height\":512,\"caption\":\"Priorat Enoturisme\"},\"image\":{\"@id\":\"https:\/\/www.prioratenoturisme.com\/#\/schema\/logo\/image\/\"},\"sameAs\":[\"https:\/\/www.facebook.com\/prioratenoturisme\/\",\"https:\/\/www.instagram.com\/prioratenoturisme\/\"]},{\"@type\":\"Person\",\"@id\":\"https:\/\/www.prioratenoturisme.com\/#\/schema\/person\/ac06549b4da3bd34588e62fff2493010\",\"name\":\"Carl\",\"image\":{\"@type\":\"ImageObject\",\"inLanguage\":\"es\",\"@id\":\"https:\/\/www.prioratenoturisme.com\/#\/schema\/person\/image\/\",\"url\":\"https:\/\/secure.gravatar.com\/avatar\/?s=96&d=mm&r=g\",\"contentUrl\":\"https:\/\/secure.gravatar.com\/avatar\/?s=96&d=mm&r=g\",\"caption\":\"Carl\"},\"url\":\"https:\/\/www.prioratenoturisme.com\/es\/author\/carl\/\"}]}<\/script>\n<!-- \/ Yoast SEO plugin. -->","yoast_head_json":{"title":"El Mas del Sal\u00edn, un alojamiento rural en un entorno privilegiado","description":"Calma, silencio, tranquilidad y un trato familiar. Judit y Ramon llegaron al Mas del Sal\u00edn buscando un proyecto de vida diferente y lo encontraron...","robots":{"index":"index","follow":"follow","max-snippet":"max-snippet:-1","max-image-preview":"max-image-preview:large","max-video-preview":"max-video-preview:-1"},"canonical":"https:\/\/www.prioratenoturisme.com\/es\/mas-salin-alojamiento-rural-entorno-privilegiado\/","og_locale":"es_ES","og_type":"article","og_title":"El Mas del Sal\u00edn, un alojamiento rural en un entorno privilegiado","og_description":"Calma, silencio, tranquilidad y un trato familiar. Judit y Ramon llegaron al Mas del Sal\u00edn buscando un proyecto de vida diferente y lo encontraron...","og_url":"https:\/\/www.prioratenoturisme.com\/es\/mas-salin-alojamiento-rural-entorno-privilegiado\/","og_site_name":"Priorat Enoturisme","article_publisher":"https:\/\/www.facebook.com\/prioratenoturisme\/","article_published_time":"2016-02-27T23:00:00+00:00","og_image":[{"width":970,"height":262,"url":"https:\/\/www.prioratenoturisme.com\/wp-content\/uploads\/ramon-i-judit.jpg","type":"image\/jpeg"}],"author":"Carl","twitter_card":"summary_large_image","twitter_misc":{"Escrito por":"Carl","Tiempo de lectura":"3 minutos"},"schema":{"@context":"https:\/\/schema.org","@graph":[{"@type":"Article","@id":"https:\/\/www.prioratenoturisme.com\/es\/mas-salin-alojamiento-rural-entorno-privilegiado\/#article","isPartOf":{"@id":"https:\/\/www.prioratenoturisme.com\/es\/mas-salin-alojamiento-rural-entorno-privilegiado\/"},"author":{"name":"Carl","@id":"https:\/\/www.prioratenoturisme.com\/#\/schema\/person\/ac06549b4da3bd34588e62fff2493010"},"headline":"El Mas del Sal\u00edn, un alojamiento rural en un entorno privilegiado","datePublished":"2016-02-27T23:00:00+00:00","mainEntityOfPage":{"@id":"https:\/\/www.prioratenoturisme.com\/es\/mas-salin-alojamiento-rural-entorno-privilegiado\/"},"wordCount":710,"commentCount":0,"publisher":{"@id":"https:\/\/www.prioratenoturisme.com\/#organization"},"image":{"@id":"https:\/\/www.prioratenoturisme.com\/es\/mas-salin-alojamiento-rural-entorno-privilegiado\/#primaryimage"},"thumbnailUrl":"https:\/\/www.prioratenoturisme.com\/wp-content\/uploads\/ramon-i-judit.jpg","articleSection":["Sin categorizar"],"inLanguage":"es","potentialAction":[{"@type":"CommentAction","name":"Comment","target":["https:\/\/www.prioratenoturisme.com\/es\/mas-salin-alojamiento-rural-entorno-privilegiado\/#respond"]}]},{"@type":"WebPage","@id":"https:\/\/www.prioratenoturisme.com\/es\/mas-salin-alojamiento-rural-entorno-privilegiado\/","url":"https:\/\/www.prioratenoturisme.com\/es\/mas-salin-alojamiento-rural-entorno-privilegiado\/","name":"El Mas del Sal\u00edn, un alojamiento rural en un entorno privilegiado","isPartOf":{"@id":"https:\/\/www.prioratenoturisme.com\/#website"},"primaryImageOfPage":{"@id":"https:\/\/www.prioratenoturisme.com\/es\/mas-salin-alojamiento-rural-entorno-privilegiado\/#primaryimage"},"image":{"@id":"https:\/\/www.prioratenoturisme.com\/es\/mas-salin-alojamiento-rural-entorno-privilegiado\/#primaryimage"},"thumbnailUrl":"https:\/\/www.prioratenoturisme.com\/wp-content\/uploads\/ramon-i-judit.jpg","datePublished":"2016-02-27T23:00:00+00:00","description":"Calma, silencio, tranquilidad y un trato familiar. Judit y Ramon llegaron al Mas del Sal\u00edn buscando un proyecto de vida diferente y lo encontraron...","breadcrumb":{"@id":"https:\/\/www.prioratenoturisme.com\/es\/mas-salin-alojamiento-rural-entorno-privilegiado\/#breadcrumb"},"inLanguage":"es","potentialAction":[{"@type":"ReadAction","target":["https:\/\/www.prioratenoturisme.com\/es\/mas-salin-alojamiento-rural-entorno-privilegiado\/"]}]},{"@type":"ImageObject","inLanguage":"es","@id":"https:\/\/www.prioratenoturisme.com\/es\/mas-salin-alojamiento-rural-entorno-privilegiado\/#primaryimage","url":"https:\/\/www.prioratenoturisme.com\/wp-content\/uploads\/ramon-i-judit.jpg","contentUrl":"https:\/\/www.prioratenoturisme.com\/wp-content\/uploads\/ramon-i-judit.jpg","width":970,"height":262},{"@type":"BreadcrumbList","@id":"https:\/\/www.prioratenoturisme.com\/es\/mas-salin-alojamiento-rural-entorno-privilegiado\/#breadcrumb","itemListElement":[{"@type":"ListItem","position":1,"name":"Portada","item":"https:\/\/www.prioratenoturisme.com\/es\/inicio-vive-el-priorat\/"},{"@type":"ListItem","position":2,"name":"El Mas del Sal\u00edn, un alojamiento rural en un entorno privilegiado"}]},{"@type":"WebSite","@id":"https:\/\/www.prioratenoturisme.com\/#website","url":"https:\/\/www.prioratenoturisme.com\/","name":"Priorat Enoturisme","description":"Viu el Priorat","publisher":{"@id":"https:\/\/www.prioratenoturisme.com\/#organization"},"potentialAction":[{"@type":"SearchAction","target":{"@type":"EntryPoint","urlTemplate":"https:\/\/www.prioratenoturisme.com\/?s={search_term_string}"},"query-input":{"@type":"PropertyValueSpecification","valueRequired":true,"valueName":"search_term_string"}}],"inLanguage":"es"},{"@type":"Organization","@id":"https:\/\/www.prioratenoturisme.com\/#organization","name":"Priorat Enoturisme","url":"https:\/\/www.prioratenoturisme.com\/","logo":{"@type":"ImageObject","inLanguage":"es","@id":"https:\/\/www.prioratenoturisme.com\/#\/schema\/logo\/image\/","url":"https:\/\/www.prioratenoturisme.com\/wp-content\/uploads\/2023\/03\/cropped-FAVICON.png","contentUrl":"https:\/\/www.prioratenoturisme.com\/wp-content\/uploads\/2023\/03\/cropped-FAVICON.png","width":512,"height":512,"caption":"Priorat Enoturisme"},"image":{"@id":"https:\/\/www.prioratenoturisme.com\/#\/schema\/logo\/image\/"},"sameAs":["https:\/\/www.facebook.com\/prioratenoturisme\/","https:\/\/www.instagram.com\/prioratenoturisme\/"]},{"@type":"Person","@id":"https:\/\/www.prioratenoturisme.com\/#\/schema\/person\/ac06549b4da3bd34588e62fff2493010","name":"Carl","image":{"@type":"ImageObject","inLanguage":"es","@id":"https:\/\/www.prioratenoturisme.com\/#\/schema\/person\/image\/","url":"https:\/\/secure.gravatar.com\/avatar\/?s=96&d=mm&r=g","contentUrl":"https:\/\/secure.gravatar.com\/avatar\/?s=96&d=mm&r=g","caption":"Carl"},"url":"https:\/\/www.prioratenoturisme.com\/es\/author\/carl\/"}]}},"_links":{"self":[{"href":"https:\/\/www.prioratenoturisme.com\/es\/wp-json\/wp\/v2\/posts\/25270","targetHints":{"allow":["GET"]}}],"collection":[{"href":"https:\/\/www.prioratenoturisme.com\/es\/wp-json\/wp\/v2\/posts"}],"about":[{"href":"https:\/\/www.prioratenoturisme.com\/es\/wp-json\/wp\/v2\/types\/post"}],"author":[{"embeddable":true,"href":"https:\/\/www.prioratenoturisme.com\/es\/wp-json\/wp\/v2\/users\/3"}],"replies":[{"embeddable":true,"href":"https:\/\/www.prioratenoturisme.com\/es\/wp-json\/wp\/v2\/comments?post=25270"}],"version-history":[{"count":0,"href":"https:\/\/www.prioratenoturisme.com\/es\/wp-json\/wp\/v2\/posts\/25270\/revisions"}],"wp:featuredmedia":[{"embeddable":true,"href":"https:\/\/www.prioratenoturisme.com\/es\/wp-json\/wp\/v2\/media\/23174"}],"wp:attachment":[{"href":"https:\/\/www.prioratenoturisme.com\/es\/wp-json\/wp\/v2\/media?parent=25270"}],"wp:term":[{"taxonomy":"category","embeddable":true,"href":"https:\/\/www.prioratenoturisme.com\/es\/wp-json\/wp\/v2\/categories?post=25270"},{"taxonomy":"post_tag","embeddable":true,"href":"https:\/\/www.prioratenoturisme.com\/es\/wp-json\/wp\/v2\/tags?post=25270"}],"curies":[{"name":"wp","href":"https:\/\/api.w.org\/{rel}","templated":true}]}}