{"id":25271,"date":"2016-02-29T00:00:00","date_gmt":"2016-02-28T23:00:00","guid":{"rendered":"https:\/\/www.prioratenoturisme.com\/carta-europea-turismo-sostenible-reconocimiento-compromiso-con-territorio\/"},"modified":"2016-02-29T00:00:00","modified_gmt":"2016-02-28T23:00:00","slug":"carta-europea-turismo-sostenible-reconocimiento-compromiso-con-territorio","status":"publish","type":"post","link":"https:\/\/www.prioratenoturisme.com\/es\/carta-europea-turismo-sostenible-reconocimiento-compromiso-con-territorio\/","title":{"rendered":"La Carta Europea de Turismo Sostenible, un reconocimiento al compromiso con el territorio"},"content":{"rendered":"<div class=\"field field-name-body field-type-text-with-summary field-label-hidden\">\n<div class=\"field-items\">\n<div class=\"field-item even\">\n<p>La Carta Europea de Turismo Sostenible (CETS) es una iniciativa que pretende promover el desarrollo del turismo en clave de sostenibilidad a los espacios protegidos. En el caso del Priorat, el espacio protegido es el Parque Natural de Montsant, el cual se compromete, junto con otras entidades, organizaciones y empresas de la comarca, a traer a la pr\u00e1ctica una estrategia local a favor del turismo sostenible, respetuoso con el entorno.<\/p>\n<p>Neus Mir\u00f3, directora del Parque Natural de Montsant, cree que la \u00abCETS es uno de los potenciales que tiene un Parque Natural y en una comarca como el Priorat, donde se est\u00e1 trabajando por la preservaci\u00f3n del paisaje y la sostenibilidad, la acreditaci\u00f3n ser\u00eda un reconocimiento m\u00e1s al trabajo hecho\u00bb. Priorat Enoturisme es una de las entidades que forma parte del grupo de trabajo de la CETS y que adquiere este compromiso por el desarrollo del turismo sostenible.<\/p>\n<\/div>\n<div class=\"field-item even\"><strong>El proceso para conseguir la acreditaci\u00f3n de la CETS<\/strong>Desde el Parque Natural de Montsant, cuando se empez\u00f3 a trabajar con la CETS, se plante\u00f3 que \u00abteniendo en cuenta la situaci\u00f3n de la comarca, hacer una carta por los nuevo municipios que forman parte del Parque no ten\u00eda sentido, puesto que diferentes entidades del Priorat est\u00e1bamos trabajando por unos objetivos de sostenibilidad y preservaci\u00f3n comunes, como es la Carta del Paisaje o la Candidatura a la UNESCO de PRIORITAT, y por eso propusimos incluir los veintitr\u00e9s municipios de la comarca\u00bb explica la coordinadora del Parque Natural de Montsant.<\/p>\n<p>Para conseguir la acreditaci\u00f3n de la CETS, se tiene que realizar un proceso, dividido en diferentes fases. \u00abNecesit\u00e1bamos financiaci\u00f3n, apoyo institucional para poder desarrollar el proyecto y definir un grupo de trabajo para empezar a trabajar conjuntamente\u00bb afirma Neus Mir\u00f3. El grupo de trabajo se defini\u00f3 teniendo en cuenta las entidades que trabajan por la comarca c\u00f3mo son el Consejo Comarcal del Priorat, la DOQ Priorat, la DO Montsant, la Mancomunidad de Municipios del Parque Natural de Montsant, la Asociaci\u00f3n de Oleicultores del Priorat, Prioritat, Priorat Enoturisme, la Agencia Catalana del Patrimonio Cultural, el Consorcio Leader Priorat-Baix Camp, el Consorcio de la Sierra de Llaberia, la Diputaci\u00f3n de Tarragona y la URV<\/p>\n<\/div>\n<div class=\"field-item even\">La primera fase se ha basado en elaborar una diagnosis del territorio, definir la estrategia y elaborar un plan de acci\u00f3n. \u00abTambi\u00e9n se cre\u00f3 un foro permanente abierto a toda la gente de la comarca e hicimos mesas de participaci\u00f3n para discutir los documentos que se iban elaborando\u00bb explica Neus Mir\u00f3. Esta primera fase culmin\u00f3 en diciembre del 2015 con la presentaci\u00f3n de la Candidatura en Bruselas. La directora del Parque Natural de Montsant hace una valoraci\u00f3n positiva de esta experiencia: \u00abel m\u00e1s importante de este proyecto es que nos ha ense\u00f1ado a trabajar conjuntamente y a sumar sinergias, hemos conseguido mucha implicaci\u00f3n\u00bb.El pr\u00f3ximo paso es la auditor\u00eda de acreditaci\u00f3n. \u00abEn abril recibiremos la visita de un auditor que vendr\u00e1 con un calendario de actuaciones y visitas programadas para empaparse del territorio y ser\u00e1 aqu\u00ed cuando nosotros tendremos que poner en valor y ense\u00f1ar las particularidades de nuestra comarca\u00bb expone Neus Mir\u00f3. La respuesta sobre la evaluaci\u00f3n del auditor llegar\u00e1 en oto\u00f1o, sobre el mes de septiembre, y es cuando se sabr\u00e1 si se concede la acreditaci\u00f3n de la CETS.<\/p>\n<p>En caso de recibir la acreditaci\u00f3n, el proceso contin\u00faa. \u00abLa CETS es como el camino que hacemos cada d\u00eda, tiene una continuidad y es un trabajo constante\u00bb afirma la directora del Parque. La segunda fase se basar\u00eda en la formaci\u00f3n y evaluaci\u00f3n \u00abde todos aquellos establecimientos, alojamientos, restaurantes, bodegas\u2026 interesadas a estar acreditados y recibir este reconocimiento a su empresa\u00bb. Para tener la acreditaci\u00f3n, la CETS pide que \u00ablas empresas formen parte del grupo de trabajo o del foro de participaci\u00f3n, es decir, una muestra de la implicaci\u00f3n con el proyecto\u00bb.<\/p>\n<\/div>\n<div class=\"field-item even\"><strong>El equilibrio entre la sostenibilidad y la dinamizaci\u00f3n econ\u00f3mica<\/strong>\u00abLa sostenibilidad al Priorat se tiene que plantear como una condici\u00f3n que se fundamenta en los factores ambientales y la dinamizaci\u00f3n econ\u00f3mica no tiene que ir en ning\u00fan caso en detrimento a las cuestiones ambientales y sociales\u00bb. Se trata de \u00abvalorar y sentirnos orgullosos del que tenemos y no ir a buscar cosas que no son reales de nuestro territorio. Hacer compatible la sostenibilidad y la dinamizaci\u00f3n, es entender que se pueden hacer muchas cosas pero que se tiene que mirar como las hacemos\u00bb explica Neus Mir\u00f3. El Parque Natural de Montsant es y quiere ser \u00abun elemento de dinamizaci\u00f3n del territorio y a lo largo de estos a\u00f1os hemos intentado apostar por todas las vertientes: la deportiva, la espiritual y m\u00edstica y la cultural, trabajando tambi\u00e9n por la preservaci\u00f3n de la flora y fauna\u00bb.<\/p>\n<p>\u00abLa CETS se tiene que entender como una herramienta de trabajo de continuidad, que va m\u00e1s all\u00e1 del sector tur\u00edstico, porque tambi\u00e9n pone en valor el producto local, de proximidad, y por lo tanto, el agricultor. Con los estudios que tenemos en el Parque sobre biodiversidad, flora y fauna, lo que tenemos claro es que \u00aben las zonas que hay agricultura, el aumento de la biodiversidad es mucho m\u00e1s potente, por eso es importante conservar el cultivo y tambi\u00e9n el mosaico agroforestal diversificado: donde haya avellanos, almendros, huerta, vi\u00f1a, olivos&#8230;etc\u00bb explica Neus Mir\u00f3.<\/p>\n<p>Una de las tareas realizadas por el grupo de trabajo de la CETS pero que se tiene que continuar trabajando es con la difusi\u00f3n del proyecto. \u00abHemos hecho varias charlas informativas, porque es importante que la gente del territorio sepa qu\u00e9 es la CETS, que quiere decir y que comporta. Un proceso de concienciaci\u00f3n necesario para unir esfuerzos y trabajar conjuntamente hacia un modelo de sostenibilidad propio\u00bb, concluye Neus Mir\u00f3, directora del Parque Natural de Montsant.<\/p>\n<\/div>\n<\/div>\n<\/div>\n","protected":false},"excerpt":{"rendered":"<p>La Carta Europea de Turismo Sostenible (CETS) es una iniciativa que pretende promover el desarrollo del turismo en clave de sostenibilidad a los espacios protegidos. En el caso del Priorat, el espacio protegido es el Parque Natural de Montsant, el cual se compromete, junto con otras entidades, organizaciones y empresas de la comarca, a traer [&hellip;]<\/p>\n","protected":false},"author":3,"featured_media":23167,"comment_status":"open","ping_status":"open","sticky":false,"template":"","format":"standard","meta":{"_acf_changed":false,"_et_pb_use_builder":"","_et_pb_old_content":"","_et_gb_content_width":"","footnotes":""},"categories":[7],"tags":[],"class_list":["post-25271","post","type-post","status-publish","format-standard","has-post-thumbnail","hentry","category-sin-categorizar"],"acf":[],"yoast_head":"<!-- This site is optimized with the Yoast SEO plugin v25.6 - https:\/\/yoast.com\/wordpress\/plugins\/seo\/ -->\n<title>La Carta Europea de Turismo Sostenible, reconocimiento al compromiso<\/title>\n<meta name=\"description\" content=\"La Carta Europea de Turismo Sostenible es una iniciativa que pretende promover el desarrollo de un turismo sostenible a los espacios protegidos...\" \/>\n<meta name=\"robots\" content=\"index, follow, max-snippet:-1, max-image-preview:large, max-video-preview:-1\" \/>\n<link rel=\"canonical\" href=\"https:\/\/www.prioratenoturisme.com\/es\/carta-europea-turismo-sostenible-reconocimiento-compromiso-con-territorio\/\" \/>\n<meta property=\"og:locale\" content=\"es_ES\" \/>\n<meta property=\"og:type\" content=\"article\" \/>\n<meta property=\"og:title\" content=\"La Carta Europea de Turismo Sostenible, reconocimiento al compromiso\" \/>\n<meta property=\"og:description\" content=\"La Carta Europea de Turismo Sostenible es una iniciativa que pretende promover el desarrollo de un turismo sostenible a los espacios protegidos...\" \/>\n<meta property=\"og:url\" content=\"https:\/\/www.prioratenoturisme.com\/es\/carta-europea-turismo-sostenible-reconocimiento-compromiso-con-territorio\/\" \/>\n<meta property=\"og:site_name\" content=\"Priorat Enoturisme\" \/>\n<meta property=\"article:publisher\" content=\"https:\/\/www.facebook.com\/prioratenoturisme\/\" \/>\n<meta property=\"article:published_time\" content=\"2016-02-28T23:00:00+00:00\" \/>\n<meta property=\"og:image\" content=\"https:\/\/www.prioratenoturisme.com\/wp-content\/uploads\/parc-natural_0.jpg\" \/>\n\t<meta property=\"og:image:width\" content=\"1000\" \/>\n\t<meta property=\"og:image:height\" content=\"667\" \/>\n\t<meta property=\"og:image:type\" content=\"image\/jpeg\" \/>\n<meta name=\"author\" content=\"Carl\" \/>\n<meta name=\"twitter:card\" content=\"summary_large_image\" \/>\n<meta name=\"twitter:label1\" content=\"Escrito por\" \/>\n\t<meta name=\"twitter:data1\" content=\"Carl\" \/>\n\t<meta name=\"twitter:label2\" content=\"Tiempo de lectura\" \/>\n\t<meta name=\"twitter:data2\" content=\"5 minutos\" \/>\n<script type=\"application\/ld+json\" class=\"yoast-schema-graph\">{\"@context\":\"https:\/\/schema.org\",\"@graph\":[{\"@type\":\"Article\",\"@id\":\"https:\/\/www.prioratenoturisme.com\/es\/carta-europea-turismo-sostenible-reconocimiento-compromiso-con-territorio\/#article\",\"isPartOf\":{\"@id\":\"https:\/\/www.prioratenoturisme.com\/es\/carta-europea-turismo-sostenible-reconocimiento-compromiso-con-territorio\/\"},\"author\":{\"name\":\"Carl\",\"@id\":\"https:\/\/www.prioratenoturisme.com\/#\/schema\/person\/ac06549b4da3bd34588e62fff2493010\"},\"headline\":\"La Carta Europea de Turismo Sostenible, un reconocimiento al compromiso con el territorio\",\"datePublished\":\"2016-02-28T23:00:00+00:00\",\"mainEntityOfPage\":{\"@id\":\"https:\/\/www.prioratenoturisme.com\/es\/carta-europea-turismo-sostenible-reconocimiento-compromiso-con-territorio\/\"},\"wordCount\":1016,\"commentCount\":0,\"publisher\":{\"@id\":\"https:\/\/www.prioratenoturisme.com\/#organization\"},\"image\":{\"@id\":\"https:\/\/www.prioratenoturisme.com\/es\/carta-europea-turismo-sostenible-reconocimiento-compromiso-con-territorio\/#primaryimage\"},\"thumbnailUrl\":\"https:\/\/www.prioratenoturisme.com\/wp-content\/uploads\/parc-natural_0.jpg\",\"articleSection\":[\"Sin categorizar\"],\"inLanguage\":\"es\",\"potentialAction\":[{\"@type\":\"CommentAction\",\"name\":\"Comment\",\"target\":[\"https:\/\/www.prioratenoturisme.com\/es\/carta-europea-turismo-sostenible-reconocimiento-compromiso-con-territorio\/#respond\"]}]},{\"@type\":\"WebPage\",\"@id\":\"https:\/\/www.prioratenoturisme.com\/es\/carta-europea-turismo-sostenible-reconocimiento-compromiso-con-territorio\/\",\"url\":\"https:\/\/www.prioratenoturisme.com\/es\/carta-europea-turismo-sostenible-reconocimiento-compromiso-con-territorio\/\",\"name\":\"La Carta Europea de Turismo Sostenible, reconocimiento al compromiso\",\"isPartOf\":{\"@id\":\"https:\/\/www.prioratenoturisme.com\/#website\"},\"primaryImageOfPage\":{\"@id\":\"https:\/\/www.prioratenoturisme.com\/es\/carta-europea-turismo-sostenible-reconocimiento-compromiso-con-territorio\/#primaryimage\"},\"image\":{\"@id\":\"https:\/\/www.prioratenoturisme.com\/es\/carta-europea-turismo-sostenible-reconocimiento-compromiso-con-territorio\/#primaryimage\"},\"thumbnailUrl\":\"https:\/\/www.prioratenoturisme.com\/wp-content\/uploads\/parc-natural_0.jpg\",\"datePublished\":\"2016-02-28T23:00:00+00:00\",\"description\":\"La Carta Europea de Turismo Sostenible es una iniciativa que pretende promover el desarrollo de un turismo sostenible a los espacios protegidos...\",\"breadcrumb\":{\"@id\":\"https:\/\/www.prioratenoturisme.com\/es\/carta-europea-turismo-sostenible-reconocimiento-compromiso-con-territorio\/#breadcrumb\"},\"inLanguage\":\"es\",\"potentialAction\":[{\"@type\":\"ReadAction\",\"target\":[\"https:\/\/www.prioratenoturisme.com\/es\/carta-europea-turismo-sostenible-reconocimiento-compromiso-con-territorio\/\"]}]},{\"@type\":\"ImageObject\",\"inLanguage\":\"es\",\"@id\":\"https:\/\/www.prioratenoturisme.com\/es\/carta-europea-turismo-sostenible-reconocimiento-compromiso-con-territorio\/#primaryimage\",\"url\":\"https:\/\/www.prioratenoturisme.com\/wp-content\/uploads\/parc-natural_0.jpg\",\"contentUrl\":\"https:\/\/www.prioratenoturisme.com\/wp-content\/uploads\/parc-natural_0.jpg\",\"width\":1000,\"height\":667},{\"@type\":\"BreadcrumbList\",\"@id\":\"https:\/\/www.prioratenoturisme.com\/es\/carta-europea-turismo-sostenible-reconocimiento-compromiso-con-territorio\/#breadcrumb\",\"itemListElement\":[{\"@type\":\"ListItem\",\"position\":1,\"name\":\"Portada\",\"item\":\"https:\/\/www.prioratenoturisme.com\/es\/inicio-vive-el-priorat\/\"},{\"@type\":\"ListItem\",\"position\":2,\"name\":\"La Carta Europea de Turismo Sostenible, un reconocimiento al compromiso con el territorio\"}]},{\"@type\":\"WebSite\",\"@id\":\"https:\/\/www.prioratenoturisme.com\/#website\",\"url\":\"https:\/\/www.prioratenoturisme.com\/\",\"name\":\"Priorat Enoturisme\",\"description\":\"Viu el Priorat\",\"publisher\":{\"@id\":\"https:\/\/www.prioratenoturisme.com\/#organization\"},\"potentialAction\":[{\"@type\":\"SearchAction\",\"target\":{\"@type\":\"EntryPoint\",\"urlTemplate\":\"https:\/\/www.prioratenoturisme.com\/?s={search_term_string}\"},\"query-input\":{\"@type\":\"PropertyValueSpecification\",\"valueRequired\":true,\"valueName\":\"search_term_string\"}}],\"inLanguage\":\"es\"},{\"@type\":\"Organization\",\"@id\":\"https:\/\/www.prioratenoturisme.com\/#organization\",\"name\":\"Priorat Enoturisme\",\"url\":\"https:\/\/www.prioratenoturisme.com\/\",\"logo\":{\"@type\":\"ImageObject\",\"inLanguage\":\"es\",\"@id\":\"https:\/\/www.prioratenoturisme.com\/#\/schema\/logo\/image\/\",\"url\":\"https:\/\/www.prioratenoturisme.com\/wp-content\/uploads\/2023\/03\/cropped-FAVICON.png\",\"contentUrl\":\"https:\/\/www.prioratenoturisme.com\/wp-content\/uploads\/2023\/03\/cropped-FAVICON.png\",\"width\":512,\"height\":512,\"caption\":\"Priorat Enoturisme\"},\"image\":{\"@id\":\"https:\/\/www.prioratenoturisme.com\/#\/schema\/logo\/image\/\"},\"sameAs\":[\"https:\/\/www.facebook.com\/prioratenoturisme\/\",\"https:\/\/www.instagram.com\/prioratenoturisme\/\"]},{\"@type\":\"Person\",\"@id\":\"https:\/\/www.prioratenoturisme.com\/#\/schema\/person\/ac06549b4da3bd34588e62fff2493010\",\"name\":\"Carl\",\"image\":{\"@type\":\"ImageObject\",\"inLanguage\":\"es\",\"@id\":\"https:\/\/www.prioratenoturisme.com\/#\/schema\/person\/image\/\",\"url\":\"https:\/\/secure.gravatar.com\/avatar\/?s=96&d=mm&r=g\",\"contentUrl\":\"https:\/\/secure.gravatar.com\/avatar\/?s=96&d=mm&r=g\",\"caption\":\"Carl\"},\"url\":\"https:\/\/www.prioratenoturisme.com\/es\/author\/carl\/\"}]}<\/script>\n<!-- \/ Yoast SEO plugin. -->","yoast_head_json":{"title":"La Carta Europea de Turismo Sostenible, reconocimiento al compromiso","description":"La Carta Europea de Turismo Sostenible es una iniciativa que pretende promover el desarrollo de un turismo sostenible a los espacios protegidos...","robots":{"index":"index","follow":"follow","max-snippet":"max-snippet:-1","max-image-preview":"max-image-preview:large","max-video-preview":"max-video-preview:-1"},"canonical":"https:\/\/www.prioratenoturisme.com\/es\/carta-europea-turismo-sostenible-reconocimiento-compromiso-con-territorio\/","og_locale":"es_ES","og_type":"article","og_title":"La Carta Europea de Turismo Sostenible, reconocimiento al compromiso","og_description":"La Carta Europea de Turismo Sostenible es una iniciativa que pretende promover el desarrollo de un turismo sostenible a los espacios protegidos...","og_url":"https:\/\/www.prioratenoturisme.com\/es\/carta-europea-turismo-sostenible-reconocimiento-compromiso-con-territorio\/","og_site_name":"Priorat Enoturisme","article_publisher":"https:\/\/www.facebook.com\/prioratenoturisme\/","article_published_time":"2016-02-28T23:00:00+00:00","og_image":[{"width":1000,"height":667,"url":"https:\/\/www.prioratenoturisme.com\/wp-content\/uploads\/parc-natural_0.jpg","type":"image\/jpeg"}],"author":"Carl","twitter_card":"summary_large_image","twitter_misc":{"Escrito por":"Carl","Tiempo de lectura":"5 minutos"},"schema":{"@context":"https:\/\/schema.org","@graph":[{"@type":"Article","@id":"https:\/\/www.prioratenoturisme.com\/es\/carta-europea-turismo-sostenible-reconocimiento-compromiso-con-territorio\/#article","isPartOf":{"@id":"https:\/\/www.prioratenoturisme.com\/es\/carta-europea-turismo-sostenible-reconocimiento-compromiso-con-territorio\/"},"author":{"name":"Carl","@id":"https:\/\/www.prioratenoturisme.com\/#\/schema\/person\/ac06549b4da3bd34588e62fff2493010"},"headline":"La Carta Europea de Turismo Sostenible, un reconocimiento al compromiso con el territorio","datePublished":"2016-02-28T23:00:00+00:00","mainEntityOfPage":{"@id":"https:\/\/www.prioratenoturisme.com\/es\/carta-europea-turismo-sostenible-reconocimiento-compromiso-con-territorio\/"},"wordCount":1016,"commentCount":0,"publisher":{"@id":"https:\/\/www.prioratenoturisme.com\/#organization"},"image":{"@id":"https:\/\/www.prioratenoturisme.com\/es\/carta-europea-turismo-sostenible-reconocimiento-compromiso-con-territorio\/#primaryimage"},"thumbnailUrl":"https:\/\/www.prioratenoturisme.com\/wp-content\/uploads\/parc-natural_0.jpg","articleSection":["Sin categorizar"],"inLanguage":"es","potentialAction":[{"@type":"CommentAction","name":"Comment","target":["https:\/\/www.prioratenoturisme.com\/es\/carta-europea-turismo-sostenible-reconocimiento-compromiso-con-territorio\/#respond"]}]},{"@type":"WebPage","@id":"https:\/\/www.prioratenoturisme.com\/es\/carta-europea-turismo-sostenible-reconocimiento-compromiso-con-territorio\/","url":"https:\/\/www.prioratenoturisme.com\/es\/carta-europea-turismo-sostenible-reconocimiento-compromiso-con-territorio\/","name":"La Carta Europea de Turismo Sostenible, reconocimiento al compromiso","isPartOf":{"@id":"https:\/\/www.prioratenoturisme.com\/#website"},"primaryImageOfPage":{"@id":"https:\/\/www.prioratenoturisme.com\/es\/carta-europea-turismo-sostenible-reconocimiento-compromiso-con-territorio\/#primaryimage"},"image":{"@id":"https:\/\/www.prioratenoturisme.com\/es\/carta-europea-turismo-sostenible-reconocimiento-compromiso-con-territorio\/#primaryimage"},"thumbnailUrl":"https:\/\/www.prioratenoturisme.com\/wp-content\/uploads\/parc-natural_0.jpg","datePublished":"2016-02-28T23:00:00+00:00","description":"La Carta Europea de Turismo Sostenible es una iniciativa que pretende promover el desarrollo de un turismo sostenible a los espacios protegidos...","breadcrumb":{"@id":"https:\/\/www.prioratenoturisme.com\/es\/carta-europea-turismo-sostenible-reconocimiento-compromiso-con-territorio\/#breadcrumb"},"inLanguage":"es","potentialAction":[{"@type":"ReadAction","target":["https:\/\/www.prioratenoturisme.com\/es\/carta-europea-turismo-sostenible-reconocimiento-compromiso-con-territorio\/"]}]},{"@type":"ImageObject","inLanguage":"es","@id":"https:\/\/www.prioratenoturisme.com\/es\/carta-europea-turismo-sostenible-reconocimiento-compromiso-con-territorio\/#primaryimage","url":"https:\/\/www.prioratenoturisme.com\/wp-content\/uploads\/parc-natural_0.jpg","contentUrl":"https:\/\/www.prioratenoturisme.com\/wp-content\/uploads\/parc-natural_0.jpg","width":1000,"height":667},{"@type":"BreadcrumbList","@id":"https:\/\/www.prioratenoturisme.com\/es\/carta-europea-turismo-sostenible-reconocimiento-compromiso-con-territorio\/#breadcrumb","itemListElement":[{"@type":"ListItem","position":1,"name":"Portada","item":"https:\/\/www.prioratenoturisme.com\/es\/inicio-vive-el-priorat\/"},{"@type":"ListItem","position":2,"name":"La Carta Europea de Turismo Sostenible, un reconocimiento al compromiso con el territorio"}]},{"@type":"WebSite","@id":"https:\/\/www.prioratenoturisme.com\/#website","url":"https:\/\/www.prioratenoturisme.com\/","name":"Priorat Enoturisme","description":"Viu el Priorat","publisher":{"@id":"https:\/\/www.prioratenoturisme.com\/#organization"},"potentialAction":[{"@type":"SearchAction","target":{"@type":"EntryPoint","urlTemplate":"https:\/\/www.prioratenoturisme.com\/?s={search_term_string}"},"query-input":{"@type":"PropertyValueSpecification","valueRequired":true,"valueName":"search_term_string"}}],"inLanguage":"es"},{"@type":"Organization","@id":"https:\/\/www.prioratenoturisme.com\/#organization","name":"Priorat Enoturisme","url":"https:\/\/www.prioratenoturisme.com\/","logo":{"@type":"ImageObject","inLanguage":"es","@id":"https:\/\/www.prioratenoturisme.com\/#\/schema\/logo\/image\/","url":"https:\/\/www.prioratenoturisme.com\/wp-content\/uploads\/2023\/03\/cropped-FAVICON.png","contentUrl":"https:\/\/www.prioratenoturisme.com\/wp-content\/uploads\/2023\/03\/cropped-FAVICON.png","width":512,"height":512,"caption":"Priorat Enoturisme"},"image":{"@id":"https:\/\/www.prioratenoturisme.com\/#\/schema\/logo\/image\/"},"sameAs":["https:\/\/www.facebook.com\/prioratenoturisme\/","https:\/\/www.instagram.com\/prioratenoturisme\/"]},{"@type":"Person","@id":"https:\/\/www.prioratenoturisme.com\/#\/schema\/person\/ac06549b4da3bd34588e62fff2493010","name":"Carl","image":{"@type":"ImageObject","inLanguage":"es","@id":"https:\/\/www.prioratenoturisme.com\/#\/schema\/person\/image\/","url":"https:\/\/secure.gravatar.com\/avatar\/?s=96&d=mm&r=g","contentUrl":"https:\/\/secure.gravatar.com\/avatar\/?s=96&d=mm&r=g","caption":"Carl"},"url":"https:\/\/www.prioratenoturisme.com\/es\/author\/carl\/"}]}},"_links":{"self":[{"href":"https:\/\/www.prioratenoturisme.com\/es\/wp-json\/wp\/v2\/posts\/25271","targetHints":{"allow":["GET"]}}],"collection":[{"href":"https:\/\/www.prioratenoturisme.com\/es\/wp-json\/wp\/v2\/posts"}],"about":[{"href":"https:\/\/www.prioratenoturisme.com\/es\/wp-json\/wp\/v2\/types\/post"}],"author":[{"embeddable":true,"href":"https:\/\/www.prioratenoturisme.com\/es\/wp-json\/wp\/v2\/users\/3"}],"replies":[{"embeddable":true,"href":"https:\/\/www.prioratenoturisme.com\/es\/wp-json\/wp\/v2\/comments?post=25271"}],"version-history":[{"count":0,"href":"https:\/\/www.prioratenoturisme.com\/es\/wp-json\/wp\/v2\/posts\/25271\/revisions"}],"wp:featuredmedia":[{"embeddable":true,"href":"https:\/\/www.prioratenoturisme.com\/es\/wp-json\/wp\/v2\/media\/23167"}],"wp:attachment":[{"href":"https:\/\/www.prioratenoturisme.com\/es\/wp-json\/wp\/v2\/media?parent=25271"}],"wp:term":[{"taxonomy":"category","embeddable":true,"href":"https:\/\/www.prioratenoturisme.com\/es\/wp-json\/wp\/v2\/categories?post=25271"},{"taxonomy":"post_tag","embeddable":true,"href":"https:\/\/www.prioratenoturisme.com\/es\/wp-json\/wp\/v2\/tags?post=25271"}],"curies":[{"name":"wp","href":"https:\/\/api.w.org\/{rel}","templated":true}]}}