{"id":25273,"date":"2017-01-26T00:00:00","date_gmt":"2017-01-25T23:00:00","guid":{"rendered":"https:\/\/www.prioratenoturisme.com\/rincones-del-priorat\/"},"modified":"2017-01-26T00:00:00","modified_gmt":"2017-01-25T23:00:00","slug":"rincones-del-priorat","status":"publish","type":"post","link":"https:\/\/www.prioratenoturisme.com\/es\/rincones-del-priorat\/","title":{"rendered":"Rincones del Priorat"},"content":{"rendered":"<p>El <strong>Priorat<\/strong> est\u00e1 lleno de <strong>rincones<\/strong> con encanto donde disfrutar del paisaje y del territorio. En este art\u00edculo, os proponemos algunos lugares para <strong>visitar<\/strong>, <strong>pasear<\/strong> y <strong>desconectar<\/strong>, rodeados de<strong> natura.<\/strong> Son lugares donde se puede acceder a pie, de baja dificultad, ideales para compartir con la <strong>familia<\/strong> o los <strong>amigos<\/strong>.<\/p>\n<h3><strong>La Piedad, un espacio de reposo<\/strong><\/h3>\n<p>A un kil\u00f3metro del pueblo de Scala-Dei encontramos la Cartuja de Scala-Dei, la primera cartuja de la pen\u00ednsula Ib\u00e9rica. Situada en un paraje id\u00edlico, bajo la protecci\u00f3n de la Sierra Mayor de Montsant, es una visita obligada para todos aquellos que quieran conocer los or\u00edgenes de la comarca del Priorat.<\/p>\n<p>Una vez hecha la visita, os recomendamos dar un paseo por los alrededores de la Cartuja, bajo la imponente Sierra Mayor de Montsant. Si segu\u00eds el GR que sale a la izquierda de la Cartuja, en direcci\u00f3n norte, llegar\u00e9is a un palo indicador, que a mano derecha, indica La Piedad.<\/p>\n<p>La Piedad forma parte del Inventario del Patrimonio Arquitect\u00f3nico de Catalu\u00f1a y se trata de la antigua casa de reposo de los monjes cartujanos. El edificio conserva la estructura exterior, a pesar de que por dentro est\u00e1 derrumbado. Rodeada de bosque, es un espacio tranquilo y agradable para ver desde otra perspectiva la Cartuja de Scala-Dei y hacerse una idea del silencio y la espiritualidad que se respiraba en la \u00e9poca de los cartoixans. Una paseo cultural e hist\u00f3rica en\u00a0medio de la natura.<\/p>\n<p><em><br \/>\nLos establecimientos de Priorat Enoturisme m\u00e1s cercanos&#8230;<\/p>\n<p><strong>\u00bfD\u00f3nde alojarse?<\/strong><br \/>\n<\/em><\/p>\n<p><em>A la Morera de Montsant (4,5km): Hotel Balc\u00f3 del Priorat<\/em><\/p>\n<p><em>A Cornudella: (16km): <a href=\"http:\/\/www.prioratenoturisme.com\/serveis\/cal-giral-1\/\">Cal Giral<\/a><\/em><\/p>\n<p><strong><em>\u00bfD\u00f3nde comer?<\/em><\/strong><\/p>\n<p><em>A la Morera de Montsant: <a href=\"http:\/\/www.prioratenoturisme.com\/serveis\/bar-lunic\/\">Bar l\u2019\u00danic<\/a><\/em><\/p>\n<p><em>A Poboleda (6km): <a href=\"http:\/\/www.prioratenoturisme.com\/serveis\/brots\/\">Brots Restaurant<\/a><\/em><\/p>\n<p><strong><em>\u00bfQu\u00e9 bodegas visitar?<\/em><\/strong><\/p>\n<p><em>A Scala Dei: <a href=\"http:\/\/www.prioratenoturisme.com\/serveis\/cellers-scala-dei\/\">Cellers Scala Dei<\/a><\/em><\/p>\n<p><em>A la Morera de Montsant: <a href=\"http:\/\/www.prioratenoturisme.com\/serveis\/joan-ametller\/\">Joan Ametller<\/a><\/em><\/p>\n<p><em>Poboleda: <a href=\"http:\/\/www.prioratenoturisme.com\/serveis\/burgos-porta\/\">Burgos Porta<\/a>, <a href=\"http:\/\/www.prioratenoturisme.com\/serveis\/mas-perinet\/\">Mas Perinet<\/a>.<\/em><\/p>\n<p><em>\u00a0<\/em><\/p>\n<h3>La ermita de Sant Antoni, un mirador de Porrera<\/h3>\n<p>La ermita de Sant Antoni Abat est\u00e1 situada arriba de un cerro, siendo un mirador excelente del municipio de Porrera. Su construcci\u00f3n data del a\u00f1o 1610, pero fue rehecha el 1773.<\/p>\n<p>Se accede por una pista forestal asfaltada. Por lo tanto, se puede hacer el camino tanto a pie como en coche, pero os recomendamos llegar paseando hasta arriba del cerro. Aparte de contemplar el edificio de la ermita, podr\u00e9is disfrutar de unas vistas privilegiadas del pueblo de Porrera y las vi\u00f1as que lo rodean. Para recuperar fuerzas, junto a la ermita, a trav\u00e9s de unas escaleras, se accede en una zona de picnic, con varias mesas y bancos de piedra.<\/p>\n<p><em>Los establecimientos de Priorato Enoturismo m\u00e1s cercanos&#8230;<\/em><\/p>\n<p><strong><em>\u00bfD\u00f3nde alojarse?<\/em><\/strong><\/p>\n<p><em>Porrera: <a href=\"http:\/\/www.prioratenoturisme.com\/serveis\/mas-ardevol\/\">Mas Ard\u00e8vol<\/a>, <a href=\"http:\/\/www.prioratenoturisme.com\/serveis\/cal-porrera\/\">Cal Porrer\u00e0<\/a>,\u00a0<a href=\"http:\/\/www.prioratenoturisme.com\/serveis\/la-carrerada-ii\/\">La Carrerada<\/a>.<\/em><\/p>\n<p><em>Pradell de la Teixeta (9km): <a href=\"http:\/\/www.prioratenoturisme.com\/serveis\/cal-porxo\/\">Cal Porxo<\/a>, <a href=\"http:\/\/www.prioratenoturisme.com\/serveis\/cal-cabre\/\">Cal Cabre<\/a>.<\/em><\/p>\n<p><em>Torroja del Priorat (8km): <a href=\"http:\/\/www.prioratenoturisme.com\/serveis\/cal-compte\/\">Cal Compte<\/a>.<\/em><\/p>\n<p><strong><em>Qu\u00e9 bodegas visitar?<\/em><\/strong><\/p>\n<p><strong><em>\u00a0<\/em><\/strong><em>Porrera<\/em><em>: <a href=\"http:\/\/www.prioratenoturisme.com\/serveis\/celler-vall-llach\/\">Celler Vall Llach<\/a>, <a href=\"http:\/\/www.prioratenoturisme.com\/serveis\/celler-balmaprat\/\">Celler Balmaprat<\/a>, <a href=\"http:\/\/www.prioratenoturisme.com\/serveis\/sangenis-i-vaque\/\">Celler Sangen\u00eds i Vaqu\u00e9<\/a>, <a href=\"http:\/\/www.prioratenoturisme.com\/serveis\/celler-cal-pla\/\">Celler Cal Pla<\/a>, <a href=\"http:\/\/www.prioratenoturisme.com\/serveis\/vinum-priorat\/\">Vinum Priorat<\/a>.<\/em><\/p>\n<p>&nbsp;<\/p>\n<h3>El Puente de Cavaloca, patrimonio de piedra seca<\/h3>\n<p>El Puente de Cavaloca se encuentra en el antiguo camino que un\u00eda los municipios de la Vilella Baixa y Cabac\u00e9s, dentro del Parque Natural de Montsant. Es un antiguo puente medieval singular, que se encuentra en perfecto estado y cruza el Barranco de Cavaloca.<\/p>\n<p>Desde la Vilella Baixa, se puede acceder por un sender se\u00f1alizado. Siguiendo el camino, podr\u00e9is contemplar el paisaje de olivos y los imponentes m\u00e1rgenes de piedra seca, caracter\u00edsticos de la zona.<\/p>\n<p><em>Los establecimientos de Priorat Enoturisme m\u00e1s cercanos&#8230;<\/em><\/p>\n<p><strong><em>\u00bfD\u00f3nde alojarse?<\/em><\/strong><\/p>\n<p><em>Gratallops (5,9km): <a href=\"http:\/\/www.prioratenoturisme.com\/serveis\/hostal-elvira\/\">Hostal Elvira<\/a>, <a href=\"http:\/\/www.prioratenoturisme.com\/serveis\/cal-salut\/\">Cal Salut<\/a>, <a href=\"http:\/\/www.prioratenoturisme.com\/serveis\/clos-figueras-bed-breakfast\/\">Clos Figueras<\/a>, <a href=\"http:\/\/www.prioratenoturisme.com\/serveis\/hotel-celler-builgine\/\">Hotel Celler Buil&amp;Gin\u00e9<\/a>, <a href=\"http:\/\/www.prioratenoturisme.com\/serveis\/cal-llop\/\">Hotel Cal Llop.<\/a><\/em><\/p>\n<p><strong><em>\u00bfD\u00f3nde comer?<\/em><\/strong><\/p>\n<p><em>Gratallops: <a href=\"http:\/\/www.prioratenoturisme.com\/serveis\/les-figueres\/\">Les Figueres<\/a>, <a href=\"http:\/\/www.prioratenoturisme.com\/serveis\/restaurant-celler-de-gratallops\/\">Restaurant Celler Gratallops<\/a>, <a href=\"http:\/\/www.prioratenoturisme.com\/serveis\/la-boca-del-llop-hotel-cal-llop\/\">La Boca del Llop<\/a>, <a href=\"http:\/\/www.prioratenoturisme.com\/serveis\/amics-restaurant-builgine\/\">Amics Restaurant Buil&amp;Gin\u00e9<\/a>.<\/em><\/p>\n<p><strong><em>Qu\u00e9 bodgas visitar?<\/em><\/strong><\/p>\n<p><em>Gratallops<strong>: <\/strong><a href=\"http:\/\/www.prioratenoturisme.com\/serveis\/celler-clos-figueras\/\">Celler Clos Figueras<\/a>, <a href=\"http:\/\/www.prioratenoturisme.com\/serveis\/builgine\/\">Buil&amp;Gin\u00e9<\/a>, <a href=\"http:\/\/www.prioratenoturisme.com\/serveis\/vinicola-del-priorat\/\">Vin\u00edcola del Priorat<\/a>, <a href=\"http:\/\/www.prioratenoturisme.com\/serveis\/sao-del-coster\/\">Sa\u00f3 del Coster<\/a>.<\/em><\/p>\n<p><strong><em>Qu\u00e9 molinos de aceite\u00a0visitar?<\/em><\/strong><\/p>\n<p><em>Gratallops: <a href=\"http:\/\/www.prioratenoturisme.com\/serveis\/clos-figueras\/\">Clos Figueras<\/a>, <a href=\"http:\/\/www.prioratenoturisme.com\/serveis\/moli-nou-vinicola-del-priorat\/\">Mol\u00ed Nou Vin\u00edcola del Priorat<\/a>.<\/em><\/p>\n<p><em>Cabac\u00e9s: <a href=\"http:\/\/www.prioratenoturisme.com\/serveis\/miro-cubells-moli-de-loli\/\">Mir\u00f3 Cubells<\/a>.<\/em><\/p>\n<p>&nbsp;<\/p>\n<h3>La Ermita de Sant Gregori, un paraje de belleza natural<\/h3>\n<p>Guarecida bajo una roca de gres cobrizo encontramos la ermita de Sant Gregori, un mirador privilegiado del valle de Falset. Situada a 1,5 km del municipio, se encuentra rodeada de rocas de formas peculiares. La ermita data del a\u00f1o 1927, puesto que la anterior fue destruida.<\/p>\n<p>Ante la ermita de Sant Gregori hay un balc\u00f3n con vistas en el valle y desde donde se pueden ver las puestas de sol en un paisaje \u00fanico. Tambi\u00e9n dispone de una \u00e1rea de ocio y un parque infantil.<\/p>\n<p><em>Los establecimientos de Priorat Enoturisme m\u00e1s cercanos&#8230;<\/em><\/p>\n<p><strong><em>\u00bfD\u00f3nde alojarse?<\/em><\/strong><\/p>\n<p><em>Falset: <a href=\"http:\/\/www.prioratenoturisme.com\/serveis\/escoleta-apartaments-turistics\/\">L\u2019Escoleta<\/a>, <a href=\"http:\/\/www.prioratenoturisme.com\/serveis\/apartaments-font-vella\/\">Apartaments Font Vella<\/a>, <a href=\"http:\/\/www.prioratenoturisme.com\/serveis\/hotel-hostal-sport\/\">Hotel Hostal Sport<\/a>, <a href=\"http:\/\/www.prioratenoturisme.com\/serveis\/hotel-lotus-priorat\/\">Hotel Lotus Priorat<\/a>, <a href=\"http:\/\/www.prioratenoturisme.com\/serveis\/mas-trucafort-2\/\">Mas Trucafort<\/a>, <a href=\"http:\/\/www.prioratenoturisme.com\/serveis\/mas-figueres\/\">Mas Figueres<\/a>. <\/em><\/p>\n<p><strong><em>\u00bfD\u00f3nde comer?<\/em><\/strong><\/p>\n<p><strong><em>\u00a0<\/em><\/strong><em>Falset: <a href=\"http:\/\/www.prioratenoturisme.com\/serveis\/restaurant-celler-de-gratallops\/\">Restaurant Celler de Gratallops<\/a>, <a href=\"http:\/\/www.prioratenoturisme.com\/serveis\/restaurant-hotel-hostal-sport\/\">Hotel Hostal Sport<\/a>, <a href=\"http:\/\/www.prioratenoturisme.com\/serveis\/quinoa\/\">Quinoa<\/a>, <a href=\"http:\/\/www.prioratenoturisme.com\/serveis\/aj-restaurant\/\">AJ Restaurant<\/a>, <a href=\"http:\/\/www.prioratenoturisme.com\/serveis\/restaurant-lotus-priorat\/\">Lotus Priorat<\/a>, <a href=\"http:\/\/www.prioratenoturisme.com\/serveis\/restaurant-el-cairat\/\">Restaurant El Cairat<\/a>, <a href=\"http:\/\/www.prioratenoturisme.com\/serveis\/mas-trucafort\/\">Mas Trucafort<\/a>.<\/em><\/p>\n<p><strong><em>\u00bfQu\u00e9 bodegas o vinater\u00edas visitar?<\/em><\/strong><\/p>\n<p><strong><em>\u00a0<\/em><\/strong><em>Falset: <a href=\"http:\/\/www.prioratenoturisme.com\/serveis\/cooperativa-falset-marca\/\">Cooperativa Falset Mar\u00e7\u00e0<\/a>, \u00a0<a href=\"http:\/\/www.prioratenoturisme.com\/serveis\/aguilo-vinateria\/\">Aguil\u00f3 Vinateria<\/a>, <a href=\"http:\/\/www.prioratenoturisme.com\/serveis\/vins-i-olis-del-priorat\/\">Vins i olis del Priorat<\/a>.<\/em><\/p>\n<p><em>\u00a0<\/em><\/p>\n<p><strong>Y t\u00fa, ya sabes cu\u00e1l es tu rinc\u00f3n preferido?<\/strong><\/p>\n<p>Entra a la p\u00e1gina de <a href=\"https:\/\/www.facebook.com\/prioratenoturisme\/\"><strong>Facebook de Priorat Enoturisme<\/strong><\/a>, <strong>comenta<\/strong> la publicaci\u00f3n explicando qu\u00e9 es tu lugar preferido, <strong>menciona a un amigo<\/strong> y entrar\u00e1s al sorteo de un <strong>pasaporte Priorat Terroir<\/strong>.<\/p>\n","protected":false},"excerpt":{"rendered":"<p>El Priorat est\u00e1 lleno de rincones con encanto donde disfrutar del paisaje y del territorio. En este art\u00edculo, os proponemos algunos lugares para visitar, pasear y desconectar, rodeados de natura. Son lugares donde se puede acceder a pie, de baja dificultad, ideales para compartir con la familia o los amigos. La Piedad, un espacio de [&hellip;]<\/p>\n","protected":false},"author":3,"featured_media":23298,"comment_status":"open","ping_status":"open","sticky":false,"template":"","format":"standard","meta":{"_acf_changed":false,"_et_pb_use_builder":"","_et_pb_old_content":"","_et_gb_content_width":"","footnotes":""},"categories":[7],"tags":[],"class_list":["post-25273","post","type-post","status-publish","format-standard","has-post-thumbnail","hentry","category-sin-categorizar"],"acf":[],"yoast_head":"<!-- This site is optimized with the Yoast SEO plugin v25.6 - https:\/\/yoast.com\/wordpress\/plugins\/seo\/ -->\n<title>Rincones del Priorat - Priorat Enoturisme<\/title>\n<meta name=\"description\" content=\"El Priorat est\u00e1 lleno de rincones con encanto donde disfrutar del paisaje y del territorio. En este art\u00edculo, os proponemos algunos lugares para visitar...\" \/>\n<meta name=\"robots\" content=\"index, follow, max-snippet:-1, max-image-preview:large, max-video-preview:-1\" \/>\n<link rel=\"canonical\" href=\"https:\/\/www.prioratenoturisme.com\/es\/rincones-del-priorat\/\" \/>\n<meta property=\"og:locale\" content=\"es_ES\" \/>\n<meta property=\"og:type\" content=\"article\" \/>\n<meta property=\"og:title\" content=\"Rincones del Priorat - Priorat Enoturisme\" \/>\n<meta property=\"og:description\" content=\"El Priorat est\u00e1 lleno de rincones con encanto donde disfrutar del paisaje y del territorio. En este art\u00edculo, os proponemos algunos lugares para visitar...\" \/>\n<meta property=\"og:url\" content=\"https:\/\/www.prioratenoturisme.com\/es\/rincones-del-priorat\/\" \/>\n<meta property=\"og:site_name\" content=\"Priorat Enoturisme\" \/>\n<meta property=\"article:publisher\" content=\"https:\/\/www.facebook.com\/prioratenoturisme\/\" \/>\n<meta property=\"article:published_time\" content=\"2017-01-25T23:00:00+00:00\" \/>\n<meta property=\"og:image\" content=\"https:\/\/www.prioratenoturisme.com\/wp-content\/uploads\/Pont-de-Cavaloca-1024x682.jpg\" \/>\n\t<meta property=\"og:image:width\" content=\"1024\" \/>\n\t<meta property=\"og:image:height\" content=\"682\" \/>\n\t<meta property=\"og:image:type\" content=\"image\/jpeg\" \/>\n<meta name=\"author\" content=\"Carl\" \/>\n<meta name=\"twitter:card\" content=\"summary_large_image\" \/>\n<meta name=\"twitter:label1\" content=\"Escrito por\" \/>\n\t<meta name=\"twitter:data1\" content=\"Carl\" \/>\n\t<meta name=\"twitter:label2\" content=\"Tiempo de lectura\" \/>\n\t<meta name=\"twitter:data2\" content=\"4 minutos\" \/>\n<script type=\"application\/ld+json\" class=\"yoast-schema-graph\">{\"@context\":\"https:\/\/schema.org\",\"@graph\":[{\"@type\":\"Article\",\"@id\":\"https:\/\/www.prioratenoturisme.com\/es\/rincones-del-priorat\/#article\",\"isPartOf\":{\"@id\":\"https:\/\/www.prioratenoturisme.com\/es\/rincones-del-priorat\/\"},\"author\":{\"name\":\"Carl\",\"@id\":\"https:\/\/www.prioratenoturisme.com\/#\/schema\/person\/ac06549b4da3bd34588e62fff2493010\"},\"headline\":\"Rincones del Priorat\",\"datePublished\":\"2017-01-25T23:00:00+00:00\",\"mainEntityOfPage\":{\"@id\":\"https:\/\/www.prioratenoturisme.com\/es\/rincones-del-priorat\/\"},\"wordCount\":872,\"commentCount\":0,\"publisher\":{\"@id\":\"https:\/\/www.prioratenoturisme.com\/#organization\"},\"image\":{\"@id\":\"https:\/\/www.prioratenoturisme.com\/es\/rincones-del-priorat\/#primaryimage\"},\"thumbnailUrl\":\"https:\/\/www.prioratenoturisme.com\/wp-content\/uploads\/Pont-de-Cavaloca.jpg\",\"articleSection\":[\"Sin categorizar\"],\"inLanguage\":\"es\",\"potentialAction\":[{\"@type\":\"CommentAction\",\"name\":\"Comment\",\"target\":[\"https:\/\/www.prioratenoturisme.com\/es\/rincones-del-priorat\/#respond\"]}]},{\"@type\":\"WebPage\",\"@id\":\"https:\/\/www.prioratenoturisme.com\/es\/rincones-del-priorat\/\",\"url\":\"https:\/\/www.prioratenoturisme.com\/es\/rincones-del-priorat\/\",\"name\":\"Rincones del Priorat - Priorat Enoturisme\",\"isPartOf\":{\"@id\":\"https:\/\/www.prioratenoturisme.com\/#website\"},\"primaryImageOfPage\":{\"@id\":\"https:\/\/www.prioratenoturisme.com\/es\/rincones-del-priorat\/#primaryimage\"},\"image\":{\"@id\":\"https:\/\/www.prioratenoturisme.com\/es\/rincones-del-priorat\/#primaryimage\"},\"thumbnailUrl\":\"https:\/\/www.prioratenoturisme.com\/wp-content\/uploads\/Pont-de-Cavaloca.jpg\",\"datePublished\":\"2017-01-25T23:00:00+00:00\",\"description\":\"El Priorat est\u00e1 lleno de rincones con encanto donde disfrutar del paisaje y del territorio. En este art\u00edculo, os proponemos algunos lugares para visitar...\",\"breadcrumb\":{\"@id\":\"https:\/\/www.prioratenoturisme.com\/es\/rincones-del-priorat\/#breadcrumb\"},\"inLanguage\":\"es\",\"potentialAction\":[{\"@type\":\"ReadAction\",\"target\":[\"https:\/\/www.prioratenoturisme.com\/es\/rincones-del-priorat\/\"]}]},{\"@type\":\"ImageObject\",\"inLanguage\":\"es\",\"@id\":\"https:\/\/www.prioratenoturisme.com\/es\/rincones-del-priorat\/#primaryimage\",\"url\":\"https:\/\/www.prioratenoturisme.com\/wp-content\/uploads\/Pont-de-Cavaloca.jpg\",\"contentUrl\":\"https:\/\/www.prioratenoturisme.com\/wp-content\/uploads\/Pont-de-Cavaloca.jpg\",\"width\":1600,\"height\":1066},{\"@type\":\"BreadcrumbList\",\"@id\":\"https:\/\/www.prioratenoturisme.com\/es\/rincones-del-priorat\/#breadcrumb\",\"itemListElement\":[{\"@type\":\"ListItem\",\"position\":1,\"name\":\"Portada\",\"item\":\"https:\/\/www.prioratenoturisme.com\/es\/inicio-vive-el-priorat\/\"},{\"@type\":\"ListItem\",\"position\":2,\"name\":\"Rincones del Priorat\"}]},{\"@type\":\"WebSite\",\"@id\":\"https:\/\/www.prioratenoturisme.com\/#website\",\"url\":\"https:\/\/www.prioratenoturisme.com\/\",\"name\":\"Priorat Enoturisme\",\"description\":\"Viu el Priorat\",\"publisher\":{\"@id\":\"https:\/\/www.prioratenoturisme.com\/#organization\"},\"potentialAction\":[{\"@type\":\"SearchAction\",\"target\":{\"@type\":\"EntryPoint\",\"urlTemplate\":\"https:\/\/www.prioratenoturisme.com\/?s={search_term_string}\"},\"query-input\":{\"@type\":\"PropertyValueSpecification\",\"valueRequired\":true,\"valueName\":\"search_term_string\"}}],\"inLanguage\":\"es\"},{\"@type\":\"Organization\",\"@id\":\"https:\/\/www.prioratenoturisme.com\/#organization\",\"name\":\"Priorat Enoturisme\",\"url\":\"https:\/\/www.prioratenoturisme.com\/\",\"logo\":{\"@type\":\"ImageObject\",\"inLanguage\":\"es\",\"@id\":\"https:\/\/www.prioratenoturisme.com\/#\/schema\/logo\/image\/\",\"url\":\"https:\/\/www.prioratenoturisme.com\/wp-content\/uploads\/2023\/03\/cropped-FAVICON.png\",\"contentUrl\":\"https:\/\/www.prioratenoturisme.com\/wp-content\/uploads\/2023\/03\/cropped-FAVICON.png\",\"width\":512,\"height\":512,\"caption\":\"Priorat Enoturisme\"},\"image\":{\"@id\":\"https:\/\/www.prioratenoturisme.com\/#\/schema\/logo\/image\/\"},\"sameAs\":[\"https:\/\/www.facebook.com\/prioratenoturisme\/\",\"https:\/\/www.instagram.com\/prioratenoturisme\/\"]},{\"@type\":\"Person\",\"@id\":\"https:\/\/www.prioratenoturisme.com\/#\/schema\/person\/ac06549b4da3bd34588e62fff2493010\",\"name\":\"Carl\",\"image\":{\"@type\":\"ImageObject\",\"inLanguage\":\"es\",\"@id\":\"https:\/\/www.prioratenoturisme.com\/#\/schema\/person\/image\/\",\"url\":\"https:\/\/secure.gravatar.com\/avatar\/?s=96&d=mm&r=g\",\"contentUrl\":\"https:\/\/secure.gravatar.com\/avatar\/?s=96&d=mm&r=g\",\"caption\":\"Carl\"},\"url\":\"https:\/\/www.prioratenoturisme.com\/es\/author\/carl\/\"}]}<\/script>\n<!-- \/ Yoast SEO plugin. -->","yoast_head_json":{"title":"Rincones del Priorat - Priorat Enoturisme","description":"El Priorat est\u00e1 lleno de rincones con encanto donde disfrutar del paisaje y del territorio. En este art\u00edculo, os proponemos algunos lugares para visitar...","robots":{"index":"index","follow":"follow","max-snippet":"max-snippet:-1","max-image-preview":"max-image-preview:large","max-video-preview":"max-video-preview:-1"},"canonical":"https:\/\/www.prioratenoturisme.com\/es\/rincones-del-priorat\/","og_locale":"es_ES","og_type":"article","og_title":"Rincones del Priorat - Priorat Enoturisme","og_description":"El Priorat est\u00e1 lleno de rincones con encanto donde disfrutar del paisaje y del territorio. En este art\u00edculo, os proponemos algunos lugares para visitar...","og_url":"https:\/\/www.prioratenoturisme.com\/es\/rincones-del-priorat\/","og_site_name":"Priorat Enoturisme","article_publisher":"https:\/\/www.facebook.com\/prioratenoturisme\/","article_published_time":"2017-01-25T23:00:00+00:00","og_image":[{"width":1024,"height":682,"url":"https:\/\/www.prioratenoturisme.com\/wp-content\/uploads\/Pont-de-Cavaloca-1024x682.jpg","type":"image\/jpeg"}],"author":"Carl","twitter_card":"summary_large_image","twitter_misc":{"Escrito por":"Carl","Tiempo de lectura":"4 minutos"},"schema":{"@context":"https:\/\/schema.org","@graph":[{"@type":"Article","@id":"https:\/\/www.prioratenoturisme.com\/es\/rincones-del-priorat\/#article","isPartOf":{"@id":"https:\/\/www.prioratenoturisme.com\/es\/rincones-del-priorat\/"},"author":{"name":"Carl","@id":"https:\/\/www.prioratenoturisme.com\/#\/schema\/person\/ac06549b4da3bd34588e62fff2493010"},"headline":"Rincones del Priorat","datePublished":"2017-01-25T23:00:00+00:00","mainEntityOfPage":{"@id":"https:\/\/www.prioratenoturisme.com\/es\/rincones-del-priorat\/"},"wordCount":872,"commentCount":0,"publisher":{"@id":"https:\/\/www.prioratenoturisme.com\/#organization"},"image":{"@id":"https:\/\/www.prioratenoturisme.com\/es\/rincones-del-priorat\/#primaryimage"},"thumbnailUrl":"https:\/\/www.prioratenoturisme.com\/wp-content\/uploads\/Pont-de-Cavaloca.jpg","articleSection":["Sin categorizar"],"inLanguage":"es","potentialAction":[{"@type":"CommentAction","name":"Comment","target":["https:\/\/www.prioratenoturisme.com\/es\/rincones-del-priorat\/#respond"]}]},{"@type":"WebPage","@id":"https:\/\/www.prioratenoturisme.com\/es\/rincones-del-priorat\/","url":"https:\/\/www.prioratenoturisme.com\/es\/rincones-del-priorat\/","name":"Rincones del Priorat - Priorat Enoturisme","isPartOf":{"@id":"https:\/\/www.prioratenoturisme.com\/#website"},"primaryImageOfPage":{"@id":"https:\/\/www.prioratenoturisme.com\/es\/rincones-del-priorat\/#primaryimage"},"image":{"@id":"https:\/\/www.prioratenoturisme.com\/es\/rincones-del-priorat\/#primaryimage"},"thumbnailUrl":"https:\/\/www.prioratenoturisme.com\/wp-content\/uploads\/Pont-de-Cavaloca.jpg","datePublished":"2017-01-25T23:00:00+00:00","description":"El Priorat est\u00e1 lleno de rincones con encanto donde disfrutar del paisaje y del territorio. En este art\u00edculo, os proponemos algunos lugares para visitar...","breadcrumb":{"@id":"https:\/\/www.prioratenoturisme.com\/es\/rincones-del-priorat\/#breadcrumb"},"inLanguage":"es","potentialAction":[{"@type":"ReadAction","target":["https:\/\/www.prioratenoturisme.com\/es\/rincones-del-priorat\/"]}]},{"@type":"ImageObject","inLanguage":"es","@id":"https:\/\/www.prioratenoturisme.com\/es\/rincones-del-priorat\/#primaryimage","url":"https:\/\/www.prioratenoturisme.com\/wp-content\/uploads\/Pont-de-Cavaloca.jpg","contentUrl":"https:\/\/www.prioratenoturisme.com\/wp-content\/uploads\/Pont-de-Cavaloca.jpg","width":1600,"height":1066},{"@type":"BreadcrumbList","@id":"https:\/\/www.prioratenoturisme.com\/es\/rincones-del-priorat\/#breadcrumb","itemListElement":[{"@type":"ListItem","position":1,"name":"Portada","item":"https:\/\/www.prioratenoturisme.com\/es\/inicio-vive-el-priorat\/"},{"@type":"ListItem","position":2,"name":"Rincones del Priorat"}]},{"@type":"WebSite","@id":"https:\/\/www.prioratenoturisme.com\/#website","url":"https:\/\/www.prioratenoturisme.com\/","name":"Priorat Enoturisme","description":"Viu el Priorat","publisher":{"@id":"https:\/\/www.prioratenoturisme.com\/#organization"},"potentialAction":[{"@type":"SearchAction","target":{"@type":"EntryPoint","urlTemplate":"https:\/\/www.prioratenoturisme.com\/?s={search_term_string}"},"query-input":{"@type":"PropertyValueSpecification","valueRequired":true,"valueName":"search_term_string"}}],"inLanguage":"es"},{"@type":"Organization","@id":"https:\/\/www.prioratenoturisme.com\/#organization","name":"Priorat Enoturisme","url":"https:\/\/www.prioratenoturisme.com\/","logo":{"@type":"ImageObject","inLanguage":"es","@id":"https:\/\/www.prioratenoturisme.com\/#\/schema\/logo\/image\/","url":"https:\/\/www.prioratenoturisme.com\/wp-content\/uploads\/2023\/03\/cropped-FAVICON.png","contentUrl":"https:\/\/www.prioratenoturisme.com\/wp-content\/uploads\/2023\/03\/cropped-FAVICON.png","width":512,"height":512,"caption":"Priorat Enoturisme"},"image":{"@id":"https:\/\/www.prioratenoturisme.com\/#\/schema\/logo\/image\/"},"sameAs":["https:\/\/www.facebook.com\/prioratenoturisme\/","https:\/\/www.instagram.com\/prioratenoturisme\/"]},{"@type":"Person","@id":"https:\/\/www.prioratenoturisme.com\/#\/schema\/person\/ac06549b4da3bd34588e62fff2493010","name":"Carl","image":{"@type":"ImageObject","inLanguage":"es","@id":"https:\/\/www.prioratenoturisme.com\/#\/schema\/person\/image\/","url":"https:\/\/secure.gravatar.com\/avatar\/?s=96&d=mm&r=g","contentUrl":"https:\/\/secure.gravatar.com\/avatar\/?s=96&d=mm&r=g","caption":"Carl"},"url":"https:\/\/www.prioratenoturisme.com\/es\/author\/carl\/"}]}},"_links":{"self":[{"href":"https:\/\/www.prioratenoturisme.com\/es\/wp-json\/wp\/v2\/posts\/25273","targetHints":{"allow":["GET"]}}],"collection":[{"href":"https:\/\/www.prioratenoturisme.com\/es\/wp-json\/wp\/v2\/posts"}],"about":[{"href":"https:\/\/www.prioratenoturisme.com\/es\/wp-json\/wp\/v2\/types\/post"}],"author":[{"embeddable":true,"href":"https:\/\/www.prioratenoturisme.com\/es\/wp-json\/wp\/v2\/users\/3"}],"replies":[{"embeddable":true,"href":"https:\/\/www.prioratenoturisme.com\/es\/wp-json\/wp\/v2\/comments?post=25273"}],"version-history":[{"count":0,"href":"https:\/\/www.prioratenoturisme.com\/es\/wp-json\/wp\/v2\/posts\/25273\/revisions"}],"wp:featuredmedia":[{"embeddable":true,"href":"https:\/\/www.prioratenoturisme.com\/es\/wp-json\/wp\/v2\/media\/23298"}],"wp:attachment":[{"href":"https:\/\/www.prioratenoturisme.com\/es\/wp-json\/wp\/v2\/media?parent=25273"}],"wp:term":[{"taxonomy":"category","embeddable":true,"href":"https:\/\/www.prioratenoturisme.com\/es\/wp-json\/wp\/v2\/categories?post=25273"},{"taxonomy":"post_tag","embeddable":true,"href":"https:\/\/www.prioratenoturisme.com\/es\/wp-json\/wp\/v2\/tags?post=25273"}],"curies":[{"name":"wp","href":"https:\/\/api.w.org\/{rel}","templated":true}]}}