{"id":25383,"date":"2022-02-28T00:00:00","date_gmt":"2022-02-27T23:00:00","guid":{"rendered":"https:\/\/www.prioratenoturisme.com\/priorat-enoturisme-se-suma-al-convenio-corner-2022-para-promocionar-el-territorio\/"},"modified":"2022-02-28T00:00:00","modified_gmt":"2022-02-27T23:00:00","slug":"priorat-enoturisme-se-suma-al-convenio-corner-2022-para-promocionar-el-territorio","status":"publish","type":"post","link":"https:\/\/www.prioratenoturisme.com\/es\/priorat-enoturisme-se-suma-al-convenio-corner-2022-para-promocionar-el-territorio\/","title":{"rendered":"Priorat Enoturisme se suma al \u201cConvenio C\u00f3rner 2022\u201d para promocionar el territorio"},"content":{"rendered":"<p>Acabamos el mes de febrero haci\u00e9ndonos eco del \u201cConvenio C\u00f3rner 2022\u201d del Patronato de Turismo de la Diputaci\u00f3n de Tarragona, al que <strong>Priorat Enoturisme se ha sumado.<\/strong> El convenio, que llega este a\u00f1o a su 18\u00aa edici\u00f3n, pretende llevar a cabo numerosas iniciativas de promoci\u00f3n del territorio a nivel internacional.<\/p>\n<p>El objetivo del convenio es<strong> reforzar la imagen de marca Costa Daurada<\/strong> teniendo mayor visibilidad en ferias y eventos de \u00e1mbito nacional e internacional, como Navartur en Pamplona, \u200b\u200bFitur en Madrid o World Travel Market en Londres, entre otros.<\/p>\n<p>Por otra parte, se prev\u00e9 tambi\u00e9n<strong> apostar por acciones publicitarias que potencien el territorio<\/strong> y atraer as\u00ed m\u00e1s turismo. Uno de los mercados donde se pone especial atenci\u00f3n es el franc\u00e9s, donde se quiere llevar a cabo una estrategia de marketing para difundir las diferentes experiencias tur\u00edsticas y mejorar el posicionamiento de la Costa Daurada.<\/p>\n<p>Un total de<strong> 27 ayuntamientos y entidades p\u00fablicas y privadas vinculadas al sector tur\u00edstico<\/strong> se han sumado. Por tanto, adem\u00e1s de Priorat Enoturisme, el convenio cuenta con la participaci\u00f3n de los ayuntamientos de Altafulla, Calafell, Cambrils, Cunit, Mont-roig del Camp, Reus, Salou, Tarragona, Torredembarra, Vandell\u00f2s y Hospitalet de l\u2019Infant, El Vendrell y Vila-seca.<\/p>\n<p>Tambi\u00e9n cuenta con la participaci\u00f3n de los Consejos Comarcales del Baix Camp, de la Conca de Barber\u00e0-La Ruta del Cister y del Priorat; la Federaci\u00f3n Empresarial de Hosteler\u00eda y Turismo de la Provincia de Tarragona, el N\u00e0utic Parc Costa Daurada i Terres de l&#8217;Ebre-Estaci\u00f3 N\u00e0utica, Aquopolis Costa Daurada y PortAventura.<\/p>\n<p>En cuanto a <strong>las asociaciones<\/strong>, forman parte tambi\u00e9n la Asociaci\u00f3n Hotelera de la Costa Daurada y las Terres de l&#8217;Ebre, la Asociaci\u00f3n Empresarios Hosteler\u00eda de la Provincia de Tarragona, la Asociaci\u00f3n Hotelera de la Provincia de Tarragona, la Asociaci\u00f3n de Campings de la Costa Daurada y Terres de l&#8217;Ebre, la Asociaci\u00f3n de Apartamentos Tur\u00edsticos de la Costa Daurada y la Asociaci\u00f3n Costa Daurada Destino de Golf y Pitch &amp; Putt.<\/p>\n<p>Meritxell Roig\u00e9, presidenta del Patronato de Turismo de la Diputaci\u00f3n de Tarragona, augura \u00abuna buena temporada\u00bb en un a\u00f1o que ya se acerca m\u00e1s a la vuelta a la normalidad. Adem\u00e1s, Roig\u00e9 ha planteado <strong>abrir una etapa de reflexi\u00f3n y adaptarse a los nuevos tiempos<\/strong> y a los cambios precipitados con la pandemia para actualizar las condiciones de marketing, de la mano del sector tur\u00edstico privado.<\/p>\n","protected":false},"excerpt":{"rendered":"<p>Acabamos el mes de febrero haci\u00e9ndonos eco del \u201cConvenio C\u00f3rner 2022\u201d del Patronato de Turismo de la Diputaci\u00f3n de Tarragona, al que Priorat Enoturisme se ha sumado. El convenio, que llega este a\u00f1o a su 18\u00aa edici\u00f3n, pretende llevar a cabo numerosas iniciativas de promoci\u00f3n del territorio a nivel internacional. El objetivo del convenio es [&hellip;]<\/p>\n","protected":false},"author":1,"featured_media":24510,"comment_status":"open","ping_status":"open","sticky":false,"template":"","format":"standard","meta":{"_acf_changed":false,"_et_pb_use_builder":"","_et_pb_old_content":"","_et_gb_content_width":"","footnotes":""},"categories":[231],"tags":[278,279,281,280,277,260],"class_list":["post-25383","post","type-post","status-publish","format-standard","has-post-thumbnail","hentry","category-blog","tag-convenio","tag-corner","tag-diputacio-de-tarragona","tag-patronat-de-turisme","tag-priorat-enoturismo","tag-turismo"],"acf":[],"yoast_head":"<!-- This site is optimized with the Yoast SEO plugin v25.6 - https:\/\/yoast.com\/wordpress\/plugins\/seo\/ -->\n<title>Priorat Enoturisme se suma al \u201cConvenio C\u00f3rner 2022\u201d para promocionar el territorio - Priorat Enoturisme<\/title>\n<meta name=\"robots\" content=\"index, follow, max-snippet:-1, max-image-preview:large, max-video-preview:-1\" \/>\n<link rel=\"canonical\" href=\"https:\/\/www.prioratenoturisme.com\/es\/priorat-enoturisme-se-suma-al-convenio-corner-2022-para-promocionar-el-territorio\/\" \/>\n<meta property=\"og:locale\" content=\"es_ES\" \/>\n<meta property=\"og:type\" content=\"article\" \/>\n<meta property=\"og:title\" content=\"Priorat Enoturisme se suma al \u201cConvenio C\u00f3rner 2022\u201d para promocionar el territorio - Priorat Enoturisme\" \/>\n<meta property=\"og:description\" content=\"Acabamos el mes de febrero haci\u00e9ndonos eco del \u201cConvenio C\u00f3rner 2022\u201d del Patronato de Turismo de la Diputaci\u00f3n de Tarragona, al que Priorat Enoturisme se ha sumado. El convenio, que llega este a\u00f1o a su 18\u00aa edici\u00f3n, pretende llevar a cabo numerosas iniciativas de promoci\u00f3n del territorio a nivel internacional. El objetivo del convenio es [&hellip;]\" \/>\n<meta property=\"og:url\" content=\"https:\/\/www.prioratenoturisme.com\/es\/priorat-enoturisme-se-suma-al-convenio-corner-2022-para-promocionar-el-territorio\/\" \/>\n<meta property=\"og:site_name\" content=\"Priorat Enoturisme\" \/>\n<meta property=\"article:publisher\" content=\"https:\/\/www.facebook.com\/prioratenoturisme\/\" \/>\n<meta property=\"article:published_time\" content=\"2022-02-27T23:00:00+00:00\" \/>\n<meta property=\"og:image\" content=\"https:\/\/www.prioratenoturisme.com\/wp-content\/uploads\/4q9a1778ss22221_2c21e433.jpg\" \/>\n\t<meta property=\"og:image:width\" content=\"953\" \/>\n\t<meta property=\"og:image:height\" content=\"542\" \/>\n\t<meta property=\"og:image:type\" content=\"image\/jpeg\" \/>\n<meta name=\"author\" content=\"admin\" \/>\n<meta name=\"twitter:card\" content=\"summary_large_image\" \/>\n<meta name=\"twitter:label1\" content=\"Escrito por\" \/>\n\t<meta name=\"twitter:data1\" content=\"admin\" \/>\n\t<meta name=\"twitter:label2\" content=\"Tiempo de lectura\" \/>\n\t<meta name=\"twitter:data2\" content=\"3 minutos\" \/>\n<script type=\"application\/ld+json\" class=\"yoast-schema-graph\">{\"@context\":\"https:\/\/schema.org\",\"@graph\":[{\"@type\":\"Article\",\"@id\":\"https:\/\/www.prioratenoturisme.com\/es\/priorat-enoturisme-se-suma-al-convenio-corner-2022-para-promocionar-el-territorio\/#article\",\"isPartOf\":{\"@id\":\"https:\/\/www.prioratenoturisme.com\/es\/priorat-enoturisme-se-suma-al-convenio-corner-2022-para-promocionar-el-territorio\/\"},\"author\":{\"name\":\"admin\",\"@id\":\"https:\/\/www.prioratenoturisme.com\/#\/schema\/person\/cf8b2b46ed7cccfee161b86aa5c2c3eb\"},\"headline\":\"Priorat Enoturisme se suma al \u201cConvenio C\u00f3rner 2022\u201d para promocionar el territorio\",\"datePublished\":\"2022-02-27T23:00:00+00:00\",\"mainEntityOfPage\":{\"@id\":\"https:\/\/www.prioratenoturisme.com\/es\/priorat-enoturisme-se-suma-al-convenio-corner-2022-para-promocionar-el-territorio\/\"},\"wordCount\":434,\"commentCount\":0,\"publisher\":{\"@id\":\"https:\/\/www.prioratenoturisme.com\/#organization\"},\"image\":{\"@id\":\"https:\/\/www.prioratenoturisme.com\/es\/priorat-enoturisme-se-suma-al-convenio-corner-2022-para-promocionar-el-territorio\/#primaryimage\"},\"thumbnailUrl\":\"https:\/\/www.prioratenoturisme.com\/wp-content\/uploads\/4q9a1778ss22221_2c21e433.jpg\",\"keywords\":[\"convenio\",\"corner\",\"diputacio de tarragona\",\"patronat de turisme\",\"priorat enoturismo\",\"turismo\"],\"articleSection\":[\"Blog\"],\"inLanguage\":\"es\",\"potentialAction\":[{\"@type\":\"CommentAction\",\"name\":\"Comment\",\"target\":[\"https:\/\/www.prioratenoturisme.com\/es\/priorat-enoturisme-se-suma-al-convenio-corner-2022-para-promocionar-el-territorio\/#respond\"]}]},{\"@type\":\"WebPage\",\"@id\":\"https:\/\/www.prioratenoturisme.com\/es\/priorat-enoturisme-se-suma-al-convenio-corner-2022-para-promocionar-el-territorio\/\",\"url\":\"https:\/\/www.prioratenoturisme.com\/es\/priorat-enoturisme-se-suma-al-convenio-corner-2022-para-promocionar-el-territorio\/\",\"name\":\"Priorat Enoturisme se suma al \u201cConvenio C\u00f3rner 2022\u201d para promocionar el territorio - Priorat Enoturisme\",\"isPartOf\":{\"@id\":\"https:\/\/www.prioratenoturisme.com\/#website\"},\"primaryImageOfPage\":{\"@id\":\"https:\/\/www.prioratenoturisme.com\/es\/priorat-enoturisme-se-suma-al-convenio-corner-2022-para-promocionar-el-territorio\/#primaryimage\"},\"image\":{\"@id\":\"https:\/\/www.prioratenoturisme.com\/es\/priorat-enoturisme-se-suma-al-convenio-corner-2022-para-promocionar-el-territorio\/#primaryimage\"},\"thumbnailUrl\":\"https:\/\/www.prioratenoturisme.com\/wp-content\/uploads\/4q9a1778ss22221_2c21e433.jpg\",\"datePublished\":\"2022-02-27T23:00:00+00:00\",\"breadcrumb\":{\"@id\":\"https:\/\/www.prioratenoturisme.com\/es\/priorat-enoturisme-se-suma-al-convenio-corner-2022-para-promocionar-el-territorio\/#breadcrumb\"},\"inLanguage\":\"es\",\"potentialAction\":[{\"@type\":\"ReadAction\",\"target\":[\"https:\/\/www.prioratenoturisme.com\/es\/priorat-enoturisme-se-suma-al-convenio-corner-2022-para-promocionar-el-territorio\/\"]}]},{\"@type\":\"ImageObject\",\"inLanguage\":\"es\",\"@id\":\"https:\/\/www.prioratenoturisme.com\/es\/priorat-enoturisme-se-suma-al-convenio-corner-2022-para-promocionar-el-territorio\/#primaryimage\",\"url\":\"https:\/\/www.prioratenoturisme.com\/wp-content\/uploads\/4q9a1778ss22221_2c21e433.jpg\",\"contentUrl\":\"https:\/\/www.prioratenoturisme.com\/wp-content\/uploads\/4q9a1778ss22221_2c21e433.jpg\",\"width\":953,\"height\":542},{\"@type\":\"BreadcrumbList\",\"@id\":\"https:\/\/www.prioratenoturisme.com\/es\/priorat-enoturisme-se-suma-al-convenio-corner-2022-para-promocionar-el-territorio\/#breadcrumb\",\"itemListElement\":[{\"@type\":\"ListItem\",\"position\":1,\"name\":\"Portada\",\"item\":\"https:\/\/www.prioratenoturisme.com\/es\/inicio-vive-el-priorat\/\"},{\"@type\":\"ListItem\",\"position\":2,\"name\":\"Priorat Enoturisme se suma al \u201cConvenio C\u00f3rner 2022\u201d para promocionar el territorio\"}]},{\"@type\":\"WebSite\",\"@id\":\"https:\/\/www.prioratenoturisme.com\/#website\",\"url\":\"https:\/\/www.prioratenoturisme.com\/\",\"name\":\"Priorat Enoturisme\",\"description\":\"Viu el Priorat\",\"publisher\":{\"@id\":\"https:\/\/www.prioratenoturisme.com\/#organization\"},\"potentialAction\":[{\"@type\":\"SearchAction\",\"target\":{\"@type\":\"EntryPoint\",\"urlTemplate\":\"https:\/\/www.prioratenoturisme.com\/?s={search_term_string}\"},\"query-input\":{\"@type\":\"PropertyValueSpecification\",\"valueRequired\":true,\"valueName\":\"search_term_string\"}}],\"inLanguage\":\"es\"},{\"@type\":\"Organization\",\"@id\":\"https:\/\/www.prioratenoturisme.com\/#organization\",\"name\":\"Priorat Enoturisme\",\"url\":\"https:\/\/www.prioratenoturisme.com\/\",\"logo\":{\"@type\":\"ImageObject\",\"inLanguage\":\"es\",\"@id\":\"https:\/\/www.prioratenoturisme.com\/#\/schema\/logo\/image\/\",\"url\":\"https:\/\/www.prioratenoturisme.com\/wp-content\/uploads\/2023\/03\/cropped-FAVICON.png\",\"contentUrl\":\"https:\/\/www.prioratenoturisme.com\/wp-content\/uploads\/2023\/03\/cropped-FAVICON.png\",\"width\":512,\"height\":512,\"caption\":\"Priorat Enoturisme\"},\"image\":{\"@id\":\"https:\/\/www.prioratenoturisme.com\/#\/schema\/logo\/image\/\"},\"sameAs\":[\"https:\/\/www.facebook.com\/prioratenoturisme\/\",\"https:\/\/www.instagram.com\/prioratenoturisme\/\"]},{\"@type\":\"Person\",\"@id\":\"https:\/\/www.prioratenoturisme.com\/#\/schema\/person\/cf8b2b46ed7cccfee161b86aa5c2c3eb\",\"name\":\"admin\",\"image\":{\"@type\":\"ImageObject\",\"inLanguage\":\"es\",\"@id\":\"https:\/\/www.prioratenoturisme.com\/#\/schema\/person\/image\/\",\"url\":\"https:\/\/secure.gravatar.com\/avatar\/aa0e2682f59fc8b757b375c7694c3398eb8a415e07a4ef7a4c0424484a51a974?s=96&d=mm&r=g\",\"contentUrl\":\"https:\/\/secure.gravatar.com\/avatar\/aa0e2682f59fc8b757b375c7694c3398eb8a415e07a4ef7a4c0424484a51a974?s=96&d=mm&r=g\",\"caption\":\"admin\"},\"sameAs\":[\"https:\/\/www.prioratenoturisme.com\"],\"url\":\"https:\/\/www.prioratenoturisme.com\/es\/author\/info_7igyc0mu\/\"}]}<\/script>\n<!-- \/ Yoast SEO plugin. -->","yoast_head_json":{"title":"Priorat Enoturisme se suma al \u201cConvenio C\u00f3rner 2022\u201d para promocionar el territorio - Priorat Enoturisme","robots":{"index":"index","follow":"follow","max-snippet":"max-snippet:-1","max-image-preview":"max-image-preview:large","max-video-preview":"max-video-preview:-1"},"canonical":"https:\/\/www.prioratenoturisme.com\/es\/priorat-enoturisme-se-suma-al-convenio-corner-2022-para-promocionar-el-territorio\/","og_locale":"es_ES","og_type":"article","og_title":"Priorat Enoturisme se suma al \u201cConvenio C\u00f3rner 2022\u201d para promocionar el territorio - Priorat Enoturisme","og_description":"Acabamos el mes de febrero haci\u00e9ndonos eco del \u201cConvenio C\u00f3rner 2022\u201d del Patronato de Turismo de la Diputaci\u00f3n de Tarragona, al que Priorat Enoturisme se ha sumado. El convenio, que llega este a\u00f1o a su 18\u00aa edici\u00f3n, pretende llevar a cabo numerosas iniciativas de promoci\u00f3n del territorio a nivel internacional. El objetivo del convenio es [&hellip;]","og_url":"https:\/\/www.prioratenoturisme.com\/es\/priorat-enoturisme-se-suma-al-convenio-corner-2022-para-promocionar-el-territorio\/","og_site_name":"Priorat Enoturisme","article_publisher":"https:\/\/www.facebook.com\/prioratenoturisme\/","article_published_time":"2022-02-27T23:00:00+00:00","og_image":[{"width":953,"height":542,"url":"https:\/\/www.prioratenoturisme.com\/wp-content\/uploads\/4q9a1778ss22221_2c21e433.jpg","type":"image\/jpeg"}],"author":"admin","twitter_card":"summary_large_image","twitter_misc":{"Escrito por":"admin","Tiempo de lectura":"3 minutos"},"schema":{"@context":"https:\/\/schema.org","@graph":[{"@type":"Article","@id":"https:\/\/www.prioratenoturisme.com\/es\/priorat-enoturisme-se-suma-al-convenio-corner-2022-para-promocionar-el-territorio\/#article","isPartOf":{"@id":"https:\/\/www.prioratenoturisme.com\/es\/priorat-enoturisme-se-suma-al-convenio-corner-2022-para-promocionar-el-territorio\/"},"author":{"name":"admin","@id":"https:\/\/www.prioratenoturisme.com\/#\/schema\/person\/cf8b2b46ed7cccfee161b86aa5c2c3eb"},"headline":"Priorat Enoturisme se suma al \u201cConvenio C\u00f3rner 2022\u201d para promocionar el territorio","datePublished":"2022-02-27T23:00:00+00:00","mainEntityOfPage":{"@id":"https:\/\/www.prioratenoturisme.com\/es\/priorat-enoturisme-se-suma-al-convenio-corner-2022-para-promocionar-el-territorio\/"},"wordCount":434,"commentCount":0,"publisher":{"@id":"https:\/\/www.prioratenoturisme.com\/#organization"},"image":{"@id":"https:\/\/www.prioratenoturisme.com\/es\/priorat-enoturisme-se-suma-al-convenio-corner-2022-para-promocionar-el-territorio\/#primaryimage"},"thumbnailUrl":"https:\/\/www.prioratenoturisme.com\/wp-content\/uploads\/4q9a1778ss22221_2c21e433.jpg","keywords":["convenio","corner","diputacio de tarragona","patronat de turisme","priorat enoturismo","turismo"],"articleSection":["Blog"],"inLanguage":"es","potentialAction":[{"@type":"CommentAction","name":"Comment","target":["https:\/\/www.prioratenoturisme.com\/es\/priorat-enoturisme-se-suma-al-convenio-corner-2022-para-promocionar-el-territorio\/#respond"]}]},{"@type":"WebPage","@id":"https:\/\/www.prioratenoturisme.com\/es\/priorat-enoturisme-se-suma-al-convenio-corner-2022-para-promocionar-el-territorio\/","url":"https:\/\/www.prioratenoturisme.com\/es\/priorat-enoturisme-se-suma-al-convenio-corner-2022-para-promocionar-el-territorio\/","name":"Priorat Enoturisme se suma al \u201cConvenio C\u00f3rner 2022\u201d para promocionar el territorio - Priorat Enoturisme","isPartOf":{"@id":"https:\/\/www.prioratenoturisme.com\/#website"},"primaryImageOfPage":{"@id":"https:\/\/www.prioratenoturisme.com\/es\/priorat-enoturisme-se-suma-al-convenio-corner-2022-para-promocionar-el-territorio\/#primaryimage"},"image":{"@id":"https:\/\/www.prioratenoturisme.com\/es\/priorat-enoturisme-se-suma-al-convenio-corner-2022-para-promocionar-el-territorio\/#primaryimage"},"thumbnailUrl":"https:\/\/www.prioratenoturisme.com\/wp-content\/uploads\/4q9a1778ss22221_2c21e433.jpg","datePublished":"2022-02-27T23:00:00+00:00","breadcrumb":{"@id":"https:\/\/www.prioratenoturisme.com\/es\/priorat-enoturisme-se-suma-al-convenio-corner-2022-para-promocionar-el-territorio\/#breadcrumb"},"inLanguage":"es","potentialAction":[{"@type":"ReadAction","target":["https:\/\/www.prioratenoturisme.com\/es\/priorat-enoturisme-se-suma-al-convenio-corner-2022-para-promocionar-el-territorio\/"]}]},{"@type":"ImageObject","inLanguage":"es","@id":"https:\/\/www.prioratenoturisme.com\/es\/priorat-enoturisme-se-suma-al-convenio-corner-2022-para-promocionar-el-territorio\/#primaryimage","url":"https:\/\/www.prioratenoturisme.com\/wp-content\/uploads\/4q9a1778ss22221_2c21e433.jpg","contentUrl":"https:\/\/www.prioratenoturisme.com\/wp-content\/uploads\/4q9a1778ss22221_2c21e433.jpg","width":953,"height":542},{"@type":"BreadcrumbList","@id":"https:\/\/www.prioratenoturisme.com\/es\/priorat-enoturisme-se-suma-al-convenio-corner-2022-para-promocionar-el-territorio\/#breadcrumb","itemListElement":[{"@type":"ListItem","position":1,"name":"Portada","item":"https:\/\/www.prioratenoturisme.com\/es\/inicio-vive-el-priorat\/"},{"@type":"ListItem","position":2,"name":"Priorat Enoturisme se suma al \u201cConvenio C\u00f3rner 2022\u201d para promocionar el territorio"}]},{"@type":"WebSite","@id":"https:\/\/www.prioratenoturisme.com\/#website","url":"https:\/\/www.prioratenoturisme.com\/","name":"Priorat Enoturisme","description":"Viu el Priorat","publisher":{"@id":"https:\/\/www.prioratenoturisme.com\/#organization"},"potentialAction":[{"@type":"SearchAction","target":{"@type":"EntryPoint","urlTemplate":"https:\/\/www.prioratenoturisme.com\/?s={search_term_string}"},"query-input":{"@type":"PropertyValueSpecification","valueRequired":true,"valueName":"search_term_string"}}],"inLanguage":"es"},{"@type":"Organization","@id":"https:\/\/www.prioratenoturisme.com\/#organization","name":"Priorat Enoturisme","url":"https:\/\/www.prioratenoturisme.com\/","logo":{"@type":"ImageObject","inLanguage":"es","@id":"https:\/\/www.prioratenoturisme.com\/#\/schema\/logo\/image\/","url":"https:\/\/www.prioratenoturisme.com\/wp-content\/uploads\/2023\/03\/cropped-FAVICON.png","contentUrl":"https:\/\/www.prioratenoturisme.com\/wp-content\/uploads\/2023\/03\/cropped-FAVICON.png","width":512,"height":512,"caption":"Priorat Enoturisme"},"image":{"@id":"https:\/\/www.prioratenoturisme.com\/#\/schema\/logo\/image\/"},"sameAs":["https:\/\/www.facebook.com\/prioratenoturisme\/","https:\/\/www.instagram.com\/prioratenoturisme\/"]},{"@type":"Person","@id":"https:\/\/www.prioratenoturisme.com\/#\/schema\/person\/cf8b2b46ed7cccfee161b86aa5c2c3eb","name":"admin","image":{"@type":"ImageObject","inLanguage":"es","@id":"https:\/\/www.prioratenoturisme.com\/#\/schema\/person\/image\/","url":"https:\/\/secure.gravatar.com\/avatar\/aa0e2682f59fc8b757b375c7694c3398eb8a415e07a4ef7a4c0424484a51a974?s=96&d=mm&r=g","contentUrl":"https:\/\/secure.gravatar.com\/avatar\/aa0e2682f59fc8b757b375c7694c3398eb8a415e07a4ef7a4c0424484a51a974?s=96&d=mm&r=g","caption":"admin"},"sameAs":["https:\/\/www.prioratenoturisme.com"],"url":"https:\/\/www.prioratenoturisme.com\/es\/author\/info_7igyc0mu\/"}]}},"_links":{"self":[{"href":"https:\/\/www.prioratenoturisme.com\/es\/wp-json\/wp\/v2\/posts\/25383","targetHints":{"allow":["GET"]}}],"collection":[{"href":"https:\/\/www.prioratenoturisme.com\/es\/wp-json\/wp\/v2\/posts"}],"about":[{"href":"https:\/\/www.prioratenoturisme.com\/es\/wp-json\/wp\/v2\/types\/post"}],"author":[{"embeddable":true,"href":"https:\/\/www.prioratenoturisme.com\/es\/wp-json\/wp\/v2\/users\/1"}],"replies":[{"embeddable":true,"href":"https:\/\/www.prioratenoturisme.com\/es\/wp-json\/wp\/v2\/comments?post=25383"}],"version-history":[{"count":0,"href":"https:\/\/www.prioratenoturisme.com\/es\/wp-json\/wp\/v2\/posts\/25383\/revisions"}],"wp:featuredmedia":[{"embeddable":true,"href":"https:\/\/www.prioratenoturisme.com\/es\/wp-json\/wp\/v2\/media\/24510"}],"wp:attachment":[{"href":"https:\/\/www.prioratenoturisme.com\/es\/wp-json\/wp\/v2\/media?parent=25383"}],"wp:term":[{"taxonomy":"category","embeddable":true,"href":"https:\/\/www.prioratenoturisme.com\/es\/wp-json\/wp\/v2\/categories?post=25383"},{"taxonomy":"post_tag","embeddable":true,"href":"https:\/\/www.prioratenoturisme.com\/es\/wp-json\/wp\/v2\/tags?post=25383"}],"curies":[{"name":"wp","href":"https:\/\/api.w.org\/{rel}","templated":true}]}}