{"id":25384,"date":"2022-03-14T00:00:00","date_gmt":"2022-03-13T23:00:00","guid":{"rendered":"https:\/\/www.prioratenoturisme.com\/el-brogit-y-siuranatours-participan-en-la-campana-de-escapadas-turisticas-lestalviatge\/"},"modified":"2022-03-14T00:00:00","modified_gmt":"2022-03-13T23:00:00","slug":"el-brogit-y-siuranatours-participan-en-la-campana-de-escapadas-turisticas-lestalviatge","status":"publish","type":"post","link":"https:\/\/www.prioratenoturisme.com\/es\/el-brogit-y-siuranatours-participan-en-la-campana-de-escapadas-turisticas-lestalviatge\/","title":{"rendered":"El Brogit y SiuranaTours participan en la campa\u00f1a de escapadas tur\u00edsticas \u2018L\u2019Estalviatge\u2019"},"content":{"rendered":"<p>\u00a1Ya es hora de salir de casa y volver a recorrer Catalu\u00f1a con la familia, con la pareja o con los amigos! Gracias a la campa\u00f1a \u201cL\u2019Estalviatge\u201d tendr\u00e9is hasta 150 \u20ac de descuento en vuestra pr\u00f3xima ruta por Catalu\u00f1a. Continuad leyendo y os explicamos en qu\u00e9 consiste y c\u00f3mo obtener estos descuentos.<\/p>\n<p>La Ag\u00e8ncia Catalana de Turisme ha puesto en marcha la campa\u00f1a \u201cL\u2019Estalviatge\u201d con el objetivo de incentivar el turismo de proximidad y desestacionalizarlo mediante un sistema de descuentos. Las personas interesadas podr\u00e1n conseguir unas bonificaciones muy beneficiosas: <strong>el 50% de la factura con un m\u00e1ximo de 150\u20ac por contrataci\u00f3n.<\/strong><\/p>\n<p>Las agencias de viajes tienen un papel clave en esta campa\u00f1a, ya que, para poder disfrutar de los descuentos, tendr\u00e9is que reservar vuestra escapada tur\u00edstica en una de las agencias de viajes inscritas. Y.\u2026 como sab\u00e9is, \u00a1en Priorat Enoturisme <strong>contamos con dos agencias de viajes socias que han decidido sumarse!<\/strong><\/p>\n<p>\u00bfC\u00f3mo beneficiarse de los descuentos?<\/p>\n<ul>\n<li><strong>Registraos.<\/strong> Os tendr\u00e9is que inscribir telem\u00e1ticamente en la plataforma <a href=\"http:\/\/www.estalviatge.cat\">www.estalviatge.cat<\/a>. Para ello, tendr\u00e9is que ser mayores de edad y residentes en Catalu\u00f1a. Recordad que es unipersonal y no acumulable a otras personas. Una vez realizada la inscripci\u00f3n, obtendr\u00e9is un c\u00f3digo promocional y tendr\u00e9is cinco d\u00edas naturales para realizar la reserva antes de que el abono caduque.<\/li>\n<li><strong>Elegid agencia de viajes.<\/strong> Tendr\u00e9is que escoger qu\u00e9 quer\u00e9is hacer en Catalu\u00f1a por tipo de experiencia o por marca tur\u00edstica o territorio. Despu\u00e9s, deber\u00e9is elegir una agencia de viajes adherida a la campa\u00f1a donde canjear el descuento.<\/li>\n<li><strong>Haced la reserva.<\/strong> A continuaci\u00f3n, tendr\u00e9is que reservar un paquete tur\u00edstico en Catalu\u00f1a con un m\u00ednimo de dos servicios para disfrutar entre el 1 de marzo y el 29 de abril de 2022 (excepto Semana Santa: del 9 al 18 de abril).<\/li>\n<li><strong>Canjeadlo<\/strong>. Entregad el bono f\u00edsicamente en la agencia o llevadlo en el m\u00f3vil. Os pedir\u00e1n el DNI para aplicaros el descuento, que no es acumulable a otros bonos.<\/li>\n<\/ul>\n","protected":false},"excerpt":{"rendered":"<p>\u00a1Ya es hora de salir de casa y volver a recorrer Catalu\u00f1a con la familia, con la pareja o con los amigos! Gracias a la campa\u00f1a \u201cL\u2019Estalviatge\u201d tendr\u00e9is hasta 150 \u20ac de descuento en vuestra pr\u00f3xima ruta por Catalu\u00f1a. Continuad leyendo y os explicamos en qu\u00e9 consiste y c\u00f3mo obtener estos descuentos. La Ag\u00e8ncia Catalana [&hellip;]<\/p>\n","protected":false},"author":1,"featured_media":24514,"comment_status":"open","ping_status":"open","sticky":false,"template":"","format":"standard","meta":{"_acf_changed":false,"_et_pb_use_builder":"","_et_pb_old_content":"","_et_gb_content_width":"","footnotes":""},"categories":[231],"tags":[],"class_list":["post-25384","post","type-post","status-publish","format-standard","has-post-thumbnail","hentry","category-blog"],"acf":[],"yoast_head":"<!-- This site is optimized with the Yoast SEO plugin v25.6 - https:\/\/yoast.com\/wordpress\/plugins\/seo\/ -->\n<title>El Brogit y SiuranaTours participan en la campa\u00f1a de escapadas tur\u00edsticas \u2018L\u2019Estalviatge\u2019 - Priorat Enoturisme<\/title>\n<meta name=\"robots\" content=\"index, follow, max-snippet:-1, max-image-preview:large, max-video-preview:-1\" \/>\n<link rel=\"canonical\" href=\"https:\/\/www.prioratenoturisme.com\/es\/el-brogit-y-siuranatours-participan-en-la-campana-de-escapadas-turisticas-lestalviatge\/\" \/>\n<meta property=\"og:locale\" content=\"es_ES\" \/>\n<meta property=\"og:type\" content=\"article\" \/>\n<meta property=\"og:title\" content=\"El Brogit y SiuranaTours participan en la campa\u00f1a de escapadas tur\u00edsticas \u2018L\u2019Estalviatge\u2019 - Priorat Enoturisme\" \/>\n<meta property=\"og:description\" content=\"\u00a1Ya es hora de salir de casa y volver a recorrer Catalu\u00f1a con la familia, con la pareja o con los amigos! Gracias a la campa\u00f1a \u201cL\u2019Estalviatge\u201d tendr\u00e9is hasta 150 \u20ac de descuento en vuestra pr\u00f3xima ruta por Catalu\u00f1a. Continuad leyendo y os explicamos en qu\u00e9 consiste y c\u00f3mo obtener estos descuentos. La Ag\u00e8ncia Catalana [&hellip;]\" \/>\n<meta property=\"og:url\" content=\"https:\/\/www.prioratenoturisme.com\/es\/el-brogit-y-siuranatours-participan-en-la-campana-de-escapadas-turisticas-lestalviatge\/\" \/>\n<meta property=\"og:site_name\" content=\"Priorat Enoturisme\" \/>\n<meta property=\"article:publisher\" content=\"https:\/\/www.facebook.com\/prioratenoturisme\/\" \/>\n<meta property=\"article:published_time\" content=\"2022-03-13T23:00:00+00:00\" \/>\n<meta property=\"og:image\" content=\"https:\/\/www.prioratenoturisme.com\/wp-content\/uploads\/imatge-web-hife-estalviatge-copia-1646061775-44929.jpg\" \/>\n\t<meta property=\"og:image:width\" content=\"1000\" \/>\n\t<meta property=\"og:image:height\" content=\"863\" \/>\n\t<meta property=\"og:image:type\" content=\"image\/jpeg\" \/>\n<meta name=\"author\" content=\"admin\" \/>\n<meta name=\"twitter:card\" content=\"summary_large_image\" \/>\n<meta name=\"twitter:label1\" content=\"Escrito por\" \/>\n\t<meta name=\"twitter:data1\" content=\"admin\" \/>\n\t<meta name=\"twitter:label2\" content=\"Tiempo de lectura\" \/>\n\t<meta name=\"twitter:data2\" content=\"2 minutos\" \/>\n<script type=\"application\/ld+json\" class=\"yoast-schema-graph\">{\"@context\":\"https:\/\/schema.org\",\"@graph\":[{\"@type\":\"Article\",\"@id\":\"https:\/\/www.prioratenoturisme.com\/es\/el-brogit-y-siuranatours-participan-en-la-campana-de-escapadas-turisticas-lestalviatge\/#article\",\"isPartOf\":{\"@id\":\"https:\/\/www.prioratenoturisme.com\/es\/el-brogit-y-siuranatours-participan-en-la-campana-de-escapadas-turisticas-lestalviatge\/\"},\"author\":{\"name\":\"admin\",\"@id\":\"https:\/\/www.prioratenoturisme.com\/#\/schema\/person\/cf8b2b46ed7cccfee161b86aa5c2c3eb\"},\"headline\":\"El Brogit y SiuranaTours participan en la campa\u00f1a de escapadas tur\u00edsticas \u2018L\u2019Estalviatge\u2019\",\"datePublished\":\"2022-03-13T23:00:00+00:00\",\"mainEntityOfPage\":{\"@id\":\"https:\/\/www.prioratenoturisme.com\/es\/el-brogit-y-siuranatours-participan-en-la-campana-de-escapadas-turisticas-lestalviatge\/\"},\"wordCount\":369,\"commentCount\":0,\"publisher\":{\"@id\":\"https:\/\/www.prioratenoturisme.com\/#organization\"},\"image\":{\"@id\":\"https:\/\/www.prioratenoturisme.com\/es\/el-brogit-y-siuranatours-participan-en-la-campana-de-escapadas-turisticas-lestalviatge\/#primaryimage\"},\"thumbnailUrl\":\"https:\/\/www.prioratenoturisme.com\/wp-content\/uploads\/imatge-web-hife-estalviatge-copia-1646061775-44929.jpg\",\"articleSection\":[\"Blog\"],\"inLanguage\":\"es\",\"potentialAction\":[{\"@type\":\"CommentAction\",\"name\":\"Comment\",\"target\":[\"https:\/\/www.prioratenoturisme.com\/es\/el-brogit-y-siuranatours-participan-en-la-campana-de-escapadas-turisticas-lestalviatge\/#respond\"]}]},{\"@type\":\"WebPage\",\"@id\":\"https:\/\/www.prioratenoturisme.com\/es\/el-brogit-y-siuranatours-participan-en-la-campana-de-escapadas-turisticas-lestalviatge\/\",\"url\":\"https:\/\/www.prioratenoturisme.com\/es\/el-brogit-y-siuranatours-participan-en-la-campana-de-escapadas-turisticas-lestalviatge\/\",\"name\":\"El Brogit y SiuranaTours participan en la campa\u00f1a de escapadas tur\u00edsticas \u2018L\u2019Estalviatge\u2019 - Priorat Enoturisme\",\"isPartOf\":{\"@id\":\"https:\/\/www.prioratenoturisme.com\/#website\"},\"primaryImageOfPage\":{\"@id\":\"https:\/\/www.prioratenoturisme.com\/es\/el-brogit-y-siuranatours-participan-en-la-campana-de-escapadas-turisticas-lestalviatge\/#primaryimage\"},\"image\":{\"@id\":\"https:\/\/www.prioratenoturisme.com\/es\/el-brogit-y-siuranatours-participan-en-la-campana-de-escapadas-turisticas-lestalviatge\/#primaryimage\"},\"thumbnailUrl\":\"https:\/\/www.prioratenoturisme.com\/wp-content\/uploads\/imatge-web-hife-estalviatge-copia-1646061775-44929.jpg\",\"datePublished\":\"2022-03-13T23:00:00+00:00\",\"breadcrumb\":{\"@id\":\"https:\/\/www.prioratenoturisme.com\/es\/el-brogit-y-siuranatours-participan-en-la-campana-de-escapadas-turisticas-lestalviatge\/#breadcrumb\"},\"inLanguage\":\"es\",\"potentialAction\":[{\"@type\":\"ReadAction\",\"target\":[\"https:\/\/www.prioratenoturisme.com\/es\/el-brogit-y-siuranatours-participan-en-la-campana-de-escapadas-turisticas-lestalviatge\/\"]}]},{\"@type\":\"ImageObject\",\"inLanguage\":\"es\",\"@id\":\"https:\/\/www.prioratenoturisme.com\/es\/el-brogit-y-siuranatours-participan-en-la-campana-de-escapadas-turisticas-lestalviatge\/#primaryimage\",\"url\":\"https:\/\/www.prioratenoturisme.com\/wp-content\/uploads\/imatge-web-hife-estalviatge-copia-1646061775-44929.jpg\",\"contentUrl\":\"https:\/\/www.prioratenoturisme.com\/wp-content\/uploads\/imatge-web-hife-estalviatge-copia-1646061775-44929.jpg\",\"width\":1000,\"height\":863},{\"@type\":\"BreadcrumbList\",\"@id\":\"https:\/\/www.prioratenoturisme.com\/es\/el-brogit-y-siuranatours-participan-en-la-campana-de-escapadas-turisticas-lestalviatge\/#breadcrumb\",\"itemListElement\":[{\"@type\":\"ListItem\",\"position\":1,\"name\":\"Portada\",\"item\":\"https:\/\/www.prioratenoturisme.com\/es\/inicio-vive-el-priorat\/\"},{\"@type\":\"ListItem\",\"position\":2,\"name\":\"El Brogit y SiuranaTours participan en la campa\u00f1a de escapadas tur\u00edsticas \u2018L\u2019Estalviatge\u2019\"}]},{\"@type\":\"WebSite\",\"@id\":\"https:\/\/www.prioratenoturisme.com\/#website\",\"url\":\"https:\/\/www.prioratenoturisme.com\/\",\"name\":\"Priorat Enoturisme\",\"description\":\"Viu el Priorat\",\"publisher\":{\"@id\":\"https:\/\/www.prioratenoturisme.com\/#organization\"},\"potentialAction\":[{\"@type\":\"SearchAction\",\"target\":{\"@type\":\"EntryPoint\",\"urlTemplate\":\"https:\/\/www.prioratenoturisme.com\/?s={search_term_string}\"},\"query-input\":{\"@type\":\"PropertyValueSpecification\",\"valueRequired\":true,\"valueName\":\"search_term_string\"}}],\"inLanguage\":\"es\"},{\"@type\":\"Organization\",\"@id\":\"https:\/\/www.prioratenoturisme.com\/#organization\",\"name\":\"Priorat Enoturisme\",\"url\":\"https:\/\/www.prioratenoturisme.com\/\",\"logo\":{\"@type\":\"ImageObject\",\"inLanguage\":\"es\",\"@id\":\"https:\/\/www.prioratenoturisme.com\/#\/schema\/logo\/image\/\",\"url\":\"https:\/\/www.prioratenoturisme.com\/wp-content\/uploads\/2023\/03\/cropped-FAVICON.png\",\"contentUrl\":\"https:\/\/www.prioratenoturisme.com\/wp-content\/uploads\/2023\/03\/cropped-FAVICON.png\",\"width\":512,\"height\":512,\"caption\":\"Priorat Enoturisme\"},\"image\":{\"@id\":\"https:\/\/www.prioratenoturisme.com\/#\/schema\/logo\/image\/\"},\"sameAs\":[\"https:\/\/www.facebook.com\/prioratenoturisme\/\",\"https:\/\/www.instagram.com\/prioratenoturisme\/\"]},{\"@type\":\"Person\",\"@id\":\"https:\/\/www.prioratenoturisme.com\/#\/schema\/person\/cf8b2b46ed7cccfee161b86aa5c2c3eb\",\"name\":\"admin\",\"image\":{\"@type\":\"ImageObject\",\"inLanguage\":\"es\",\"@id\":\"https:\/\/www.prioratenoturisme.com\/#\/schema\/person\/image\/\",\"url\":\"https:\/\/secure.gravatar.com\/avatar\/aa0e2682f59fc8b757b375c7694c3398eb8a415e07a4ef7a4c0424484a51a974?s=96&d=mm&r=g\",\"contentUrl\":\"https:\/\/secure.gravatar.com\/avatar\/aa0e2682f59fc8b757b375c7694c3398eb8a415e07a4ef7a4c0424484a51a974?s=96&d=mm&r=g\",\"caption\":\"admin\"},\"sameAs\":[\"https:\/\/www.prioratenoturisme.com\"],\"url\":\"https:\/\/www.prioratenoturisme.com\/es\/author\/info_7igyc0mu\/\"}]}<\/script>\n<!-- \/ Yoast SEO plugin. -->","yoast_head_json":{"title":"El Brogit y SiuranaTours participan en la campa\u00f1a de escapadas tur\u00edsticas \u2018L\u2019Estalviatge\u2019 - Priorat Enoturisme","robots":{"index":"index","follow":"follow","max-snippet":"max-snippet:-1","max-image-preview":"max-image-preview:large","max-video-preview":"max-video-preview:-1"},"canonical":"https:\/\/www.prioratenoturisme.com\/es\/el-brogit-y-siuranatours-participan-en-la-campana-de-escapadas-turisticas-lestalviatge\/","og_locale":"es_ES","og_type":"article","og_title":"El Brogit y SiuranaTours participan en la campa\u00f1a de escapadas tur\u00edsticas \u2018L\u2019Estalviatge\u2019 - Priorat Enoturisme","og_description":"\u00a1Ya es hora de salir de casa y volver a recorrer Catalu\u00f1a con la familia, con la pareja o con los amigos! Gracias a la campa\u00f1a \u201cL\u2019Estalviatge\u201d tendr\u00e9is hasta 150 \u20ac de descuento en vuestra pr\u00f3xima ruta por Catalu\u00f1a. Continuad leyendo y os explicamos en qu\u00e9 consiste y c\u00f3mo obtener estos descuentos. La Ag\u00e8ncia Catalana [&hellip;]","og_url":"https:\/\/www.prioratenoturisme.com\/es\/el-brogit-y-siuranatours-participan-en-la-campana-de-escapadas-turisticas-lestalviatge\/","og_site_name":"Priorat Enoturisme","article_publisher":"https:\/\/www.facebook.com\/prioratenoturisme\/","article_published_time":"2022-03-13T23:00:00+00:00","og_image":[{"width":1000,"height":863,"url":"https:\/\/www.prioratenoturisme.com\/wp-content\/uploads\/imatge-web-hife-estalviatge-copia-1646061775-44929.jpg","type":"image\/jpeg"}],"author":"admin","twitter_card":"summary_large_image","twitter_misc":{"Escrito por":"admin","Tiempo de lectura":"2 minutos"},"schema":{"@context":"https:\/\/schema.org","@graph":[{"@type":"Article","@id":"https:\/\/www.prioratenoturisme.com\/es\/el-brogit-y-siuranatours-participan-en-la-campana-de-escapadas-turisticas-lestalviatge\/#article","isPartOf":{"@id":"https:\/\/www.prioratenoturisme.com\/es\/el-brogit-y-siuranatours-participan-en-la-campana-de-escapadas-turisticas-lestalviatge\/"},"author":{"name":"admin","@id":"https:\/\/www.prioratenoturisme.com\/#\/schema\/person\/cf8b2b46ed7cccfee161b86aa5c2c3eb"},"headline":"El Brogit y SiuranaTours participan en la campa\u00f1a de escapadas tur\u00edsticas \u2018L\u2019Estalviatge\u2019","datePublished":"2022-03-13T23:00:00+00:00","mainEntityOfPage":{"@id":"https:\/\/www.prioratenoturisme.com\/es\/el-brogit-y-siuranatours-participan-en-la-campana-de-escapadas-turisticas-lestalviatge\/"},"wordCount":369,"commentCount":0,"publisher":{"@id":"https:\/\/www.prioratenoturisme.com\/#organization"},"image":{"@id":"https:\/\/www.prioratenoturisme.com\/es\/el-brogit-y-siuranatours-participan-en-la-campana-de-escapadas-turisticas-lestalviatge\/#primaryimage"},"thumbnailUrl":"https:\/\/www.prioratenoturisme.com\/wp-content\/uploads\/imatge-web-hife-estalviatge-copia-1646061775-44929.jpg","articleSection":["Blog"],"inLanguage":"es","potentialAction":[{"@type":"CommentAction","name":"Comment","target":["https:\/\/www.prioratenoturisme.com\/es\/el-brogit-y-siuranatours-participan-en-la-campana-de-escapadas-turisticas-lestalviatge\/#respond"]}]},{"@type":"WebPage","@id":"https:\/\/www.prioratenoturisme.com\/es\/el-brogit-y-siuranatours-participan-en-la-campana-de-escapadas-turisticas-lestalviatge\/","url":"https:\/\/www.prioratenoturisme.com\/es\/el-brogit-y-siuranatours-participan-en-la-campana-de-escapadas-turisticas-lestalviatge\/","name":"El Brogit y SiuranaTours participan en la campa\u00f1a de escapadas tur\u00edsticas \u2018L\u2019Estalviatge\u2019 - Priorat Enoturisme","isPartOf":{"@id":"https:\/\/www.prioratenoturisme.com\/#website"},"primaryImageOfPage":{"@id":"https:\/\/www.prioratenoturisme.com\/es\/el-brogit-y-siuranatours-participan-en-la-campana-de-escapadas-turisticas-lestalviatge\/#primaryimage"},"image":{"@id":"https:\/\/www.prioratenoturisme.com\/es\/el-brogit-y-siuranatours-participan-en-la-campana-de-escapadas-turisticas-lestalviatge\/#primaryimage"},"thumbnailUrl":"https:\/\/www.prioratenoturisme.com\/wp-content\/uploads\/imatge-web-hife-estalviatge-copia-1646061775-44929.jpg","datePublished":"2022-03-13T23:00:00+00:00","breadcrumb":{"@id":"https:\/\/www.prioratenoturisme.com\/es\/el-brogit-y-siuranatours-participan-en-la-campana-de-escapadas-turisticas-lestalviatge\/#breadcrumb"},"inLanguage":"es","potentialAction":[{"@type":"ReadAction","target":["https:\/\/www.prioratenoturisme.com\/es\/el-brogit-y-siuranatours-participan-en-la-campana-de-escapadas-turisticas-lestalviatge\/"]}]},{"@type":"ImageObject","inLanguage":"es","@id":"https:\/\/www.prioratenoturisme.com\/es\/el-brogit-y-siuranatours-participan-en-la-campana-de-escapadas-turisticas-lestalviatge\/#primaryimage","url":"https:\/\/www.prioratenoturisme.com\/wp-content\/uploads\/imatge-web-hife-estalviatge-copia-1646061775-44929.jpg","contentUrl":"https:\/\/www.prioratenoturisme.com\/wp-content\/uploads\/imatge-web-hife-estalviatge-copia-1646061775-44929.jpg","width":1000,"height":863},{"@type":"BreadcrumbList","@id":"https:\/\/www.prioratenoturisme.com\/es\/el-brogit-y-siuranatours-participan-en-la-campana-de-escapadas-turisticas-lestalviatge\/#breadcrumb","itemListElement":[{"@type":"ListItem","position":1,"name":"Portada","item":"https:\/\/www.prioratenoturisme.com\/es\/inicio-vive-el-priorat\/"},{"@type":"ListItem","position":2,"name":"El Brogit y SiuranaTours participan en la campa\u00f1a de escapadas tur\u00edsticas \u2018L\u2019Estalviatge\u2019"}]},{"@type":"WebSite","@id":"https:\/\/www.prioratenoturisme.com\/#website","url":"https:\/\/www.prioratenoturisme.com\/","name":"Priorat Enoturisme","description":"Viu el Priorat","publisher":{"@id":"https:\/\/www.prioratenoturisme.com\/#organization"},"potentialAction":[{"@type":"SearchAction","target":{"@type":"EntryPoint","urlTemplate":"https:\/\/www.prioratenoturisme.com\/?s={search_term_string}"},"query-input":{"@type":"PropertyValueSpecification","valueRequired":true,"valueName":"search_term_string"}}],"inLanguage":"es"},{"@type":"Organization","@id":"https:\/\/www.prioratenoturisme.com\/#organization","name":"Priorat Enoturisme","url":"https:\/\/www.prioratenoturisme.com\/","logo":{"@type":"ImageObject","inLanguage":"es","@id":"https:\/\/www.prioratenoturisme.com\/#\/schema\/logo\/image\/","url":"https:\/\/www.prioratenoturisme.com\/wp-content\/uploads\/2023\/03\/cropped-FAVICON.png","contentUrl":"https:\/\/www.prioratenoturisme.com\/wp-content\/uploads\/2023\/03\/cropped-FAVICON.png","width":512,"height":512,"caption":"Priorat Enoturisme"},"image":{"@id":"https:\/\/www.prioratenoturisme.com\/#\/schema\/logo\/image\/"},"sameAs":["https:\/\/www.facebook.com\/prioratenoturisme\/","https:\/\/www.instagram.com\/prioratenoturisme\/"]},{"@type":"Person","@id":"https:\/\/www.prioratenoturisme.com\/#\/schema\/person\/cf8b2b46ed7cccfee161b86aa5c2c3eb","name":"admin","image":{"@type":"ImageObject","inLanguage":"es","@id":"https:\/\/www.prioratenoturisme.com\/#\/schema\/person\/image\/","url":"https:\/\/secure.gravatar.com\/avatar\/aa0e2682f59fc8b757b375c7694c3398eb8a415e07a4ef7a4c0424484a51a974?s=96&d=mm&r=g","contentUrl":"https:\/\/secure.gravatar.com\/avatar\/aa0e2682f59fc8b757b375c7694c3398eb8a415e07a4ef7a4c0424484a51a974?s=96&d=mm&r=g","caption":"admin"},"sameAs":["https:\/\/www.prioratenoturisme.com"],"url":"https:\/\/www.prioratenoturisme.com\/es\/author\/info_7igyc0mu\/"}]}},"_links":{"self":[{"href":"https:\/\/www.prioratenoturisme.com\/es\/wp-json\/wp\/v2\/posts\/25384","targetHints":{"allow":["GET"]}}],"collection":[{"href":"https:\/\/www.prioratenoturisme.com\/es\/wp-json\/wp\/v2\/posts"}],"about":[{"href":"https:\/\/www.prioratenoturisme.com\/es\/wp-json\/wp\/v2\/types\/post"}],"author":[{"embeddable":true,"href":"https:\/\/www.prioratenoturisme.com\/es\/wp-json\/wp\/v2\/users\/1"}],"replies":[{"embeddable":true,"href":"https:\/\/www.prioratenoturisme.com\/es\/wp-json\/wp\/v2\/comments?post=25384"}],"version-history":[{"count":0,"href":"https:\/\/www.prioratenoturisme.com\/es\/wp-json\/wp\/v2\/posts\/25384\/revisions"}],"wp:featuredmedia":[{"embeddable":true,"href":"https:\/\/www.prioratenoturisme.com\/es\/wp-json\/wp\/v2\/media\/24514"}],"wp:attachment":[{"href":"https:\/\/www.prioratenoturisme.com\/es\/wp-json\/wp\/v2\/media?parent=25384"}],"wp:term":[{"taxonomy":"category","embeddable":true,"href":"https:\/\/www.prioratenoturisme.com\/es\/wp-json\/wp\/v2\/categories?post=25384"},{"taxonomy":"post_tag","embeddable":true,"href":"https:\/\/www.prioratenoturisme.com\/es\/wp-json\/wp\/v2\/tags?post=25384"}],"curies":[{"name":"wp","href":"https:\/\/api.w.org\/{rel}","templated":true}]}}