{"id":25385,"date":"2022-03-29T00:00:00","date_gmt":"2022-03-28T23:00:00","guid":{"rendered":"https:\/\/www.prioratenoturisme.com\/mas-ardevol-obtiene-el-reconocimiento-casa-rural-starlight-2022\/"},"modified":"2023-04-22T16:04:54","modified_gmt":"2023-04-22T15:04:54","slug":"mas-ardevol-obtiene-el-reconocimiento-casa-rural-starlight-2022","status":"publish","type":"post","link":"https:\/\/www.prioratenoturisme.com\/es\/mas-ardevol-obtiene-el-reconocimiento-casa-rural-starlight-2022\/","title":{"rendered":"Mas Ard\u00e8vol obtiene el reconocimiento \u00abCasa Rural Starlight 2022\u00bb"},"content":{"rendered":"<p>Hoy queremos hacernos eco de una buena noticia de uno de nuestros alojamientos socios: <strong>Mas Ard\u00e8vol obtiene el reconocimiento \u201cCasa Rural Starlight 2022\u201d.<\/strong> Pero\u2026 \u00bfsabes exactamente qu\u00e9 implica este reconocimiento? \u00a1Te lo explicamos!<\/p>\n<p>Mas Ard\u00e8vol es una mas\u00eda de turismo rural ecosostenible, situada entre las poblaciones de Falset y Porrera, en la comarca del Priorat y Parque Natural del Montsant (dentro, por tanto, del<strong> Destino Tur\u00edstico Starlight \u201c<\/strong>Monta\u00f1as de Prades y Serra de Montsant\u201d) .<\/p>\n<p>Adem\u00e1s de sus paisajes naturales, desde esta finca familiar se puede disfrutar de unos cielos nocturnos incre\u00edbles, raz\u00f3n principal por la que <strong>acaba de obtener el certificado como Alojamiento Starlight.<\/strong><\/p>\n<p><img loading=\"lazy\" decoding=\"async\" class=\"wp-image-22018 aligncenter\" src=\"https:\/\/www.prioratenoturisme.com\/wp-content\/uploads\/WhatsApp-Image-2022-03-16-at-1.21.57-PM-300x300-1.jpeg\" alt=\"\" width=\"152\" height=\"152\" \/><\/p>\n<p>Las Casas Rurales y Hoteles considerados Alojamientos Starlight <strong>constituyen una calificaci\u00f3n otorgada por la Fundaci\u00f3n Starlight<\/strong> a aquellos establecimientos que, adem\u00e1s de ofrecer una calidad de alojamiento acreditada, se convierten en propagadores de los valores contenidos en la Declaraci\u00f3n de La Palma, en Defensa del Cielo Nocturno y el Derecho a la Luz de las Estrellas.<\/p>\n<p>La finca Mas Ard\u00e8vol es de propiedad familiar desde mediados del a\u00f1o 1600 aunque el edificio de la mas\u00eda es de 1800. <strong>Ha sido restaurado conservando los materiales y la estructura tradicional,<\/strong> pero dotando a las cinco habitaciones dobles (incluidas deluxe y superior) de todo el confort y la originalidad, para contagiar el color y la magia de los paisajes del Priorat.<\/p>\n<p>Este alojamiento de turismo rural dispone de piscina ecol\u00f3gica y su propio huerto. Adem\u00e1s, ofrece diversas actividades a sus hu\u00e9spedes, algunas vinculadas a la observaci\u00f3n del cielo, como cata de vinos bajo las Perseidas. Esta casa rural es el<strong> lugar id\u00f3neo para disfrutar del enoturismo y vivir una experiencia con sabor a vino y aceite del Priorat,<\/strong> acompa\u00f1ado de cocina catalana.<\/p>\n<p>Mas Ard\u00e8vol ofrece tambi\u00e9n tratamientos de belleza, salud y bienestar con productos elaborados con ingredientes 100% naturales.<\/p>\n<p>\u00a1Desde Priorat Enoturisme queremos dar la enhorabuena a Mas Ard\u00e8vol por el reconocimiento y os animamos a todos vosotros a disfrutar de una estancia en la casa rural para descubrir su magia y encanto!<\/p>\n","protected":false},"excerpt":{"rendered":"<p>Hoy queremos hacernos eco de una buena noticia de uno de nuestros alojamientos socios: Mas Ard\u00e8vol obtiene el reconocimiento \u201cCasa Rural Starlight 2022\u201d. Pero\u2026 \u00bfsabes exactamente qu\u00e9 implica este reconocimiento? \u00a1Te lo explicamos! Mas Ard\u00e8vol es una mas\u00eda de turismo rural ecosostenible, situada entre las poblaciones de Falset y Porrera, en la comarca del Priorat [&hellip;]<\/p>\n","protected":false},"author":1,"featured_media":24525,"comment_status":"open","ping_status":"open","sticky":false,"template":"","format":"standard","meta":{"_acf_changed":false,"_et_pb_use_builder":"","_et_pb_old_content":"","_et_gb_content_width":"","footnotes":""},"categories":[231],"tags":[261,282,220,283,260],"class_list":["post-25385","post","type-post","status-publish","format-standard","has-post-thumbnail","hentry","category-blog","tag-alojamiento","tag-destino-turistico","tag-priorat","tag-reconocimiento","tag-turismo"],"acf":[],"yoast_head":"<!-- This site is optimized with the Yoast SEO plugin v25.6 - https:\/\/yoast.com\/wordpress\/plugins\/seo\/ -->\n<title>Mas Ard\u00e8vol obtiene el reconocimiento &quot;Casa Rural Starlight 2022&quot; - Priorat Enoturisme<\/title>\n<meta name=\"robots\" content=\"index, follow, max-snippet:-1, max-image-preview:large, max-video-preview:-1\" \/>\n<link rel=\"canonical\" href=\"https:\/\/www.prioratenoturisme.com\/es\/mas-ardevol-obtiene-el-reconocimiento-casa-rural-starlight-2022\/\" \/>\n<meta property=\"og:locale\" content=\"es_ES\" \/>\n<meta property=\"og:type\" content=\"article\" \/>\n<meta property=\"og:title\" content=\"Mas Ard\u00e8vol obtiene el reconocimiento &quot;Casa Rural Starlight 2022&quot; - Priorat Enoturisme\" \/>\n<meta property=\"og:description\" content=\"Hoy queremos hacernos eco de una buena noticia de uno de nuestros alojamientos socios: Mas Ard\u00e8vol obtiene el reconocimiento \u201cCasa Rural Starlight 2022\u201d. Pero\u2026 \u00bfsabes exactamente qu\u00e9 implica este reconocimiento? \u00a1Te lo explicamos! Mas Ard\u00e8vol es una mas\u00eda de turismo rural ecosostenible, situada entre las poblaciones de Falset y Porrera, en la comarca del Priorat [&hellip;]\" \/>\n<meta property=\"og:url\" content=\"https:\/\/www.prioratenoturisme.com\/es\/mas-ardevol-obtiene-el-reconocimiento-casa-rural-starlight-2022\/\" \/>\n<meta property=\"og:site_name\" content=\"Priorat Enoturisme\" \/>\n<meta property=\"article:publisher\" content=\"https:\/\/www.facebook.com\/prioratenoturisme\/\" \/>\n<meta property=\"article:published_time\" content=\"2022-03-28T23:00:00+00:00\" \/>\n<meta property=\"article:modified_time\" content=\"2023-04-22T15:04:54+00:00\" \/>\n<meta property=\"og:image\" content=\"https:\/\/www.prioratenoturisme.com\/wp-content\/uploads\/masardevol_promo_2.jpg\" \/>\n\t<meta property=\"og:image:width\" content=\"1200\" \/>\n\t<meta property=\"og:image:height\" content=\"800\" \/>\n\t<meta property=\"og:image:type\" content=\"image\/jpeg\" \/>\n<meta name=\"author\" content=\"admin\" \/>\n<meta name=\"twitter:card\" content=\"summary_large_image\" \/>\n<meta name=\"twitter:label1\" content=\"Escrito por\" \/>\n\t<meta name=\"twitter:data1\" content=\"admin\" \/>\n\t<meta name=\"twitter:label2\" content=\"Tiempo de lectura\" \/>\n\t<meta name=\"twitter:data2\" content=\"3 minutos\" \/>\n<script type=\"application\/ld+json\" class=\"yoast-schema-graph\">{\"@context\":\"https:\/\/schema.org\",\"@graph\":[{\"@type\":\"Article\",\"@id\":\"https:\/\/www.prioratenoturisme.com\/es\/mas-ardevol-obtiene-el-reconocimiento-casa-rural-starlight-2022\/#article\",\"isPartOf\":{\"@id\":\"https:\/\/www.prioratenoturisme.com\/es\/mas-ardevol-obtiene-el-reconocimiento-casa-rural-starlight-2022\/\"},\"author\":{\"name\":\"admin\",\"@id\":\"https:\/\/www.prioratenoturisme.com\/#\/schema\/person\/cf8b2b46ed7cccfee161b86aa5c2c3eb\"},\"headline\":\"Mas Ard\u00e8vol obtiene el reconocimiento \u00abCasa Rural Starlight 2022\u00bb\",\"datePublished\":\"2022-03-28T23:00:00+00:00\",\"dateModified\":\"2023-04-22T15:04:54+00:00\",\"mainEntityOfPage\":{\"@id\":\"https:\/\/www.prioratenoturisme.com\/es\/mas-ardevol-obtiene-el-reconocimiento-casa-rural-starlight-2022\/\"},\"wordCount\":363,\"commentCount\":0,\"publisher\":{\"@id\":\"https:\/\/www.prioratenoturisme.com\/#organization\"},\"image\":{\"@id\":\"https:\/\/www.prioratenoturisme.com\/es\/mas-ardevol-obtiene-el-reconocimiento-casa-rural-starlight-2022\/#primaryimage\"},\"thumbnailUrl\":\"https:\/\/www.prioratenoturisme.com\/wp-content\/uploads\/masardevol_promo_2.jpg\",\"keywords\":[\"alojamiento\",\"destino turistico\",\"priorat\",\"reconocimiento\",\"turismo\"],\"articleSection\":[\"Blog\"],\"inLanguage\":\"es\",\"potentialAction\":[{\"@type\":\"CommentAction\",\"name\":\"Comment\",\"target\":[\"https:\/\/www.prioratenoturisme.com\/es\/mas-ardevol-obtiene-el-reconocimiento-casa-rural-starlight-2022\/#respond\"]}]},{\"@type\":\"WebPage\",\"@id\":\"https:\/\/www.prioratenoturisme.com\/es\/mas-ardevol-obtiene-el-reconocimiento-casa-rural-starlight-2022\/\",\"url\":\"https:\/\/www.prioratenoturisme.com\/es\/mas-ardevol-obtiene-el-reconocimiento-casa-rural-starlight-2022\/\",\"name\":\"Mas Ard\u00e8vol obtiene el reconocimiento \\\"Casa Rural Starlight 2022\\\" - Priorat Enoturisme\",\"isPartOf\":{\"@id\":\"https:\/\/www.prioratenoturisme.com\/#website\"},\"primaryImageOfPage\":{\"@id\":\"https:\/\/www.prioratenoturisme.com\/es\/mas-ardevol-obtiene-el-reconocimiento-casa-rural-starlight-2022\/#primaryimage\"},\"image\":{\"@id\":\"https:\/\/www.prioratenoturisme.com\/es\/mas-ardevol-obtiene-el-reconocimiento-casa-rural-starlight-2022\/#primaryimage\"},\"thumbnailUrl\":\"https:\/\/www.prioratenoturisme.com\/wp-content\/uploads\/masardevol_promo_2.jpg\",\"datePublished\":\"2022-03-28T23:00:00+00:00\",\"dateModified\":\"2023-04-22T15:04:54+00:00\",\"breadcrumb\":{\"@id\":\"https:\/\/www.prioratenoturisme.com\/es\/mas-ardevol-obtiene-el-reconocimiento-casa-rural-starlight-2022\/#breadcrumb\"},\"inLanguage\":\"es\",\"potentialAction\":[{\"@type\":\"ReadAction\",\"target\":[\"https:\/\/www.prioratenoturisme.com\/es\/mas-ardevol-obtiene-el-reconocimiento-casa-rural-starlight-2022\/\"]}]},{\"@type\":\"ImageObject\",\"inLanguage\":\"es\",\"@id\":\"https:\/\/www.prioratenoturisme.com\/es\/mas-ardevol-obtiene-el-reconocimiento-casa-rural-starlight-2022\/#primaryimage\",\"url\":\"https:\/\/www.prioratenoturisme.com\/wp-content\/uploads\/masardevol_promo_2.jpg\",\"contentUrl\":\"https:\/\/www.prioratenoturisme.com\/wp-content\/uploads\/masardevol_promo_2.jpg\",\"width\":1200,\"height\":800},{\"@type\":\"BreadcrumbList\",\"@id\":\"https:\/\/www.prioratenoturisme.com\/es\/mas-ardevol-obtiene-el-reconocimiento-casa-rural-starlight-2022\/#breadcrumb\",\"itemListElement\":[{\"@type\":\"ListItem\",\"position\":1,\"name\":\"Portada\",\"item\":\"https:\/\/www.prioratenoturisme.com\/es\/inicio-vive-el-priorat\/\"},{\"@type\":\"ListItem\",\"position\":2,\"name\":\"Mas Ard\u00e8vol obtiene el reconocimiento &#8220;Casa Rural Starlight 2022&#8221;\"}]},{\"@type\":\"WebSite\",\"@id\":\"https:\/\/www.prioratenoturisme.com\/#website\",\"url\":\"https:\/\/www.prioratenoturisme.com\/\",\"name\":\"Priorat Enoturisme\",\"description\":\"Viu el Priorat\",\"publisher\":{\"@id\":\"https:\/\/www.prioratenoturisme.com\/#organization\"},\"potentialAction\":[{\"@type\":\"SearchAction\",\"target\":{\"@type\":\"EntryPoint\",\"urlTemplate\":\"https:\/\/www.prioratenoturisme.com\/?s={search_term_string}\"},\"query-input\":{\"@type\":\"PropertyValueSpecification\",\"valueRequired\":true,\"valueName\":\"search_term_string\"}}],\"inLanguage\":\"es\"},{\"@type\":\"Organization\",\"@id\":\"https:\/\/www.prioratenoturisme.com\/#organization\",\"name\":\"Priorat Enoturisme\",\"url\":\"https:\/\/www.prioratenoturisme.com\/\",\"logo\":{\"@type\":\"ImageObject\",\"inLanguage\":\"es\",\"@id\":\"https:\/\/www.prioratenoturisme.com\/#\/schema\/logo\/image\/\",\"url\":\"https:\/\/www.prioratenoturisme.com\/wp-content\/uploads\/2023\/03\/cropped-FAVICON.png\",\"contentUrl\":\"https:\/\/www.prioratenoturisme.com\/wp-content\/uploads\/2023\/03\/cropped-FAVICON.png\",\"width\":512,\"height\":512,\"caption\":\"Priorat Enoturisme\"},\"image\":{\"@id\":\"https:\/\/www.prioratenoturisme.com\/#\/schema\/logo\/image\/\"},\"sameAs\":[\"https:\/\/www.facebook.com\/prioratenoturisme\/\",\"https:\/\/www.instagram.com\/prioratenoturisme\/\"]},{\"@type\":\"Person\",\"@id\":\"https:\/\/www.prioratenoturisme.com\/#\/schema\/person\/cf8b2b46ed7cccfee161b86aa5c2c3eb\",\"name\":\"admin\",\"image\":{\"@type\":\"ImageObject\",\"inLanguage\":\"es\",\"@id\":\"https:\/\/www.prioratenoturisme.com\/#\/schema\/person\/image\/\",\"url\":\"https:\/\/secure.gravatar.com\/avatar\/aa0e2682f59fc8b757b375c7694c3398eb8a415e07a4ef7a4c0424484a51a974?s=96&d=mm&r=g\",\"contentUrl\":\"https:\/\/secure.gravatar.com\/avatar\/aa0e2682f59fc8b757b375c7694c3398eb8a415e07a4ef7a4c0424484a51a974?s=96&d=mm&r=g\",\"caption\":\"admin\"},\"sameAs\":[\"https:\/\/www.prioratenoturisme.com\"],\"url\":\"https:\/\/www.prioratenoturisme.com\/es\/author\/info_7igyc0mu\/\"}]}<\/script>\n<!-- \/ Yoast SEO plugin. -->","yoast_head_json":{"title":"Mas Ard\u00e8vol obtiene el reconocimiento \"Casa Rural Starlight 2022\" - Priorat Enoturisme","robots":{"index":"index","follow":"follow","max-snippet":"max-snippet:-1","max-image-preview":"max-image-preview:large","max-video-preview":"max-video-preview:-1"},"canonical":"https:\/\/www.prioratenoturisme.com\/es\/mas-ardevol-obtiene-el-reconocimiento-casa-rural-starlight-2022\/","og_locale":"es_ES","og_type":"article","og_title":"Mas Ard\u00e8vol obtiene el reconocimiento \"Casa Rural Starlight 2022\" - Priorat Enoturisme","og_description":"Hoy queremos hacernos eco de una buena noticia de uno de nuestros alojamientos socios: Mas Ard\u00e8vol obtiene el reconocimiento \u201cCasa Rural Starlight 2022\u201d. Pero\u2026 \u00bfsabes exactamente qu\u00e9 implica este reconocimiento? \u00a1Te lo explicamos! Mas Ard\u00e8vol es una mas\u00eda de turismo rural ecosostenible, situada entre las poblaciones de Falset y Porrera, en la comarca del Priorat [&hellip;]","og_url":"https:\/\/www.prioratenoturisme.com\/es\/mas-ardevol-obtiene-el-reconocimiento-casa-rural-starlight-2022\/","og_site_name":"Priorat Enoturisme","article_publisher":"https:\/\/www.facebook.com\/prioratenoturisme\/","article_published_time":"2022-03-28T23:00:00+00:00","article_modified_time":"2023-04-22T15:04:54+00:00","og_image":[{"width":1200,"height":800,"url":"https:\/\/www.prioratenoturisme.com\/wp-content\/uploads\/masardevol_promo_2.jpg","type":"image\/jpeg"}],"author":"admin","twitter_card":"summary_large_image","twitter_misc":{"Escrito por":"admin","Tiempo de lectura":"3 minutos"},"schema":{"@context":"https:\/\/schema.org","@graph":[{"@type":"Article","@id":"https:\/\/www.prioratenoturisme.com\/es\/mas-ardevol-obtiene-el-reconocimiento-casa-rural-starlight-2022\/#article","isPartOf":{"@id":"https:\/\/www.prioratenoturisme.com\/es\/mas-ardevol-obtiene-el-reconocimiento-casa-rural-starlight-2022\/"},"author":{"name":"admin","@id":"https:\/\/www.prioratenoturisme.com\/#\/schema\/person\/cf8b2b46ed7cccfee161b86aa5c2c3eb"},"headline":"Mas Ard\u00e8vol obtiene el reconocimiento \u00abCasa Rural Starlight 2022\u00bb","datePublished":"2022-03-28T23:00:00+00:00","dateModified":"2023-04-22T15:04:54+00:00","mainEntityOfPage":{"@id":"https:\/\/www.prioratenoturisme.com\/es\/mas-ardevol-obtiene-el-reconocimiento-casa-rural-starlight-2022\/"},"wordCount":363,"commentCount":0,"publisher":{"@id":"https:\/\/www.prioratenoturisme.com\/#organization"},"image":{"@id":"https:\/\/www.prioratenoturisme.com\/es\/mas-ardevol-obtiene-el-reconocimiento-casa-rural-starlight-2022\/#primaryimage"},"thumbnailUrl":"https:\/\/www.prioratenoturisme.com\/wp-content\/uploads\/masardevol_promo_2.jpg","keywords":["alojamiento","destino turistico","priorat","reconocimiento","turismo"],"articleSection":["Blog"],"inLanguage":"es","potentialAction":[{"@type":"CommentAction","name":"Comment","target":["https:\/\/www.prioratenoturisme.com\/es\/mas-ardevol-obtiene-el-reconocimiento-casa-rural-starlight-2022\/#respond"]}]},{"@type":"WebPage","@id":"https:\/\/www.prioratenoturisme.com\/es\/mas-ardevol-obtiene-el-reconocimiento-casa-rural-starlight-2022\/","url":"https:\/\/www.prioratenoturisme.com\/es\/mas-ardevol-obtiene-el-reconocimiento-casa-rural-starlight-2022\/","name":"Mas Ard\u00e8vol obtiene el reconocimiento \"Casa Rural Starlight 2022\" - Priorat Enoturisme","isPartOf":{"@id":"https:\/\/www.prioratenoturisme.com\/#website"},"primaryImageOfPage":{"@id":"https:\/\/www.prioratenoturisme.com\/es\/mas-ardevol-obtiene-el-reconocimiento-casa-rural-starlight-2022\/#primaryimage"},"image":{"@id":"https:\/\/www.prioratenoturisme.com\/es\/mas-ardevol-obtiene-el-reconocimiento-casa-rural-starlight-2022\/#primaryimage"},"thumbnailUrl":"https:\/\/www.prioratenoturisme.com\/wp-content\/uploads\/masardevol_promo_2.jpg","datePublished":"2022-03-28T23:00:00+00:00","dateModified":"2023-04-22T15:04:54+00:00","breadcrumb":{"@id":"https:\/\/www.prioratenoturisme.com\/es\/mas-ardevol-obtiene-el-reconocimiento-casa-rural-starlight-2022\/#breadcrumb"},"inLanguage":"es","potentialAction":[{"@type":"ReadAction","target":["https:\/\/www.prioratenoturisme.com\/es\/mas-ardevol-obtiene-el-reconocimiento-casa-rural-starlight-2022\/"]}]},{"@type":"ImageObject","inLanguage":"es","@id":"https:\/\/www.prioratenoturisme.com\/es\/mas-ardevol-obtiene-el-reconocimiento-casa-rural-starlight-2022\/#primaryimage","url":"https:\/\/www.prioratenoturisme.com\/wp-content\/uploads\/masardevol_promo_2.jpg","contentUrl":"https:\/\/www.prioratenoturisme.com\/wp-content\/uploads\/masardevol_promo_2.jpg","width":1200,"height":800},{"@type":"BreadcrumbList","@id":"https:\/\/www.prioratenoturisme.com\/es\/mas-ardevol-obtiene-el-reconocimiento-casa-rural-starlight-2022\/#breadcrumb","itemListElement":[{"@type":"ListItem","position":1,"name":"Portada","item":"https:\/\/www.prioratenoturisme.com\/es\/inicio-vive-el-priorat\/"},{"@type":"ListItem","position":2,"name":"Mas Ard\u00e8vol obtiene el reconocimiento &#8220;Casa Rural Starlight 2022&#8221;"}]},{"@type":"WebSite","@id":"https:\/\/www.prioratenoturisme.com\/#website","url":"https:\/\/www.prioratenoturisme.com\/","name":"Priorat Enoturisme","description":"Viu el Priorat","publisher":{"@id":"https:\/\/www.prioratenoturisme.com\/#organization"},"potentialAction":[{"@type":"SearchAction","target":{"@type":"EntryPoint","urlTemplate":"https:\/\/www.prioratenoturisme.com\/?s={search_term_string}"},"query-input":{"@type":"PropertyValueSpecification","valueRequired":true,"valueName":"search_term_string"}}],"inLanguage":"es"},{"@type":"Organization","@id":"https:\/\/www.prioratenoturisme.com\/#organization","name":"Priorat Enoturisme","url":"https:\/\/www.prioratenoturisme.com\/","logo":{"@type":"ImageObject","inLanguage":"es","@id":"https:\/\/www.prioratenoturisme.com\/#\/schema\/logo\/image\/","url":"https:\/\/www.prioratenoturisme.com\/wp-content\/uploads\/2023\/03\/cropped-FAVICON.png","contentUrl":"https:\/\/www.prioratenoturisme.com\/wp-content\/uploads\/2023\/03\/cropped-FAVICON.png","width":512,"height":512,"caption":"Priorat Enoturisme"},"image":{"@id":"https:\/\/www.prioratenoturisme.com\/#\/schema\/logo\/image\/"},"sameAs":["https:\/\/www.facebook.com\/prioratenoturisme\/","https:\/\/www.instagram.com\/prioratenoturisme\/"]},{"@type":"Person","@id":"https:\/\/www.prioratenoturisme.com\/#\/schema\/person\/cf8b2b46ed7cccfee161b86aa5c2c3eb","name":"admin","image":{"@type":"ImageObject","inLanguage":"es","@id":"https:\/\/www.prioratenoturisme.com\/#\/schema\/person\/image\/","url":"https:\/\/secure.gravatar.com\/avatar\/aa0e2682f59fc8b757b375c7694c3398eb8a415e07a4ef7a4c0424484a51a974?s=96&d=mm&r=g","contentUrl":"https:\/\/secure.gravatar.com\/avatar\/aa0e2682f59fc8b757b375c7694c3398eb8a415e07a4ef7a4c0424484a51a974?s=96&d=mm&r=g","caption":"admin"},"sameAs":["https:\/\/www.prioratenoturisme.com"],"url":"https:\/\/www.prioratenoturisme.com\/es\/author\/info_7igyc0mu\/"}]}},"_links":{"self":[{"href":"https:\/\/www.prioratenoturisme.com\/es\/wp-json\/wp\/v2\/posts\/25385","targetHints":{"allow":["GET"]}}],"collection":[{"href":"https:\/\/www.prioratenoturisme.com\/es\/wp-json\/wp\/v2\/posts"}],"about":[{"href":"https:\/\/www.prioratenoturisme.com\/es\/wp-json\/wp\/v2\/types\/post"}],"author":[{"embeddable":true,"href":"https:\/\/www.prioratenoturisme.com\/es\/wp-json\/wp\/v2\/users\/1"}],"replies":[{"embeddable":true,"href":"https:\/\/www.prioratenoturisme.com\/es\/wp-json\/wp\/v2\/comments?post=25385"}],"version-history":[{"count":1,"href":"https:\/\/www.prioratenoturisme.com\/es\/wp-json\/wp\/v2\/posts\/25385\/revisions"}],"predecessor-version":[{"id":25386,"href":"https:\/\/www.prioratenoturisme.com\/es\/wp-json\/wp\/v2\/posts\/25385\/revisions\/25386"}],"wp:featuredmedia":[{"embeddable":true,"href":"https:\/\/www.prioratenoturisme.com\/es\/wp-json\/wp\/v2\/media\/24525"}],"wp:attachment":[{"href":"https:\/\/www.prioratenoturisme.com\/es\/wp-json\/wp\/v2\/media?parent=25385"}],"wp:term":[{"taxonomy":"category","embeddable":true,"href":"https:\/\/www.prioratenoturisme.com\/es\/wp-json\/wp\/v2\/categories?post=25385"},{"taxonomy":"post_tag","embeddable":true,"href":"https:\/\/www.prioratenoturisme.com\/es\/wp-json\/wp\/v2\/tags?post=25385"}],"curies":[{"name":"wp","href":"https:\/\/api.w.org\/{rel}","templated":true}]}}