{"id":25389,"date":"2022-04-25T00:00:00","date_gmt":"2022-04-24T23:00:00","guid":{"rendered":"https:\/\/www.prioratenoturisme.com\/vuelve-la-feria-del-vino-de-falset\/"},"modified":"2022-04-25T00:00:00","modified_gmt":"2022-04-24T23:00:00","slug":"vuelve-la-feria-del-vino-de-falset","status":"publish","type":"post","link":"https:\/\/www.prioratenoturisme.com\/es\/vuelve-la-feria-del-vino-de-falset\/","title":{"rendered":"Vuelve la Feria del Vino de Falset"},"content":{"rendered":"<p>\u00a1Ya tenemos aqu\u00ed la Feria del Vino de Falset, en la que participan la mayor\u00eda de nuestras bodegas socias! Este a\u00f1o<strong> recupera el formato de siempre en el recinto ferial de Falset y mantiene la iniciativa de la edici\u00f3n anterior<\/strong> de ofrecer catas a las bodegas durante todo el mes de mayo. \u00bfQuieres saber m\u00e1s? \u00a1Hoy te lo explicamos todo!<\/p>\n<p>Si quieres acercarte a la feria, \u00a1toma nota! Este fin de semana vuelve la Feria del Vino de siempre. <strong>Del 29 de abril al 1 de mayo<\/strong> puedes hacer todo un recorrido por la feria y disfrutar de las numerosas actividades, adquiriendo el pack degustaci\u00f3n, que te permitir\u00e1 degustar los vinos a pie de calle en el recinto ferial de Falset, con la participaci\u00f3n de bodegas de la DO Montsant y la DOQ Priorat.<\/p>\n<p>El pack tiene un coste de 18\u20ac por persona e incluye 1 copa, 5 tickets y un sombrero. Los horarios para poder degustar los vinos son el viernes 29 de 18h a 21h, y el s\u00e1bado 30 y el domingo 1 durante todo el d\u00eda, de 11 a 21h.<\/p>\n<p>Las <strong>bodegas socias que se han sumado<\/strong> son: Celler Cal Pla, Celler de Cap\u00e7anes, Clos Galena, Celler Masroig, Sangen\u00eds i Vaqu\u00e9, Celler Dosterras, Celler Pasanau, La Conreria d\u2019Scala Dei, Merum Priorati, Perinet, Celler Burgos Porta, Cooperativa Falset Mar\u00e7\u00e0, Vin\u00edcola del Priorat, Cellers d\u2019Scala Dei, Clos Pachem y Joan Ametller.<\/p>\n<p>Por otra parte, como dec\u00edamos, <strong>la feria se alargar\u00e1 con las catas en bodegas durante todo el mes de mayo<\/strong>. En este caso, aunque no participan todas las bodegas antes mencionadas, s\u00ed lo hace la mayor\u00eda. Para poder ampliar m\u00e1s informaci\u00f3n y\/o reservar, pod\u00e9is acceder a la web de la Feria del Vino, a trav\u00e9s del siguiente enlace: <a href=\"https:\/\/www.firadelvi.org\/\">https:\/\/www.firadelvi.org\/<\/a><\/p>\n<p>Sin duda, la feria se ha convertido <strong>en una cita imprescindible para profesionales del sector y amantes del vino<\/strong>, que tienen la oportunidad de intercambiar opiniones con las bodegas y elaboradores de los vinos y descubrir de primera mano todo lo que supone elaborar cada botella de vino, a la vez que os dej\u00e1is seducir por el entorno y los paisajes que os rodean.<\/p>\n","protected":false},"excerpt":{"rendered":"<p>\u00a1Ya tenemos aqu\u00ed la Feria del Vino de Falset, en la que participan la mayor\u00eda de nuestras bodegas socias! Este a\u00f1o recupera el formato de siempre en el recinto ferial de Falset y mantiene la iniciativa de la edici\u00f3n anterior de ofrecer catas a las bodegas durante todo el mes de mayo. \u00bfQuieres saber m\u00e1s? [&hellip;]<\/p>\n","protected":false},"author":1,"featured_media":24555,"comment_status":"open","ping_status":"open","sticky":false,"template":"","format":"standard","meta":{"_acf_changed":false,"_et_pb_use_builder":"","_et_pb_old_content":"","_et_gb_content_width":"","footnotes":""},"categories":[231],"tags":[264,229,288,286,287,220],"class_list":["post-25389","post","type-post","status-publish","format-standard","has-post-thumbnail","hentry","category-blog","tag-bodegas","tag-cata","tag-degustacion","tag-feria-del-vino","tag-pack","tag-priorat"],"acf":[],"yoast_head":"<!-- This site is optimized with the Yoast SEO plugin v25.6 - https:\/\/yoast.com\/wordpress\/plugins\/seo\/ -->\n<title>Vuelve la Feria del Vino de Falset - Priorat Enoturisme<\/title>\n<meta name=\"robots\" content=\"index, follow, max-snippet:-1, max-image-preview:large, max-video-preview:-1\" \/>\n<link rel=\"canonical\" href=\"https:\/\/www.prioratenoturisme.com\/es\/vuelve-la-feria-del-vino-de-falset\/\" \/>\n<meta property=\"og:locale\" content=\"es_ES\" \/>\n<meta property=\"og:type\" content=\"article\" \/>\n<meta property=\"og:title\" content=\"Vuelve la Feria del Vino de Falset - Priorat Enoturisme\" \/>\n<meta property=\"og:description\" content=\"\u00a1Ya tenemos aqu\u00ed la Feria del Vino de Falset, en la que participan la mayor\u00eda de nuestras bodegas socias! Este a\u00f1o recupera el formato de siempre en el recinto ferial de Falset y mantiene la iniciativa de la edici\u00f3n anterior de ofrecer catas a las bodegas durante todo el mes de mayo. \u00bfQuieres saber m\u00e1s? [&hellip;]\" \/>\n<meta property=\"og:url\" content=\"https:\/\/www.prioratenoturisme.com\/es\/vuelve-la-feria-del-vino-de-falset\/\" \/>\n<meta property=\"og:site_name\" content=\"Priorat Enoturisme\" \/>\n<meta property=\"article:publisher\" content=\"https:\/\/www.facebook.com\/prioratenoturisme\/\" \/>\n<meta property=\"article:published_time\" content=\"2022-04-24T23:00:00+00:00\" \/>\n<meta property=\"og:image\" content=\"https:\/\/www.prioratenoturisme.com\/wp-content\/uploads\/fira-del-vi.png\" \/>\n\t<meta property=\"og:image:width\" content=\"1080\" \/>\n\t<meta property=\"og:image:height\" content=\"614\" \/>\n\t<meta property=\"og:image:type\" content=\"image\/png\" \/>\n<meta name=\"author\" content=\"admin\" \/>\n<meta name=\"twitter:card\" content=\"summary_large_image\" \/>\n<meta name=\"twitter:label1\" content=\"Escrito por\" \/>\n\t<meta name=\"twitter:data1\" content=\"admin\" \/>\n\t<meta name=\"twitter:label2\" content=\"Tiempo de lectura\" \/>\n\t<meta name=\"twitter:data2\" content=\"2 minutos\" \/>\n<script type=\"application\/ld+json\" class=\"yoast-schema-graph\">{\"@context\":\"https:\/\/schema.org\",\"@graph\":[{\"@type\":\"Article\",\"@id\":\"https:\/\/www.prioratenoturisme.com\/es\/vuelve-la-feria-del-vino-de-falset\/#article\",\"isPartOf\":{\"@id\":\"https:\/\/www.prioratenoturisme.com\/es\/vuelve-la-feria-del-vino-de-falset\/\"},\"author\":{\"name\":\"admin\",\"@id\":\"https:\/\/www.prioratenoturisme.com\/#\/schema\/person\/cf8b2b46ed7cccfee161b86aa5c2c3eb\"},\"headline\":\"Vuelve la Feria del Vino de Falset\",\"datePublished\":\"2022-04-24T23:00:00+00:00\",\"mainEntityOfPage\":{\"@id\":\"https:\/\/www.prioratenoturisme.com\/es\/vuelve-la-feria-del-vino-de-falset\/\"},\"wordCount\":377,\"commentCount\":0,\"publisher\":{\"@id\":\"https:\/\/www.prioratenoturisme.com\/#organization\"},\"image\":{\"@id\":\"https:\/\/www.prioratenoturisme.com\/es\/vuelve-la-feria-del-vino-de-falset\/#primaryimage\"},\"thumbnailUrl\":\"https:\/\/www.prioratenoturisme.com\/wp-content\/uploads\/fira-del-vi.png\",\"keywords\":[\"bodegas\",\"cata\",\"degustaci\u00f3n\",\"feria del vino\",\"pack\",\"priorat\"],\"articleSection\":[\"Blog\"],\"inLanguage\":\"es\",\"potentialAction\":[{\"@type\":\"CommentAction\",\"name\":\"Comment\",\"target\":[\"https:\/\/www.prioratenoturisme.com\/es\/vuelve-la-feria-del-vino-de-falset\/#respond\"]}]},{\"@type\":\"WebPage\",\"@id\":\"https:\/\/www.prioratenoturisme.com\/es\/vuelve-la-feria-del-vino-de-falset\/\",\"url\":\"https:\/\/www.prioratenoturisme.com\/es\/vuelve-la-feria-del-vino-de-falset\/\",\"name\":\"Vuelve la Feria del Vino de Falset - Priorat Enoturisme\",\"isPartOf\":{\"@id\":\"https:\/\/www.prioratenoturisme.com\/#website\"},\"primaryImageOfPage\":{\"@id\":\"https:\/\/www.prioratenoturisme.com\/es\/vuelve-la-feria-del-vino-de-falset\/#primaryimage\"},\"image\":{\"@id\":\"https:\/\/www.prioratenoturisme.com\/es\/vuelve-la-feria-del-vino-de-falset\/#primaryimage\"},\"thumbnailUrl\":\"https:\/\/www.prioratenoturisme.com\/wp-content\/uploads\/fira-del-vi.png\",\"datePublished\":\"2022-04-24T23:00:00+00:00\",\"breadcrumb\":{\"@id\":\"https:\/\/www.prioratenoturisme.com\/es\/vuelve-la-feria-del-vino-de-falset\/#breadcrumb\"},\"inLanguage\":\"es\",\"potentialAction\":[{\"@type\":\"ReadAction\",\"target\":[\"https:\/\/www.prioratenoturisme.com\/es\/vuelve-la-feria-del-vino-de-falset\/\"]}]},{\"@type\":\"ImageObject\",\"inLanguage\":\"es\",\"@id\":\"https:\/\/www.prioratenoturisme.com\/es\/vuelve-la-feria-del-vino-de-falset\/#primaryimage\",\"url\":\"https:\/\/www.prioratenoturisme.com\/wp-content\/uploads\/fira-del-vi.png\",\"contentUrl\":\"https:\/\/www.prioratenoturisme.com\/wp-content\/uploads\/fira-del-vi.png\",\"width\":1080,\"height\":614},{\"@type\":\"BreadcrumbList\",\"@id\":\"https:\/\/www.prioratenoturisme.com\/es\/vuelve-la-feria-del-vino-de-falset\/#breadcrumb\",\"itemListElement\":[{\"@type\":\"ListItem\",\"position\":1,\"name\":\"Portada\",\"item\":\"https:\/\/www.prioratenoturisme.com\/es\/inicio-vive-el-priorat\/\"},{\"@type\":\"ListItem\",\"position\":2,\"name\":\"Vuelve la Feria del Vino de Falset\"}]},{\"@type\":\"WebSite\",\"@id\":\"https:\/\/www.prioratenoturisme.com\/#website\",\"url\":\"https:\/\/www.prioratenoturisme.com\/\",\"name\":\"Priorat Enoturisme\",\"description\":\"Viu el Priorat\",\"publisher\":{\"@id\":\"https:\/\/www.prioratenoturisme.com\/#organization\"},\"potentialAction\":[{\"@type\":\"SearchAction\",\"target\":{\"@type\":\"EntryPoint\",\"urlTemplate\":\"https:\/\/www.prioratenoturisme.com\/?s={search_term_string}\"},\"query-input\":{\"@type\":\"PropertyValueSpecification\",\"valueRequired\":true,\"valueName\":\"search_term_string\"}}],\"inLanguage\":\"es\"},{\"@type\":\"Organization\",\"@id\":\"https:\/\/www.prioratenoturisme.com\/#organization\",\"name\":\"Priorat Enoturisme\",\"url\":\"https:\/\/www.prioratenoturisme.com\/\",\"logo\":{\"@type\":\"ImageObject\",\"inLanguage\":\"es\",\"@id\":\"https:\/\/www.prioratenoturisme.com\/#\/schema\/logo\/image\/\",\"url\":\"https:\/\/www.prioratenoturisme.com\/wp-content\/uploads\/2023\/03\/cropped-FAVICON.png\",\"contentUrl\":\"https:\/\/www.prioratenoturisme.com\/wp-content\/uploads\/2023\/03\/cropped-FAVICON.png\",\"width\":512,\"height\":512,\"caption\":\"Priorat Enoturisme\"},\"image\":{\"@id\":\"https:\/\/www.prioratenoturisme.com\/#\/schema\/logo\/image\/\"},\"sameAs\":[\"https:\/\/www.facebook.com\/prioratenoturisme\/\",\"https:\/\/www.instagram.com\/prioratenoturisme\/\"]},{\"@type\":\"Person\",\"@id\":\"https:\/\/www.prioratenoturisme.com\/#\/schema\/person\/cf8b2b46ed7cccfee161b86aa5c2c3eb\",\"name\":\"admin\",\"image\":{\"@type\":\"ImageObject\",\"inLanguage\":\"es\",\"@id\":\"https:\/\/www.prioratenoturisme.com\/#\/schema\/person\/image\/\",\"url\":\"https:\/\/secure.gravatar.com\/avatar\/aa0e2682f59fc8b757b375c7694c3398eb8a415e07a4ef7a4c0424484a51a974?s=96&d=mm&r=g\",\"contentUrl\":\"https:\/\/secure.gravatar.com\/avatar\/aa0e2682f59fc8b757b375c7694c3398eb8a415e07a4ef7a4c0424484a51a974?s=96&d=mm&r=g\",\"caption\":\"admin\"},\"sameAs\":[\"https:\/\/www.prioratenoturisme.com\"],\"url\":\"https:\/\/www.prioratenoturisme.com\/es\/author\/info_7igyc0mu\/\"}]}<\/script>\n<!-- \/ Yoast SEO plugin. -->","yoast_head_json":{"title":"Vuelve la Feria del Vino de Falset - Priorat Enoturisme","robots":{"index":"index","follow":"follow","max-snippet":"max-snippet:-1","max-image-preview":"max-image-preview:large","max-video-preview":"max-video-preview:-1"},"canonical":"https:\/\/www.prioratenoturisme.com\/es\/vuelve-la-feria-del-vino-de-falset\/","og_locale":"es_ES","og_type":"article","og_title":"Vuelve la Feria del Vino de Falset - Priorat Enoturisme","og_description":"\u00a1Ya tenemos aqu\u00ed la Feria del Vino de Falset, en la que participan la mayor\u00eda de nuestras bodegas socias! Este a\u00f1o recupera el formato de siempre en el recinto ferial de Falset y mantiene la iniciativa de la edici\u00f3n anterior de ofrecer catas a las bodegas durante todo el mes de mayo. \u00bfQuieres saber m\u00e1s? [&hellip;]","og_url":"https:\/\/www.prioratenoturisme.com\/es\/vuelve-la-feria-del-vino-de-falset\/","og_site_name":"Priorat Enoturisme","article_publisher":"https:\/\/www.facebook.com\/prioratenoturisme\/","article_published_time":"2022-04-24T23:00:00+00:00","og_image":[{"width":1080,"height":614,"url":"https:\/\/www.prioratenoturisme.com\/wp-content\/uploads\/fira-del-vi.png","type":"image\/png"}],"author":"admin","twitter_card":"summary_large_image","twitter_misc":{"Escrito por":"admin","Tiempo de lectura":"2 minutos"},"schema":{"@context":"https:\/\/schema.org","@graph":[{"@type":"Article","@id":"https:\/\/www.prioratenoturisme.com\/es\/vuelve-la-feria-del-vino-de-falset\/#article","isPartOf":{"@id":"https:\/\/www.prioratenoturisme.com\/es\/vuelve-la-feria-del-vino-de-falset\/"},"author":{"name":"admin","@id":"https:\/\/www.prioratenoturisme.com\/#\/schema\/person\/cf8b2b46ed7cccfee161b86aa5c2c3eb"},"headline":"Vuelve la Feria del Vino de Falset","datePublished":"2022-04-24T23:00:00+00:00","mainEntityOfPage":{"@id":"https:\/\/www.prioratenoturisme.com\/es\/vuelve-la-feria-del-vino-de-falset\/"},"wordCount":377,"commentCount":0,"publisher":{"@id":"https:\/\/www.prioratenoturisme.com\/#organization"},"image":{"@id":"https:\/\/www.prioratenoturisme.com\/es\/vuelve-la-feria-del-vino-de-falset\/#primaryimage"},"thumbnailUrl":"https:\/\/www.prioratenoturisme.com\/wp-content\/uploads\/fira-del-vi.png","keywords":["bodegas","cata","degustaci\u00f3n","feria del vino","pack","priorat"],"articleSection":["Blog"],"inLanguage":"es","potentialAction":[{"@type":"CommentAction","name":"Comment","target":["https:\/\/www.prioratenoturisme.com\/es\/vuelve-la-feria-del-vino-de-falset\/#respond"]}]},{"@type":"WebPage","@id":"https:\/\/www.prioratenoturisme.com\/es\/vuelve-la-feria-del-vino-de-falset\/","url":"https:\/\/www.prioratenoturisme.com\/es\/vuelve-la-feria-del-vino-de-falset\/","name":"Vuelve la Feria del Vino de Falset - Priorat Enoturisme","isPartOf":{"@id":"https:\/\/www.prioratenoturisme.com\/#website"},"primaryImageOfPage":{"@id":"https:\/\/www.prioratenoturisme.com\/es\/vuelve-la-feria-del-vino-de-falset\/#primaryimage"},"image":{"@id":"https:\/\/www.prioratenoturisme.com\/es\/vuelve-la-feria-del-vino-de-falset\/#primaryimage"},"thumbnailUrl":"https:\/\/www.prioratenoturisme.com\/wp-content\/uploads\/fira-del-vi.png","datePublished":"2022-04-24T23:00:00+00:00","breadcrumb":{"@id":"https:\/\/www.prioratenoturisme.com\/es\/vuelve-la-feria-del-vino-de-falset\/#breadcrumb"},"inLanguage":"es","potentialAction":[{"@type":"ReadAction","target":["https:\/\/www.prioratenoturisme.com\/es\/vuelve-la-feria-del-vino-de-falset\/"]}]},{"@type":"ImageObject","inLanguage":"es","@id":"https:\/\/www.prioratenoturisme.com\/es\/vuelve-la-feria-del-vino-de-falset\/#primaryimage","url":"https:\/\/www.prioratenoturisme.com\/wp-content\/uploads\/fira-del-vi.png","contentUrl":"https:\/\/www.prioratenoturisme.com\/wp-content\/uploads\/fira-del-vi.png","width":1080,"height":614},{"@type":"BreadcrumbList","@id":"https:\/\/www.prioratenoturisme.com\/es\/vuelve-la-feria-del-vino-de-falset\/#breadcrumb","itemListElement":[{"@type":"ListItem","position":1,"name":"Portada","item":"https:\/\/www.prioratenoturisme.com\/es\/inicio-vive-el-priorat\/"},{"@type":"ListItem","position":2,"name":"Vuelve la Feria del Vino de Falset"}]},{"@type":"WebSite","@id":"https:\/\/www.prioratenoturisme.com\/#website","url":"https:\/\/www.prioratenoturisme.com\/","name":"Priorat Enoturisme","description":"Viu el Priorat","publisher":{"@id":"https:\/\/www.prioratenoturisme.com\/#organization"},"potentialAction":[{"@type":"SearchAction","target":{"@type":"EntryPoint","urlTemplate":"https:\/\/www.prioratenoturisme.com\/?s={search_term_string}"},"query-input":{"@type":"PropertyValueSpecification","valueRequired":true,"valueName":"search_term_string"}}],"inLanguage":"es"},{"@type":"Organization","@id":"https:\/\/www.prioratenoturisme.com\/#organization","name":"Priorat Enoturisme","url":"https:\/\/www.prioratenoturisme.com\/","logo":{"@type":"ImageObject","inLanguage":"es","@id":"https:\/\/www.prioratenoturisme.com\/#\/schema\/logo\/image\/","url":"https:\/\/www.prioratenoturisme.com\/wp-content\/uploads\/2023\/03\/cropped-FAVICON.png","contentUrl":"https:\/\/www.prioratenoturisme.com\/wp-content\/uploads\/2023\/03\/cropped-FAVICON.png","width":512,"height":512,"caption":"Priorat Enoturisme"},"image":{"@id":"https:\/\/www.prioratenoturisme.com\/#\/schema\/logo\/image\/"},"sameAs":["https:\/\/www.facebook.com\/prioratenoturisme\/","https:\/\/www.instagram.com\/prioratenoturisme\/"]},{"@type":"Person","@id":"https:\/\/www.prioratenoturisme.com\/#\/schema\/person\/cf8b2b46ed7cccfee161b86aa5c2c3eb","name":"admin","image":{"@type":"ImageObject","inLanguage":"es","@id":"https:\/\/www.prioratenoturisme.com\/#\/schema\/person\/image\/","url":"https:\/\/secure.gravatar.com\/avatar\/aa0e2682f59fc8b757b375c7694c3398eb8a415e07a4ef7a4c0424484a51a974?s=96&d=mm&r=g","contentUrl":"https:\/\/secure.gravatar.com\/avatar\/aa0e2682f59fc8b757b375c7694c3398eb8a415e07a4ef7a4c0424484a51a974?s=96&d=mm&r=g","caption":"admin"},"sameAs":["https:\/\/www.prioratenoturisme.com"],"url":"https:\/\/www.prioratenoturisme.com\/es\/author\/info_7igyc0mu\/"}]}},"_links":{"self":[{"href":"https:\/\/www.prioratenoturisme.com\/es\/wp-json\/wp\/v2\/posts\/25389","targetHints":{"allow":["GET"]}}],"collection":[{"href":"https:\/\/www.prioratenoturisme.com\/es\/wp-json\/wp\/v2\/posts"}],"about":[{"href":"https:\/\/www.prioratenoturisme.com\/es\/wp-json\/wp\/v2\/types\/post"}],"author":[{"embeddable":true,"href":"https:\/\/www.prioratenoturisme.com\/es\/wp-json\/wp\/v2\/users\/1"}],"replies":[{"embeddable":true,"href":"https:\/\/www.prioratenoturisme.com\/es\/wp-json\/wp\/v2\/comments?post=25389"}],"version-history":[{"count":0,"href":"https:\/\/www.prioratenoturisme.com\/es\/wp-json\/wp\/v2\/posts\/25389\/revisions"}],"wp:featuredmedia":[{"embeddable":true,"href":"https:\/\/www.prioratenoturisme.com\/es\/wp-json\/wp\/v2\/media\/24555"}],"wp:attachment":[{"href":"https:\/\/www.prioratenoturisme.com\/es\/wp-json\/wp\/v2\/media?parent=25389"}],"wp:term":[{"taxonomy":"category","embeddable":true,"href":"https:\/\/www.prioratenoturisme.com\/es\/wp-json\/wp\/v2\/categories?post=25389"},{"taxonomy":"post_tag","embeddable":true,"href":"https:\/\/www.prioratenoturisme.com\/es\/wp-json\/wp\/v2\/tags?post=25389"}],"curies":[{"name":"wp","href":"https:\/\/api.w.org\/{rel}","templated":true}]}}