{"id":25391,"date":"2022-05-24T00:00:00","date_gmt":"2022-05-23T23:00:00","guid":{"rendered":"https:\/\/www.prioratenoturisme.com\/vinos-premiados-en-el-concurso-internacional-grenaches-du-monde\/"},"modified":"2022-05-24T00:00:00","modified_gmt":"2022-05-23T23:00:00","slug":"vinos-premiados-en-el-concurso-internacional-grenaches-du-monde","status":"publish","type":"post","link":"https:\/\/www.prioratenoturisme.com\/es\/vinos-premiados-en-el-concurso-internacional-grenaches-du-monde\/","title":{"rendered":"Vinos premiados en el concurso internacional \u2018Grenaches du Monde\u2019"},"content":{"rendered":"<p>A principios de este mes de mayo se celebr\u00f3 en Olite (Navarra) la <strong>10\u00aa edici\u00f3n del concurso &#8216;Grenaches du Monde&#8217;<\/strong>. Cerca de 900 vinos fueron catados por expertos internacionales de 12 nacionalidades distintas. Algunas de nuestras bodegas socias han obtenido reconocimientos por sus vinos. \u00bfQuieres descubrir cu\u00e1les? \u00a1Sigue leyendo!<\/p>\n<p>Para poner en contexto, el concurso internacional <strong>Grenaches du Monde se cre\u00f3 en 2013<\/strong> por el Consejo Interprofesional de los Vinos del Rosell\u00f3n (CIVR) en Perpi\u00f1\u00e1n. Es m\u00e1s adelante, concretamente en el a\u00f1o 2016, cuando la entrega de premios comienza a celebrarse en otras ciudades: en 2016 en Campo de Borja (Arag\u00f3n), en 2017 en Cerde\u00f1a (Italia) y en 2018 en la Terra Alta (Catalu\u00f1a).<\/p>\n<p>En 2019 regres\u00f3 a Perpi\u00f1\u00e1n y en 2020 viaj\u00f3 a Montpellier en colaboraci\u00f3n con los Vinos de Pays de Oc, primer productor mundial de vinos rosados \u200b\u200bde garnacha. En 2021, la pandemia oblig\u00f3 a dividir el evento en 4 localidades: Cebreros (Espa\u00f1a), Perpi\u00f1\u00e1n (Francia), Chateauneuf-du-Pape (Francia) y Ascoli Piceno (Italia).<\/p>\n<p>Este a\u00f1o, en esta 10\u00aa edici\u00f3n, <strong>nuestras bodegas socias celebran los reconocimientos obtenidos,<\/strong> que son los siguientes:<\/p>\n<p><strong>Medallas de Oro:<\/strong><\/p>\n<ul>\n<li>Lasendal 2020, de Celler Cap\u00e7anes<\/li>\n<li>Cabrida 2019, de Celler Cap\u00e7anes<\/li>\n<li>L\u2019Om Premium, de Celler Masroig<\/li>\n<li>Cartoixa 2018, de Cellers Scala Dei<\/li>\n<li>Pla dels \u00c0ngels 2021, de Cellers Scala Dei<\/li>\n<\/ul>\n<p>&nbsp;<\/p>\n<p><strong>Medallas de Plata:<\/strong><\/p>\n<ul>\n<li>Les Brugueres Negre 2019, de La Conreria d\u2019Scala Dei<\/li>\n<li>\u00c8tim La Pansa 2012, de Cooperativa Falset Mar\u00e7\u00e0<\/li>\n<\/ul>\n","protected":false},"excerpt":{"rendered":"<p>A principios de este mes de mayo se celebr\u00f3 en Olite (Navarra) la 10\u00aa edici\u00f3n del concurso &#8216;Grenaches du Monde&#8217;. Cerca de 900 vinos fueron catados por expertos internacionales de 12 nacionalidades distintas. Algunas de nuestras bodegas socias han obtenido reconocimientos por sus vinos. \u00bfQuieres descubrir cu\u00e1les? \u00a1Sigue leyendo! Para poner en contexto, el concurso [&hellip;]<\/p>\n","protected":false},"author":1,"featured_media":24563,"comment_status":"open","ping_status":"open","sticky":false,"template":"","format":"standard","meta":{"_acf_changed":false,"_et_pb_use_builder":"","_et_pb_old_content":"","_et_gb_content_width":"","footnotes":""},"categories":[231],"tags":[264,289,290,253,220],"class_list":["post-25391","post","type-post","status-publish","format-standard","has-post-thumbnail","hentry","category-blog","tag-bodegas","tag-medalla-de-oro","tag-medalla-de-plata","tag-premios","tag-priorat"],"acf":[],"yoast_head":"<!-- This site is optimized with the Yoast SEO plugin v25.6 - https:\/\/yoast.com\/wordpress\/plugins\/seo\/ -->\n<title>Vinos premiados en el concurso internacional \u2018Grenaches du Monde\u2019 - Priorat Enoturisme<\/title>\n<meta name=\"robots\" content=\"index, follow, max-snippet:-1, max-image-preview:large, max-video-preview:-1\" \/>\n<link rel=\"canonical\" href=\"https:\/\/www.prioratenoturisme.com\/es\/vinos-premiados-en-el-concurso-internacional-grenaches-du-monde\/\" \/>\n<meta property=\"og:locale\" content=\"es_ES\" \/>\n<meta property=\"og:type\" content=\"article\" \/>\n<meta property=\"og:title\" content=\"Vinos premiados en el concurso internacional \u2018Grenaches du Monde\u2019 - Priorat Enoturisme\" \/>\n<meta property=\"og:description\" content=\"A principios de este mes de mayo se celebr\u00f3 en Olite (Navarra) la 10\u00aa edici\u00f3n del concurso &#8216;Grenaches du Monde&#8217;. Cerca de 900 vinos fueron catados por expertos internacionales de 12 nacionalidades distintas. Algunas de nuestras bodegas socias han obtenido reconocimientos por sus vinos. \u00bfQuieres descubrir cu\u00e1les? \u00a1Sigue leyendo! Para poner en contexto, el concurso [&hellip;]\" \/>\n<meta property=\"og:url\" content=\"https:\/\/www.prioratenoturisme.com\/es\/vinos-premiados-en-el-concurso-internacional-grenaches-du-monde\/\" \/>\n<meta property=\"og:site_name\" content=\"Priorat Enoturisme\" \/>\n<meta property=\"article:publisher\" content=\"https:\/\/www.facebook.com\/prioratenoturisme\/\" \/>\n<meta property=\"article:published_time\" content=\"2022-05-23T23:00:00+00:00\" \/>\n<meta property=\"og:image\" content=\"https:\/\/www.prioratenoturisme.com\/wp-content\/uploads\/Diseno-sin-titulo-12-1024x726.png\" \/>\n\t<meta property=\"og:image:width\" content=\"1024\" \/>\n\t<meta property=\"og:image:height\" content=\"726\" \/>\n\t<meta property=\"og:image:type\" content=\"image\/png\" \/>\n<meta name=\"author\" content=\"admin\" \/>\n<meta name=\"twitter:card\" content=\"summary_large_image\" \/>\n<meta name=\"twitter:label1\" content=\"Escrito por\" \/>\n\t<meta name=\"twitter:data1\" content=\"admin\" \/>\n\t<meta name=\"twitter:label2\" content=\"Tiempo de lectura\" \/>\n\t<meta name=\"twitter:data2\" content=\"2 minutos\" \/>\n<script type=\"application\/ld+json\" class=\"yoast-schema-graph\">{\"@context\":\"https:\/\/schema.org\",\"@graph\":[{\"@type\":\"Article\",\"@id\":\"https:\/\/www.prioratenoturisme.com\/es\/vinos-premiados-en-el-concurso-internacional-grenaches-du-monde\/#article\",\"isPartOf\":{\"@id\":\"https:\/\/www.prioratenoturisme.com\/es\/vinos-premiados-en-el-concurso-internacional-grenaches-du-monde\/\"},\"author\":{\"name\":\"admin\",\"@id\":\"https:\/\/www.prioratenoturisme.com\/#\/schema\/person\/cf8b2b46ed7cccfee161b86aa5c2c3eb\"},\"headline\":\"Vinos premiados en el concurso internacional \u2018Grenaches du Monde\u2019\",\"datePublished\":\"2022-05-23T23:00:00+00:00\",\"mainEntityOfPage\":{\"@id\":\"https:\/\/www.prioratenoturisme.com\/es\/vinos-premiados-en-el-concurso-internacional-grenaches-du-monde\/\"},\"wordCount\":243,\"commentCount\":0,\"publisher\":{\"@id\":\"https:\/\/www.prioratenoturisme.com\/#organization\"},\"image\":{\"@id\":\"https:\/\/www.prioratenoturisme.com\/es\/vinos-premiados-en-el-concurso-internacional-grenaches-du-monde\/#primaryimage\"},\"thumbnailUrl\":\"https:\/\/www.prioratenoturisme.com\/wp-content\/uploads\/Diseno-sin-titulo-12.png\",\"keywords\":[\"bodegas\",\"medalla de oro\",\"medalla de plata\",\"premios\",\"priorat\"],\"articleSection\":[\"Blog\"],\"inLanguage\":\"es\",\"potentialAction\":[{\"@type\":\"CommentAction\",\"name\":\"Comment\",\"target\":[\"https:\/\/www.prioratenoturisme.com\/es\/vinos-premiados-en-el-concurso-internacional-grenaches-du-monde\/#respond\"]}]},{\"@type\":\"WebPage\",\"@id\":\"https:\/\/www.prioratenoturisme.com\/es\/vinos-premiados-en-el-concurso-internacional-grenaches-du-monde\/\",\"url\":\"https:\/\/www.prioratenoturisme.com\/es\/vinos-premiados-en-el-concurso-internacional-grenaches-du-monde\/\",\"name\":\"Vinos premiados en el concurso internacional \u2018Grenaches du Monde\u2019 - Priorat Enoturisme\",\"isPartOf\":{\"@id\":\"https:\/\/www.prioratenoturisme.com\/#website\"},\"primaryImageOfPage\":{\"@id\":\"https:\/\/www.prioratenoturisme.com\/es\/vinos-premiados-en-el-concurso-internacional-grenaches-du-monde\/#primaryimage\"},\"image\":{\"@id\":\"https:\/\/www.prioratenoturisme.com\/es\/vinos-premiados-en-el-concurso-internacional-grenaches-du-monde\/#primaryimage\"},\"thumbnailUrl\":\"https:\/\/www.prioratenoturisme.com\/wp-content\/uploads\/Diseno-sin-titulo-12.png\",\"datePublished\":\"2022-05-23T23:00:00+00:00\",\"breadcrumb\":{\"@id\":\"https:\/\/www.prioratenoturisme.com\/es\/vinos-premiados-en-el-concurso-internacional-grenaches-du-monde\/#breadcrumb\"},\"inLanguage\":\"es\",\"potentialAction\":[{\"@type\":\"ReadAction\",\"target\":[\"https:\/\/www.prioratenoturisme.com\/es\/vinos-premiados-en-el-concurso-internacional-grenaches-du-monde\/\"]}]},{\"@type\":\"ImageObject\",\"inLanguage\":\"es\",\"@id\":\"https:\/\/www.prioratenoturisme.com\/es\/vinos-premiados-en-el-concurso-internacional-grenaches-du-monde\/#primaryimage\",\"url\":\"https:\/\/www.prioratenoturisme.com\/wp-content\/uploads\/Diseno-sin-titulo-12.png\",\"contentUrl\":\"https:\/\/www.prioratenoturisme.com\/wp-content\/uploads\/Diseno-sin-titulo-12.png\",\"width\":1748,\"height\":1240},{\"@type\":\"BreadcrumbList\",\"@id\":\"https:\/\/www.prioratenoturisme.com\/es\/vinos-premiados-en-el-concurso-internacional-grenaches-du-monde\/#breadcrumb\",\"itemListElement\":[{\"@type\":\"ListItem\",\"position\":1,\"name\":\"Portada\",\"item\":\"https:\/\/www.prioratenoturisme.com\/es\/inicio-vive-el-priorat\/\"},{\"@type\":\"ListItem\",\"position\":2,\"name\":\"Vinos premiados en el concurso internacional \u2018Grenaches du Monde\u2019\"}]},{\"@type\":\"WebSite\",\"@id\":\"https:\/\/www.prioratenoturisme.com\/#website\",\"url\":\"https:\/\/www.prioratenoturisme.com\/\",\"name\":\"Priorat Enoturisme\",\"description\":\"Viu el Priorat\",\"publisher\":{\"@id\":\"https:\/\/www.prioratenoturisme.com\/#organization\"},\"potentialAction\":[{\"@type\":\"SearchAction\",\"target\":{\"@type\":\"EntryPoint\",\"urlTemplate\":\"https:\/\/www.prioratenoturisme.com\/?s={search_term_string}\"},\"query-input\":{\"@type\":\"PropertyValueSpecification\",\"valueRequired\":true,\"valueName\":\"search_term_string\"}}],\"inLanguage\":\"es\"},{\"@type\":\"Organization\",\"@id\":\"https:\/\/www.prioratenoturisme.com\/#organization\",\"name\":\"Priorat Enoturisme\",\"url\":\"https:\/\/www.prioratenoturisme.com\/\",\"logo\":{\"@type\":\"ImageObject\",\"inLanguage\":\"es\",\"@id\":\"https:\/\/www.prioratenoturisme.com\/#\/schema\/logo\/image\/\",\"url\":\"https:\/\/www.prioratenoturisme.com\/wp-content\/uploads\/2023\/03\/cropped-FAVICON.png\",\"contentUrl\":\"https:\/\/www.prioratenoturisme.com\/wp-content\/uploads\/2023\/03\/cropped-FAVICON.png\",\"width\":512,\"height\":512,\"caption\":\"Priorat Enoturisme\"},\"image\":{\"@id\":\"https:\/\/www.prioratenoturisme.com\/#\/schema\/logo\/image\/\"},\"sameAs\":[\"https:\/\/www.facebook.com\/prioratenoturisme\/\",\"https:\/\/www.instagram.com\/prioratenoturisme\/\"]},{\"@type\":\"Person\",\"@id\":\"https:\/\/www.prioratenoturisme.com\/#\/schema\/person\/cf8b2b46ed7cccfee161b86aa5c2c3eb\",\"name\":\"admin\",\"image\":{\"@type\":\"ImageObject\",\"inLanguage\":\"es\",\"@id\":\"https:\/\/www.prioratenoturisme.com\/#\/schema\/person\/image\/\",\"url\":\"https:\/\/secure.gravatar.com\/avatar\/aa0e2682f59fc8b757b375c7694c3398eb8a415e07a4ef7a4c0424484a51a974?s=96&d=mm&r=g\",\"contentUrl\":\"https:\/\/secure.gravatar.com\/avatar\/aa0e2682f59fc8b757b375c7694c3398eb8a415e07a4ef7a4c0424484a51a974?s=96&d=mm&r=g\",\"caption\":\"admin\"},\"sameAs\":[\"https:\/\/www.prioratenoturisme.com\"],\"url\":\"https:\/\/www.prioratenoturisme.com\/es\/author\/info_7igyc0mu\/\"}]}<\/script>\n<!-- \/ Yoast SEO plugin. -->","yoast_head_json":{"title":"Vinos premiados en el concurso internacional \u2018Grenaches du Monde\u2019 - Priorat Enoturisme","robots":{"index":"index","follow":"follow","max-snippet":"max-snippet:-1","max-image-preview":"max-image-preview:large","max-video-preview":"max-video-preview:-1"},"canonical":"https:\/\/www.prioratenoturisme.com\/es\/vinos-premiados-en-el-concurso-internacional-grenaches-du-monde\/","og_locale":"es_ES","og_type":"article","og_title":"Vinos premiados en el concurso internacional \u2018Grenaches du Monde\u2019 - Priorat Enoturisme","og_description":"A principios de este mes de mayo se celebr\u00f3 en Olite (Navarra) la 10\u00aa edici\u00f3n del concurso &#8216;Grenaches du Monde&#8217;. Cerca de 900 vinos fueron catados por expertos internacionales de 12 nacionalidades distintas. Algunas de nuestras bodegas socias han obtenido reconocimientos por sus vinos. \u00bfQuieres descubrir cu\u00e1les? \u00a1Sigue leyendo! Para poner en contexto, el concurso [&hellip;]","og_url":"https:\/\/www.prioratenoturisme.com\/es\/vinos-premiados-en-el-concurso-internacional-grenaches-du-monde\/","og_site_name":"Priorat Enoturisme","article_publisher":"https:\/\/www.facebook.com\/prioratenoturisme\/","article_published_time":"2022-05-23T23:00:00+00:00","og_image":[{"width":1024,"height":726,"url":"https:\/\/www.prioratenoturisme.com\/wp-content\/uploads\/Diseno-sin-titulo-12-1024x726.png","type":"image\/png"}],"author":"admin","twitter_card":"summary_large_image","twitter_misc":{"Escrito por":"admin","Tiempo de lectura":"2 minutos"},"schema":{"@context":"https:\/\/schema.org","@graph":[{"@type":"Article","@id":"https:\/\/www.prioratenoturisme.com\/es\/vinos-premiados-en-el-concurso-internacional-grenaches-du-monde\/#article","isPartOf":{"@id":"https:\/\/www.prioratenoturisme.com\/es\/vinos-premiados-en-el-concurso-internacional-grenaches-du-monde\/"},"author":{"name":"admin","@id":"https:\/\/www.prioratenoturisme.com\/#\/schema\/person\/cf8b2b46ed7cccfee161b86aa5c2c3eb"},"headline":"Vinos premiados en el concurso internacional \u2018Grenaches du Monde\u2019","datePublished":"2022-05-23T23:00:00+00:00","mainEntityOfPage":{"@id":"https:\/\/www.prioratenoturisme.com\/es\/vinos-premiados-en-el-concurso-internacional-grenaches-du-monde\/"},"wordCount":243,"commentCount":0,"publisher":{"@id":"https:\/\/www.prioratenoturisme.com\/#organization"},"image":{"@id":"https:\/\/www.prioratenoturisme.com\/es\/vinos-premiados-en-el-concurso-internacional-grenaches-du-monde\/#primaryimage"},"thumbnailUrl":"https:\/\/www.prioratenoturisme.com\/wp-content\/uploads\/Diseno-sin-titulo-12.png","keywords":["bodegas","medalla de oro","medalla de plata","premios","priorat"],"articleSection":["Blog"],"inLanguage":"es","potentialAction":[{"@type":"CommentAction","name":"Comment","target":["https:\/\/www.prioratenoturisme.com\/es\/vinos-premiados-en-el-concurso-internacional-grenaches-du-monde\/#respond"]}]},{"@type":"WebPage","@id":"https:\/\/www.prioratenoturisme.com\/es\/vinos-premiados-en-el-concurso-internacional-grenaches-du-monde\/","url":"https:\/\/www.prioratenoturisme.com\/es\/vinos-premiados-en-el-concurso-internacional-grenaches-du-monde\/","name":"Vinos premiados en el concurso internacional \u2018Grenaches du Monde\u2019 - Priorat Enoturisme","isPartOf":{"@id":"https:\/\/www.prioratenoturisme.com\/#website"},"primaryImageOfPage":{"@id":"https:\/\/www.prioratenoturisme.com\/es\/vinos-premiados-en-el-concurso-internacional-grenaches-du-monde\/#primaryimage"},"image":{"@id":"https:\/\/www.prioratenoturisme.com\/es\/vinos-premiados-en-el-concurso-internacional-grenaches-du-monde\/#primaryimage"},"thumbnailUrl":"https:\/\/www.prioratenoturisme.com\/wp-content\/uploads\/Diseno-sin-titulo-12.png","datePublished":"2022-05-23T23:00:00+00:00","breadcrumb":{"@id":"https:\/\/www.prioratenoturisme.com\/es\/vinos-premiados-en-el-concurso-internacional-grenaches-du-monde\/#breadcrumb"},"inLanguage":"es","potentialAction":[{"@type":"ReadAction","target":["https:\/\/www.prioratenoturisme.com\/es\/vinos-premiados-en-el-concurso-internacional-grenaches-du-monde\/"]}]},{"@type":"ImageObject","inLanguage":"es","@id":"https:\/\/www.prioratenoturisme.com\/es\/vinos-premiados-en-el-concurso-internacional-grenaches-du-monde\/#primaryimage","url":"https:\/\/www.prioratenoturisme.com\/wp-content\/uploads\/Diseno-sin-titulo-12.png","contentUrl":"https:\/\/www.prioratenoturisme.com\/wp-content\/uploads\/Diseno-sin-titulo-12.png","width":1748,"height":1240},{"@type":"BreadcrumbList","@id":"https:\/\/www.prioratenoturisme.com\/es\/vinos-premiados-en-el-concurso-internacional-grenaches-du-monde\/#breadcrumb","itemListElement":[{"@type":"ListItem","position":1,"name":"Portada","item":"https:\/\/www.prioratenoturisme.com\/es\/inicio-vive-el-priorat\/"},{"@type":"ListItem","position":2,"name":"Vinos premiados en el concurso internacional \u2018Grenaches du Monde\u2019"}]},{"@type":"WebSite","@id":"https:\/\/www.prioratenoturisme.com\/#website","url":"https:\/\/www.prioratenoturisme.com\/","name":"Priorat Enoturisme","description":"Viu el Priorat","publisher":{"@id":"https:\/\/www.prioratenoturisme.com\/#organization"},"potentialAction":[{"@type":"SearchAction","target":{"@type":"EntryPoint","urlTemplate":"https:\/\/www.prioratenoturisme.com\/?s={search_term_string}"},"query-input":{"@type":"PropertyValueSpecification","valueRequired":true,"valueName":"search_term_string"}}],"inLanguage":"es"},{"@type":"Organization","@id":"https:\/\/www.prioratenoturisme.com\/#organization","name":"Priorat Enoturisme","url":"https:\/\/www.prioratenoturisme.com\/","logo":{"@type":"ImageObject","inLanguage":"es","@id":"https:\/\/www.prioratenoturisme.com\/#\/schema\/logo\/image\/","url":"https:\/\/www.prioratenoturisme.com\/wp-content\/uploads\/2023\/03\/cropped-FAVICON.png","contentUrl":"https:\/\/www.prioratenoturisme.com\/wp-content\/uploads\/2023\/03\/cropped-FAVICON.png","width":512,"height":512,"caption":"Priorat Enoturisme"},"image":{"@id":"https:\/\/www.prioratenoturisme.com\/#\/schema\/logo\/image\/"},"sameAs":["https:\/\/www.facebook.com\/prioratenoturisme\/","https:\/\/www.instagram.com\/prioratenoturisme\/"]},{"@type":"Person","@id":"https:\/\/www.prioratenoturisme.com\/#\/schema\/person\/cf8b2b46ed7cccfee161b86aa5c2c3eb","name":"admin","image":{"@type":"ImageObject","inLanguage":"es","@id":"https:\/\/www.prioratenoturisme.com\/#\/schema\/person\/image\/","url":"https:\/\/secure.gravatar.com\/avatar\/aa0e2682f59fc8b757b375c7694c3398eb8a415e07a4ef7a4c0424484a51a974?s=96&d=mm&r=g","contentUrl":"https:\/\/secure.gravatar.com\/avatar\/aa0e2682f59fc8b757b375c7694c3398eb8a415e07a4ef7a4c0424484a51a974?s=96&d=mm&r=g","caption":"admin"},"sameAs":["https:\/\/www.prioratenoturisme.com"],"url":"https:\/\/www.prioratenoturisme.com\/es\/author\/info_7igyc0mu\/"}]}},"_links":{"self":[{"href":"https:\/\/www.prioratenoturisme.com\/es\/wp-json\/wp\/v2\/posts\/25391","targetHints":{"allow":["GET"]}}],"collection":[{"href":"https:\/\/www.prioratenoturisme.com\/es\/wp-json\/wp\/v2\/posts"}],"about":[{"href":"https:\/\/www.prioratenoturisme.com\/es\/wp-json\/wp\/v2\/types\/post"}],"author":[{"embeddable":true,"href":"https:\/\/www.prioratenoturisme.com\/es\/wp-json\/wp\/v2\/users\/1"}],"replies":[{"embeddable":true,"href":"https:\/\/www.prioratenoturisme.com\/es\/wp-json\/wp\/v2\/comments?post=25391"}],"version-history":[{"count":0,"href":"https:\/\/www.prioratenoturisme.com\/es\/wp-json\/wp\/v2\/posts\/25391\/revisions"}],"wp:featuredmedia":[{"embeddable":true,"href":"https:\/\/www.prioratenoturisme.com\/es\/wp-json\/wp\/v2\/media\/24563"}],"wp:attachment":[{"href":"https:\/\/www.prioratenoturisme.com\/es\/wp-json\/wp\/v2\/media?parent=25391"}],"wp:term":[{"taxonomy":"category","embeddable":true,"href":"https:\/\/www.prioratenoturisme.com\/es\/wp-json\/wp\/v2\/categories?post=25391"},{"taxonomy":"post_tag","embeddable":true,"href":"https:\/\/www.prioratenoturisme.com\/es\/wp-json\/wp\/v2\/tags?post=25391"}],"curies":[{"name":"wp","href":"https:\/\/api.w.org\/{rel}","templated":true}]}}