{"id":25394,"date":"2022-06-15T00:00:00","date_gmt":"2022-06-14T23:00:00","guid":{"rendered":"https:\/\/www.prioratenoturisme.com\/maria-jesus-sanchez-soldevila-nueva-presidenta-de-priorat-enoturisme\/"},"modified":"2022-06-15T00:00:00","modified_gmt":"2022-06-14T23:00:00","slug":"maria-jesus-sanchez-soldevila-nueva-presidenta-de-priorat-enoturisme","status":"publish","type":"post","link":"https:\/\/www.prioratenoturisme.com\/es\/maria-jesus-sanchez-soldevila-nueva-presidenta-de-priorat-enoturisme\/","title":{"rendered":"Maria Jes\u00fas S\u00e1nchez Soldevila, nueva presidenta de Priorat Enoturisme"},"content":{"rendered":"<p>\u00a1En Priorat Enoturisme tenemos novedades! Maria Jes\u00fas S\u00e1nchez Soldevila se convierte en la nueva presidenta de la asociaci\u00f3n sustituyendo as\u00ed a Roger Felip, quien ocupaba hasta ahora el cargo.<\/p>\n<p>Maria Jes\u00fas, nacida en Falset, es socia de Priorat Enoturisme desde 2015 y propietaria del restaurante La Morera del Priorat. Se form\u00f3 en la Escuela de Hosteler\u00eda y Turismo de Cambrils y, adem\u00e1s, participa activamente en el proyecto Carta Europea de Turismo sostenible.<\/p>\n<p>Sus objetivos son seguir trabajando por el proyecto enotur\u00edstico de la comarca, sumando sinergias p\u00fablico-privadas y creando y\/o colaborando en propuestas enotur\u00edsticas de calidad y sostenibles.<\/p>\n<p>Seg\u00fan palabras de la presidenta a la Federaci\u00f3n de Empresarios de Hosteler\u00eda de la Provincia de Tarragona (AEHT): \u201cUnidos y haciendo red, desde Priorat Enoturisme presentamos una diversidad de servicios de calidad que, cada asociado y con la calidez humana que comporta el turismo a peque\u00f1a escala, ponemos a disposici\u00f3n de nuestros visitantes\u201d, afirma.<\/p>\n<p>Como objetivo a corto plazo, desde Priorat Enoturisme se est\u00e1 trabajando actualmente en un proyecto de referencia en la comarca, la \u2018Fira de la Tomaca\u2019, la cual tendr\u00e1 lugar el pr\u00f3ximo mes de agosto. La feria ir\u00e1 acompa\u00f1ada de unas jornadas gastron\u00f3micas que girar\u00e1n en torno a los productos locales del huerto, el vino y el aceite del Priorat, como ya se produjo el pasado 2021.<\/p>\n","protected":false},"excerpt":{"rendered":"<p>\u00a1En Priorat Enoturisme tenemos novedades! Maria Jes\u00fas S\u00e1nchez Soldevila se convierte en la nueva presidenta de la asociaci\u00f3n sustituyendo as\u00ed a Roger Felip, quien ocupaba hasta ahora el cargo. Maria Jes\u00fas, nacida en Falset, es socia de Priorat Enoturisme desde 2015 y propietaria del restaurante La Morera del Priorat. Se form\u00f3 en la Escuela de [&hellip;]<\/p>\n","protected":false},"author":1,"featured_media":25028,"comment_status":"open","ping_status":"open","sticky":false,"template":"","format":"standard","meta":{"_acf_changed":false,"_et_pb_use_builder":"","_et_pb_old_content":"","_et_gb_content_width":"","footnotes":""},"categories":[231],"tags":[],"class_list":["post-25394","post","type-post","status-publish","format-standard","has-post-thumbnail","hentry","category-blog"],"acf":[],"yoast_head":"<!-- This site is optimized with the Yoast SEO plugin v25.6 - https:\/\/yoast.com\/wordpress\/plugins\/seo\/ -->\n<title>Maria Jes\u00fas S\u00e1nchez Soldevila, nueva presidenta de Priorat Enoturisme - Priorat Enoturisme<\/title>\n<meta name=\"robots\" content=\"index, follow, max-snippet:-1, max-image-preview:large, max-video-preview:-1\" \/>\n<link rel=\"canonical\" href=\"https:\/\/www.prioratenoturisme.com\/es\/maria-jesus-sanchez-soldevila-nueva-presidenta-de-priorat-enoturisme\/\" \/>\n<meta property=\"og:locale\" content=\"es_ES\" \/>\n<meta property=\"og:type\" content=\"article\" \/>\n<meta property=\"og:title\" content=\"Maria Jes\u00fas S\u00e1nchez Soldevila, nueva presidenta de Priorat Enoturisme - Priorat Enoturisme\" \/>\n<meta property=\"og:description\" content=\"\u00a1En Priorat Enoturisme tenemos novedades! Maria Jes\u00fas S\u00e1nchez Soldevila se convierte en la nueva presidenta de la asociaci\u00f3n sustituyendo as\u00ed a Roger Felip, quien ocupaba hasta ahora el cargo. Maria Jes\u00fas, nacida en Falset, es socia de Priorat Enoturisme desde 2015 y propietaria del restaurante La Morera del Priorat. Se form\u00f3 en la Escuela de [&hellip;]\" \/>\n<meta property=\"og:url\" content=\"https:\/\/www.prioratenoturisme.com\/es\/maria-jesus-sanchez-soldevila-nueva-presidenta-de-priorat-enoturisme\/\" \/>\n<meta property=\"og:site_name\" content=\"Priorat Enoturisme\" \/>\n<meta property=\"article:publisher\" content=\"https:\/\/www.facebook.com\/prioratenoturisme\/\" \/>\n<meta property=\"article:published_time\" content=\"2022-06-14T23:00:00+00:00\" \/>\n<meta property=\"og:image\" content=\"https:\/\/www.prioratenoturisme.com\/wp-content\/uploads\/Maria-Jesus-Sanchez-nova-presidenta.png\" \/>\n\t<meta property=\"og:image:width\" content=\"1748\" \/>\n\t<meta property=\"og:image:height\" content=\"1240\" \/>\n\t<meta property=\"og:image:type\" content=\"image\/png\" \/>\n<meta name=\"author\" content=\"admin\" \/>\n<meta name=\"twitter:card\" content=\"summary_large_image\" \/>\n<meta name=\"twitter:label1\" content=\"Escrito por\" \/>\n\t<meta name=\"twitter:data1\" content=\"admin\" \/>\n\t<meta name=\"twitter:label2\" content=\"Tiempo de lectura\" \/>\n\t<meta name=\"twitter:data2\" content=\"2 minutos\" \/>\n<script type=\"application\/ld+json\" class=\"yoast-schema-graph\">{\"@context\":\"https:\/\/schema.org\",\"@graph\":[{\"@type\":\"Article\",\"@id\":\"https:\/\/www.prioratenoturisme.com\/es\/maria-jesus-sanchez-soldevila-nueva-presidenta-de-priorat-enoturisme\/#article\",\"isPartOf\":{\"@id\":\"https:\/\/www.prioratenoturisme.com\/es\/maria-jesus-sanchez-soldevila-nueva-presidenta-de-priorat-enoturisme\/\"},\"author\":{\"name\":\"admin\",\"@id\":\"https:\/\/www.prioratenoturisme.com\/#\/schema\/person\/cf8b2b46ed7cccfee161b86aa5c2c3eb\"},\"headline\":\"Maria Jes\u00fas S\u00e1nchez Soldevila, nueva presidenta de Priorat Enoturisme\",\"datePublished\":\"2022-06-14T23:00:00+00:00\",\"mainEntityOfPage\":{\"@id\":\"https:\/\/www.prioratenoturisme.com\/es\/maria-jesus-sanchez-soldevila-nueva-presidenta-de-priorat-enoturisme\/\"},\"wordCount\":246,\"commentCount\":0,\"publisher\":{\"@id\":\"https:\/\/www.prioratenoturisme.com\/#organization\"},\"image\":{\"@id\":\"https:\/\/www.prioratenoturisme.com\/es\/maria-jesus-sanchez-soldevila-nueva-presidenta-de-priorat-enoturisme\/#primaryimage\"},\"thumbnailUrl\":\"https:\/\/www.prioratenoturisme.com\/wp-content\/uploads\/Maria-Jesus-Sanchez-nova-presidenta.png\",\"articleSection\":[\"Blog\"],\"inLanguage\":\"es\",\"potentialAction\":[{\"@type\":\"CommentAction\",\"name\":\"Comment\",\"target\":[\"https:\/\/www.prioratenoturisme.com\/es\/maria-jesus-sanchez-soldevila-nueva-presidenta-de-priorat-enoturisme\/#respond\"]}]},{\"@type\":\"WebPage\",\"@id\":\"https:\/\/www.prioratenoturisme.com\/es\/maria-jesus-sanchez-soldevila-nueva-presidenta-de-priorat-enoturisme\/\",\"url\":\"https:\/\/www.prioratenoturisme.com\/es\/maria-jesus-sanchez-soldevila-nueva-presidenta-de-priorat-enoturisme\/\",\"name\":\"Maria Jes\u00fas S\u00e1nchez Soldevila, nueva presidenta de Priorat Enoturisme - Priorat Enoturisme\",\"isPartOf\":{\"@id\":\"https:\/\/www.prioratenoturisme.com\/#website\"},\"primaryImageOfPage\":{\"@id\":\"https:\/\/www.prioratenoturisme.com\/es\/maria-jesus-sanchez-soldevila-nueva-presidenta-de-priorat-enoturisme\/#primaryimage\"},\"image\":{\"@id\":\"https:\/\/www.prioratenoturisme.com\/es\/maria-jesus-sanchez-soldevila-nueva-presidenta-de-priorat-enoturisme\/#primaryimage\"},\"thumbnailUrl\":\"https:\/\/www.prioratenoturisme.com\/wp-content\/uploads\/Maria-Jesus-Sanchez-nova-presidenta.png\",\"datePublished\":\"2022-06-14T23:00:00+00:00\",\"breadcrumb\":{\"@id\":\"https:\/\/www.prioratenoturisme.com\/es\/maria-jesus-sanchez-soldevila-nueva-presidenta-de-priorat-enoturisme\/#breadcrumb\"},\"inLanguage\":\"es\",\"potentialAction\":[{\"@type\":\"ReadAction\",\"target\":[\"https:\/\/www.prioratenoturisme.com\/es\/maria-jesus-sanchez-soldevila-nueva-presidenta-de-priorat-enoturisme\/\"]}]},{\"@type\":\"ImageObject\",\"inLanguage\":\"es\",\"@id\":\"https:\/\/www.prioratenoturisme.com\/es\/maria-jesus-sanchez-soldevila-nueva-presidenta-de-priorat-enoturisme\/#primaryimage\",\"url\":\"https:\/\/www.prioratenoturisme.com\/wp-content\/uploads\/Maria-Jesus-Sanchez-nova-presidenta.png\",\"contentUrl\":\"https:\/\/www.prioratenoturisme.com\/wp-content\/uploads\/Maria-Jesus-Sanchez-nova-presidenta.png\",\"width\":1748,\"height\":1240},{\"@type\":\"BreadcrumbList\",\"@id\":\"https:\/\/www.prioratenoturisme.com\/es\/maria-jesus-sanchez-soldevila-nueva-presidenta-de-priorat-enoturisme\/#breadcrumb\",\"itemListElement\":[{\"@type\":\"ListItem\",\"position\":1,\"name\":\"Portada\",\"item\":\"https:\/\/www.prioratenoturisme.com\/es\/inicio-vive-el-priorat\/\"},{\"@type\":\"ListItem\",\"position\":2,\"name\":\"Maria Jes\u00fas S\u00e1nchez Soldevila, nueva presidenta de Priorat Enoturisme\"}]},{\"@type\":\"WebSite\",\"@id\":\"https:\/\/www.prioratenoturisme.com\/#website\",\"url\":\"https:\/\/www.prioratenoturisme.com\/\",\"name\":\"Priorat Enoturisme\",\"description\":\"Viu el Priorat\",\"publisher\":{\"@id\":\"https:\/\/www.prioratenoturisme.com\/#organization\"},\"potentialAction\":[{\"@type\":\"SearchAction\",\"target\":{\"@type\":\"EntryPoint\",\"urlTemplate\":\"https:\/\/www.prioratenoturisme.com\/?s={search_term_string}\"},\"query-input\":{\"@type\":\"PropertyValueSpecification\",\"valueRequired\":true,\"valueName\":\"search_term_string\"}}],\"inLanguage\":\"es\"},{\"@type\":\"Organization\",\"@id\":\"https:\/\/www.prioratenoturisme.com\/#organization\",\"name\":\"Priorat Enoturisme\",\"url\":\"https:\/\/www.prioratenoturisme.com\/\",\"logo\":{\"@type\":\"ImageObject\",\"inLanguage\":\"es\",\"@id\":\"https:\/\/www.prioratenoturisme.com\/#\/schema\/logo\/image\/\",\"url\":\"https:\/\/www.prioratenoturisme.com\/wp-content\/uploads\/2023\/03\/cropped-FAVICON.png\",\"contentUrl\":\"https:\/\/www.prioratenoturisme.com\/wp-content\/uploads\/2023\/03\/cropped-FAVICON.png\",\"width\":512,\"height\":512,\"caption\":\"Priorat Enoturisme\"},\"image\":{\"@id\":\"https:\/\/www.prioratenoturisme.com\/#\/schema\/logo\/image\/\"},\"sameAs\":[\"https:\/\/www.facebook.com\/prioratenoturisme\/\",\"https:\/\/www.instagram.com\/prioratenoturisme\/\"]},{\"@type\":\"Person\",\"@id\":\"https:\/\/www.prioratenoturisme.com\/#\/schema\/person\/cf8b2b46ed7cccfee161b86aa5c2c3eb\",\"name\":\"admin\",\"image\":{\"@type\":\"ImageObject\",\"inLanguage\":\"es\",\"@id\":\"https:\/\/www.prioratenoturisme.com\/#\/schema\/person\/image\/\",\"url\":\"https:\/\/secure.gravatar.com\/avatar\/aa0e2682f59fc8b757b375c7694c3398eb8a415e07a4ef7a4c0424484a51a974?s=96&d=mm&r=g\",\"contentUrl\":\"https:\/\/secure.gravatar.com\/avatar\/aa0e2682f59fc8b757b375c7694c3398eb8a415e07a4ef7a4c0424484a51a974?s=96&d=mm&r=g\",\"caption\":\"admin\"},\"sameAs\":[\"https:\/\/www.prioratenoturisme.com\"],\"url\":\"https:\/\/www.prioratenoturisme.com\/es\/author\/info_7igyc0mu\/\"}]}<\/script>\n<!-- \/ Yoast SEO plugin. -->","yoast_head_json":{"title":"Maria Jes\u00fas S\u00e1nchez Soldevila, nueva presidenta de Priorat Enoturisme - Priorat Enoturisme","robots":{"index":"index","follow":"follow","max-snippet":"max-snippet:-1","max-image-preview":"max-image-preview:large","max-video-preview":"max-video-preview:-1"},"canonical":"https:\/\/www.prioratenoturisme.com\/es\/maria-jesus-sanchez-soldevila-nueva-presidenta-de-priorat-enoturisme\/","og_locale":"es_ES","og_type":"article","og_title":"Maria Jes\u00fas S\u00e1nchez Soldevila, nueva presidenta de Priorat Enoturisme - Priorat Enoturisme","og_description":"\u00a1En Priorat Enoturisme tenemos novedades! Maria Jes\u00fas S\u00e1nchez Soldevila se convierte en la nueva presidenta de la asociaci\u00f3n sustituyendo as\u00ed a Roger Felip, quien ocupaba hasta ahora el cargo. Maria Jes\u00fas, nacida en Falset, es socia de Priorat Enoturisme desde 2015 y propietaria del restaurante La Morera del Priorat. Se form\u00f3 en la Escuela de [&hellip;]","og_url":"https:\/\/www.prioratenoturisme.com\/es\/maria-jesus-sanchez-soldevila-nueva-presidenta-de-priorat-enoturisme\/","og_site_name":"Priorat Enoturisme","article_publisher":"https:\/\/www.facebook.com\/prioratenoturisme\/","article_published_time":"2022-06-14T23:00:00+00:00","og_image":[{"width":1748,"height":1240,"url":"https:\/\/www.prioratenoturisme.com\/wp-content\/uploads\/Maria-Jesus-Sanchez-nova-presidenta.png","type":"image\/png"}],"author":"admin","twitter_card":"summary_large_image","twitter_misc":{"Escrito por":"admin","Tiempo de lectura":"2 minutos"},"schema":{"@context":"https:\/\/schema.org","@graph":[{"@type":"Article","@id":"https:\/\/www.prioratenoturisme.com\/es\/maria-jesus-sanchez-soldevila-nueva-presidenta-de-priorat-enoturisme\/#article","isPartOf":{"@id":"https:\/\/www.prioratenoturisme.com\/es\/maria-jesus-sanchez-soldevila-nueva-presidenta-de-priorat-enoturisme\/"},"author":{"name":"admin","@id":"https:\/\/www.prioratenoturisme.com\/#\/schema\/person\/cf8b2b46ed7cccfee161b86aa5c2c3eb"},"headline":"Maria Jes\u00fas S\u00e1nchez Soldevila, nueva presidenta de Priorat Enoturisme","datePublished":"2022-06-14T23:00:00+00:00","mainEntityOfPage":{"@id":"https:\/\/www.prioratenoturisme.com\/es\/maria-jesus-sanchez-soldevila-nueva-presidenta-de-priorat-enoturisme\/"},"wordCount":246,"commentCount":0,"publisher":{"@id":"https:\/\/www.prioratenoturisme.com\/#organization"},"image":{"@id":"https:\/\/www.prioratenoturisme.com\/es\/maria-jesus-sanchez-soldevila-nueva-presidenta-de-priorat-enoturisme\/#primaryimage"},"thumbnailUrl":"https:\/\/www.prioratenoturisme.com\/wp-content\/uploads\/Maria-Jesus-Sanchez-nova-presidenta.png","articleSection":["Blog"],"inLanguage":"es","potentialAction":[{"@type":"CommentAction","name":"Comment","target":["https:\/\/www.prioratenoturisme.com\/es\/maria-jesus-sanchez-soldevila-nueva-presidenta-de-priorat-enoturisme\/#respond"]}]},{"@type":"WebPage","@id":"https:\/\/www.prioratenoturisme.com\/es\/maria-jesus-sanchez-soldevila-nueva-presidenta-de-priorat-enoturisme\/","url":"https:\/\/www.prioratenoturisme.com\/es\/maria-jesus-sanchez-soldevila-nueva-presidenta-de-priorat-enoturisme\/","name":"Maria Jes\u00fas S\u00e1nchez Soldevila, nueva presidenta de Priorat Enoturisme - Priorat Enoturisme","isPartOf":{"@id":"https:\/\/www.prioratenoturisme.com\/#website"},"primaryImageOfPage":{"@id":"https:\/\/www.prioratenoturisme.com\/es\/maria-jesus-sanchez-soldevila-nueva-presidenta-de-priorat-enoturisme\/#primaryimage"},"image":{"@id":"https:\/\/www.prioratenoturisme.com\/es\/maria-jesus-sanchez-soldevila-nueva-presidenta-de-priorat-enoturisme\/#primaryimage"},"thumbnailUrl":"https:\/\/www.prioratenoturisme.com\/wp-content\/uploads\/Maria-Jesus-Sanchez-nova-presidenta.png","datePublished":"2022-06-14T23:00:00+00:00","breadcrumb":{"@id":"https:\/\/www.prioratenoturisme.com\/es\/maria-jesus-sanchez-soldevila-nueva-presidenta-de-priorat-enoturisme\/#breadcrumb"},"inLanguage":"es","potentialAction":[{"@type":"ReadAction","target":["https:\/\/www.prioratenoturisme.com\/es\/maria-jesus-sanchez-soldevila-nueva-presidenta-de-priorat-enoturisme\/"]}]},{"@type":"ImageObject","inLanguage":"es","@id":"https:\/\/www.prioratenoturisme.com\/es\/maria-jesus-sanchez-soldevila-nueva-presidenta-de-priorat-enoturisme\/#primaryimage","url":"https:\/\/www.prioratenoturisme.com\/wp-content\/uploads\/Maria-Jesus-Sanchez-nova-presidenta.png","contentUrl":"https:\/\/www.prioratenoturisme.com\/wp-content\/uploads\/Maria-Jesus-Sanchez-nova-presidenta.png","width":1748,"height":1240},{"@type":"BreadcrumbList","@id":"https:\/\/www.prioratenoturisme.com\/es\/maria-jesus-sanchez-soldevila-nueva-presidenta-de-priorat-enoturisme\/#breadcrumb","itemListElement":[{"@type":"ListItem","position":1,"name":"Portada","item":"https:\/\/www.prioratenoturisme.com\/es\/inicio-vive-el-priorat\/"},{"@type":"ListItem","position":2,"name":"Maria Jes\u00fas S\u00e1nchez Soldevila, nueva presidenta de Priorat Enoturisme"}]},{"@type":"WebSite","@id":"https:\/\/www.prioratenoturisme.com\/#website","url":"https:\/\/www.prioratenoturisme.com\/","name":"Priorat Enoturisme","description":"Viu el Priorat","publisher":{"@id":"https:\/\/www.prioratenoturisme.com\/#organization"},"potentialAction":[{"@type":"SearchAction","target":{"@type":"EntryPoint","urlTemplate":"https:\/\/www.prioratenoturisme.com\/?s={search_term_string}"},"query-input":{"@type":"PropertyValueSpecification","valueRequired":true,"valueName":"search_term_string"}}],"inLanguage":"es"},{"@type":"Organization","@id":"https:\/\/www.prioratenoturisme.com\/#organization","name":"Priorat Enoturisme","url":"https:\/\/www.prioratenoturisme.com\/","logo":{"@type":"ImageObject","inLanguage":"es","@id":"https:\/\/www.prioratenoturisme.com\/#\/schema\/logo\/image\/","url":"https:\/\/www.prioratenoturisme.com\/wp-content\/uploads\/2023\/03\/cropped-FAVICON.png","contentUrl":"https:\/\/www.prioratenoturisme.com\/wp-content\/uploads\/2023\/03\/cropped-FAVICON.png","width":512,"height":512,"caption":"Priorat Enoturisme"},"image":{"@id":"https:\/\/www.prioratenoturisme.com\/#\/schema\/logo\/image\/"},"sameAs":["https:\/\/www.facebook.com\/prioratenoturisme\/","https:\/\/www.instagram.com\/prioratenoturisme\/"]},{"@type":"Person","@id":"https:\/\/www.prioratenoturisme.com\/#\/schema\/person\/cf8b2b46ed7cccfee161b86aa5c2c3eb","name":"admin","image":{"@type":"ImageObject","inLanguage":"es","@id":"https:\/\/www.prioratenoturisme.com\/#\/schema\/person\/image\/","url":"https:\/\/secure.gravatar.com\/avatar\/aa0e2682f59fc8b757b375c7694c3398eb8a415e07a4ef7a4c0424484a51a974?s=96&d=mm&r=g","contentUrl":"https:\/\/secure.gravatar.com\/avatar\/aa0e2682f59fc8b757b375c7694c3398eb8a415e07a4ef7a4c0424484a51a974?s=96&d=mm&r=g","caption":"admin"},"sameAs":["https:\/\/www.prioratenoturisme.com"],"url":"https:\/\/www.prioratenoturisme.com\/es\/author\/info_7igyc0mu\/"}]}},"_links":{"self":[{"href":"https:\/\/www.prioratenoturisme.com\/es\/wp-json\/wp\/v2\/posts\/25394","targetHints":{"allow":["GET"]}}],"collection":[{"href":"https:\/\/www.prioratenoturisme.com\/es\/wp-json\/wp\/v2\/posts"}],"about":[{"href":"https:\/\/www.prioratenoturisme.com\/es\/wp-json\/wp\/v2\/types\/post"}],"author":[{"embeddable":true,"href":"https:\/\/www.prioratenoturisme.com\/es\/wp-json\/wp\/v2\/users\/1"}],"replies":[{"embeddable":true,"href":"https:\/\/www.prioratenoturisme.com\/es\/wp-json\/wp\/v2\/comments?post=25394"}],"version-history":[{"count":0,"href":"https:\/\/www.prioratenoturisme.com\/es\/wp-json\/wp\/v2\/posts\/25394\/revisions"}],"wp:featuredmedia":[{"embeddable":true,"href":"https:\/\/www.prioratenoturisme.com\/es\/wp-json\/wp\/v2\/media\/25028"}],"wp:attachment":[{"href":"https:\/\/www.prioratenoturisme.com\/es\/wp-json\/wp\/v2\/media?parent=25394"}],"wp:term":[{"taxonomy":"category","embeddable":true,"href":"https:\/\/www.prioratenoturisme.com\/es\/wp-json\/wp\/v2\/categories?post=25394"},{"taxonomy":"post_tag","embeddable":true,"href":"https:\/\/www.prioratenoturisme.com\/es\/wp-json\/wp\/v2\/tags?post=25394"}],"curies":[{"name":"wp","href":"https:\/\/api.w.org\/{rel}","templated":true}]}}