{"id":25400,"date":"2022-08-01T00:00:00","date_gmt":"2022-07-31T23:00:00","guid":{"rendered":"https:\/\/www.prioratenoturisme.com\/en-agosto-llegan-las-jornadas-de-la-tomaca-y-del-huerto-del-priorat\/"},"modified":"2022-08-01T00:00:00","modified_gmt":"2022-07-31T23:00:00","slug":"en-agosto-llegan-las-jornadas-de-la-tomaca-y-del-huerto-del-priorat","status":"publish","type":"post","link":"https:\/\/www.prioratenoturisme.com\/es\/en-agosto-llegan-las-jornadas-de-la-tomaca-y-del-huerto-del-priorat\/","title":{"rendered":"En agosto llegan las Jornadas de la Tomaca y del huerto del Priorat"},"content":{"rendered":"<p>Del 19 de agosto al 11 de septiembre, vuelven las Jornadas de la Tomaca y del huerto al Priorat, este a\u00f1o con m\u00e1s participaci\u00f3n que nunca: casi una treintena de socios de Priorat Enoturisme.<\/p>\n<p>La Feria de la Tomaca llega a su 3\u00aa edici\u00f3n (la primera tiene fecha de 2019) con el objetivo de dar a conocer los productos hort\u00edcolas de la comarca, a la vez que se fomenta la recuperaci\u00f3n de variedades tradicionales y su producci\u00f3n y consumo en los establecimientos tur\u00edsticos prioratinos. En definitiva, seguir poniendo en valor la tradici\u00f3n gastron\u00f3mica de la comarca, al tiempo que se mitiga la p\u00e9rdida de biodiversidad cultivada.<\/p>\n<p>En cuanto a las jornadas, organizadas por la asociaci\u00f3n Priorat Enoturisme, entre los establecimientos que participan encontramos restaurantes, pero tambi\u00e9n alojamientos tur\u00edsticos, bodegas, agencias tur\u00edsticas y molinos de aceite.<\/p>\n<p>En cuanto a los negocios de restauraci\u00f3n, las cartas de esos d\u00edas incorporar\u00e1n tapas y platos elaborados con productos hort\u00edcolas del Priorat acompa\u00f1ados de vino de las dos denominaciones de origen de la comarca (DOQ Priorat y DO Montsant).<\/p>\n<p>En el caso de los alojamientos, bodegas, agencias y molinos de aceite, se suman por primera vez a la iniciativa, ofreciendo catas de la huerta prioratina en su actividad cotidiana, ya sean visitas, estancias o paquetes tur\u00edsticos.<\/p>\n<p>Los actos centrales de la feria del tomate tendr\u00e1n lugar en Falset entre los d\u00edas 19 y 21 de agosto. La tarde del viernes 19 se dar\u00e1 el pistoletazo de salida oficial al certamen en el Castillo (con una charla y una cena a cargo de Priorat Enoturisme), aunque ser\u00e1 el fin de semana (s\u00e1bado 20 y domingo 21) cuando los puestos de tomates ocupar\u00e1n la explanada delante de la Bodega Cooperativa de Falset.<\/p>\n<p>Un certamen en el que participan horticultores de toda la comarca del Priorat, dado que, ya sean profesionales o aficionados, todo el mundo que lo quiera est\u00e1 invitado a llevar una muestra de sus hortalizas, y en especial de sus variedades de tomate.<\/p>\n<p>Todo ello es necesario enmarcarlo en una serie de iniciativas que, en los \u00faltimos a\u00f1os, se han impulsado en la comarca del Priorat. Es el caso, por ejemplo, de la identificaci\u00f3n y recuperaci\u00f3n de variedades hort\u00edcolas tradicionales que inici\u00f3 en 2017 el Parque Natural de Montsant; de la constituci\u00f3n de la asociaci\u00f3n La Safran\u00f2ria, que trabaja para la consolidaci\u00f3n del banco de semillas del Priorat; o el nacimiento de iniciativas particulares como La Somaia, dedicadas a la producci\u00f3n de hortalizas singulares, pero tambi\u00e9n a la selecci\u00f3n, multiplicaci\u00f3n y guarda de semillas de variedades aut\u00f3ctonas.<\/p>\n<p>De hecho, el viernes d\u00eda 19 (19:00h en el Castillo de Falset) est\u00e1 previsto que la Fundaci\u00f3n Miquel Agust\u00ed presente los primeros resultados de Sembrem Priorat a cargo de la FMA. Acci\u00f3n coordinada por el CCP, dentro del PECT Pueblos vivos y activos y que busca identificar las variedades tradicionales de huerta y frutales de la comarca.<\/p>\n","protected":false},"excerpt":{"rendered":"<p>Del 19 de agosto al 11 de septiembre, vuelven las Jornadas de la Tomaca y del huerto al Priorat, este a\u00f1o con m\u00e1s participaci\u00f3n que nunca: casi una treintena de socios de Priorat Enoturisme. La Feria de la Tomaca llega a su 3\u00aa edici\u00f3n (la primera tiene fecha de 2019) con el objetivo de dar [&hellip;]<\/p>\n","protected":false},"author":1,"featured_media":25138,"comment_status":"open","ping_status":"open","sticky":false,"template":"","format":"standard","meta":{"_acf_changed":false,"_et_pb_use_builder":"","_et_pb_old_content":"","_et_gb_content_width":"","footnotes":""},"categories":[231],"tags":[],"class_list":["post-25400","post","type-post","status-publish","format-standard","has-post-thumbnail","hentry","category-blog"],"acf":[],"yoast_head":"<!-- This site is optimized with the Yoast SEO plugin v25.6 - https:\/\/yoast.com\/wordpress\/plugins\/seo\/ -->\n<title>En agosto llegan las Jornadas de la Tomaca y del huerto del Priorat - Priorat Enoturisme<\/title>\n<meta name=\"robots\" content=\"index, follow, max-snippet:-1, max-image-preview:large, max-video-preview:-1\" \/>\n<link rel=\"canonical\" href=\"https:\/\/www.prioratenoturisme.com\/es\/en-agosto-llegan-las-jornadas-de-la-tomaca-y-del-huerto-del-priorat\/\" \/>\n<meta property=\"og:locale\" content=\"es_ES\" \/>\n<meta property=\"og:type\" content=\"article\" \/>\n<meta property=\"og:title\" content=\"En agosto llegan las Jornadas de la Tomaca y del huerto del Priorat - Priorat Enoturisme\" \/>\n<meta property=\"og:description\" content=\"Del 19 de agosto al 11 de septiembre, vuelven las Jornadas de la Tomaca y del huerto al Priorat, este a\u00f1o con m\u00e1s participaci\u00f3n que nunca: casi una treintena de socios de Priorat Enoturisme. La Feria de la Tomaca llega a su 3\u00aa edici\u00f3n (la primera tiene fecha de 2019) con el objetivo de dar [&hellip;]\" \/>\n<meta property=\"og:url\" content=\"https:\/\/www.prioratenoturisme.com\/es\/en-agosto-llegan-las-jornadas-de-la-tomaca-y-del-huerto-del-priorat\/\" \/>\n<meta property=\"og:site_name\" content=\"Priorat Enoturisme\" \/>\n<meta property=\"article:publisher\" content=\"https:\/\/www.facebook.com\/prioratenoturisme\/\" \/>\n<meta property=\"article:published_time\" content=\"2022-07-31T23:00:00+00:00\" \/>\n<meta property=\"og:image\" content=\"https:\/\/www.prioratenoturisme.com\/wp-content\/uploads\/Campanya-estiu-SIL_Jornada-tomaca-16-1.png\" \/>\n\t<meta property=\"og:image:width\" content=\"600\" \/>\n\t<meta property=\"og:image:height\" content=\"600\" \/>\n\t<meta property=\"og:image:type\" content=\"image\/png\" \/>\n<meta name=\"author\" content=\"admin\" \/>\n<meta name=\"twitter:card\" content=\"summary_large_image\" \/>\n<meta name=\"twitter:label1\" content=\"Escrito por\" \/>\n\t<meta name=\"twitter:data1\" content=\"admin\" \/>\n\t<meta name=\"twitter:label2\" content=\"Tiempo de lectura\" \/>\n\t<meta name=\"twitter:data2\" content=\"3 minutos\" \/>\n<script type=\"application\/ld+json\" class=\"yoast-schema-graph\">{\"@context\":\"https:\/\/schema.org\",\"@graph\":[{\"@type\":\"Article\",\"@id\":\"https:\/\/www.prioratenoturisme.com\/es\/en-agosto-llegan-las-jornadas-de-la-tomaca-y-del-huerto-del-priorat\/#article\",\"isPartOf\":{\"@id\":\"https:\/\/www.prioratenoturisme.com\/es\/en-agosto-llegan-las-jornadas-de-la-tomaca-y-del-huerto-del-priorat\/\"},\"author\":{\"name\":\"admin\",\"@id\":\"https:\/\/www.prioratenoturisme.com\/#\/schema\/person\/cf8b2b46ed7cccfee161b86aa5c2c3eb\"},\"headline\":\"En agosto llegan las Jornadas de la Tomaca y del huerto del Priorat\",\"datePublished\":\"2022-07-31T23:00:00+00:00\",\"mainEntityOfPage\":{\"@id\":\"https:\/\/www.prioratenoturisme.com\/es\/en-agosto-llegan-las-jornadas-de-la-tomaca-y-del-huerto-del-priorat\/\"},\"wordCount\":522,\"commentCount\":0,\"publisher\":{\"@id\":\"https:\/\/www.prioratenoturisme.com\/#organization\"},\"image\":{\"@id\":\"https:\/\/www.prioratenoturisme.com\/es\/en-agosto-llegan-las-jornadas-de-la-tomaca-y-del-huerto-del-priorat\/#primaryimage\"},\"thumbnailUrl\":\"https:\/\/www.prioratenoturisme.com\/wp-content\/uploads\/Campanya-estiu-SIL_Jornada-tomaca-16-1.png\",\"articleSection\":[\"Blog\"],\"inLanguage\":\"es\",\"potentialAction\":[{\"@type\":\"CommentAction\",\"name\":\"Comment\",\"target\":[\"https:\/\/www.prioratenoturisme.com\/es\/en-agosto-llegan-las-jornadas-de-la-tomaca-y-del-huerto-del-priorat\/#respond\"]}]},{\"@type\":\"WebPage\",\"@id\":\"https:\/\/www.prioratenoturisme.com\/es\/en-agosto-llegan-las-jornadas-de-la-tomaca-y-del-huerto-del-priorat\/\",\"url\":\"https:\/\/www.prioratenoturisme.com\/es\/en-agosto-llegan-las-jornadas-de-la-tomaca-y-del-huerto-del-priorat\/\",\"name\":\"En agosto llegan las Jornadas de la Tomaca y del huerto del Priorat - Priorat Enoturisme\",\"isPartOf\":{\"@id\":\"https:\/\/www.prioratenoturisme.com\/#website\"},\"primaryImageOfPage\":{\"@id\":\"https:\/\/www.prioratenoturisme.com\/es\/en-agosto-llegan-las-jornadas-de-la-tomaca-y-del-huerto-del-priorat\/#primaryimage\"},\"image\":{\"@id\":\"https:\/\/www.prioratenoturisme.com\/es\/en-agosto-llegan-las-jornadas-de-la-tomaca-y-del-huerto-del-priorat\/#primaryimage\"},\"thumbnailUrl\":\"https:\/\/www.prioratenoturisme.com\/wp-content\/uploads\/Campanya-estiu-SIL_Jornada-tomaca-16-1.png\",\"datePublished\":\"2022-07-31T23:00:00+00:00\",\"breadcrumb\":{\"@id\":\"https:\/\/www.prioratenoturisme.com\/es\/en-agosto-llegan-las-jornadas-de-la-tomaca-y-del-huerto-del-priorat\/#breadcrumb\"},\"inLanguage\":\"es\",\"potentialAction\":[{\"@type\":\"ReadAction\",\"target\":[\"https:\/\/www.prioratenoturisme.com\/es\/en-agosto-llegan-las-jornadas-de-la-tomaca-y-del-huerto-del-priorat\/\"]}]},{\"@type\":\"ImageObject\",\"inLanguage\":\"es\",\"@id\":\"https:\/\/www.prioratenoturisme.com\/es\/en-agosto-llegan-las-jornadas-de-la-tomaca-y-del-huerto-del-priorat\/#primaryimage\",\"url\":\"https:\/\/www.prioratenoturisme.com\/wp-content\/uploads\/Campanya-estiu-SIL_Jornada-tomaca-16-1.png\",\"contentUrl\":\"https:\/\/www.prioratenoturisme.com\/wp-content\/uploads\/Campanya-estiu-SIL_Jornada-tomaca-16-1.png\",\"width\":600,\"height\":600},{\"@type\":\"BreadcrumbList\",\"@id\":\"https:\/\/www.prioratenoturisme.com\/es\/en-agosto-llegan-las-jornadas-de-la-tomaca-y-del-huerto-del-priorat\/#breadcrumb\",\"itemListElement\":[{\"@type\":\"ListItem\",\"position\":1,\"name\":\"Portada\",\"item\":\"https:\/\/www.prioratenoturisme.com\/es\/inicio-vive-el-priorat\/\"},{\"@type\":\"ListItem\",\"position\":2,\"name\":\"En agosto llegan las Jornadas de la Tomaca y del huerto del Priorat\"}]},{\"@type\":\"WebSite\",\"@id\":\"https:\/\/www.prioratenoturisme.com\/#website\",\"url\":\"https:\/\/www.prioratenoturisme.com\/\",\"name\":\"Priorat Enoturisme\",\"description\":\"Viu el Priorat\",\"publisher\":{\"@id\":\"https:\/\/www.prioratenoturisme.com\/#organization\"},\"potentialAction\":[{\"@type\":\"SearchAction\",\"target\":{\"@type\":\"EntryPoint\",\"urlTemplate\":\"https:\/\/www.prioratenoturisme.com\/?s={search_term_string}\"},\"query-input\":{\"@type\":\"PropertyValueSpecification\",\"valueRequired\":true,\"valueName\":\"search_term_string\"}}],\"inLanguage\":\"es\"},{\"@type\":\"Organization\",\"@id\":\"https:\/\/www.prioratenoturisme.com\/#organization\",\"name\":\"Priorat Enoturisme\",\"url\":\"https:\/\/www.prioratenoturisme.com\/\",\"logo\":{\"@type\":\"ImageObject\",\"inLanguage\":\"es\",\"@id\":\"https:\/\/www.prioratenoturisme.com\/#\/schema\/logo\/image\/\",\"url\":\"https:\/\/www.prioratenoturisme.com\/wp-content\/uploads\/2023\/03\/cropped-FAVICON.png\",\"contentUrl\":\"https:\/\/www.prioratenoturisme.com\/wp-content\/uploads\/2023\/03\/cropped-FAVICON.png\",\"width\":512,\"height\":512,\"caption\":\"Priorat Enoturisme\"},\"image\":{\"@id\":\"https:\/\/www.prioratenoturisme.com\/#\/schema\/logo\/image\/\"},\"sameAs\":[\"https:\/\/www.facebook.com\/prioratenoturisme\/\",\"https:\/\/www.instagram.com\/prioratenoturisme\/\"]},{\"@type\":\"Person\",\"@id\":\"https:\/\/www.prioratenoturisme.com\/#\/schema\/person\/cf8b2b46ed7cccfee161b86aa5c2c3eb\",\"name\":\"admin\",\"image\":{\"@type\":\"ImageObject\",\"inLanguage\":\"es\",\"@id\":\"https:\/\/www.prioratenoturisme.com\/#\/schema\/person\/image\/\",\"url\":\"https:\/\/secure.gravatar.com\/avatar\/aa0e2682f59fc8b757b375c7694c3398eb8a415e07a4ef7a4c0424484a51a974?s=96&d=mm&r=g\",\"contentUrl\":\"https:\/\/secure.gravatar.com\/avatar\/aa0e2682f59fc8b757b375c7694c3398eb8a415e07a4ef7a4c0424484a51a974?s=96&d=mm&r=g\",\"caption\":\"admin\"},\"sameAs\":[\"https:\/\/www.prioratenoturisme.com\"],\"url\":\"https:\/\/www.prioratenoturisme.com\/es\/author\/info_7igyc0mu\/\"}]}<\/script>\n<!-- \/ Yoast SEO plugin. -->","yoast_head_json":{"title":"En agosto llegan las Jornadas de la Tomaca y del huerto del Priorat - Priorat Enoturisme","robots":{"index":"index","follow":"follow","max-snippet":"max-snippet:-1","max-image-preview":"max-image-preview:large","max-video-preview":"max-video-preview:-1"},"canonical":"https:\/\/www.prioratenoturisme.com\/es\/en-agosto-llegan-las-jornadas-de-la-tomaca-y-del-huerto-del-priorat\/","og_locale":"es_ES","og_type":"article","og_title":"En agosto llegan las Jornadas de la Tomaca y del huerto del Priorat - Priorat Enoturisme","og_description":"Del 19 de agosto al 11 de septiembre, vuelven las Jornadas de la Tomaca y del huerto al Priorat, este a\u00f1o con m\u00e1s participaci\u00f3n que nunca: casi una treintena de socios de Priorat Enoturisme. La Feria de la Tomaca llega a su 3\u00aa edici\u00f3n (la primera tiene fecha de 2019) con el objetivo de dar [&hellip;]","og_url":"https:\/\/www.prioratenoturisme.com\/es\/en-agosto-llegan-las-jornadas-de-la-tomaca-y-del-huerto-del-priorat\/","og_site_name":"Priorat Enoturisme","article_publisher":"https:\/\/www.facebook.com\/prioratenoturisme\/","article_published_time":"2022-07-31T23:00:00+00:00","og_image":[{"width":600,"height":600,"url":"https:\/\/www.prioratenoturisme.com\/wp-content\/uploads\/Campanya-estiu-SIL_Jornada-tomaca-16-1.png","type":"image\/png"}],"author":"admin","twitter_card":"summary_large_image","twitter_misc":{"Escrito por":"admin","Tiempo de lectura":"3 minutos"},"schema":{"@context":"https:\/\/schema.org","@graph":[{"@type":"Article","@id":"https:\/\/www.prioratenoturisme.com\/es\/en-agosto-llegan-las-jornadas-de-la-tomaca-y-del-huerto-del-priorat\/#article","isPartOf":{"@id":"https:\/\/www.prioratenoturisme.com\/es\/en-agosto-llegan-las-jornadas-de-la-tomaca-y-del-huerto-del-priorat\/"},"author":{"name":"admin","@id":"https:\/\/www.prioratenoturisme.com\/#\/schema\/person\/cf8b2b46ed7cccfee161b86aa5c2c3eb"},"headline":"En agosto llegan las Jornadas de la Tomaca y del huerto del Priorat","datePublished":"2022-07-31T23:00:00+00:00","mainEntityOfPage":{"@id":"https:\/\/www.prioratenoturisme.com\/es\/en-agosto-llegan-las-jornadas-de-la-tomaca-y-del-huerto-del-priorat\/"},"wordCount":522,"commentCount":0,"publisher":{"@id":"https:\/\/www.prioratenoturisme.com\/#organization"},"image":{"@id":"https:\/\/www.prioratenoturisme.com\/es\/en-agosto-llegan-las-jornadas-de-la-tomaca-y-del-huerto-del-priorat\/#primaryimage"},"thumbnailUrl":"https:\/\/www.prioratenoturisme.com\/wp-content\/uploads\/Campanya-estiu-SIL_Jornada-tomaca-16-1.png","articleSection":["Blog"],"inLanguage":"es","potentialAction":[{"@type":"CommentAction","name":"Comment","target":["https:\/\/www.prioratenoturisme.com\/es\/en-agosto-llegan-las-jornadas-de-la-tomaca-y-del-huerto-del-priorat\/#respond"]}]},{"@type":"WebPage","@id":"https:\/\/www.prioratenoturisme.com\/es\/en-agosto-llegan-las-jornadas-de-la-tomaca-y-del-huerto-del-priorat\/","url":"https:\/\/www.prioratenoturisme.com\/es\/en-agosto-llegan-las-jornadas-de-la-tomaca-y-del-huerto-del-priorat\/","name":"En agosto llegan las Jornadas de la Tomaca y del huerto del Priorat - Priorat Enoturisme","isPartOf":{"@id":"https:\/\/www.prioratenoturisme.com\/#website"},"primaryImageOfPage":{"@id":"https:\/\/www.prioratenoturisme.com\/es\/en-agosto-llegan-las-jornadas-de-la-tomaca-y-del-huerto-del-priorat\/#primaryimage"},"image":{"@id":"https:\/\/www.prioratenoturisme.com\/es\/en-agosto-llegan-las-jornadas-de-la-tomaca-y-del-huerto-del-priorat\/#primaryimage"},"thumbnailUrl":"https:\/\/www.prioratenoturisme.com\/wp-content\/uploads\/Campanya-estiu-SIL_Jornada-tomaca-16-1.png","datePublished":"2022-07-31T23:00:00+00:00","breadcrumb":{"@id":"https:\/\/www.prioratenoturisme.com\/es\/en-agosto-llegan-las-jornadas-de-la-tomaca-y-del-huerto-del-priorat\/#breadcrumb"},"inLanguage":"es","potentialAction":[{"@type":"ReadAction","target":["https:\/\/www.prioratenoturisme.com\/es\/en-agosto-llegan-las-jornadas-de-la-tomaca-y-del-huerto-del-priorat\/"]}]},{"@type":"ImageObject","inLanguage":"es","@id":"https:\/\/www.prioratenoturisme.com\/es\/en-agosto-llegan-las-jornadas-de-la-tomaca-y-del-huerto-del-priorat\/#primaryimage","url":"https:\/\/www.prioratenoturisme.com\/wp-content\/uploads\/Campanya-estiu-SIL_Jornada-tomaca-16-1.png","contentUrl":"https:\/\/www.prioratenoturisme.com\/wp-content\/uploads\/Campanya-estiu-SIL_Jornada-tomaca-16-1.png","width":600,"height":600},{"@type":"BreadcrumbList","@id":"https:\/\/www.prioratenoturisme.com\/es\/en-agosto-llegan-las-jornadas-de-la-tomaca-y-del-huerto-del-priorat\/#breadcrumb","itemListElement":[{"@type":"ListItem","position":1,"name":"Portada","item":"https:\/\/www.prioratenoturisme.com\/es\/inicio-vive-el-priorat\/"},{"@type":"ListItem","position":2,"name":"En agosto llegan las Jornadas de la Tomaca y del huerto del Priorat"}]},{"@type":"WebSite","@id":"https:\/\/www.prioratenoturisme.com\/#website","url":"https:\/\/www.prioratenoturisme.com\/","name":"Priorat Enoturisme","description":"Viu el Priorat","publisher":{"@id":"https:\/\/www.prioratenoturisme.com\/#organization"},"potentialAction":[{"@type":"SearchAction","target":{"@type":"EntryPoint","urlTemplate":"https:\/\/www.prioratenoturisme.com\/?s={search_term_string}"},"query-input":{"@type":"PropertyValueSpecification","valueRequired":true,"valueName":"search_term_string"}}],"inLanguage":"es"},{"@type":"Organization","@id":"https:\/\/www.prioratenoturisme.com\/#organization","name":"Priorat Enoturisme","url":"https:\/\/www.prioratenoturisme.com\/","logo":{"@type":"ImageObject","inLanguage":"es","@id":"https:\/\/www.prioratenoturisme.com\/#\/schema\/logo\/image\/","url":"https:\/\/www.prioratenoturisme.com\/wp-content\/uploads\/2023\/03\/cropped-FAVICON.png","contentUrl":"https:\/\/www.prioratenoturisme.com\/wp-content\/uploads\/2023\/03\/cropped-FAVICON.png","width":512,"height":512,"caption":"Priorat Enoturisme"},"image":{"@id":"https:\/\/www.prioratenoturisme.com\/#\/schema\/logo\/image\/"},"sameAs":["https:\/\/www.facebook.com\/prioratenoturisme\/","https:\/\/www.instagram.com\/prioratenoturisme\/"]},{"@type":"Person","@id":"https:\/\/www.prioratenoturisme.com\/#\/schema\/person\/cf8b2b46ed7cccfee161b86aa5c2c3eb","name":"admin","image":{"@type":"ImageObject","inLanguage":"es","@id":"https:\/\/www.prioratenoturisme.com\/#\/schema\/person\/image\/","url":"https:\/\/secure.gravatar.com\/avatar\/aa0e2682f59fc8b757b375c7694c3398eb8a415e07a4ef7a4c0424484a51a974?s=96&d=mm&r=g","contentUrl":"https:\/\/secure.gravatar.com\/avatar\/aa0e2682f59fc8b757b375c7694c3398eb8a415e07a4ef7a4c0424484a51a974?s=96&d=mm&r=g","caption":"admin"},"sameAs":["https:\/\/www.prioratenoturisme.com"],"url":"https:\/\/www.prioratenoturisme.com\/es\/author\/info_7igyc0mu\/"}]}},"_links":{"self":[{"href":"https:\/\/www.prioratenoturisme.com\/es\/wp-json\/wp\/v2\/posts\/25400","targetHints":{"allow":["GET"]}}],"collection":[{"href":"https:\/\/www.prioratenoturisme.com\/es\/wp-json\/wp\/v2\/posts"}],"about":[{"href":"https:\/\/www.prioratenoturisme.com\/es\/wp-json\/wp\/v2\/types\/post"}],"author":[{"embeddable":true,"href":"https:\/\/www.prioratenoturisme.com\/es\/wp-json\/wp\/v2\/users\/1"}],"replies":[{"embeddable":true,"href":"https:\/\/www.prioratenoturisme.com\/es\/wp-json\/wp\/v2\/comments?post=25400"}],"version-history":[{"count":0,"href":"https:\/\/www.prioratenoturisme.com\/es\/wp-json\/wp\/v2\/posts\/25400\/revisions"}],"wp:featuredmedia":[{"embeddable":true,"href":"https:\/\/www.prioratenoturisme.com\/es\/wp-json\/wp\/v2\/media\/25138"}],"wp:attachment":[{"href":"https:\/\/www.prioratenoturisme.com\/es\/wp-json\/wp\/v2\/media?parent=25400"}],"wp:term":[{"taxonomy":"category","embeddable":true,"href":"https:\/\/www.prioratenoturisme.com\/es\/wp-json\/wp\/v2\/categories?post=25400"},{"taxonomy":"post_tag","embeddable":true,"href":"https:\/\/www.prioratenoturisme.com\/es\/wp-json\/wp\/v2\/tags?post=25400"}],"curies":[{"name":"wp","href":"https:\/\/api.w.org\/{rel}","templated":true}]}}