{"id":25401,"date":"2022-08-16T00:00:00","date_gmt":"2022-08-15T23:00:00","guid":{"rendered":"https:\/\/www.prioratenoturisme.com\/muestra-gastronomica-en-el-castillo-de-falset\/"},"modified":"2022-08-16T00:00:00","modified_gmt":"2022-08-15T23:00:00","slug":"muestra-gastronomica-en-el-castillo-de-falset","status":"publish","type":"post","link":"https:\/\/www.prioratenoturisme.com\/es\/muestra-gastronomica-en-el-castillo-de-falset\/","title":{"rendered":"Muestra gastron\u00f3mica en el Castillo de Falset"},"content":{"rendered":"<p>El pr\u00f3ximo viernes, 19 de agosto a las 20:30h, se celebra la Muestra Gastron\u00f3mica de Priorat Enoturisme en el Castillo de Falset, despu\u00e9s del acto inaugural de la Feria de la Tomaca. Participan restaurantes, elaboradores de aceite, un horno, un productor de quesos y bodegas de la asociaci\u00f3n. \u00bfNos acompa\u00f1as?<\/p>\n<p>Las entradas se pueden comprar <a href=\"https:\/\/www.entrapolis.com\/entrades\/sopar-priorat-enoturisme-jornades-gastronomiques-del-tomaquet-i-lhorta-del-priorat\">a trav\u00e9s de este enlace<\/a> y tambi\u00e9n en dos puntos de venta f\u00edsica: Cooperativa Falset Mar\u00e7\u00e0 en Falset y LoRefugi en Cornudella de Montsant. Con la entrada se incluye una copa y una tapa (el valor de la copa es de 2,50\u20ac y el de la tapa 3\u20ac). Y&#8230; si te quedas sin entrada, podr\u00e1s comprar m\u00e1s tiquets el mismo d\u00eda en el Castillo.<\/p>\n<p>Podr\u00e1s degustar&#8230;<\/p>\n<h3>Tapas de los restaurantes:<\/h3>\n<ul>\n<li><strong>Brichs Restaurant:<\/strong> Ensalada de tomate con sopa de aceitunas. 3 tipos de tomates aut\u00f3ctonos con una sopa de aceitunas de manzanilla.<\/li>\n<li><strong>Fonda Toldr\u00e0<\/strong>: Tortilla con zumo de espinacas de la huerta de Ulldemolins.<\/li>\n<li><strong>Restaurante Les Figueres:<\/strong> Mini torta de queso ricotta, variado de tomates y albahaca.<\/li>\n<li><strong>Restaurante El Cairat:<\/strong> Cazuelita de pan con t\u00e1rtar de arenque ahumado y verduras escalivadas.<\/li>\n<li><strong>La Morera:<\/strong> Crema fr\u00eda de tomate con reques\u00f3n, aceite de albahaca y cortezas de pan.<\/li>\n<li><strong>Quinoa Restaurante:<\/strong> Alb\u00f3ndigas con chanfaina de verdura ecol\u00f3gica.<\/li>\n<li><strong>Mas d\u2019en Gil:<\/strong> T\u00e1rtar de tomate con crujiente de pan ali\u00f1ado con aceite y vinagre de la bodega.<\/li>\n<li><strong>Queser\u00eda Linens<\/strong>: especialidades de quesos.<\/li>\n<li><strong>Forn Pedret<\/strong>: Coca de recapte con tomates eco y Croissant de chanfaina.<\/li>\n<li><strong>Priordei:<\/strong> Pan tostado, chocolate, sal y aceite de Priordei by Christian Escrib\u00e0.<\/li>\n<\/ul>\n<p>&nbsp;<\/p>\n<h3>Aceites de oliva virgen extra:<\/h3>\n<ul>\n<li><strong>Mir\u00f3 Cubells:<\/strong> Aceites de 3 variedades diferentes. Bombones de chocolate con aceite cavaloca y sal.<\/li>\n<li><strong>Vin\u00edcola del Priorat:<\/strong> Pedra de Mol\u00ed y Mol\u00ed nou.<\/li>\n<li><strong>Priordei:<\/strong> Priordei llegat 500ml. Arbequina con rebanada de pan.<\/li>\n<\/ul>\n<p>&nbsp;<\/p>\n<h3>Vinos de las bodegas:<\/h3>\n<ul>\n<li><strong>Celler Cap\u00e7anes:<\/strong> Mas Don\u00eds Blanco, Mas Don\u00eds Rosado, Mas Don\u00eds Tinto, Mas Picosa Blanco de tintos, Lasendal<\/li>\n<li><strong>Clos Figueras<\/strong>: Serras del Priorat blanco 2021<\/li>\n<li><strong>Cellers Scaladei:<\/strong> Blanc de Noirs 2021, Prior 2019, Cartoixa 2018<\/li>\n<li><strong>Celler Pasanau:<\/strong> Les Myriams 2017, Ceps Nous 2019 ECO<\/li>\n<li><strong>Mas d\u2019en Gil<\/strong>: Bellmunt Blanco 2021, Bellmunt Tinto 2019, Coma Alta 2018, Coma Vella 2016<\/li>\n<li><strong>Mas Sinen:<\/strong> La Vall, El Clos<\/li>\n<li><strong>Cooperativa Falset-Mar\u00e7\u00e0:<\/strong> \u00c8tim blanco, rosado y tinto joven<\/li>\n<li><strong>Vin\u00edcola del Priorat:<\/strong> \u00d2nix Cl\u00e0ssic Blanco, \u00d2nix Fusi\u00f3, Mas dels Frares, Clos Gebrat Crian\u00e7a, La Sim\u00f3<\/li>\n<\/ul>\n","protected":false},"excerpt":{"rendered":"<p>El pr\u00f3ximo viernes, 19 de agosto a las 20:30h, se celebra la Muestra Gastron\u00f3mica de Priorat Enoturisme en el Castillo de Falset, despu\u00e9s del acto inaugural de la Feria de la Tomaca. Participan restaurantes, elaboradores de aceite, un horno, un productor de quesos y bodegas de la asociaci\u00f3n. \u00bfNos acompa\u00f1as? Las entradas se pueden comprar [&hellip;]<\/p>\n","protected":false},"author":1,"featured_media":25163,"comment_status":"open","ping_status":"open","sticky":false,"template":"","format":"standard","meta":{"_acf_changed":false,"_et_pb_use_builder":"","_et_pb_old_content":"","_et_gb_content_width":"","footnotes":""},"categories":[231],"tags":[220],"class_list":["post-25401","post","type-post","status-publish","format-standard","has-post-thumbnail","hentry","category-blog","tag-priorat"],"acf":[],"yoast_head":"<!-- This site is optimized with the Yoast SEO plugin v25.6 - https:\/\/yoast.com\/wordpress\/plugins\/seo\/ -->\n<title>Muestra gastron\u00f3mica en el Castillo de Falset - Priorat Enoturisme<\/title>\n<meta name=\"robots\" content=\"index, follow, max-snippet:-1, max-image-preview:large, max-video-preview:-1\" \/>\n<link rel=\"canonical\" href=\"https:\/\/www.prioratenoturisme.com\/es\/muestra-gastronomica-en-el-castillo-de-falset\/\" \/>\n<meta property=\"og:locale\" content=\"es_ES\" \/>\n<meta property=\"og:type\" content=\"article\" \/>\n<meta property=\"og:title\" content=\"Muestra gastron\u00f3mica en el Castillo de Falset - Priorat Enoturisme\" \/>\n<meta property=\"og:description\" content=\"El pr\u00f3ximo viernes, 19 de agosto a las 20:30h, se celebra la Muestra Gastron\u00f3mica de Priorat Enoturisme en el Castillo de Falset, despu\u00e9s del acto inaugural de la Feria de la Tomaca. Participan restaurantes, elaboradores de aceite, un horno, un productor de quesos y bodegas de la asociaci\u00f3n. \u00bfNos acompa\u00f1as? Las entradas se pueden comprar [&hellip;]\" \/>\n<meta property=\"og:url\" content=\"https:\/\/www.prioratenoturisme.com\/es\/muestra-gastronomica-en-el-castillo-de-falset\/\" \/>\n<meta property=\"og:site_name\" content=\"Priorat Enoturisme\" \/>\n<meta property=\"article:publisher\" content=\"https:\/\/www.facebook.com\/prioratenoturisme\/\" \/>\n<meta property=\"article:published_time\" content=\"2022-08-15T23:00:00+00:00\" \/>\n<meta property=\"og:image\" content=\"https:\/\/www.prioratenoturisme.com\/wp-content\/uploads\/16-agost.png\" \/>\n\t<meta property=\"og:image:width\" content=\"1080\" \/>\n\t<meta property=\"og:image:height\" content=\"1080\" \/>\n\t<meta property=\"og:image:type\" content=\"image\/png\" \/>\n<meta name=\"author\" content=\"admin\" \/>\n<meta name=\"twitter:card\" content=\"summary_large_image\" \/>\n<meta name=\"twitter:label1\" content=\"Escrito por\" \/>\n\t<meta name=\"twitter:data1\" content=\"admin\" \/>\n\t<meta name=\"twitter:label2\" content=\"Tiempo de lectura\" \/>\n\t<meta name=\"twitter:data2\" content=\"3 minutos\" \/>\n<script type=\"application\/ld+json\" class=\"yoast-schema-graph\">{\"@context\":\"https:\/\/schema.org\",\"@graph\":[{\"@type\":\"Article\",\"@id\":\"https:\/\/www.prioratenoturisme.com\/es\/muestra-gastronomica-en-el-castillo-de-falset\/#article\",\"isPartOf\":{\"@id\":\"https:\/\/www.prioratenoturisme.com\/es\/muestra-gastronomica-en-el-castillo-de-falset\/\"},\"author\":{\"name\":\"admin\",\"@id\":\"https:\/\/www.prioratenoturisme.com\/#\/schema\/person\/cf8b2b46ed7cccfee161b86aa5c2c3eb\"},\"headline\":\"Muestra gastron\u00f3mica en el Castillo de Falset\",\"datePublished\":\"2022-08-15T23:00:00+00:00\",\"mainEntityOfPage\":{\"@id\":\"https:\/\/www.prioratenoturisme.com\/es\/muestra-gastronomica-en-el-castillo-de-falset\/\"},\"wordCount\":411,\"commentCount\":0,\"publisher\":{\"@id\":\"https:\/\/www.prioratenoturisme.com\/#organization\"},\"image\":{\"@id\":\"https:\/\/www.prioratenoturisme.com\/es\/muestra-gastronomica-en-el-castillo-de-falset\/#primaryimage\"},\"thumbnailUrl\":\"https:\/\/www.prioratenoturisme.com\/wp-content\/uploads\/16-agost.png\",\"keywords\":[\"priorat\"],\"articleSection\":[\"Blog\"],\"inLanguage\":\"es\",\"potentialAction\":[{\"@type\":\"CommentAction\",\"name\":\"Comment\",\"target\":[\"https:\/\/www.prioratenoturisme.com\/es\/muestra-gastronomica-en-el-castillo-de-falset\/#respond\"]}]},{\"@type\":\"WebPage\",\"@id\":\"https:\/\/www.prioratenoturisme.com\/es\/muestra-gastronomica-en-el-castillo-de-falset\/\",\"url\":\"https:\/\/www.prioratenoturisme.com\/es\/muestra-gastronomica-en-el-castillo-de-falset\/\",\"name\":\"Muestra gastron\u00f3mica en el Castillo de Falset - Priorat Enoturisme\",\"isPartOf\":{\"@id\":\"https:\/\/www.prioratenoturisme.com\/#website\"},\"primaryImageOfPage\":{\"@id\":\"https:\/\/www.prioratenoturisme.com\/es\/muestra-gastronomica-en-el-castillo-de-falset\/#primaryimage\"},\"image\":{\"@id\":\"https:\/\/www.prioratenoturisme.com\/es\/muestra-gastronomica-en-el-castillo-de-falset\/#primaryimage\"},\"thumbnailUrl\":\"https:\/\/www.prioratenoturisme.com\/wp-content\/uploads\/16-agost.png\",\"datePublished\":\"2022-08-15T23:00:00+00:00\",\"breadcrumb\":{\"@id\":\"https:\/\/www.prioratenoturisme.com\/es\/muestra-gastronomica-en-el-castillo-de-falset\/#breadcrumb\"},\"inLanguage\":\"es\",\"potentialAction\":[{\"@type\":\"ReadAction\",\"target\":[\"https:\/\/www.prioratenoturisme.com\/es\/muestra-gastronomica-en-el-castillo-de-falset\/\"]}]},{\"@type\":\"ImageObject\",\"inLanguage\":\"es\",\"@id\":\"https:\/\/www.prioratenoturisme.com\/es\/muestra-gastronomica-en-el-castillo-de-falset\/#primaryimage\",\"url\":\"https:\/\/www.prioratenoturisme.com\/wp-content\/uploads\/16-agost.png\",\"contentUrl\":\"https:\/\/www.prioratenoturisme.com\/wp-content\/uploads\/16-agost.png\",\"width\":1080,\"height\":1080},{\"@type\":\"BreadcrumbList\",\"@id\":\"https:\/\/www.prioratenoturisme.com\/es\/muestra-gastronomica-en-el-castillo-de-falset\/#breadcrumb\",\"itemListElement\":[{\"@type\":\"ListItem\",\"position\":1,\"name\":\"Portada\",\"item\":\"https:\/\/www.prioratenoturisme.com\/es\/inicio-vive-el-priorat\/\"},{\"@type\":\"ListItem\",\"position\":2,\"name\":\"Muestra gastron\u00f3mica en el Castillo de Falset\"}]},{\"@type\":\"WebSite\",\"@id\":\"https:\/\/www.prioratenoturisme.com\/#website\",\"url\":\"https:\/\/www.prioratenoturisme.com\/\",\"name\":\"Priorat Enoturisme\",\"description\":\"Viu el Priorat\",\"publisher\":{\"@id\":\"https:\/\/www.prioratenoturisme.com\/#organization\"},\"potentialAction\":[{\"@type\":\"SearchAction\",\"target\":{\"@type\":\"EntryPoint\",\"urlTemplate\":\"https:\/\/www.prioratenoturisme.com\/?s={search_term_string}\"},\"query-input\":{\"@type\":\"PropertyValueSpecification\",\"valueRequired\":true,\"valueName\":\"search_term_string\"}}],\"inLanguage\":\"es\"},{\"@type\":\"Organization\",\"@id\":\"https:\/\/www.prioratenoturisme.com\/#organization\",\"name\":\"Priorat Enoturisme\",\"url\":\"https:\/\/www.prioratenoturisme.com\/\",\"logo\":{\"@type\":\"ImageObject\",\"inLanguage\":\"es\",\"@id\":\"https:\/\/www.prioratenoturisme.com\/#\/schema\/logo\/image\/\",\"url\":\"https:\/\/www.prioratenoturisme.com\/wp-content\/uploads\/2023\/03\/cropped-FAVICON.png\",\"contentUrl\":\"https:\/\/www.prioratenoturisme.com\/wp-content\/uploads\/2023\/03\/cropped-FAVICON.png\",\"width\":512,\"height\":512,\"caption\":\"Priorat Enoturisme\"},\"image\":{\"@id\":\"https:\/\/www.prioratenoturisme.com\/#\/schema\/logo\/image\/\"},\"sameAs\":[\"https:\/\/www.facebook.com\/prioratenoturisme\/\",\"https:\/\/www.instagram.com\/prioratenoturisme\/\"]},{\"@type\":\"Person\",\"@id\":\"https:\/\/www.prioratenoturisme.com\/#\/schema\/person\/cf8b2b46ed7cccfee161b86aa5c2c3eb\",\"name\":\"admin\",\"image\":{\"@type\":\"ImageObject\",\"inLanguage\":\"es\",\"@id\":\"https:\/\/www.prioratenoturisme.com\/#\/schema\/person\/image\/\",\"url\":\"https:\/\/secure.gravatar.com\/avatar\/aa0e2682f59fc8b757b375c7694c3398eb8a415e07a4ef7a4c0424484a51a974?s=96&d=mm&r=g\",\"contentUrl\":\"https:\/\/secure.gravatar.com\/avatar\/aa0e2682f59fc8b757b375c7694c3398eb8a415e07a4ef7a4c0424484a51a974?s=96&d=mm&r=g\",\"caption\":\"admin\"},\"sameAs\":[\"https:\/\/www.prioratenoturisme.com\"],\"url\":\"https:\/\/www.prioratenoturisme.com\/es\/author\/info_7igyc0mu\/\"}]}<\/script>\n<!-- \/ Yoast SEO plugin. -->","yoast_head_json":{"title":"Muestra gastron\u00f3mica en el Castillo de Falset - Priorat Enoturisme","robots":{"index":"index","follow":"follow","max-snippet":"max-snippet:-1","max-image-preview":"max-image-preview:large","max-video-preview":"max-video-preview:-1"},"canonical":"https:\/\/www.prioratenoturisme.com\/es\/muestra-gastronomica-en-el-castillo-de-falset\/","og_locale":"es_ES","og_type":"article","og_title":"Muestra gastron\u00f3mica en el Castillo de Falset - Priorat Enoturisme","og_description":"El pr\u00f3ximo viernes, 19 de agosto a las 20:30h, se celebra la Muestra Gastron\u00f3mica de Priorat Enoturisme en el Castillo de Falset, despu\u00e9s del acto inaugural de la Feria de la Tomaca. Participan restaurantes, elaboradores de aceite, un horno, un productor de quesos y bodegas de la asociaci\u00f3n. \u00bfNos acompa\u00f1as? Las entradas se pueden comprar [&hellip;]","og_url":"https:\/\/www.prioratenoturisme.com\/es\/muestra-gastronomica-en-el-castillo-de-falset\/","og_site_name":"Priorat Enoturisme","article_publisher":"https:\/\/www.facebook.com\/prioratenoturisme\/","article_published_time":"2022-08-15T23:00:00+00:00","og_image":[{"width":1080,"height":1080,"url":"https:\/\/www.prioratenoturisme.com\/wp-content\/uploads\/16-agost.png","type":"image\/png"}],"author":"admin","twitter_card":"summary_large_image","twitter_misc":{"Escrito por":"admin","Tiempo de lectura":"3 minutos"},"schema":{"@context":"https:\/\/schema.org","@graph":[{"@type":"Article","@id":"https:\/\/www.prioratenoturisme.com\/es\/muestra-gastronomica-en-el-castillo-de-falset\/#article","isPartOf":{"@id":"https:\/\/www.prioratenoturisme.com\/es\/muestra-gastronomica-en-el-castillo-de-falset\/"},"author":{"name":"admin","@id":"https:\/\/www.prioratenoturisme.com\/#\/schema\/person\/cf8b2b46ed7cccfee161b86aa5c2c3eb"},"headline":"Muestra gastron\u00f3mica en el Castillo de Falset","datePublished":"2022-08-15T23:00:00+00:00","mainEntityOfPage":{"@id":"https:\/\/www.prioratenoturisme.com\/es\/muestra-gastronomica-en-el-castillo-de-falset\/"},"wordCount":411,"commentCount":0,"publisher":{"@id":"https:\/\/www.prioratenoturisme.com\/#organization"},"image":{"@id":"https:\/\/www.prioratenoturisme.com\/es\/muestra-gastronomica-en-el-castillo-de-falset\/#primaryimage"},"thumbnailUrl":"https:\/\/www.prioratenoturisme.com\/wp-content\/uploads\/16-agost.png","keywords":["priorat"],"articleSection":["Blog"],"inLanguage":"es","potentialAction":[{"@type":"CommentAction","name":"Comment","target":["https:\/\/www.prioratenoturisme.com\/es\/muestra-gastronomica-en-el-castillo-de-falset\/#respond"]}]},{"@type":"WebPage","@id":"https:\/\/www.prioratenoturisme.com\/es\/muestra-gastronomica-en-el-castillo-de-falset\/","url":"https:\/\/www.prioratenoturisme.com\/es\/muestra-gastronomica-en-el-castillo-de-falset\/","name":"Muestra gastron\u00f3mica en el Castillo de Falset - Priorat Enoturisme","isPartOf":{"@id":"https:\/\/www.prioratenoturisme.com\/#website"},"primaryImageOfPage":{"@id":"https:\/\/www.prioratenoturisme.com\/es\/muestra-gastronomica-en-el-castillo-de-falset\/#primaryimage"},"image":{"@id":"https:\/\/www.prioratenoturisme.com\/es\/muestra-gastronomica-en-el-castillo-de-falset\/#primaryimage"},"thumbnailUrl":"https:\/\/www.prioratenoturisme.com\/wp-content\/uploads\/16-agost.png","datePublished":"2022-08-15T23:00:00+00:00","breadcrumb":{"@id":"https:\/\/www.prioratenoturisme.com\/es\/muestra-gastronomica-en-el-castillo-de-falset\/#breadcrumb"},"inLanguage":"es","potentialAction":[{"@type":"ReadAction","target":["https:\/\/www.prioratenoturisme.com\/es\/muestra-gastronomica-en-el-castillo-de-falset\/"]}]},{"@type":"ImageObject","inLanguage":"es","@id":"https:\/\/www.prioratenoturisme.com\/es\/muestra-gastronomica-en-el-castillo-de-falset\/#primaryimage","url":"https:\/\/www.prioratenoturisme.com\/wp-content\/uploads\/16-agost.png","contentUrl":"https:\/\/www.prioratenoturisme.com\/wp-content\/uploads\/16-agost.png","width":1080,"height":1080},{"@type":"BreadcrumbList","@id":"https:\/\/www.prioratenoturisme.com\/es\/muestra-gastronomica-en-el-castillo-de-falset\/#breadcrumb","itemListElement":[{"@type":"ListItem","position":1,"name":"Portada","item":"https:\/\/www.prioratenoturisme.com\/es\/inicio-vive-el-priorat\/"},{"@type":"ListItem","position":2,"name":"Muestra gastron\u00f3mica en el Castillo de Falset"}]},{"@type":"WebSite","@id":"https:\/\/www.prioratenoturisme.com\/#website","url":"https:\/\/www.prioratenoturisme.com\/","name":"Priorat Enoturisme","description":"Viu el Priorat","publisher":{"@id":"https:\/\/www.prioratenoturisme.com\/#organization"},"potentialAction":[{"@type":"SearchAction","target":{"@type":"EntryPoint","urlTemplate":"https:\/\/www.prioratenoturisme.com\/?s={search_term_string}"},"query-input":{"@type":"PropertyValueSpecification","valueRequired":true,"valueName":"search_term_string"}}],"inLanguage":"es"},{"@type":"Organization","@id":"https:\/\/www.prioratenoturisme.com\/#organization","name":"Priorat Enoturisme","url":"https:\/\/www.prioratenoturisme.com\/","logo":{"@type":"ImageObject","inLanguage":"es","@id":"https:\/\/www.prioratenoturisme.com\/#\/schema\/logo\/image\/","url":"https:\/\/www.prioratenoturisme.com\/wp-content\/uploads\/2023\/03\/cropped-FAVICON.png","contentUrl":"https:\/\/www.prioratenoturisme.com\/wp-content\/uploads\/2023\/03\/cropped-FAVICON.png","width":512,"height":512,"caption":"Priorat Enoturisme"},"image":{"@id":"https:\/\/www.prioratenoturisme.com\/#\/schema\/logo\/image\/"},"sameAs":["https:\/\/www.facebook.com\/prioratenoturisme\/","https:\/\/www.instagram.com\/prioratenoturisme\/"]},{"@type":"Person","@id":"https:\/\/www.prioratenoturisme.com\/#\/schema\/person\/cf8b2b46ed7cccfee161b86aa5c2c3eb","name":"admin","image":{"@type":"ImageObject","inLanguage":"es","@id":"https:\/\/www.prioratenoturisme.com\/#\/schema\/person\/image\/","url":"https:\/\/secure.gravatar.com\/avatar\/aa0e2682f59fc8b757b375c7694c3398eb8a415e07a4ef7a4c0424484a51a974?s=96&d=mm&r=g","contentUrl":"https:\/\/secure.gravatar.com\/avatar\/aa0e2682f59fc8b757b375c7694c3398eb8a415e07a4ef7a4c0424484a51a974?s=96&d=mm&r=g","caption":"admin"},"sameAs":["https:\/\/www.prioratenoturisme.com"],"url":"https:\/\/www.prioratenoturisme.com\/es\/author\/info_7igyc0mu\/"}]}},"_links":{"self":[{"href":"https:\/\/www.prioratenoturisme.com\/es\/wp-json\/wp\/v2\/posts\/25401","targetHints":{"allow":["GET"]}}],"collection":[{"href":"https:\/\/www.prioratenoturisme.com\/es\/wp-json\/wp\/v2\/posts"}],"about":[{"href":"https:\/\/www.prioratenoturisme.com\/es\/wp-json\/wp\/v2\/types\/post"}],"author":[{"embeddable":true,"href":"https:\/\/www.prioratenoturisme.com\/es\/wp-json\/wp\/v2\/users\/1"}],"replies":[{"embeddable":true,"href":"https:\/\/www.prioratenoturisme.com\/es\/wp-json\/wp\/v2\/comments?post=25401"}],"version-history":[{"count":0,"href":"https:\/\/www.prioratenoturisme.com\/es\/wp-json\/wp\/v2\/posts\/25401\/revisions"}],"wp:featuredmedia":[{"embeddable":true,"href":"https:\/\/www.prioratenoturisme.com\/es\/wp-json\/wp\/v2\/media\/25163"}],"wp:attachment":[{"href":"https:\/\/www.prioratenoturisme.com\/es\/wp-json\/wp\/v2\/media?parent=25401"}],"wp:term":[{"taxonomy":"category","embeddable":true,"href":"https:\/\/www.prioratenoturisme.com\/es\/wp-json\/wp\/v2\/categories?post=25401"},{"taxonomy":"post_tag","embeddable":true,"href":"https:\/\/www.prioratenoturisme.com\/es\/wp-json\/wp\/v2\/tags?post=25401"}],"curies":[{"name":"wp","href":"https:\/\/api.w.org\/{rel}","templated":true}]}}