{"id":25402,"date":"2022-08-24T00:00:00","date_gmt":"2022-08-23T23:00:00","guid":{"rendered":"https:\/\/www.prioratenoturisme.com\/festival-terrer-del-21-de-agosto-al-9-de-septiembre\/"},"modified":"2022-08-24T00:00:00","modified_gmt":"2022-08-23T23:00:00","slug":"festival-terrer-del-21-de-agosto-al-9-de-septiembre","status":"publish","type":"post","link":"https:\/\/www.prioratenoturisme.com\/es\/festival-terrer-del-21-de-agosto-al-9-de-septiembre\/","title":{"rendered":"Festival Terrer, del 21 de agosto al 9 de diciembre"},"content":{"rendered":"<p>El pasado domingo se puso en marcha una nueva edici\u00f3n del Festival Terrer en el Priorat, que se alargar\u00e1 hasta pr\u00e1cticamente el inicio de invierno, el 9 de diciembre. Esta 6\u00aa edici\u00f3n apuesta por formatos m\u00e1s reducidos, como pueden ser <strong>conciertos \u00edntimos<\/strong>; pero tambi\u00e9n por <strong>espect\u00e1culos m\u00e1s multitudinarios con m\u00fasica de baile<\/strong>. El Festival Terrer incluye tambi\u00e9n una <strong>gran programaci\u00f3n musical de autor,<\/strong> mayoritariamente femenina, como ya se hab\u00eda ido produciendo en a\u00f1os anteriores.<\/p>\n<p>Los y <strong>las artistas invitadas<\/strong> este a\u00f1o son Marc Vilajuana, Papa Orbe &amp; Los Cient\u00edficos del Sabor Aigua, Roger Mas i la Cobla Sant Jordi, Anna d\u2019Ivori Roba Estesa, Sandra Monfort, The Sey Sisters, Andrea Motis, Las Karamba, Lofoten Cello Duo, Magal\u00ed Sare Xarim Arest\u00e9, Islandia Nunca Quema, Anna Ferrer Pupil\u00b7les, Xarop de Canya y Rita Pay\u00e9s.<\/p>\n<p>El festival es, por tanto, una experiencia que te permitir\u00e1 <strong>disfrutar de la cultura, de la arquitectura y del vino<\/strong> a la vez que apuestas por la sostenibilidad, el patrimonio y el territorio. De hecho, se fusiona con los territorios de las denominaciones de origen patrocinadoras DOQ Priorat, DO Montsant y DOP Siurana.<\/p>\n<p>El Festival Terrer se ha consolidado en estos a\u00f1os como un espacio cultural distinguido de preeminencia en la escena nacional. Representa, adem\u00e1s, un impecable escaparate del Priorat, una comarca que vive una \u00e9poca marcada por la efervescencia de la viticultura como modelo de revitalizaci\u00f3n basado en la excelencia y la sostenibilidad.<\/p>\n<p>Desde Priorat Enoturisme os animamos a asistir<strong>, y sorteamos a trav\u00e9s de nuestras redes sociales, concretamente desde Instagram, una entrada doble<\/strong> para que vay\u00e1is al espect\u00e1culo que elij\u00e1is. Para participar, ser\u00e1 necesario ser seguidor de los perfiles de Priorat Enoturismo y Festival Terrer y comentar en la publicaci\u00f3n correspondiente al sorteo etiquetando a la persona con la que compartir\u00edais la entrada.<\/p>\n<p>Las personas que hagan m\u00e1s de un comentario tendr\u00e1n m\u00e1s probabilidades de ser el ganador\/a, as\u00ed que no dej\u00e9is escapar la oportunidad de participar. Ten\u00e9is tiempo hasta el pr\u00f3ximo martes 30 de agosto.<\/p>\n<p>En un contexto general de reencuentro con la vida y la alegr\u00eda, el <strong>Festival Terrer Priorat se convierte en un espacio para el descubrimiento de un territorio \u00fanico, vital y encantador.<\/strong><\/p>\n","protected":false},"excerpt":{"rendered":"<p>El pasado domingo se puso en marcha una nueva edici\u00f3n del Festival Terrer en el Priorat, que se alargar\u00e1 hasta pr\u00e1cticamente el inicio de invierno, el 9 de diciembre. Esta 6\u00aa edici\u00f3n apuesta por formatos m\u00e1s reducidos, como pueden ser conciertos \u00edntimos; pero tambi\u00e9n por espect\u00e1culos m\u00e1s multitudinarios con m\u00fasica de baile. El Festival Terrer [&hellip;]<\/p>\n","protected":false},"author":1,"featured_media":25167,"comment_status":"open","ping_status":"open","sticky":false,"template":"","format":"standard","meta":{"_acf_changed":false,"_et_pb_use_builder":"","_et_pb_old_content":"","_et_gb_content_width":"","footnotes":""},"categories":[231],"tags":[227,220],"class_list":["post-25402","post","type-post","status-publish","format-standard","has-post-thumbnail","hentry","category-blog","tag-festival","tag-priorat"],"acf":[],"yoast_head":"<!-- This site is optimized with the Yoast SEO plugin v25.6 - https:\/\/yoast.com\/wordpress\/plugins\/seo\/ -->\n<title>Festival Terrer, del 21 de agosto al 9 de diciembre - Priorat Enoturisme<\/title>\n<meta name=\"robots\" content=\"index, follow, max-snippet:-1, max-image-preview:large, max-video-preview:-1\" \/>\n<link rel=\"canonical\" href=\"https:\/\/www.prioratenoturisme.com\/es\/festival-terrer-del-21-de-agosto-al-9-de-septiembre\/\" \/>\n<meta property=\"og:locale\" content=\"es_ES\" \/>\n<meta property=\"og:type\" content=\"article\" \/>\n<meta property=\"og:title\" content=\"Festival Terrer, del 21 de agosto al 9 de diciembre - Priorat Enoturisme\" \/>\n<meta property=\"og:description\" content=\"El pasado domingo se puso en marcha una nueva edici\u00f3n del Festival Terrer en el Priorat, que se alargar\u00e1 hasta pr\u00e1cticamente el inicio de invierno, el 9 de diciembre. Esta 6\u00aa edici\u00f3n apuesta por formatos m\u00e1s reducidos, como pueden ser conciertos \u00edntimos; pero tambi\u00e9n por espect\u00e1culos m\u00e1s multitudinarios con m\u00fasica de baile. El Festival Terrer [&hellip;]\" \/>\n<meta property=\"og:url\" content=\"https:\/\/www.prioratenoturisme.com\/es\/festival-terrer-del-21-de-agosto-al-9-de-septiembre\/\" \/>\n<meta property=\"og:site_name\" content=\"Priorat Enoturisme\" \/>\n<meta property=\"article:publisher\" content=\"https:\/\/www.facebook.com\/prioratenoturisme\/\" \/>\n<meta property=\"article:published_time\" content=\"2022-08-23T23:00:00+00:00\" \/>\n<meta property=\"og:image\" content=\"https:\/\/www.prioratenoturisme.com\/wp-content\/uploads\/20-agost-1.png\" \/>\n\t<meta property=\"og:image:width\" content=\"1080\" \/>\n\t<meta property=\"og:image:height\" content=\"522\" \/>\n\t<meta property=\"og:image:type\" content=\"image\/png\" \/>\n<meta name=\"author\" content=\"admin\" \/>\n<meta name=\"twitter:card\" content=\"summary_large_image\" \/>\n<meta name=\"twitter:label1\" content=\"Escrito por\" \/>\n\t<meta name=\"twitter:data1\" content=\"admin\" \/>\n\t<meta name=\"twitter:label2\" content=\"Tiempo de lectura\" \/>\n\t<meta name=\"twitter:data2\" content=\"2 minutos\" \/>\n<script type=\"application\/ld+json\" class=\"yoast-schema-graph\">{\"@context\":\"https:\/\/schema.org\",\"@graph\":[{\"@type\":\"Article\",\"@id\":\"https:\/\/www.prioratenoturisme.com\/es\/festival-terrer-del-21-de-agosto-al-9-de-septiembre\/#article\",\"isPartOf\":{\"@id\":\"https:\/\/www.prioratenoturisme.com\/es\/festival-terrer-del-21-de-agosto-al-9-de-septiembre\/\"},\"author\":{\"name\":\"admin\",\"@id\":\"https:\/\/www.prioratenoturisme.com\/#\/schema\/person\/cf8b2b46ed7cccfee161b86aa5c2c3eb\"},\"headline\":\"Festival Terrer, del 21 de agosto al 9 de diciembre\",\"datePublished\":\"2022-08-23T23:00:00+00:00\",\"mainEntityOfPage\":{\"@id\":\"https:\/\/www.prioratenoturisme.com\/es\/festival-terrer-del-21-de-agosto-al-9-de-septiembre\/\"},\"wordCount\":399,\"commentCount\":0,\"publisher\":{\"@id\":\"https:\/\/www.prioratenoturisme.com\/#organization\"},\"image\":{\"@id\":\"https:\/\/www.prioratenoturisme.com\/es\/festival-terrer-del-21-de-agosto-al-9-de-septiembre\/#primaryimage\"},\"thumbnailUrl\":\"https:\/\/www.prioratenoturisme.com\/wp-content\/uploads\/20-agost-1.png\",\"keywords\":[\"festival\",\"priorat\"],\"articleSection\":[\"Blog\"],\"inLanguage\":\"es\",\"potentialAction\":[{\"@type\":\"CommentAction\",\"name\":\"Comment\",\"target\":[\"https:\/\/www.prioratenoturisme.com\/es\/festival-terrer-del-21-de-agosto-al-9-de-septiembre\/#respond\"]}]},{\"@type\":\"WebPage\",\"@id\":\"https:\/\/www.prioratenoturisme.com\/es\/festival-terrer-del-21-de-agosto-al-9-de-septiembre\/\",\"url\":\"https:\/\/www.prioratenoturisme.com\/es\/festival-terrer-del-21-de-agosto-al-9-de-septiembre\/\",\"name\":\"Festival Terrer, del 21 de agosto al 9 de diciembre - Priorat Enoturisme\",\"isPartOf\":{\"@id\":\"https:\/\/www.prioratenoturisme.com\/#website\"},\"primaryImageOfPage\":{\"@id\":\"https:\/\/www.prioratenoturisme.com\/es\/festival-terrer-del-21-de-agosto-al-9-de-septiembre\/#primaryimage\"},\"image\":{\"@id\":\"https:\/\/www.prioratenoturisme.com\/es\/festival-terrer-del-21-de-agosto-al-9-de-septiembre\/#primaryimage\"},\"thumbnailUrl\":\"https:\/\/www.prioratenoturisme.com\/wp-content\/uploads\/20-agost-1.png\",\"datePublished\":\"2022-08-23T23:00:00+00:00\",\"breadcrumb\":{\"@id\":\"https:\/\/www.prioratenoturisme.com\/es\/festival-terrer-del-21-de-agosto-al-9-de-septiembre\/#breadcrumb\"},\"inLanguage\":\"es\",\"potentialAction\":[{\"@type\":\"ReadAction\",\"target\":[\"https:\/\/www.prioratenoturisme.com\/es\/festival-terrer-del-21-de-agosto-al-9-de-septiembre\/\"]}]},{\"@type\":\"ImageObject\",\"inLanguage\":\"es\",\"@id\":\"https:\/\/www.prioratenoturisme.com\/es\/festival-terrer-del-21-de-agosto-al-9-de-septiembre\/#primaryimage\",\"url\":\"https:\/\/www.prioratenoturisme.com\/wp-content\/uploads\/20-agost-1.png\",\"contentUrl\":\"https:\/\/www.prioratenoturisme.com\/wp-content\/uploads\/20-agost-1.png\",\"width\":1080,\"height\":522},{\"@type\":\"BreadcrumbList\",\"@id\":\"https:\/\/www.prioratenoturisme.com\/es\/festival-terrer-del-21-de-agosto-al-9-de-septiembre\/#breadcrumb\",\"itemListElement\":[{\"@type\":\"ListItem\",\"position\":1,\"name\":\"Portada\",\"item\":\"https:\/\/www.prioratenoturisme.com\/es\/inicio-vive-el-priorat\/\"},{\"@type\":\"ListItem\",\"position\":2,\"name\":\"Festival Terrer, del 21 de agosto al 9 de diciembre\"}]},{\"@type\":\"WebSite\",\"@id\":\"https:\/\/www.prioratenoturisme.com\/#website\",\"url\":\"https:\/\/www.prioratenoturisme.com\/\",\"name\":\"Priorat Enoturisme\",\"description\":\"Viu el Priorat\",\"publisher\":{\"@id\":\"https:\/\/www.prioratenoturisme.com\/#organization\"},\"potentialAction\":[{\"@type\":\"SearchAction\",\"target\":{\"@type\":\"EntryPoint\",\"urlTemplate\":\"https:\/\/www.prioratenoturisme.com\/?s={search_term_string}\"},\"query-input\":{\"@type\":\"PropertyValueSpecification\",\"valueRequired\":true,\"valueName\":\"search_term_string\"}}],\"inLanguage\":\"es\"},{\"@type\":\"Organization\",\"@id\":\"https:\/\/www.prioratenoturisme.com\/#organization\",\"name\":\"Priorat Enoturisme\",\"url\":\"https:\/\/www.prioratenoturisme.com\/\",\"logo\":{\"@type\":\"ImageObject\",\"inLanguage\":\"es\",\"@id\":\"https:\/\/www.prioratenoturisme.com\/#\/schema\/logo\/image\/\",\"url\":\"https:\/\/www.prioratenoturisme.com\/wp-content\/uploads\/2023\/03\/cropped-FAVICON.png\",\"contentUrl\":\"https:\/\/www.prioratenoturisme.com\/wp-content\/uploads\/2023\/03\/cropped-FAVICON.png\",\"width\":512,\"height\":512,\"caption\":\"Priorat Enoturisme\"},\"image\":{\"@id\":\"https:\/\/www.prioratenoturisme.com\/#\/schema\/logo\/image\/\"},\"sameAs\":[\"https:\/\/www.facebook.com\/prioratenoturisme\/\",\"https:\/\/www.instagram.com\/prioratenoturisme\/\"]},{\"@type\":\"Person\",\"@id\":\"https:\/\/www.prioratenoturisme.com\/#\/schema\/person\/cf8b2b46ed7cccfee161b86aa5c2c3eb\",\"name\":\"admin\",\"image\":{\"@type\":\"ImageObject\",\"inLanguage\":\"es\",\"@id\":\"https:\/\/www.prioratenoturisme.com\/#\/schema\/person\/image\/\",\"url\":\"https:\/\/secure.gravatar.com\/avatar\/aa0e2682f59fc8b757b375c7694c3398eb8a415e07a4ef7a4c0424484a51a974?s=96&d=mm&r=g\",\"contentUrl\":\"https:\/\/secure.gravatar.com\/avatar\/aa0e2682f59fc8b757b375c7694c3398eb8a415e07a4ef7a4c0424484a51a974?s=96&d=mm&r=g\",\"caption\":\"admin\"},\"sameAs\":[\"https:\/\/www.prioratenoturisme.com\"],\"url\":\"https:\/\/www.prioratenoturisme.com\/es\/author\/info_7igyc0mu\/\"}]}<\/script>\n<!-- \/ Yoast SEO plugin. -->","yoast_head_json":{"title":"Festival Terrer, del 21 de agosto al 9 de diciembre - Priorat Enoturisme","robots":{"index":"index","follow":"follow","max-snippet":"max-snippet:-1","max-image-preview":"max-image-preview:large","max-video-preview":"max-video-preview:-1"},"canonical":"https:\/\/www.prioratenoturisme.com\/es\/festival-terrer-del-21-de-agosto-al-9-de-septiembre\/","og_locale":"es_ES","og_type":"article","og_title":"Festival Terrer, del 21 de agosto al 9 de diciembre - Priorat Enoturisme","og_description":"El pasado domingo se puso en marcha una nueva edici\u00f3n del Festival Terrer en el Priorat, que se alargar\u00e1 hasta pr\u00e1cticamente el inicio de invierno, el 9 de diciembre. Esta 6\u00aa edici\u00f3n apuesta por formatos m\u00e1s reducidos, como pueden ser conciertos \u00edntimos; pero tambi\u00e9n por espect\u00e1culos m\u00e1s multitudinarios con m\u00fasica de baile. El Festival Terrer [&hellip;]","og_url":"https:\/\/www.prioratenoturisme.com\/es\/festival-terrer-del-21-de-agosto-al-9-de-septiembre\/","og_site_name":"Priorat Enoturisme","article_publisher":"https:\/\/www.facebook.com\/prioratenoturisme\/","article_published_time":"2022-08-23T23:00:00+00:00","og_image":[{"width":1080,"height":522,"url":"https:\/\/www.prioratenoturisme.com\/wp-content\/uploads\/20-agost-1.png","type":"image\/png"}],"author":"admin","twitter_card":"summary_large_image","twitter_misc":{"Escrito por":"admin","Tiempo de lectura":"2 minutos"},"schema":{"@context":"https:\/\/schema.org","@graph":[{"@type":"Article","@id":"https:\/\/www.prioratenoturisme.com\/es\/festival-terrer-del-21-de-agosto-al-9-de-septiembre\/#article","isPartOf":{"@id":"https:\/\/www.prioratenoturisme.com\/es\/festival-terrer-del-21-de-agosto-al-9-de-septiembre\/"},"author":{"name":"admin","@id":"https:\/\/www.prioratenoturisme.com\/#\/schema\/person\/cf8b2b46ed7cccfee161b86aa5c2c3eb"},"headline":"Festival Terrer, del 21 de agosto al 9 de diciembre","datePublished":"2022-08-23T23:00:00+00:00","mainEntityOfPage":{"@id":"https:\/\/www.prioratenoturisme.com\/es\/festival-terrer-del-21-de-agosto-al-9-de-septiembre\/"},"wordCount":399,"commentCount":0,"publisher":{"@id":"https:\/\/www.prioratenoturisme.com\/#organization"},"image":{"@id":"https:\/\/www.prioratenoturisme.com\/es\/festival-terrer-del-21-de-agosto-al-9-de-septiembre\/#primaryimage"},"thumbnailUrl":"https:\/\/www.prioratenoturisme.com\/wp-content\/uploads\/20-agost-1.png","keywords":["festival","priorat"],"articleSection":["Blog"],"inLanguage":"es","potentialAction":[{"@type":"CommentAction","name":"Comment","target":["https:\/\/www.prioratenoturisme.com\/es\/festival-terrer-del-21-de-agosto-al-9-de-septiembre\/#respond"]}]},{"@type":"WebPage","@id":"https:\/\/www.prioratenoturisme.com\/es\/festival-terrer-del-21-de-agosto-al-9-de-septiembre\/","url":"https:\/\/www.prioratenoturisme.com\/es\/festival-terrer-del-21-de-agosto-al-9-de-septiembre\/","name":"Festival Terrer, del 21 de agosto al 9 de diciembre - Priorat Enoturisme","isPartOf":{"@id":"https:\/\/www.prioratenoturisme.com\/#website"},"primaryImageOfPage":{"@id":"https:\/\/www.prioratenoturisme.com\/es\/festival-terrer-del-21-de-agosto-al-9-de-septiembre\/#primaryimage"},"image":{"@id":"https:\/\/www.prioratenoturisme.com\/es\/festival-terrer-del-21-de-agosto-al-9-de-septiembre\/#primaryimage"},"thumbnailUrl":"https:\/\/www.prioratenoturisme.com\/wp-content\/uploads\/20-agost-1.png","datePublished":"2022-08-23T23:00:00+00:00","breadcrumb":{"@id":"https:\/\/www.prioratenoturisme.com\/es\/festival-terrer-del-21-de-agosto-al-9-de-septiembre\/#breadcrumb"},"inLanguage":"es","potentialAction":[{"@type":"ReadAction","target":["https:\/\/www.prioratenoturisme.com\/es\/festival-terrer-del-21-de-agosto-al-9-de-septiembre\/"]}]},{"@type":"ImageObject","inLanguage":"es","@id":"https:\/\/www.prioratenoturisme.com\/es\/festival-terrer-del-21-de-agosto-al-9-de-septiembre\/#primaryimage","url":"https:\/\/www.prioratenoturisme.com\/wp-content\/uploads\/20-agost-1.png","contentUrl":"https:\/\/www.prioratenoturisme.com\/wp-content\/uploads\/20-agost-1.png","width":1080,"height":522},{"@type":"BreadcrumbList","@id":"https:\/\/www.prioratenoturisme.com\/es\/festival-terrer-del-21-de-agosto-al-9-de-septiembre\/#breadcrumb","itemListElement":[{"@type":"ListItem","position":1,"name":"Portada","item":"https:\/\/www.prioratenoturisme.com\/es\/inicio-vive-el-priorat\/"},{"@type":"ListItem","position":2,"name":"Festival Terrer, del 21 de agosto al 9 de diciembre"}]},{"@type":"WebSite","@id":"https:\/\/www.prioratenoturisme.com\/#website","url":"https:\/\/www.prioratenoturisme.com\/","name":"Priorat Enoturisme","description":"Viu el Priorat","publisher":{"@id":"https:\/\/www.prioratenoturisme.com\/#organization"},"potentialAction":[{"@type":"SearchAction","target":{"@type":"EntryPoint","urlTemplate":"https:\/\/www.prioratenoturisme.com\/?s={search_term_string}"},"query-input":{"@type":"PropertyValueSpecification","valueRequired":true,"valueName":"search_term_string"}}],"inLanguage":"es"},{"@type":"Organization","@id":"https:\/\/www.prioratenoturisme.com\/#organization","name":"Priorat Enoturisme","url":"https:\/\/www.prioratenoturisme.com\/","logo":{"@type":"ImageObject","inLanguage":"es","@id":"https:\/\/www.prioratenoturisme.com\/#\/schema\/logo\/image\/","url":"https:\/\/www.prioratenoturisme.com\/wp-content\/uploads\/2023\/03\/cropped-FAVICON.png","contentUrl":"https:\/\/www.prioratenoturisme.com\/wp-content\/uploads\/2023\/03\/cropped-FAVICON.png","width":512,"height":512,"caption":"Priorat Enoturisme"},"image":{"@id":"https:\/\/www.prioratenoturisme.com\/#\/schema\/logo\/image\/"},"sameAs":["https:\/\/www.facebook.com\/prioratenoturisme\/","https:\/\/www.instagram.com\/prioratenoturisme\/"]},{"@type":"Person","@id":"https:\/\/www.prioratenoturisme.com\/#\/schema\/person\/cf8b2b46ed7cccfee161b86aa5c2c3eb","name":"admin","image":{"@type":"ImageObject","inLanguage":"es","@id":"https:\/\/www.prioratenoturisme.com\/#\/schema\/person\/image\/","url":"https:\/\/secure.gravatar.com\/avatar\/aa0e2682f59fc8b757b375c7694c3398eb8a415e07a4ef7a4c0424484a51a974?s=96&d=mm&r=g","contentUrl":"https:\/\/secure.gravatar.com\/avatar\/aa0e2682f59fc8b757b375c7694c3398eb8a415e07a4ef7a4c0424484a51a974?s=96&d=mm&r=g","caption":"admin"},"sameAs":["https:\/\/www.prioratenoturisme.com"],"url":"https:\/\/www.prioratenoturisme.com\/es\/author\/info_7igyc0mu\/"}]}},"_links":{"self":[{"href":"https:\/\/www.prioratenoturisme.com\/es\/wp-json\/wp\/v2\/posts\/25402","targetHints":{"allow":["GET"]}}],"collection":[{"href":"https:\/\/www.prioratenoturisme.com\/es\/wp-json\/wp\/v2\/posts"}],"about":[{"href":"https:\/\/www.prioratenoturisme.com\/es\/wp-json\/wp\/v2\/types\/post"}],"author":[{"embeddable":true,"href":"https:\/\/www.prioratenoturisme.com\/es\/wp-json\/wp\/v2\/users\/1"}],"replies":[{"embeddable":true,"href":"https:\/\/www.prioratenoturisme.com\/es\/wp-json\/wp\/v2\/comments?post=25402"}],"version-history":[{"count":0,"href":"https:\/\/www.prioratenoturisme.com\/es\/wp-json\/wp\/v2\/posts\/25402\/revisions"}],"wp:featuredmedia":[{"embeddable":true,"href":"https:\/\/www.prioratenoturisme.com\/es\/wp-json\/wp\/v2\/media\/25167"}],"wp:attachment":[{"href":"https:\/\/www.prioratenoturisme.com\/es\/wp-json\/wp\/v2\/media?parent=25402"}],"wp:term":[{"taxonomy":"category","embeddable":true,"href":"https:\/\/www.prioratenoturisme.com\/es\/wp-json\/wp\/v2\/categories?post=25402"},{"taxonomy":"post_tag","embeddable":true,"href":"https:\/\/www.prioratenoturisme.com\/es\/wp-json\/wp\/v2\/tags?post=25402"}],"curies":[{"name":"wp","href":"https:\/\/api.w.org\/{rel}","templated":true}]}}