{"id":25403,"date":"2022-09-06T00:00:00","date_gmt":"2022-09-05T23:00:00","guid":{"rendered":"https:\/\/www.prioratenoturisme.com\/fiesta-del-vino-y-la-vendimia-a-la-antigua\/"},"modified":"2022-09-06T00:00:00","modified_gmt":"2022-09-05T23:00:00","slug":"fiesta-del-vino-y-la-vendimia-a-la-antigua","status":"publish","type":"post","link":"https:\/\/www.prioratenoturisme.com\/es\/fiesta-del-vino-y-la-vendimia-a-la-antigua\/","title":{"rendered":"Fiesta del Vino y la Vendimia a la antigua"},"content":{"rendered":"<p>\u00bfA\u00fan no tienes planes para este fin de semana? El 10 de septiembre ven a disfrutar de la <strong>XXII edici\u00f3n de la Fiesta del Vino y la Vendimia a la antigua<\/strong>, en Poboleda, celebraci\u00f3n que naci\u00f3 con la voluntad de ser una fiesta popular y con los a\u00f1os se ha ido convirtiendo en todo un referente en la comarca.<\/p>\n<p>Poboleda celebra esta fiesta que <strong>pone en valor la vendimia tal y como se hac\u00eda antiguamente<\/strong>, en un d\u00eda que conmemora la tradici\u00f3n vin\u00edcola de la poblaci\u00f3n recreando la vendimia a la antigua. Los actos tradicionales son el eje de la fiesta, que comienza a las 7h de la ma\u00f1ana y se alarga hasta bien entrada la madrugada.<\/p>\n<p>La jornada estar\u00e1 <strong>llena de actos y actividades para todas las edades<\/strong>, donde el vino y la tradici\u00f3n vitivin\u00edcola son protagonistas. Las calles engalanadas, la ida a vendimiar a la antigua, el desayuno, la piada, la cata de vinos, la m\u00fasica en directo, el mercado de artesan\u00eda y los castellers estar\u00e1n presentes durante todo el d\u00eda.<\/p>\n<p>As\u00ed pues, la fiesta comenzar\u00e1 con el repique de campanas y yendo a vendimiar a la antigua. Al terminar la vendimia, se har\u00e1 un desayuno popular. A continuaci\u00f3n, en la carretera, se har\u00e1 la piada de la uva, que consiste en pisar la uva con los pie desnudos en una maceta para extraer mosto.<\/p>\n<p>Despu\u00e9s <strong>se iniciar\u00e1 la degustaci\u00f3n de vinos DOQ Priorat<\/strong> en las entradas de las casas solariegas de la calle Mayor. Entre los socios de Priorat Enoturismo que participan encontrar\u00e9is el Celler Burgos Porta, Celler Pasanau, Costers del Priorat, Crivill\u00e9 &amp; Valls, Perinet, Vin\u00edcola del Priorat y Mas d&#8217;en Gil.<\/p>\n<p>Al mismo tiempo, en la Raval habr\u00e1 una feria de productos artesanos. Por la tarde, se llevar\u00e1 a cabo una actuaci\u00f3n castellera, terminando con un baile de fin de fiesta en el casal \u00abLa Closa\u00bb y con un DJ en el paseo de la carretera.<\/p>\n<p>La fiesta est\u00e1 destinada a dar a conocer las t\u00e9cnicas tradicionales, utensilios y animales que se utilizaban antiguamente en la cosecha de la uva y en la elaboraci\u00f3n del vino. Pero tambi\u00e9n <strong>se trata de una celebraci\u00f3n que incluye la cata y la venta de vinos que se producen en el Priorat<\/strong>, apreciados internacionalmente como uno de los de mayor calidad del mundo.<\/p>\n<p>\u00a1Te esperamos!<\/p>\n<p>&nbsp;<\/p>\n","protected":false},"excerpt":{"rendered":"<p>\u00bfA\u00fan no tienes planes para este fin de semana? El 10 de septiembre ven a disfrutar de la XXII edici\u00f3n de la Fiesta del Vino y la Vendimia a la antigua, en Poboleda, celebraci\u00f3n que naci\u00f3 con la voluntad de ser una fiesta popular y con los a\u00f1os se ha ido convirtiendo en todo un [&hellip;]<\/p>\n","protected":false},"author":1,"featured_media":25174,"comment_status":"open","ping_status":"open","sticky":false,"template":"","format":"standard","meta":{"_acf_changed":false,"_et_pb_use_builder":"","_et_pb_old_content":"","_et_gb_content_width":"","footnotes":""},"categories":[231],"tags":[],"class_list":["post-25403","post","type-post","status-publish","format-standard","has-post-thumbnail","hentry","category-blog"],"acf":[],"yoast_head":"<!-- This site is optimized with the Yoast SEO plugin v25.6 - https:\/\/yoast.com\/wordpress\/plugins\/seo\/ -->\n<title>Fiesta del Vino y la Vendimia a la antigua - Priorat Enoturisme<\/title>\n<meta name=\"robots\" content=\"index, follow, max-snippet:-1, max-image-preview:large, max-video-preview:-1\" \/>\n<link rel=\"canonical\" href=\"https:\/\/www.prioratenoturisme.com\/es\/fiesta-del-vino-y-la-vendimia-a-la-antigua\/\" \/>\n<meta property=\"og:locale\" content=\"es_ES\" \/>\n<meta property=\"og:type\" content=\"article\" \/>\n<meta property=\"og:title\" content=\"Fiesta del Vino y la Vendimia a la antigua - Priorat Enoturisme\" \/>\n<meta property=\"og:description\" content=\"\u00bfA\u00fan no tienes planes para este fin de semana? El 10 de septiembre ven a disfrutar de la XXII edici\u00f3n de la Fiesta del Vino y la Vendimia a la antigua, en Poboleda, celebraci\u00f3n que naci\u00f3 con la voluntad de ser una fiesta popular y con los a\u00f1os se ha ido convirtiendo en todo un [&hellip;]\" \/>\n<meta property=\"og:url\" content=\"https:\/\/www.prioratenoturisme.com\/es\/fiesta-del-vino-y-la-vendimia-a-la-antigua\/\" \/>\n<meta property=\"og:site_name\" content=\"Priorat Enoturisme\" \/>\n<meta property=\"article:publisher\" content=\"https:\/\/www.facebook.com\/prioratenoturisme\/\" \/>\n<meta property=\"article:published_time\" content=\"2022-09-05T23:00:00+00:00\" \/>\n<meta property=\"og:image\" content=\"https:\/\/www.prioratenoturisme.com\/wp-content\/uploads\/festa-del-vi.png\" \/>\n\t<meta property=\"og:image:width\" content=\"1748\" \/>\n\t<meta property=\"og:image:height\" content=\"1240\" \/>\n\t<meta property=\"og:image:type\" content=\"image\/png\" \/>\n<meta name=\"author\" content=\"admin\" \/>\n<meta name=\"twitter:card\" content=\"summary_large_image\" \/>\n<meta name=\"twitter:label1\" content=\"Escrito por\" \/>\n\t<meta name=\"twitter:data1\" content=\"admin\" \/>\n\t<meta name=\"twitter:label2\" content=\"Tiempo de lectura\" \/>\n\t<meta name=\"twitter:data2\" content=\"3 minutos\" \/>\n<script type=\"application\/ld+json\" class=\"yoast-schema-graph\">{\"@context\":\"https:\/\/schema.org\",\"@graph\":[{\"@type\":\"Article\",\"@id\":\"https:\/\/www.prioratenoturisme.com\/es\/fiesta-del-vino-y-la-vendimia-a-la-antigua\/#article\",\"isPartOf\":{\"@id\":\"https:\/\/www.prioratenoturisme.com\/es\/fiesta-del-vino-y-la-vendimia-a-la-antigua\/\"},\"author\":{\"name\":\"admin\",\"@id\":\"https:\/\/www.prioratenoturisme.com\/#\/schema\/person\/cf8b2b46ed7cccfee161b86aa5c2c3eb\"},\"headline\":\"Fiesta del Vino y la Vendimia a la antigua\",\"datePublished\":\"2022-09-05T23:00:00+00:00\",\"mainEntityOfPage\":{\"@id\":\"https:\/\/www.prioratenoturisme.com\/es\/fiesta-del-vino-y-la-vendimia-a-la-antigua\/\"},\"wordCount\":422,\"commentCount\":0,\"publisher\":{\"@id\":\"https:\/\/www.prioratenoturisme.com\/#organization\"},\"image\":{\"@id\":\"https:\/\/www.prioratenoturisme.com\/es\/fiesta-del-vino-y-la-vendimia-a-la-antigua\/#primaryimage\"},\"thumbnailUrl\":\"https:\/\/www.prioratenoturisme.com\/wp-content\/uploads\/festa-del-vi.png\",\"articleSection\":[\"Blog\"],\"inLanguage\":\"es\",\"potentialAction\":[{\"@type\":\"CommentAction\",\"name\":\"Comment\",\"target\":[\"https:\/\/www.prioratenoturisme.com\/es\/fiesta-del-vino-y-la-vendimia-a-la-antigua\/#respond\"]}]},{\"@type\":\"WebPage\",\"@id\":\"https:\/\/www.prioratenoturisme.com\/es\/fiesta-del-vino-y-la-vendimia-a-la-antigua\/\",\"url\":\"https:\/\/www.prioratenoturisme.com\/es\/fiesta-del-vino-y-la-vendimia-a-la-antigua\/\",\"name\":\"Fiesta del Vino y la Vendimia a la antigua - Priorat Enoturisme\",\"isPartOf\":{\"@id\":\"https:\/\/www.prioratenoturisme.com\/#website\"},\"primaryImageOfPage\":{\"@id\":\"https:\/\/www.prioratenoturisme.com\/es\/fiesta-del-vino-y-la-vendimia-a-la-antigua\/#primaryimage\"},\"image\":{\"@id\":\"https:\/\/www.prioratenoturisme.com\/es\/fiesta-del-vino-y-la-vendimia-a-la-antigua\/#primaryimage\"},\"thumbnailUrl\":\"https:\/\/www.prioratenoturisme.com\/wp-content\/uploads\/festa-del-vi.png\",\"datePublished\":\"2022-09-05T23:00:00+00:00\",\"breadcrumb\":{\"@id\":\"https:\/\/www.prioratenoturisme.com\/es\/fiesta-del-vino-y-la-vendimia-a-la-antigua\/#breadcrumb\"},\"inLanguage\":\"es\",\"potentialAction\":[{\"@type\":\"ReadAction\",\"target\":[\"https:\/\/www.prioratenoturisme.com\/es\/fiesta-del-vino-y-la-vendimia-a-la-antigua\/\"]}]},{\"@type\":\"ImageObject\",\"inLanguage\":\"es\",\"@id\":\"https:\/\/www.prioratenoturisme.com\/es\/fiesta-del-vino-y-la-vendimia-a-la-antigua\/#primaryimage\",\"url\":\"https:\/\/www.prioratenoturisme.com\/wp-content\/uploads\/festa-del-vi.png\",\"contentUrl\":\"https:\/\/www.prioratenoturisme.com\/wp-content\/uploads\/festa-del-vi.png\",\"width\":1748,\"height\":1240},{\"@type\":\"BreadcrumbList\",\"@id\":\"https:\/\/www.prioratenoturisme.com\/es\/fiesta-del-vino-y-la-vendimia-a-la-antigua\/#breadcrumb\",\"itemListElement\":[{\"@type\":\"ListItem\",\"position\":1,\"name\":\"Portada\",\"item\":\"https:\/\/www.prioratenoturisme.com\/es\/inicio-vive-el-priorat\/\"},{\"@type\":\"ListItem\",\"position\":2,\"name\":\"Fiesta del Vino y la Vendimia a la antigua\"}]},{\"@type\":\"WebSite\",\"@id\":\"https:\/\/www.prioratenoturisme.com\/#website\",\"url\":\"https:\/\/www.prioratenoturisme.com\/\",\"name\":\"Priorat Enoturisme\",\"description\":\"Viu el Priorat\",\"publisher\":{\"@id\":\"https:\/\/www.prioratenoturisme.com\/#organization\"},\"potentialAction\":[{\"@type\":\"SearchAction\",\"target\":{\"@type\":\"EntryPoint\",\"urlTemplate\":\"https:\/\/www.prioratenoturisme.com\/?s={search_term_string}\"},\"query-input\":{\"@type\":\"PropertyValueSpecification\",\"valueRequired\":true,\"valueName\":\"search_term_string\"}}],\"inLanguage\":\"es\"},{\"@type\":\"Organization\",\"@id\":\"https:\/\/www.prioratenoturisme.com\/#organization\",\"name\":\"Priorat Enoturisme\",\"url\":\"https:\/\/www.prioratenoturisme.com\/\",\"logo\":{\"@type\":\"ImageObject\",\"inLanguage\":\"es\",\"@id\":\"https:\/\/www.prioratenoturisme.com\/#\/schema\/logo\/image\/\",\"url\":\"https:\/\/www.prioratenoturisme.com\/wp-content\/uploads\/2023\/03\/cropped-FAVICON.png\",\"contentUrl\":\"https:\/\/www.prioratenoturisme.com\/wp-content\/uploads\/2023\/03\/cropped-FAVICON.png\",\"width\":512,\"height\":512,\"caption\":\"Priorat Enoturisme\"},\"image\":{\"@id\":\"https:\/\/www.prioratenoturisme.com\/#\/schema\/logo\/image\/\"},\"sameAs\":[\"https:\/\/www.facebook.com\/prioratenoturisme\/\",\"https:\/\/www.instagram.com\/prioratenoturisme\/\"]},{\"@type\":\"Person\",\"@id\":\"https:\/\/www.prioratenoturisme.com\/#\/schema\/person\/cf8b2b46ed7cccfee161b86aa5c2c3eb\",\"name\":\"admin\",\"image\":{\"@type\":\"ImageObject\",\"inLanguage\":\"es\",\"@id\":\"https:\/\/www.prioratenoturisme.com\/#\/schema\/person\/image\/\",\"url\":\"https:\/\/secure.gravatar.com\/avatar\/aa0e2682f59fc8b757b375c7694c3398eb8a415e07a4ef7a4c0424484a51a974?s=96&d=mm&r=g\",\"contentUrl\":\"https:\/\/secure.gravatar.com\/avatar\/aa0e2682f59fc8b757b375c7694c3398eb8a415e07a4ef7a4c0424484a51a974?s=96&d=mm&r=g\",\"caption\":\"admin\"},\"sameAs\":[\"https:\/\/www.prioratenoturisme.com\"],\"url\":\"https:\/\/www.prioratenoturisme.com\/es\/author\/info_7igyc0mu\/\"}]}<\/script>\n<!-- \/ Yoast SEO plugin. -->","yoast_head_json":{"title":"Fiesta del Vino y la Vendimia a la antigua - Priorat Enoturisme","robots":{"index":"index","follow":"follow","max-snippet":"max-snippet:-1","max-image-preview":"max-image-preview:large","max-video-preview":"max-video-preview:-1"},"canonical":"https:\/\/www.prioratenoturisme.com\/es\/fiesta-del-vino-y-la-vendimia-a-la-antigua\/","og_locale":"es_ES","og_type":"article","og_title":"Fiesta del Vino y la Vendimia a la antigua - Priorat Enoturisme","og_description":"\u00bfA\u00fan no tienes planes para este fin de semana? El 10 de septiembre ven a disfrutar de la XXII edici\u00f3n de la Fiesta del Vino y la Vendimia a la antigua, en Poboleda, celebraci\u00f3n que naci\u00f3 con la voluntad de ser una fiesta popular y con los a\u00f1os se ha ido convirtiendo en todo un [&hellip;]","og_url":"https:\/\/www.prioratenoturisme.com\/es\/fiesta-del-vino-y-la-vendimia-a-la-antigua\/","og_site_name":"Priorat Enoturisme","article_publisher":"https:\/\/www.facebook.com\/prioratenoturisme\/","article_published_time":"2022-09-05T23:00:00+00:00","og_image":[{"width":1748,"height":1240,"url":"https:\/\/www.prioratenoturisme.com\/wp-content\/uploads\/festa-del-vi.png","type":"image\/png"}],"author":"admin","twitter_card":"summary_large_image","twitter_misc":{"Escrito por":"admin","Tiempo de lectura":"3 minutos"},"schema":{"@context":"https:\/\/schema.org","@graph":[{"@type":"Article","@id":"https:\/\/www.prioratenoturisme.com\/es\/fiesta-del-vino-y-la-vendimia-a-la-antigua\/#article","isPartOf":{"@id":"https:\/\/www.prioratenoturisme.com\/es\/fiesta-del-vino-y-la-vendimia-a-la-antigua\/"},"author":{"name":"admin","@id":"https:\/\/www.prioratenoturisme.com\/#\/schema\/person\/cf8b2b46ed7cccfee161b86aa5c2c3eb"},"headline":"Fiesta del Vino y la Vendimia a la antigua","datePublished":"2022-09-05T23:00:00+00:00","mainEntityOfPage":{"@id":"https:\/\/www.prioratenoturisme.com\/es\/fiesta-del-vino-y-la-vendimia-a-la-antigua\/"},"wordCount":422,"commentCount":0,"publisher":{"@id":"https:\/\/www.prioratenoturisme.com\/#organization"},"image":{"@id":"https:\/\/www.prioratenoturisme.com\/es\/fiesta-del-vino-y-la-vendimia-a-la-antigua\/#primaryimage"},"thumbnailUrl":"https:\/\/www.prioratenoturisme.com\/wp-content\/uploads\/festa-del-vi.png","articleSection":["Blog"],"inLanguage":"es","potentialAction":[{"@type":"CommentAction","name":"Comment","target":["https:\/\/www.prioratenoturisme.com\/es\/fiesta-del-vino-y-la-vendimia-a-la-antigua\/#respond"]}]},{"@type":"WebPage","@id":"https:\/\/www.prioratenoturisme.com\/es\/fiesta-del-vino-y-la-vendimia-a-la-antigua\/","url":"https:\/\/www.prioratenoturisme.com\/es\/fiesta-del-vino-y-la-vendimia-a-la-antigua\/","name":"Fiesta del Vino y la Vendimia a la antigua - Priorat Enoturisme","isPartOf":{"@id":"https:\/\/www.prioratenoturisme.com\/#website"},"primaryImageOfPage":{"@id":"https:\/\/www.prioratenoturisme.com\/es\/fiesta-del-vino-y-la-vendimia-a-la-antigua\/#primaryimage"},"image":{"@id":"https:\/\/www.prioratenoturisme.com\/es\/fiesta-del-vino-y-la-vendimia-a-la-antigua\/#primaryimage"},"thumbnailUrl":"https:\/\/www.prioratenoturisme.com\/wp-content\/uploads\/festa-del-vi.png","datePublished":"2022-09-05T23:00:00+00:00","breadcrumb":{"@id":"https:\/\/www.prioratenoturisme.com\/es\/fiesta-del-vino-y-la-vendimia-a-la-antigua\/#breadcrumb"},"inLanguage":"es","potentialAction":[{"@type":"ReadAction","target":["https:\/\/www.prioratenoturisme.com\/es\/fiesta-del-vino-y-la-vendimia-a-la-antigua\/"]}]},{"@type":"ImageObject","inLanguage":"es","@id":"https:\/\/www.prioratenoturisme.com\/es\/fiesta-del-vino-y-la-vendimia-a-la-antigua\/#primaryimage","url":"https:\/\/www.prioratenoturisme.com\/wp-content\/uploads\/festa-del-vi.png","contentUrl":"https:\/\/www.prioratenoturisme.com\/wp-content\/uploads\/festa-del-vi.png","width":1748,"height":1240},{"@type":"BreadcrumbList","@id":"https:\/\/www.prioratenoturisme.com\/es\/fiesta-del-vino-y-la-vendimia-a-la-antigua\/#breadcrumb","itemListElement":[{"@type":"ListItem","position":1,"name":"Portada","item":"https:\/\/www.prioratenoturisme.com\/es\/inicio-vive-el-priorat\/"},{"@type":"ListItem","position":2,"name":"Fiesta del Vino y la Vendimia a la antigua"}]},{"@type":"WebSite","@id":"https:\/\/www.prioratenoturisme.com\/#website","url":"https:\/\/www.prioratenoturisme.com\/","name":"Priorat Enoturisme","description":"Viu el Priorat","publisher":{"@id":"https:\/\/www.prioratenoturisme.com\/#organization"},"potentialAction":[{"@type":"SearchAction","target":{"@type":"EntryPoint","urlTemplate":"https:\/\/www.prioratenoturisme.com\/?s={search_term_string}"},"query-input":{"@type":"PropertyValueSpecification","valueRequired":true,"valueName":"search_term_string"}}],"inLanguage":"es"},{"@type":"Organization","@id":"https:\/\/www.prioratenoturisme.com\/#organization","name":"Priorat Enoturisme","url":"https:\/\/www.prioratenoturisme.com\/","logo":{"@type":"ImageObject","inLanguage":"es","@id":"https:\/\/www.prioratenoturisme.com\/#\/schema\/logo\/image\/","url":"https:\/\/www.prioratenoturisme.com\/wp-content\/uploads\/2023\/03\/cropped-FAVICON.png","contentUrl":"https:\/\/www.prioratenoturisme.com\/wp-content\/uploads\/2023\/03\/cropped-FAVICON.png","width":512,"height":512,"caption":"Priorat Enoturisme"},"image":{"@id":"https:\/\/www.prioratenoturisme.com\/#\/schema\/logo\/image\/"},"sameAs":["https:\/\/www.facebook.com\/prioratenoturisme\/","https:\/\/www.instagram.com\/prioratenoturisme\/"]},{"@type":"Person","@id":"https:\/\/www.prioratenoturisme.com\/#\/schema\/person\/cf8b2b46ed7cccfee161b86aa5c2c3eb","name":"admin","image":{"@type":"ImageObject","inLanguage":"es","@id":"https:\/\/www.prioratenoturisme.com\/#\/schema\/person\/image\/","url":"https:\/\/secure.gravatar.com\/avatar\/aa0e2682f59fc8b757b375c7694c3398eb8a415e07a4ef7a4c0424484a51a974?s=96&d=mm&r=g","contentUrl":"https:\/\/secure.gravatar.com\/avatar\/aa0e2682f59fc8b757b375c7694c3398eb8a415e07a4ef7a4c0424484a51a974?s=96&d=mm&r=g","caption":"admin"},"sameAs":["https:\/\/www.prioratenoturisme.com"],"url":"https:\/\/www.prioratenoturisme.com\/es\/author\/info_7igyc0mu\/"}]}},"_links":{"self":[{"href":"https:\/\/www.prioratenoturisme.com\/es\/wp-json\/wp\/v2\/posts\/25403","targetHints":{"allow":["GET"]}}],"collection":[{"href":"https:\/\/www.prioratenoturisme.com\/es\/wp-json\/wp\/v2\/posts"}],"about":[{"href":"https:\/\/www.prioratenoturisme.com\/es\/wp-json\/wp\/v2\/types\/post"}],"author":[{"embeddable":true,"href":"https:\/\/www.prioratenoturisme.com\/es\/wp-json\/wp\/v2\/users\/1"}],"replies":[{"embeddable":true,"href":"https:\/\/www.prioratenoturisme.com\/es\/wp-json\/wp\/v2\/comments?post=25403"}],"version-history":[{"count":0,"href":"https:\/\/www.prioratenoturisme.com\/es\/wp-json\/wp\/v2\/posts\/25403\/revisions"}],"wp:featuredmedia":[{"embeddable":true,"href":"https:\/\/www.prioratenoturisme.com\/es\/wp-json\/wp\/v2\/media\/25174"}],"wp:attachment":[{"href":"https:\/\/www.prioratenoturisme.com\/es\/wp-json\/wp\/v2\/media?parent=25403"}],"wp:term":[{"taxonomy":"category","embeddable":true,"href":"https:\/\/www.prioratenoturisme.com\/es\/wp-json\/wp\/v2\/categories?post=25403"},{"taxonomy":"post_tag","embeddable":true,"href":"https:\/\/www.prioratenoturisme.com\/es\/wp-json\/wp\/v2\/tags?post=25403"}],"curies":[{"name":"wp","href":"https:\/\/api.w.org\/{rel}","templated":true}]}}