{"id":25404,"date":"2022-09-19T00:00:00","date_gmt":"2022-09-18T23:00:00","guid":{"rendered":"https:\/\/www.prioratenoturisme.com\/buena-temporada-veraniega-en-el-priorat-y-recuperacion-del-visitante-extranjero\/"},"modified":"2022-09-19T00:00:00","modified_gmt":"2022-09-18T23:00:00","slug":"buena-temporada-veraniega-en-el-priorat-y-recuperacion-del-visitante-extranjero","status":"publish","type":"post","link":"https:\/\/www.prioratenoturisme.com\/es\/buena-temporada-veraniega-en-el-priorat-y-recuperacion-del-visitante-extranjero\/","title":{"rendered":"Buena temporada veraniega en el Priorat y recuperaci\u00f3n del visitante extranjero"},"content":{"rendered":"<p>\u00a1Dejamos atr\u00e1s el verano y las jornadas gastron\u00f3micas con una valoraci\u00f3n positiva en cuanto al turismo en la comarca! La temporada se cierra con datos similares a los de 2021 en un verano que ha supuesto la recuperaci\u00f3n del visitante extranjero hasta alcanzar niveles prepandemia.<\/p>\n<p>Las cifras demuestran que <strong>un 72% de los visitantes del Priorat son catalanes.<\/strong> Es m\u00e1s, el perfil m\u00e1s recurrente es el de turista catal\u00e1n que viaja en pareja, interesado por el mundo del vino y que reserva con una antelaci\u00f3n de solamente 48 horas.<\/p>\n<p>Los datos tambi\u00e9n evidencian la recuperaci\u00f3n del p\u00fablico internacional. Seg\u00fan los establecimientos socios, <strong>los turistas extranjeros representan un 16,7% del total mientras que el turista espa\u00f1ol se sit\u00faa en un 11,1<\/strong>%. En cuanto a los perfiles, aunque las parejas siguen siendo el principal p\u00fablico tur\u00edstico, este verano tambi\u00e9n ha supuesto la vuelta de los grupos, sobre todo internacionales, de winelovers y de empresas.<\/p>\n<p>Otro dato positivo es que <strong>un 88,9% de los clientes vuelven al Priorat<\/strong> e incluso al mismo establecimiento una vez conocido. En palabras de la presidenta de Priorat Enoturismo, Maria Jes\u00fas S\u00e1nchez: \u00abdebemos seguir haciendo las cosas como hasta ahora, con un trato cercano y promocionando el producto local y el consumo de los vinos y aceites de la comarca\u00bb.<\/p>\n<p>A la hora de determinar las razones que llevan a los turistas al Priorat, los establecimientos no tienen ninguna duda: <strong>el inter\u00e9s por el mundo del vino es su principal motivaci\u00f3n (77,8%),<\/strong> mientras que tambi\u00e9n son decisivas la naturaleza, la gastronom\u00eda y la cultura.<\/p>\n<p>La encuesta refleja que <strong>un 80% de los clientes reserva el mismo d\u00eda o con menos de 48 horas de antelaci\u00f3n<\/strong>. Es por eso por lo que os animamos \u200b\u200ba reservar con mayor margen de tiempo, teniendo en cuenta que, en la mayor\u00eda de los casos, los establecimientos ya cuentan con un elevado volumen de clientes en temporada alta y fines de semana.<\/p>\n<p><strong>\u00a0<\/strong><\/p>\n<p><strong>Final de las \u00abJornadas gastron\u00f3micas del tomate y la huerta del Priorat\u00bb<\/strong><\/p>\n<p>El balance de las jornadas gastron\u00f3micas, que acabaron el 11 de septiembre, es muy positivo. Los socios ofrecieron casi <strong>un millar de platillos y tapas a los asistentes.<\/strong><\/p>\n<p>Seg\u00fan palabras de la presidenta, las jornadas \u201ccontribuyen a <strong>hacer m\u00e1s atractiva la oferta de verano<\/strong> pensando en un p\u00fablico fiel que valora el vino y la gastronom\u00eda de la comarca, reclamando conocer mejor la cultura, la tierra y la identidad del Priorat\u201d, expone S\u00e1nchez.<\/p>\n<p>El objetivo tambi\u00e9n es <strong>dar a conocer los productos hort\u00edcolas de la comarca<\/strong> y fomentar la <strong>recuperaci\u00f3n de variedades tradicionales<\/strong> y su producci\u00f3n y consumo en los establecimientos tur\u00edsticos del Priorat. En definitiva, seguir reivindicando<strong> la tradici\u00f3n gastron\u00f3mica de la comarca<\/strong> y mitigar la p\u00e9rdida de biodiversidad cultivada.<\/p>\n","protected":false},"excerpt":{"rendered":"<p>\u00a1Dejamos atr\u00e1s el verano y las jornadas gastron\u00f3micas con una valoraci\u00f3n positiva en cuanto al turismo en la comarca! La temporada se cierra con datos similares a los de 2021 en un verano que ha supuesto la recuperaci\u00f3n del visitante extranjero hasta alcanzar niveles prepandemia. Las cifras demuestran que un 72% de los visitantes del [&hellip;]<\/p>\n","protected":false},"author":1,"featured_media":25405,"comment_status":"open","ping_status":"open","sticky":false,"template":"","format":"standard","meta":{"_acf_changed":false,"_et_pb_use_builder":"","_et_pb_old_content":"","_et_gb_content_width":"","footnotes":""},"categories":[231],"tags":[220],"class_list":["post-25404","post","type-post","status-publish","format-standard","has-post-thumbnail","hentry","category-blog","tag-priorat"],"acf":[],"yoast_head":"<!-- This site is optimized with the Yoast SEO plugin v25.6 - https:\/\/yoast.com\/wordpress\/plugins\/seo\/ -->\n<title>Buena temporada veraniega en el Priorat y recuperaci\u00f3n del visitante extranjero - Priorat Enoturisme<\/title>\n<meta name=\"robots\" content=\"index, follow, max-snippet:-1, max-image-preview:large, max-video-preview:-1\" \/>\n<link rel=\"canonical\" href=\"https:\/\/www.prioratenoturisme.com\/es\/buena-temporada-veraniega-en-el-priorat-y-recuperacion-del-visitante-extranjero\/\" \/>\n<meta property=\"og:locale\" content=\"es_ES\" \/>\n<meta property=\"og:type\" content=\"article\" \/>\n<meta property=\"og:title\" content=\"Buena temporada veraniega en el Priorat y recuperaci\u00f3n del visitante extranjero - Priorat Enoturisme\" \/>\n<meta property=\"og:description\" content=\"\u00a1Dejamos atr\u00e1s el verano y las jornadas gastron\u00f3micas con una valoraci\u00f3n positiva en cuanto al turismo en la comarca! La temporada se cierra con datos similares a los de 2021 en un verano que ha supuesto la recuperaci\u00f3n del visitante extranjero hasta alcanzar niveles prepandemia. Las cifras demuestran que un 72% de los visitantes del [&hellip;]\" \/>\n<meta property=\"og:url\" content=\"https:\/\/www.prioratenoturisme.com\/es\/buena-temporada-veraniega-en-el-priorat-y-recuperacion-del-visitante-extranjero\/\" \/>\n<meta property=\"og:site_name\" content=\"Priorat Enoturisme\" \/>\n<meta property=\"article:publisher\" content=\"https:\/\/www.facebook.com\/prioratenoturisme\/\" \/>\n<meta property=\"article:published_time\" content=\"2022-09-18T23:00:00+00:00\" \/>\n<meta property=\"og:image\" content=\"https:\/\/www.prioratenoturisme.com\/wp-content\/uploads\/Maria-Jesus-Sanchez-nova-presidenta-1-1024x726.png\" \/>\n\t<meta property=\"og:image:width\" content=\"1024\" \/>\n\t<meta property=\"og:image:height\" content=\"726\" \/>\n\t<meta property=\"og:image:type\" content=\"image\/png\" \/>\n<meta name=\"author\" content=\"admin\" \/>\n<meta name=\"twitter:card\" content=\"summary_large_image\" \/>\n<meta name=\"twitter:label1\" content=\"Escrito por\" \/>\n\t<meta name=\"twitter:data1\" content=\"admin\" \/>\n\t<meta name=\"twitter:label2\" content=\"Tiempo de lectura\" \/>\n\t<meta name=\"twitter:data2\" content=\"2 minutos\" \/>\n<script type=\"application\/ld+json\" class=\"yoast-schema-graph\">{\"@context\":\"https:\/\/schema.org\",\"@graph\":[{\"@type\":\"Article\",\"@id\":\"https:\/\/www.prioratenoturisme.com\/es\/buena-temporada-veraniega-en-el-priorat-y-recuperacion-del-visitante-extranjero\/#article\",\"isPartOf\":{\"@id\":\"https:\/\/www.prioratenoturisme.com\/es\/buena-temporada-veraniega-en-el-priorat-y-recuperacion-del-visitante-extranjero\/\"},\"author\":{\"name\":\"admin\",\"@id\":\"https:\/\/www.prioratenoturisme.com\/#\/schema\/person\/cf8b2b46ed7cccfee161b86aa5c2c3eb\"},\"headline\":\"Buena temporada veraniega en el Priorat y recuperaci\u00f3n del visitante extranjero\",\"datePublished\":\"2022-09-18T23:00:00+00:00\",\"mainEntityOfPage\":{\"@id\":\"https:\/\/www.prioratenoturisme.com\/es\/buena-temporada-veraniega-en-el-priorat-y-recuperacion-del-visitante-extranjero\/\"},\"wordCount\":495,\"commentCount\":0,\"publisher\":{\"@id\":\"https:\/\/www.prioratenoturisme.com\/#organization\"},\"image\":{\"@id\":\"https:\/\/www.prioratenoturisme.com\/es\/buena-temporada-veraniega-en-el-priorat-y-recuperacion-del-visitante-extranjero\/#primaryimage\"},\"thumbnailUrl\":\"https:\/\/www.prioratenoturisme.com\/wp-content\/uploads\/Maria-Jesus-Sanchez-nova-presidenta-1.png\",\"keywords\":[\"priorat\"],\"articleSection\":[\"Blog\"],\"inLanguage\":\"es\",\"potentialAction\":[{\"@type\":\"CommentAction\",\"name\":\"Comment\",\"target\":[\"https:\/\/www.prioratenoturisme.com\/es\/buena-temporada-veraniega-en-el-priorat-y-recuperacion-del-visitante-extranjero\/#respond\"]}]},{\"@type\":\"WebPage\",\"@id\":\"https:\/\/www.prioratenoturisme.com\/es\/buena-temporada-veraniega-en-el-priorat-y-recuperacion-del-visitante-extranjero\/\",\"url\":\"https:\/\/www.prioratenoturisme.com\/es\/buena-temporada-veraniega-en-el-priorat-y-recuperacion-del-visitante-extranjero\/\",\"name\":\"Buena temporada veraniega en el Priorat y recuperaci\u00f3n del visitante extranjero - Priorat Enoturisme\",\"isPartOf\":{\"@id\":\"https:\/\/www.prioratenoturisme.com\/#website\"},\"primaryImageOfPage\":{\"@id\":\"https:\/\/www.prioratenoturisme.com\/es\/buena-temporada-veraniega-en-el-priorat-y-recuperacion-del-visitante-extranjero\/#primaryimage\"},\"image\":{\"@id\":\"https:\/\/www.prioratenoturisme.com\/es\/buena-temporada-veraniega-en-el-priorat-y-recuperacion-del-visitante-extranjero\/#primaryimage\"},\"thumbnailUrl\":\"https:\/\/www.prioratenoturisme.com\/wp-content\/uploads\/Maria-Jesus-Sanchez-nova-presidenta-1.png\",\"datePublished\":\"2022-09-18T23:00:00+00:00\",\"breadcrumb\":{\"@id\":\"https:\/\/www.prioratenoturisme.com\/es\/buena-temporada-veraniega-en-el-priorat-y-recuperacion-del-visitante-extranjero\/#breadcrumb\"},\"inLanguage\":\"es\",\"potentialAction\":[{\"@type\":\"ReadAction\",\"target\":[\"https:\/\/www.prioratenoturisme.com\/es\/buena-temporada-veraniega-en-el-priorat-y-recuperacion-del-visitante-extranjero\/\"]}]},{\"@type\":\"ImageObject\",\"inLanguage\":\"es\",\"@id\":\"https:\/\/www.prioratenoturisme.com\/es\/buena-temporada-veraniega-en-el-priorat-y-recuperacion-del-visitante-extranjero\/#primaryimage\",\"url\":\"https:\/\/www.prioratenoturisme.com\/wp-content\/uploads\/Maria-Jesus-Sanchez-nova-presidenta-1.png\",\"contentUrl\":\"https:\/\/www.prioratenoturisme.com\/wp-content\/uploads\/Maria-Jesus-Sanchez-nova-presidenta-1.png\",\"width\":1748,\"height\":1240},{\"@type\":\"BreadcrumbList\",\"@id\":\"https:\/\/www.prioratenoturisme.com\/es\/buena-temporada-veraniega-en-el-priorat-y-recuperacion-del-visitante-extranjero\/#breadcrumb\",\"itemListElement\":[{\"@type\":\"ListItem\",\"position\":1,\"name\":\"Portada\",\"item\":\"https:\/\/www.prioratenoturisme.com\/es\/inicio-vive-el-priorat\/\"},{\"@type\":\"ListItem\",\"position\":2,\"name\":\"Buena temporada veraniega en el Priorat y recuperaci\u00f3n del visitante extranjero\"}]},{\"@type\":\"WebSite\",\"@id\":\"https:\/\/www.prioratenoturisme.com\/#website\",\"url\":\"https:\/\/www.prioratenoturisme.com\/\",\"name\":\"Priorat Enoturisme\",\"description\":\"Viu el Priorat\",\"publisher\":{\"@id\":\"https:\/\/www.prioratenoturisme.com\/#organization\"},\"potentialAction\":[{\"@type\":\"SearchAction\",\"target\":{\"@type\":\"EntryPoint\",\"urlTemplate\":\"https:\/\/www.prioratenoturisme.com\/?s={search_term_string}\"},\"query-input\":{\"@type\":\"PropertyValueSpecification\",\"valueRequired\":true,\"valueName\":\"search_term_string\"}}],\"inLanguage\":\"es\"},{\"@type\":\"Organization\",\"@id\":\"https:\/\/www.prioratenoturisme.com\/#organization\",\"name\":\"Priorat Enoturisme\",\"url\":\"https:\/\/www.prioratenoturisme.com\/\",\"logo\":{\"@type\":\"ImageObject\",\"inLanguage\":\"es\",\"@id\":\"https:\/\/www.prioratenoturisme.com\/#\/schema\/logo\/image\/\",\"url\":\"https:\/\/www.prioratenoturisme.com\/wp-content\/uploads\/2023\/03\/cropped-FAVICON.png\",\"contentUrl\":\"https:\/\/www.prioratenoturisme.com\/wp-content\/uploads\/2023\/03\/cropped-FAVICON.png\",\"width\":512,\"height\":512,\"caption\":\"Priorat Enoturisme\"},\"image\":{\"@id\":\"https:\/\/www.prioratenoturisme.com\/#\/schema\/logo\/image\/\"},\"sameAs\":[\"https:\/\/www.facebook.com\/prioratenoturisme\/\",\"https:\/\/www.instagram.com\/prioratenoturisme\/\"]},{\"@type\":\"Person\",\"@id\":\"https:\/\/www.prioratenoturisme.com\/#\/schema\/person\/cf8b2b46ed7cccfee161b86aa5c2c3eb\",\"name\":\"admin\",\"image\":{\"@type\":\"ImageObject\",\"inLanguage\":\"es\",\"@id\":\"https:\/\/www.prioratenoturisme.com\/#\/schema\/person\/image\/\",\"url\":\"https:\/\/secure.gravatar.com\/avatar\/aa0e2682f59fc8b757b375c7694c3398eb8a415e07a4ef7a4c0424484a51a974?s=96&d=mm&r=g\",\"contentUrl\":\"https:\/\/secure.gravatar.com\/avatar\/aa0e2682f59fc8b757b375c7694c3398eb8a415e07a4ef7a4c0424484a51a974?s=96&d=mm&r=g\",\"caption\":\"admin\"},\"sameAs\":[\"https:\/\/www.prioratenoturisme.com\"],\"url\":\"https:\/\/www.prioratenoturisme.com\/es\/author\/info_7igyc0mu\/\"}]}<\/script>\n<!-- \/ Yoast SEO plugin. -->","yoast_head_json":{"title":"Buena temporada veraniega en el Priorat y recuperaci\u00f3n del visitante extranjero - Priorat Enoturisme","robots":{"index":"index","follow":"follow","max-snippet":"max-snippet:-1","max-image-preview":"max-image-preview:large","max-video-preview":"max-video-preview:-1"},"canonical":"https:\/\/www.prioratenoturisme.com\/es\/buena-temporada-veraniega-en-el-priorat-y-recuperacion-del-visitante-extranjero\/","og_locale":"es_ES","og_type":"article","og_title":"Buena temporada veraniega en el Priorat y recuperaci\u00f3n del visitante extranjero - Priorat Enoturisme","og_description":"\u00a1Dejamos atr\u00e1s el verano y las jornadas gastron\u00f3micas con una valoraci\u00f3n positiva en cuanto al turismo en la comarca! La temporada se cierra con datos similares a los de 2021 en un verano que ha supuesto la recuperaci\u00f3n del visitante extranjero hasta alcanzar niveles prepandemia. Las cifras demuestran que un 72% de los visitantes del [&hellip;]","og_url":"https:\/\/www.prioratenoturisme.com\/es\/buena-temporada-veraniega-en-el-priorat-y-recuperacion-del-visitante-extranjero\/","og_site_name":"Priorat Enoturisme","article_publisher":"https:\/\/www.facebook.com\/prioratenoturisme\/","article_published_time":"2022-09-18T23:00:00+00:00","og_image":[{"width":1024,"height":726,"url":"https:\/\/www.prioratenoturisme.com\/wp-content\/uploads\/Maria-Jesus-Sanchez-nova-presidenta-1-1024x726.png","type":"image\/png"}],"author":"admin","twitter_card":"summary_large_image","twitter_misc":{"Escrito por":"admin","Tiempo de lectura":"2 minutos"},"schema":{"@context":"https:\/\/schema.org","@graph":[{"@type":"Article","@id":"https:\/\/www.prioratenoturisme.com\/es\/buena-temporada-veraniega-en-el-priorat-y-recuperacion-del-visitante-extranjero\/#article","isPartOf":{"@id":"https:\/\/www.prioratenoturisme.com\/es\/buena-temporada-veraniega-en-el-priorat-y-recuperacion-del-visitante-extranjero\/"},"author":{"name":"admin","@id":"https:\/\/www.prioratenoturisme.com\/#\/schema\/person\/cf8b2b46ed7cccfee161b86aa5c2c3eb"},"headline":"Buena temporada veraniega en el Priorat y recuperaci\u00f3n del visitante extranjero","datePublished":"2022-09-18T23:00:00+00:00","mainEntityOfPage":{"@id":"https:\/\/www.prioratenoturisme.com\/es\/buena-temporada-veraniega-en-el-priorat-y-recuperacion-del-visitante-extranjero\/"},"wordCount":495,"commentCount":0,"publisher":{"@id":"https:\/\/www.prioratenoturisme.com\/#organization"},"image":{"@id":"https:\/\/www.prioratenoturisme.com\/es\/buena-temporada-veraniega-en-el-priorat-y-recuperacion-del-visitante-extranjero\/#primaryimage"},"thumbnailUrl":"https:\/\/www.prioratenoturisme.com\/wp-content\/uploads\/Maria-Jesus-Sanchez-nova-presidenta-1.png","keywords":["priorat"],"articleSection":["Blog"],"inLanguage":"es","potentialAction":[{"@type":"CommentAction","name":"Comment","target":["https:\/\/www.prioratenoturisme.com\/es\/buena-temporada-veraniega-en-el-priorat-y-recuperacion-del-visitante-extranjero\/#respond"]}]},{"@type":"WebPage","@id":"https:\/\/www.prioratenoturisme.com\/es\/buena-temporada-veraniega-en-el-priorat-y-recuperacion-del-visitante-extranjero\/","url":"https:\/\/www.prioratenoturisme.com\/es\/buena-temporada-veraniega-en-el-priorat-y-recuperacion-del-visitante-extranjero\/","name":"Buena temporada veraniega en el Priorat y recuperaci\u00f3n del visitante extranjero - Priorat Enoturisme","isPartOf":{"@id":"https:\/\/www.prioratenoturisme.com\/#website"},"primaryImageOfPage":{"@id":"https:\/\/www.prioratenoturisme.com\/es\/buena-temporada-veraniega-en-el-priorat-y-recuperacion-del-visitante-extranjero\/#primaryimage"},"image":{"@id":"https:\/\/www.prioratenoturisme.com\/es\/buena-temporada-veraniega-en-el-priorat-y-recuperacion-del-visitante-extranjero\/#primaryimage"},"thumbnailUrl":"https:\/\/www.prioratenoturisme.com\/wp-content\/uploads\/Maria-Jesus-Sanchez-nova-presidenta-1.png","datePublished":"2022-09-18T23:00:00+00:00","breadcrumb":{"@id":"https:\/\/www.prioratenoturisme.com\/es\/buena-temporada-veraniega-en-el-priorat-y-recuperacion-del-visitante-extranjero\/#breadcrumb"},"inLanguage":"es","potentialAction":[{"@type":"ReadAction","target":["https:\/\/www.prioratenoturisme.com\/es\/buena-temporada-veraniega-en-el-priorat-y-recuperacion-del-visitante-extranjero\/"]}]},{"@type":"ImageObject","inLanguage":"es","@id":"https:\/\/www.prioratenoturisme.com\/es\/buena-temporada-veraniega-en-el-priorat-y-recuperacion-del-visitante-extranjero\/#primaryimage","url":"https:\/\/www.prioratenoturisme.com\/wp-content\/uploads\/Maria-Jesus-Sanchez-nova-presidenta-1.png","contentUrl":"https:\/\/www.prioratenoturisme.com\/wp-content\/uploads\/Maria-Jesus-Sanchez-nova-presidenta-1.png","width":1748,"height":1240},{"@type":"BreadcrumbList","@id":"https:\/\/www.prioratenoturisme.com\/es\/buena-temporada-veraniega-en-el-priorat-y-recuperacion-del-visitante-extranjero\/#breadcrumb","itemListElement":[{"@type":"ListItem","position":1,"name":"Portada","item":"https:\/\/www.prioratenoturisme.com\/es\/inicio-vive-el-priorat\/"},{"@type":"ListItem","position":2,"name":"Buena temporada veraniega en el Priorat y recuperaci\u00f3n del visitante extranjero"}]},{"@type":"WebSite","@id":"https:\/\/www.prioratenoturisme.com\/#website","url":"https:\/\/www.prioratenoturisme.com\/","name":"Priorat Enoturisme","description":"Viu el Priorat","publisher":{"@id":"https:\/\/www.prioratenoturisme.com\/#organization"},"potentialAction":[{"@type":"SearchAction","target":{"@type":"EntryPoint","urlTemplate":"https:\/\/www.prioratenoturisme.com\/?s={search_term_string}"},"query-input":{"@type":"PropertyValueSpecification","valueRequired":true,"valueName":"search_term_string"}}],"inLanguage":"es"},{"@type":"Organization","@id":"https:\/\/www.prioratenoturisme.com\/#organization","name":"Priorat Enoturisme","url":"https:\/\/www.prioratenoturisme.com\/","logo":{"@type":"ImageObject","inLanguage":"es","@id":"https:\/\/www.prioratenoturisme.com\/#\/schema\/logo\/image\/","url":"https:\/\/www.prioratenoturisme.com\/wp-content\/uploads\/2023\/03\/cropped-FAVICON.png","contentUrl":"https:\/\/www.prioratenoturisme.com\/wp-content\/uploads\/2023\/03\/cropped-FAVICON.png","width":512,"height":512,"caption":"Priorat Enoturisme"},"image":{"@id":"https:\/\/www.prioratenoturisme.com\/#\/schema\/logo\/image\/"},"sameAs":["https:\/\/www.facebook.com\/prioratenoturisme\/","https:\/\/www.instagram.com\/prioratenoturisme\/"]},{"@type":"Person","@id":"https:\/\/www.prioratenoturisme.com\/#\/schema\/person\/cf8b2b46ed7cccfee161b86aa5c2c3eb","name":"admin","image":{"@type":"ImageObject","inLanguage":"es","@id":"https:\/\/www.prioratenoturisme.com\/#\/schema\/person\/image\/","url":"https:\/\/secure.gravatar.com\/avatar\/aa0e2682f59fc8b757b375c7694c3398eb8a415e07a4ef7a4c0424484a51a974?s=96&d=mm&r=g","contentUrl":"https:\/\/secure.gravatar.com\/avatar\/aa0e2682f59fc8b757b375c7694c3398eb8a415e07a4ef7a4c0424484a51a974?s=96&d=mm&r=g","caption":"admin"},"sameAs":["https:\/\/www.prioratenoturisme.com"],"url":"https:\/\/www.prioratenoturisme.com\/es\/author\/info_7igyc0mu\/"}]}},"_links":{"self":[{"href":"https:\/\/www.prioratenoturisme.com\/es\/wp-json\/wp\/v2\/posts\/25404","targetHints":{"allow":["GET"]}}],"collection":[{"href":"https:\/\/www.prioratenoturisme.com\/es\/wp-json\/wp\/v2\/posts"}],"about":[{"href":"https:\/\/www.prioratenoturisme.com\/es\/wp-json\/wp\/v2\/types\/post"}],"author":[{"embeddable":true,"href":"https:\/\/www.prioratenoturisme.com\/es\/wp-json\/wp\/v2\/users\/1"}],"replies":[{"embeddable":true,"href":"https:\/\/www.prioratenoturisme.com\/es\/wp-json\/wp\/v2\/comments?post=25404"}],"version-history":[{"count":0,"href":"https:\/\/www.prioratenoturisme.com\/es\/wp-json\/wp\/v2\/posts\/25404\/revisions"}],"wp:featuredmedia":[{"embeddable":true,"href":"https:\/\/www.prioratenoturisme.com\/es\/wp-json\/wp\/v2\/media\/25405"}],"wp:attachment":[{"href":"https:\/\/www.prioratenoturisme.com\/es\/wp-json\/wp\/v2\/media?parent=25404"}],"wp:term":[{"taxonomy":"category","embeddable":true,"href":"https:\/\/www.prioratenoturisme.com\/es\/wp-json\/wp\/v2\/categories?post=25404"},{"taxonomy":"post_tag","embeddable":true,"href":"https:\/\/www.prioratenoturisme.com\/es\/wp-json\/wp\/v2\/tags?post=25404"}],"curies":[{"name":"wp","href":"https:\/\/api.w.org\/{rel}","templated":true}]}}