{"id":25408,"date":"2022-10-05T00:00:00","date_gmt":"2022-10-04T23:00:00","guid":{"rendered":"https:\/\/www.prioratenoturisme.com\/vive-el-priorat-durante-los-meses-de-otono\/"},"modified":"2022-10-05T00:00:00","modified_gmt":"2022-10-04T23:00:00","slug":"vive-el-priorat-durante-los-meses-de-otono","status":"publish","type":"post","link":"https:\/\/www.prioratenoturisme.com\/es\/vive-el-priorat-durante-los-meses-de-otono\/","title":{"rendered":"Vive el Priorat durante los meses de oto\u00f1o"},"content":{"rendered":"<p>\u00a1Ya tenemos aqu\u00ed el oto\u00f1o! \u00bfQui\u00e9n no ten\u00eda ganas de estos d\u00edas m\u00e1s frescos? De salir, pasear, descubrir nuevos rincones&#8230; y, por supuesto, hacer enoturismo. \u00a1Hoy os proponemos algunos planes por la comarca para disfrutar de este momento del a\u00f1o!<\/p>\n<p>&nbsp;<\/p>\n<p><strong>Visita las bodegas de Priorat Enoturisme<\/strong><\/p>\n<p>Estamos en un momento en que la vendimia ya se acaba y <strong>el vi\u00f1edo, en breve, se preparar\u00e1 para descansar.<\/strong> Con el oto\u00f1o veremos c\u00f3mo el paisaje se ti\u00f1e de colores y las hojas de las cepas caer\u00e1n. La planta pasar\u00e1 a una fase de reposo hasta que llegue la primavera y empezar\u00e1 de nuevo el ciclo.<\/p>\n<p>En Priorat Enoturisme <strong>contamos con m\u00e1s de una veintena de bodegas socias repartidas por toda la comarca que os abrir\u00e1n sus puertas<\/strong>. Os contar\u00e1n la historia de la bodega, os mostrar\u00e1n las instalaciones y os dejar\u00e1n degustar sus vinos m\u00e1s especiales.<\/p>\n<p>&nbsp;<\/p>\n<p><strong>Senderismo por los diferentes espacios naturales<\/strong><\/p>\n<p>El Priorat cuenta con espacios naturales protegidos que son perfectos para los apasionados del senderismo. <strong>El Parque Natural de la Sierra de Montsant<\/strong> es un espacio \u00fanico, tranquilo e inigualable. Podr\u00e9is realizar muchas rutas a pie, teniendo en cuenta que existen diferentes niveles de dificultad. Durante las excursiones llegar\u00e9is a lugares emblem\u00e1ticos como el <strong>Toll de l\u2019Ou, las ermitas de Montsant, y el Congost de Fraguerau<\/strong>, entre otros.<\/p>\n<p>Tambi\u00e9n podr\u00e9is visitar <strong>La Pietat, una antigua casa de reposo de los monjes cartujos<\/strong> que forma parte del Inventario del Patrimonio Arquitect\u00f3nico de Catalu\u00f1a. Por dentro est\u00e1 derrumbado pero el exterior del edificio conserva su estructura. Si sois personas espirituales, seguro que os transportar\u00e9is a tiempos pasados. Y tambi\u00e9n, como no, podr\u00e9is disfrutar de un buen paseo lleno de cultura e historia.<\/p>\n<p><strong>El Puente de Cavaloca es patrimonio de piedra seca<\/strong> y est\u00e1 situado en el antiguo camino que un\u00eda los pueblos de la Vilella Baixa y Cabac\u00e9s, dentro del Parque Natural de Montsant. Este puente medieval se conserva en buen estado y cruza el Barranco de Cavaloca. \u00a1Llegar\u00e9is a trav\u00e9s de un camino se\u00f1alizado desde La Vilella Baixa!<\/p>\n<p>&nbsp;<\/p>\n<p><strong>Degusta la buena gastronom\u00eda<\/strong><\/p>\n<p>Seguro que despu\u00e9s de tanta ruta ten\u00e9is hambre, \u00bfverdad? \u00a1Pues est\u00e1is de suerte! El Priorat no es solo vino y aceite, sino que tambi\u00e9n <strong>es sin\u00f3nimo de buena gastronom\u00eda<\/strong>. Nuestros restaurantes socios os ofrecer\u00e1n los mejores productos de temporada, ya que adaptan sus platos para que pod\u00e1is degustar, en cada momento del a\u00f1o, recetas con ingredientes de km. 0.<\/p>\n<p>Ahora, en oto\u00f1o, <strong>el ingrediente por excelencia son las setas<\/strong>, as\u00ed que os animamos a pedir platos como revueltos con huevo, crema de setas, risotto o un cl\u00e1sico: la carne guisada con setas. \u00bfQu\u00e9 os parece maridar estos platos con vinos de las dos denominaciones de origen de la comarca? En las cartas de los restaurantes encontrar\u00e9is, seguro, vinos de la DO Montsant y la DOQ Priorat, que har\u00e1n que la experiencia sea a\u00fan m\u00e1s completa.<\/p>\n","protected":false},"excerpt":{"rendered":"<p>\u00a1Ya tenemos aqu\u00ed el oto\u00f1o! \u00bfQui\u00e9n no ten\u00eda ganas de estos d\u00edas m\u00e1s frescos? De salir, pasear, descubrir nuevos rincones&#8230; y, por supuesto, hacer enoturismo. \u00a1Hoy os proponemos algunos planes por la comarca para disfrutar de este momento del a\u00f1o! &nbsp; Visita las bodegas de Priorat Enoturisme Estamos en un momento en que la vendimia [&hellip;]<\/p>\n","protected":false},"author":1,"featured_media":25179,"comment_status":"open","ping_status":"open","sticky":false,"template":"","format":"standard","meta":{"_acf_changed":false,"_et_pb_use_builder":"","_et_pb_old_content":"","_et_gb_content_width":"","footnotes":""},"categories":[231],"tags":[],"class_list":["post-25408","post","type-post","status-publish","format-standard","has-post-thumbnail","hentry","category-blog"],"acf":[],"yoast_head":"<!-- This site is optimized with the Yoast SEO plugin v25.6 - https:\/\/yoast.com\/wordpress\/plugins\/seo\/ -->\n<title>Vive el Priorat durante los meses de oto\u00f1o - Priorat Enoturisme<\/title>\n<meta name=\"robots\" content=\"index, follow, max-snippet:-1, max-image-preview:large, max-video-preview:-1\" \/>\n<link rel=\"canonical\" href=\"https:\/\/www.prioratenoturisme.com\/es\/vive-el-priorat-durante-los-meses-de-otono\/\" \/>\n<meta property=\"og:locale\" content=\"es_ES\" \/>\n<meta property=\"og:type\" content=\"article\" \/>\n<meta property=\"og:title\" content=\"Vive el Priorat durante los meses de oto\u00f1o - Priorat Enoturisme\" \/>\n<meta property=\"og:description\" content=\"\u00a1Ya tenemos aqu\u00ed el oto\u00f1o! \u00bfQui\u00e9n no ten\u00eda ganas de estos d\u00edas m\u00e1s frescos? De salir, pasear, descubrir nuevos rincones&#8230; y, por supuesto, hacer enoturismo. \u00a1Hoy os proponemos algunos planes por la comarca para disfrutar de este momento del a\u00f1o! &nbsp; Visita las bodegas de Priorat Enoturisme Estamos en un momento en que la vendimia [&hellip;]\" \/>\n<meta property=\"og:url\" content=\"https:\/\/www.prioratenoturisme.com\/es\/vive-el-priorat-durante-los-meses-de-otono\/\" \/>\n<meta property=\"og:site_name\" content=\"Priorat Enoturisme\" \/>\n<meta property=\"article:publisher\" content=\"https:\/\/www.facebook.com\/prioratenoturisme\/\" \/>\n<meta property=\"article:published_time\" content=\"2022-10-04T23:00:00+00:00\" \/>\n<meta property=\"og:image\" content=\"https:\/\/www.prioratenoturisme.com\/wp-content\/uploads\/Celler-Bartolome_molins.jpg\" \/>\n\t<meta property=\"og:image:width\" content=\"570\" \/>\n\t<meta property=\"og:image:height\" content=\"382\" \/>\n\t<meta property=\"og:image:type\" content=\"image\/jpeg\" \/>\n<meta name=\"author\" content=\"admin\" \/>\n<meta name=\"twitter:card\" content=\"summary_large_image\" \/>\n<meta name=\"twitter:label1\" content=\"Escrito por\" \/>\n\t<meta name=\"twitter:data1\" content=\"admin\" \/>\n\t<meta name=\"twitter:label2\" content=\"Tiempo de lectura\" \/>\n\t<meta name=\"twitter:data2\" content=\"3 minutos\" \/>\n<script type=\"application\/ld+json\" class=\"yoast-schema-graph\">{\"@context\":\"https:\/\/schema.org\",\"@graph\":[{\"@type\":\"Article\",\"@id\":\"https:\/\/www.prioratenoturisme.com\/es\/vive-el-priorat-durante-los-meses-de-otono\/#article\",\"isPartOf\":{\"@id\":\"https:\/\/www.prioratenoturisme.com\/es\/vive-el-priorat-durante-los-meses-de-otono\/\"},\"author\":{\"name\":\"admin\",\"@id\":\"https:\/\/www.prioratenoturisme.com\/#\/schema\/person\/cf8b2b46ed7cccfee161b86aa5c2c3eb\"},\"headline\":\"Vive el Priorat durante los meses de oto\u00f1o\",\"datePublished\":\"2022-10-04T23:00:00+00:00\",\"mainEntityOfPage\":{\"@id\":\"https:\/\/www.prioratenoturisme.com\/es\/vive-el-priorat-durante-los-meses-de-otono\/\"},\"wordCount\":536,\"commentCount\":0,\"publisher\":{\"@id\":\"https:\/\/www.prioratenoturisme.com\/#organization\"},\"image\":{\"@id\":\"https:\/\/www.prioratenoturisme.com\/es\/vive-el-priorat-durante-los-meses-de-otono\/#primaryimage\"},\"thumbnailUrl\":\"https:\/\/www.prioratenoturisme.com\/wp-content\/uploads\/Celler-Bartolome_molins.jpg\",\"articleSection\":[\"Blog\"],\"inLanguage\":\"es\",\"potentialAction\":[{\"@type\":\"CommentAction\",\"name\":\"Comment\",\"target\":[\"https:\/\/www.prioratenoturisme.com\/es\/vive-el-priorat-durante-los-meses-de-otono\/#respond\"]}]},{\"@type\":\"WebPage\",\"@id\":\"https:\/\/www.prioratenoturisme.com\/es\/vive-el-priorat-durante-los-meses-de-otono\/\",\"url\":\"https:\/\/www.prioratenoturisme.com\/es\/vive-el-priorat-durante-los-meses-de-otono\/\",\"name\":\"Vive el Priorat durante los meses de oto\u00f1o - Priorat Enoturisme\",\"isPartOf\":{\"@id\":\"https:\/\/www.prioratenoturisme.com\/#website\"},\"primaryImageOfPage\":{\"@id\":\"https:\/\/www.prioratenoturisme.com\/es\/vive-el-priorat-durante-los-meses-de-otono\/#primaryimage\"},\"image\":{\"@id\":\"https:\/\/www.prioratenoturisme.com\/es\/vive-el-priorat-durante-los-meses-de-otono\/#primaryimage\"},\"thumbnailUrl\":\"https:\/\/www.prioratenoturisme.com\/wp-content\/uploads\/Celler-Bartolome_molins.jpg\",\"datePublished\":\"2022-10-04T23:00:00+00:00\",\"breadcrumb\":{\"@id\":\"https:\/\/www.prioratenoturisme.com\/es\/vive-el-priorat-durante-los-meses-de-otono\/#breadcrumb\"},\"inLanguage\":\"es\",\"potentialAction\":[{\"@type\":\"ReadAction\",\"target\":[\"https:\/\/www.prioratenoturisme.com\/es\/vive-el-priorat-durante-los-meses-de-otono\/\"]}]},{\"@type\":\"ImageObject\",\"inLanguage\":\"es\",\"@id\":\"https:\/\/www.prioratenoturisme.com\/es\/vive-el-priorat-durante-los-meses-de-otono\/#primaryimage\",\"url\":\"https:\/\/www.prioratenoturisme.com\/wp-content\/uploads\/Celler-Bartolome_molins.jpg\",\"contentUrl\":\"https:\/\/www.prioratenoturisme.com\/wp-content\/uploads\/Celler-Bartolome_molins.jpg\",\"width\":570,\"height\":382},{\"@type\":\"BreadcrumbList\",\"@id\":\"https:\/\/www.prioratenoturisme.com\/es\/vive-el-priorat-durante-los-meses-de-otono\/#breadcrumb\",\"itemListElement\":[{\"@type\":\"ListItem\",\"position\":1,\"name\":\"Portada\",\"item\":\"https:\/\/www.prioratenoturisme.com\/es\/inicio-vive-el-priorat\/\"},{\"@type\":\"ListItem\",\"position\":2,\"name\":\"Vive el Priorat durante los meses de oto\u00f1o\"}]},{\"@type\":\"WebSite\",\"@id\":\"https:\/\/www.prioratenoturisme.com\/#website\",\"url\":\"https:\/\/www.prioratenoturisme.com\/\",\"name\":\"Priorat Enoturisme\",\"description\":\"Viu el Priorat\",\"publisher\":{\"@id\":\"https:\/\/www.prioratenoturisme.com\/#organization\"},\"potentialAction\":[{\"@type\":\"SearchAction\",\"target\":{\"@type\":\"EntryPoint\",\"urlTemplate\":\"https:\/\/www.prioratenoturisme.com\/?s={search_term_string}\"},\"query-input\":{\"@type\":\"PropertyValueSpecification\",\"valueRequired\":true,\"valueName\":\"search_term_string\"}}],\"inLanguage\":\"es\"},{\"@type\":\"Organization\",\"@id\":\"https:\/\/www.prioratenoturisme.com\/#organization\",\"name\":\"Priorat Enoturisme\",\"url\":\"https:\/\/www.prioratenoturisme.com\/\",\"logo\":{\"@type\":\"ImageObject\",\"inLanguage\":\"es\",\"@id\":\"https:\/\/www.prioratenoturisme.com\/#\/schema\/logo\/image\/\",\"url\":\"https:\/\/www.prioratenoturisme.com\/wp-content\/uploads\/2023\/03\/cropped-FAVICON.png\",\"contentUrl\":\"https:\/\/www.prioratenoturisme.com\/wp-content\/uploads\/2023\/03\/cropped-FAVICON.png\",\"width\":512,\"height\":512,\"caption\":\"Priorat Enoturisme\"},\"image\":{\"@id\":\"https:\/\/www.prioratenoturisme.com\/#\/schema\/logo\/image\/\"},\"sameAs\":[\"https:\/\/www.facebook.com\/prioratenoturisme\/\",\"https:\/\/www.instagram.com\/prioratenoturisme\/\"]},{\"@type\":\"Person\",\"@id\":\"https:\/\/www.prioratenoturisme.com\/#\/schema\/person\/cf8b2b46ed7cccfee161b86aa5c2c3eb\",\"name\":\"admin\",\"image\":{\"@type\":\"ImageObject\",\"inLanguage\":\"es\",\"@id\":\"https:\/\/www.prioratenoturisme.com\/#\/schema\/person\/image\/\",\"url\":\"https:\/\/secure.gravatar.com\/avatar\/aa0e2682f59fc8b757b375c7694c3398eb8a415e07a4ef7a4c0424484a51a974?s=96&d=mm&r=g\",\"contentUrl\":\"https:\/\/secure.gravatar.com\/avatar\/aa0e2682f59fc8b757b375c7694c3398eb8a415e07a4ef7a4c0424484a51a974?s=96&d=mm&r=g\",\"caption\":\"admin\"},\"sameAs\":[\"https:\/\/www.prioratenoturisme.com\"],\"url\":\"https:\/\/www.prioratenoturisme.com\/es\/author\/info_7igyc0mu\/\"}]}<\/script>\n<!-- \/ Yoast SEO plugin. -->","yoast_head_json":{"title":"Vive el Priorat durante los meses de oto\u00f1o - Priorat Enoturisme","robots":{"index":"index","follow":"follow","max-snippet":"max-snippet:-1","max-image-preview":"max-image-preview:large","max-video-preview":"max-video-preview:-1"},"canonical":"https:\/\/www.prioratenoturisme.com\/es\/vive-el-priorat-durante-los-meses-de-otono\/","og_locale":"es_ES","og_type":"article","og_title":"Vive el Priorat durante los meses de oto\u00f1o - Priorat Enoturisme","og_description":"\u00a1Ya tenemos aqu\u00ed el oto\u00f1o! \u00bfQui\u00e9n no ten\u00eda ganas de estos d\u00edas m\u00e1s frescos? De salir, pasear, descubrir nuevos rincones&#8230; y, por supuesto, hacer enoturismo. \u00a1Hoy os proponemos algunos planes por la comarca para disfrutar de este momento del a\u00f1o! &nbsp; Visita las bodegas de Priorat Enoturisme Estamos en un momento en que la vendimia [&hellip;]","og_url":"https:\/\/www.prioratenoturisme.com\/es\/vive-el-priorat-durante-los-meses-de-otono\/","og_site_name":"Priorat Enoturisme","article_publisher":"https:\/\/www.facebook.com\/prioratenoturisme\/","article_published_time":"2022-10-04T23:00:00+00:00","og_image":[{"width":570,"height":382,"url":"https:\/\/www.prioratenoturisme.com\/wp-content\/uploads\/Celler-Bartolome_molins.jpg","type":"image\/jpeg"}],"author":"admin","twitter_card":"summary_large_image","twitter_misc":{"Escrito por":"admin","Tiempo de lectura":"3 minutos"},"schema":{"@context":"https:\/\/schema.org","@graph":[{"@type":"Article","@id":"https:\/\/www.prioratenoturisme.com\/es\/vive-el-priorat-durante-los-meses-de-otono\/#article","isPartOf":{"@id":"https:\/\/www.prioratenoturisme.com\/es\/vive-el-priorat-durante-los-meses-de-otono\/"},"author":{"name":"admin","@id":"https:\/\/www.prioratenoturisme.com\/#\/schema\/person\/cf8b2b46ed7cccfee161b86aa5c2c3eb"},"headline":"Vive el Priorat durante los meses de oto\u00f1o","datePublished":"2022-10-04T23:00:00+00:00","mainEntityOfPage":{"@id":"https:\/\/www.prioratenoturisme.com\/es\/vive-el-priorat-durante-los-meses-de-otono\/"},"wordCount":536,"commentCount":0,"publisher":{"@id":"https:\/\/www.prioratenoturisme.com\/#organization"},"image":{"@id":"https:\/\/www.prioratenoturisme.com\/es\/vive-el-priorat-durante-los-meses-de-otono\/#primaryimage"},"thumbnailUrl":"https:\/\/www.prioratenoturisme.com\/wp-content\/uploads\/Celler-Bartolome_molins.jpg","articleSection":["Blog"],"inLanguage":"es","potentialAction":[{"@type":"CommentAction","name":"Comment","target":["https:\/\/www.prioratenoturisme.com\/es\/vive-el-priorat-durante-los-meses-de-otono\/#respond"]}]},{"@type":"WebPage","@id":"https:\/\/www.prioratenoturisme.com\/es\/vive-el-priorat-durante-los-meses-de-otono\/","url":"https:\/\/www.prioratenoturisme.com\/es\/vive-el-priorat-durante-los-meses-de-otono\/","name":"Vive el Priorat durante los meses de oto\u00f1o - Priorat Enoturisme","isPartOf":{"@id":"https:\/\/www.prioratenoturisme.com\/#website"},"primaryImageOfPage":{"@id":"https:\/\/www.prioratenoturisme.com\/es\/vive-el-priorat-durante-los-meses-de-otono\/#primaryimage"},"image":{"@id":"https:\/\/www.prioratenoturisme.com\/es\/vive-el-priorat-durante-los-meses-de-otono\/#primaryimage"},"thumbnailUrl":"https:\/\/www.prioratenoturisme.com\/wp-content\/uploads\/Celler-Bartolome_molins.jpg","datePublished":"2022-10-04T23:00:00+00:00","breadcrumb":{"@id":"https:\/\/www.prioratenoturisme.com\/es\/vive-el-priorat-durante-los-meses-de-otono\/#breadcrumb"},"inLanguage":"es","potentialAction":[{"@type":"ReadAction","target":["https:\/\/www.prioratenoturisme.com\/es\/vive-el-priorat-durante-los-meses-de-otono\/"]}]},{"@type":"ImageObject","inLanguage":"es","@id":"https:\/\/www.prioratenoturisme.com\/es\/vive-el-priorat-durante-los-meses-de-otono\/#primaryimage","url":"https:\/\/www.prioratenoturisme.com\/wp-content\/uploads\/Celler-Bartolome_molins.jpg","contentUrl":"https:\/\/www.prioratenoturisme.com\/wp-content\/uploads\/Celler-Bartolome_molins.jpg","width":570,"height":382},{"@type":"BreadcrumbList","@id":"https:\/\/www.prioratenoturisme.com\/es\/vive-el-priorat-durante-los-meses-de-otono\/#breadcrumb","itemListElement":[{"@type":"ListItem","position":1,"name":"Portada","item":"https:\/\/www.prioratenoturisme.com\/es\/inicio-vive-el-priorat\/"},{"@type":"ListItem","position":2,"name":"Vive el Priorat durante los meses de oto\u00f1o"}]},{"@type":"WebSite","@id":"https:\/\/www.prioratenoturisme.com\/#website","url":"https:\/\/www.prioratenoturisme.com\/","name":"Priorat Enoturisme","description":"Viu el Priorat","publisher":{"@id":"https:\/\/www.prioratenoturisme.com\/#organization"},"potentialAction":[{"@type":"SearchAction","target":{"@type":"EntryPoint","urlTemplate":"https:\/\/www.prioratenoturisme.com\/?s={search_term_string}"},"query-input":{"@type":"PropertyValueSpecification","valueRequired":true,"valueName":"search_term_string"}}],"inLanguage":"es"},{"@type":"Organization","@id":"https:\/\/www.prioratenoturisme.com\/#organization","name":"Priorat Enoturisme","url":"https:\/\/www.prioratenoturisme.com\/","logo":{"@type":"ImageObject","inLanguage":"es","@id":"https:\/\/www.prioratenoturisme.com\/#\/schema\/logo\/image\/","url":"https:\/\/www.prioratenoturisme.com\/wp-content\/uploads\/2023\/03\/cropped-FAVICON.png","contentUrl":"https:\/\/www.prioratenoturisme.com\/wp-content\/uploads\/2023\/03\/cropped-FAVICON.png","width":512,"height":512,"caption":"Priorat Enoturisme"},"image":{"@id":"https:\/\/www.prioratenoturisme.com\/#\/schema\/logo\/image\/"},"sameAs":["https:\/\/www.facebook.com\/prioratenoturisme\/","https:\/\/www.instagram.com\/prioratenoturisme\/"]},{"@type":"Person","@id":"https:\/\/www.prioratenoturisme.com\/#\/schema\/person\/cf8b2b46ed7cccfee161b86aa5c2c3eb","name":"admin","image":{"@type":"ImageObject","inLanguage":"es","@id":"https:\/\/www.prioratenoturisme.com\/#\/schema\/person\/image\/","url":"https:\/\/secure.gravatar.com\/avatar\/aa0e2682f59fc8b757b375c7694c3398eb8a415e07a4ef7a4c0424484a51a974?s=96&d=mm&r=g","contentUrl":"https:\/\/secure.gravatar.com\/avatar\/aa0e2682f59fc8b757b375c7694c3398eb8a415e07a4ef7a4c0424484a51a974?s=96&d=mm&r=g","caption":"admin"},"sameAs":["https:\/\/www.prioratenoturisme.com"],"url":"https:\/\/www.prioratenoturisme.com\/es\/author\/info_7igyc0mu\/"}]}},"_links":{"self":[{"href":"https:\/\/www.prioratenoturisme.com\/es\/wp-json\/wp\/v2\/posts\/25408","targetHints":{"allow":["GET"]}}],"collection":[{"href":"https:\/\/www.prioratenoturisme.com\/es\/wp-json\/wp\/v2\/posts"}],"about":[{"href":"https:\/\/www.prioratenoturisme.com\/es\/wp-json\/wp\/v2\/types\/post"}],"author":[{"embeddable":true,"href":"https:\/\/www.prioratenoturisme.com\/es\/wp-json\/wp\/v2\/users\/1"}],"replies":[{"embeddable":true,"href":"https:\/\/www.prioratenoturisme.com\/es\/wp-json\/wp\/v2\/comments?post=25408"}],"version-history":[{"count":0,"href":"https:\/\/www.prioratenoturisme.com\/es\/wp-json\/wp\/v2\/posts\/25408\/revisions"}],"wp:featuredmedia":[{"embeddable":true,"href":"https:\/\/www.prioratenoturisme.com\/es\/wp-json\/wp\/v2\/media\/25179"}],"wp:attachment":[{"href":"https:\/\/www.prioratenoturisme.com\/es\/wp-json\/wp\/v2\/media?parent=25408"}],"wp:term":[{"taxonomy":"category","embeddable":true,"href":"https:\/\/www.prioratenoturisme.com\/es\/wp-json\/wp\/v2\/categories?post=25408"},{"taxonomy":"post_tag","embeddable":true,"href":"https:\/\/www.prioratenoturisme.com\/es\/wp-json\/wp\/v2\/tags?post=25408"}],"curies":[{"name":"wp","href":"https:\/\/api.w.org\/{rel}","templated":true}]}}