{"id":29849,"date":"2023-10-18T08:36:01","date_gmt":"2023-10-18T07:36:01","guid":{"rendered":"https:\/\/www.prioratenoturisme.com\/seguimos-con-las-formaciones\/"},"modified":"2023-10-18T09:04:26","modified_gmt":"2023-10-18T08:04:26","slug":"seguimos-con-las-formaciones","status":"publish","type":"post","link":"https:\/\/www.prioratenoturisme.com\/es\/seguimos-con-las-formaciones\/","title":{"rendered":"Seguimos con las formaciones"},"content":{"rendered":"<p>[et_pb_section fb_built=\u00bb1&#8243; _builder_version=\u00bb4.20.4&#8243; _module_preset=\u00bbdefault\u00bb global_colors_info=\u00bb{}\u00bb theme_builder_area=\u00bbpost_content\u00bb][et_pb_row _builder_version=\u00bb4.20.4&#8243; _module_preset=\u00bbdefault\u00bb hover_enabled=\u00bb0&#8243; global_colors_info=\u00bb{}\u00bb theme_builder_area=\u00bbpost_content\u00bb admin_label=\u00bbRow\u00bb sticky_enabled=\u00bb0&#8243;][et_pb_column type=\u00bb4_4&#8243; _builder_version=\u00bb4.20.4&#8243; _module_preset=\u00bbdefault\u00bb global_colors_info=\u00bb{}\u00bb theme_builder_area=\u00bbpost_content\u00bb][et_pb_testimonial quote_icon_color=\u00bb#FFFFFF\u00bb quote_icon_background_color=\u00bb#7E8032&#8243; admin_label=\u00bbTestimonial\u00bb _builder_version=\u00bb4.20.4&#8243; _module_preset=\u00bbdefault\u00bb hover_enabled=\u00bb0&#8243; border_width_all=\u00bb2px\u00bb border_color_all=\u00bb#909C2D\u00bb global_colors_info=\u00bb{}\u00bb theme_builder_area=\u00bbpost_content\u00bb sticky_enabled=\u00bb0&#8243;]<\/p>\n<p style=\"text-align: center;\"><strong><i><span style=\"color: #000000;\">La formaci\u00f3n nos ayuda a estar al d\u00eda y ofrecer a nuestros visitantes un servicio de calidad.<\/span><\/i><\/strong><\/p>\n<p style=\"text-align: center;\">[\/et_pb_testimonial][\/et_pb_column][\/et_pb_row][et_pb_row _builder_version=\u00bb4.20.4&#8243; _module_preset=\u00bbdefault\u00bb global_colors_info=\u00bb{}\u00bb theme_builder_area=\u00bbpost_content\u00bb][et_pb_column type=\u00bb4_4&#8243; _builder_version=\u00bb4.20.4&#8243; _module_preset=\u00bbdefault\u00bb global_colors_info=\u00bb{}\u00bb theme_builder_area=\u00bbpost_content\u00bb][et_pb_text _builder_version=\u00bb4.20.4&#8243; _module_preset=\u00bbdefault\u00bb hover_enabled=\u00bb0&#8243; global_colors_info=\u00bb{}\u00bb theme_builder_area=\u00bbpost_content\u00bb sticky_enabled=\u00bb0&#8243;]<\/p>\n<h4>CURSO COMUNICAR CON \u00c9XITO ENOTURISMO Y VINOS EN LAS REDES SOCIALES<\/h4>\n<p>[\/et_pb_text][\/et_pb_column][\/et_pb_row][et_pb_row column_structure=\u00bb1_2,1_2&#8243; _builder_version=\u00bb4.20.4&#8243; _module_preset=\u00bbdefault\u00bb global_colors_info=\u00bb{}\u00bb theme_builder_area=\u00bbpost_content\u00bb][et_pb_column type=\u00bb1_2&#8243; _builder_version=\u00bb4.20.4&#8243; _module_preset=\u00bbdefault\u00bb global_colors_info=\u00bb{}\u00bb theme_builder_area=\u00bbpost_content\u00bb][et_pb_text admin_label=\u00bbText\u00bb _builder_version=\u00bb4.20.4&#8243; _module_preset=\u00bbdefault\u00bb hover_enabled=\u00bb0&#8243; global_colors_info=\u00bb{}\u00bb theme_builder_area=\u00bbpost_content\u00bb link_option_url=\u00bbhttps:\/\/escolaenoturisme.vilafranca.cat\/edicio-priorat-comunicar-amb-exit-enoturisme-i-vins-xarxes-socials\u00bb sticky_enabled=\u00bb0&#8243;]<\/p>\n<div>\n<div>\n<div>\n<div>\n<div>\n<p><strong><span style=\"color: #000000;\"><a style=\"color: #000000;\" href=\"https:\/\/escolaenoturisme.vilafranca.cat\/edicio-priorat-comunicar-amb-exit-enoturisme-i-vins-xarxes-socials#index\" name=\"index-1447\">Descripci\u00f3n y contenidos<\/a><\/span><\/strong><\/p>\n<p>&nbsp;<\/p>\n<\/div>\n<\/div>\n<\/div>\n<\/div>\n<\/div>\n<div>\n<div>\n<div>\n<div>\n<div>\n<p>La Escuela de Enoturismo de Catalu\u00f1a junto con Priorat Enoturismo presentan el curso sobre c\u00f3mo comunicar con \u00e9xito el enoturismo y vinos en las redes sociales. Esta formaci\u00f3n nace con el objetivo de proporcionar las herramientas necesarias para introducir las nuevas formas de comunicaci\u00f3n y las redes sociales del \u00e1mbito tur\u00edstico y enotur\u00edstico, para todos aquellos que quieran adquirir m\u00e1s competencias profesionales con el objetivo de convertirla en una fuente de negocios.<\/p>\n<p>El contenido: c\u00f3mo comunicar en una empresa tur\u00edstica y enotur\u00edstica, las diferentes redes sociales y el impacto de Instagram como la red social m\u00e1s utilizada para comunicar el enoturismo y el vino. El curso concluir\u00e1 con la creaci\u00f3n de una campa\u00f1a para alcanzar el objetivo propuesto.<\/p>\n<p><strong><span style=\"color: #000000;\"><a style=\"color: #000000;\" href=\"https:\/\/escolaenoturisme.vilafranca.cat\/contingut-curs-comunicar-amb-exit-enoturisme-i-vins-xxss\" target=\"_blank\" rel=\"noopener\">Detalle del contenido de las sesiones<\/a><\/span><\/strong><\/p>\n<p>En este curso se har\u00e1 recorrido de la comunicaci\u00f3n a la comercializaci\u00f3n, focalizando una de las herramientas fundamentales y m\u00e1s demandas con una visi\u00f3n profesional para la comercializaci\u00f3n que se presentan en el<span style=\"color: #000000;\"> <\/span><a href=\"https:\/\/escolaenoturisme.vilafranca.cat\/contingut-curs-comercialitzacio-de-producte-turistic\" target=\"_blank\" rel=\"noopener\"><span style=\"color: #000000;\">temar<\/span>y<\/a> de la presente convocatoria.<\/p>\n<p>FORMACI\u00d3N 100% SUBVENCIONADA POR EL CONSORCIO DE LA FORMACI\u00d3N CONTINUA DE CATALU\u00d1A<\/p>\n<p>&nbsp;<\/p>\n<\/div>\n<\/div>\n<\/div>\n<\/div>\n<\/div>\n<div>\n<div>\n<div>\n<div>\n<div>\n<p>CALENDARIO Y HORARIO<br \/>20, 21, 27 y 28 de noviembre en horario de 9 a 14h.<\/p>\n<p>LUGAR DE IMPARTICI\u00d3N<br \/>Celler de Seg\u00fas (Calle de Solivella, 9, 43776 Solivella).<\/p>\n<\/div>\n<\/div>\n<\/div>\n<\/div>\n<\/div>\n<div>\n<div>\n<div>\n<div>\n<div>\n<h6><a href=\"https:\/\/escolaenoturisme.vilafranca.cat\/edicio-priorat-comunicar-amb-exit-enoturisme-i-vins-xarxes-socials#index\" name=\"index-1449\">Destinatarios y requisitos<\/a><\/h6>\n<p>Dirigido a aquellas personas que sean trabajadoras en activo, aut\u00f3nomas o en situaci\u00f3n de ERTE o ERE y un 30% reservado para personas desempleadas. Tendr\u00e1n preferencia las empresas miembros de Priorat Enoturisme.<\/p>\n<p>No pueden participar aquellas personas con contrato de la Administraci\u00f3n P\u00fablica.<\/p>\n<\/div>\n<p>&nbsp;<\/p>\n<\/div>\n<\/div>\n<\/div>\n<\/div>\n<div class=\"field-item odd\">\n<div class=\"ds-1col entity entity-paragraphs-item paragraphs-item-paragraph-index view-mode-full clearfix\">\n<div class=\"field field-name-index field-type-ds field-label-hidden\">\n<div class=\"field-items\">\n<div class=\"field-item even\">\n<h6><strong><a href=\"https:\/\/escolaenoturisme.vilafranca.cat\/edicio-priorat-comunicar-amb-exit-enoturisme-i-vins-xarxes-socials#index\" name=\"index-1450\"><\/a><\/strong><\/h6>\n<p>&nbsp;<\/p>\n<\/div>\n<\/div>\n<\/div>\n<\/div>\n<\/div>\n<p>[\/et_pb_text][\/et_pb_column][et_pb_column type=\u00bb1_2&#8243; _builder_version=\u00bb4.20.4&#8243; _module_preset=\u00bbdefault\u00bb global_colors_info=\u00bb{}\u00bb theme_builder_area=\u00bbpost_content\u00bb][et_pb_text _builder_version=\u00bb4.20.4&#8243; _module_preset=\u00bbdefault\u00bb custom_margin=\u00bb|||0px|false|false\u00bb hover_enabled=\u00bb0&#8243; border_color_all=\u00bb#7E8032&#8243; global_colors_info=\u00bb{}\u00bb theme_builder_area=\u00bbpost_content\u00bb sticky_enabled=\u00bb0&#8243;]<\/p>\n<p><img loading=\"lazy\" decoding=\"async\" class=\"wp-image-29828 aligncenter size-full\" src=\"https:\/\/www.prioratenoturisme.com\/wp-content\/uploads\/EE-enoturisme-i-xxss-Publicacio-dInstagram-Quadrat-1.png\" alt=\"\" width=\"1080\" height=\"1080\" srcset=\"https:\/\/www.prioratenoturisme.com\/wp-content\/uploads\/EE-enoturisme-i-xxss-Publicacio-dInstagram-Quadrat-1.png 1080w, https:\/\/www.prioratenoturisme.com\/wp-content\/uploads\/EE-enoturisme-i-xxss-Publicacio-dInstagram-Quadrat-1-980x980.png 980w, https:\/\/www.prioratenoturisme.com\/wp-content\/uploads\/EE-enoturisme-i-xxss-Publicacio-dInstagram-Quadrat-1-480x480.png 480w\" sizes=\"(min-width: 0px) and (max-width: 480px) 480px, (min-width: 481px) and (max-width: 980px) 980px, (min-width: 981px) 1080px, 100vw\" \/><\/p>\n<p>&nbsp;<\/p>\n<p>&nbsp;<\/p>\n<p>&nbsp;<\/p>\n<p>&nbsp;<\/p>\n<p>&nbsp;<\/p>\n<p>[\/et_pb_text][\/et_pb_column][\/et_pb_row][et_pb_row _builder_version=\u00bb4.20.4&#8243; _module_preset=\u00bbdefault\u00bb global_colors_info=\u00bb{}\u00bb theme_builder_area=\u00bbpost_content\u00bb][et_pb_column type=\u00bb4_4&#8243; _builder_version=\u00bb4.20.4&#8243; _module_preset=\u00bbdefault\u00bb global_colors_info=\u00bb{}\u00bb theme_builder_area=\u00bbpost_content\u00bb][et_pb_text _builder_version=\u00bb4.20.4&#8243; _module_preset=\u00bbdefault\u00bb global_colors_info=\u00bb{}\u00bb theme_builder_area=\u00bbpost_content\u00bb]<\/p>\n<hr>\n<p class=\"p1\">[\/et_pb_text][\/et_pb_column][\/et_pb_row][et_pb_row column_structure=\u00bb1_2,1_2&#8243; _builder_version=\u00bb4.20.4&#8243; _module_preset=\u00bbdefault\u00bb global_colors_info=\u00bb{}\u00bb theme_builder_area=\u00bbpost_content\u00bb][et_pb_column type=\u00bb1_2&#8243; _builder_version=\u00bb4.20.4&#8243; _module_preset=\u00bbdefault\u00bb global_colors_info=\u00bb{}\u00bb theme_builder_area=\u00bbpost_content\u00bb][et_pb_text admin_label=\u00bbText\u00bb _builder_version=\u00bb4.20.4&#8243; _module_preset=\u00bbdefault\u00bb hover_enabled=\u00bb0&#8243; global_colors_info=\u00bb{}\u00bb theme_builder_area=\u00bbpost_content\u00bb link_option_url=\u00bbhttps:\/\/escolaenoturisme.vilafranca.cat\/edicio-priorat-comunicar-amb-exit-enoturisme-i-vins-xarxes-socials\u00bb sticky_enabled=\u00bb0&#8243;]<\/p>\n<div>\n<div>\n<div>\n<div>\n<div>\n<p><strong><span style=\"color: #000000;\"><a style=\"color: #000000;\" href=\"https:\/\/escolaenoturisme.vilafranca.cat\/edicio-priorat-comunicar-amb-exit-enoturisme-i-vins-xarxes-socials#index\" name=\"index-1447\"><\/a><\/span><\/strong><\/p>\n<\/div>\n<\/div>\n<\/div>\n<\/div>\n<\/div>\n<h6><strong><a href=\"https:\/\/escolaenoturisme.vilafranca.cat\/edicio-priorat-comunicar-amb-exit-enoturisme-i-vins-xarxes-socials#index\" name=\"index-1450\">Docente<\/a><\/strong><\/h6>\n<p>David Job\u00e9 Bosch. Licenciado en Periodismo por la Universidad Aut\u00f3noma de Barcelona. Especialista en vinos y enoturismo, es cofundador del portal <a href=\"https:\/\/enoturista.cat\/\" target=\"_blank\" rel=\"noopener\">https:\/\/enoturista.cat<\/a> y coautor del ENODATA de las bodegas catalanas en las Redes Sociales, en colaboraci\u00f3n con el INCAVI. Consultor en comunicaci\u00f3n de enoturismo en m\u00e1s de un centenar de bodegas de Catalu\u00f1a.<\/p>\n<p>Ha trabajado para la Generalidad, Turismo de Barcelona, Diputaci\u00f3n de Barcelona, Girona, Lleida y Tarragona y por la mayor\u00eda de DO catalanas. Copresentador de El podcast del enoturista. Experiencia profesional en RAC1, Catalunya R\u00e0dio y Cadena SER durante m\u00e1s de 20 a\u00f1os.<\/p>\n<p>&nbsp;<\/p>\n<p>[\/et_pb_text][et_pb_social_media_follow _builder_version=\u00bb4.20.4&#8243; _module_preset=\u00bbdefault\u00bb theme_builder_area=\u00bbpost_content\u00bb hover_enabled=\u00bb0&#8243; sticky_enabled=\u00bb0&#8243;][et_pb_social_media_follow_network _builder_version=\u00bb4.20.4&#8243; _module_preset=\u00bbdefault\u00bb theme_builder_area=\u00bbpost_content\u00bb follow_button=\u00bboff\u00bb url_new_window=\u00bbon\u00bb social_network=\u00bbinstagram\u00bb background_color=\u00bb#ea2c59&#8243; url=\u00bbhttps:\/\/www.instagram.com\/enoturista\/\u00bb hover_enabled=\u00bb0&#8243; sticky_enabled=\u00bb0&#8243;]instagram[\/et_pb_social_media_follow_network][et_pb_social_media_follow_network _builder_version=\u00bb4.20.4&#8243; _module_preset=\u00bbdefault\u00bb theme_builder_area=\u00bbpost_content\u00bb follow_button=\u00bboff\u00bb url_new_window=\u00bbon\u00bb social_network=\u00bblinkedin\u00bb background_color=\u00bb#007bb6&#8243; url=\u00bbhttps:\/\/es.linkedin.com\/in\/enoturista\u00bb hover_enabled=\u00bb0&#8243; sticky_enabled=\u00bb0&#8243;]linkedin[\/et_pb_social_media_follow_network][\/et_pb_social_media_follow][\/et_pb_column][et_pb_column type=\u00bb1_2&#8243; _builder_version=\u00bb4.20.4&#8243; _module_preset=\u00bbdefault\u00bb global_colors_info=\u00bb{}\u00bb theme_builder_area=\u00bbpost_content\u00bb][et_pb_text _builder_version=\u00bb4.20.4&#8243; _module_preset=\u00bbdefault\u00bb custom_margin=\u00bb|||0px|false|false\u00bb hover_enabled=\u00bb0&#8243; border_color_all=\u00bb#7E8032&#8243; global_colors_info=\u00bb{}\u00bb theme_builder_area=\u00bbpost_content\u00bb sticky_enabled=\u00bb0&#8243;]<\/p>\n<p><img decoding=\"async\" src=\"https:\/\/escolaenoturisme.vilafranca.cat\/sites\/default\/files\/fotos_mailchimp_5.png\" alt=\"\"><\/p>\n<p>[\/et_pb_text][\/et_pb_column][\/et_pb_row][et_pb_row _builder_version=\u00bb4.20.4&#8243; _module_preset=\u00bbdefault\u00bb global_colors_info=\u00bb{}\u00bb theme_builder_area=\u00bbpost_content\u00bb][et_pb_column type=\u00bb4_4&#8243; _builder_version=\u00bb4.20.4&#8243; _module_preset=\u00bbdefault\u00bb global_colors_info=\u00bb{}\u00bb theme_builder_area=\u00bbpost_content\u00bb][et_pb_text _builder_version=\u00bb4.20.4&#8243; _module_preset=\u00bbdefault\u00bb global_colors_info=\u00bb{}\u00bb theme_builder_area=\u00bbpost_content\u00bb]<\/p>\n<hr>\n<p class=\"p1\">[\/et_pb_text][\/et_pb_column][\/et_pb_row][\/et_pb_section]<\/p>\n","protected":false},"excerpt":{"rendered":"<p>La formaci\u00f3n nos ayuda a estar al d\u00eda y ofrecer a nuestros visitantes un servicio de calidad. CURSO COMUNICAR CON \u00c9XITO ENOTURISMO Y VINOS EN LAS REDES SOCIALES Descripci\u00f3n y contenidos &nbsp; La Escuela de Enoturismo de Catalu\u00f1a junto con Priorat Enoturismo presentan el curso sobre c\u00f3mo comunicar con \u00e9xito el enoturismo y vinos en [&hellip;]<\/p>\n","protected":false},"author":2,"featured_media":29921,"comment_status":"open","ping_status":"open","sticky":false,"template":"","format":"standard","meta":{"_acf_changed":false,"_et_pb_use_builder":"on","_et_pb_old_content":"","_et_gb_content_width":"","footnotes":""},"categories":[24,297],"tags":[],"class_list":["post-29849","post","type-post","status-publish","format-standard","has-post-thumbnail","hentry","category-bloc","category-blog-es"],"acf":[],"yoast_head":"<!-- This site is optimized with the Yoast SEO plugin v25.6 - https:\/\/yoast.com\/wordpress\/plugins\/seo\/ -->\n<title>Seguimos con las formaciones - Priorat Enoturisme<\/title>\n<meta name=\"robots\" content=\"index, follow, max-snippet:-1, max-image-preview:large, max-video-preview:-1\" \/>\n<link rel=\"canonical\" href=\"https:\/\/www.prioratenoturisme.com\/seguim-amb-les-formacions\/\" \/>\n<meta property=\"og:locale\" content=\"es_ES\" \/>\n<meta property=\"og:type\" content=\"article\" \/>\n<meta property=\"og:title\" content=\"Seguimos con las formaciones - Priorat Enoturisme\" \/>\n<meta property=\"og:description\" content=\"La formaci\u00f3n nos ayuda a estar al d\u00eda y ofrecer a nuestros visitantes un servicio de calidad. CURSO COMUNICAR CON \u00c9XITO ENOTURISMO Y VINOS EN LAS REDES SOCIALES Descripci\u00f3n y contenidos &nbsp; La Escuela de Enoturismo de Catalu\u00f1a junto con Priorat Enoturismo presentan el curso sobre c\u00f3mo comunicar con \u00e9xito el enoturismo y vinos en [&hellip;]\" \/>\n<meta property=\"og:url\" content=\"https:\/\/www.prioratenoturisme.com\/seguim-amb-les-formacions\/\" \/>\n<meta property=\"og:site_name\" content=\"Priorat Enoturisme\" \/>\n<meta property=\"article:publisher\" content=\"https:\/\/www.facebook.com\/prioratenoturisme\/\" \/>\n<meta property=\"article:published_time\" content=\"2023-10-18T07:36:01+00:00\" \/>\n<meta property=\"article:modified_time\" content=\"2023-10-18T08:04:26+00:00\" \/>\n<meta property=\"og:image\" content=\"https:\/\/www.prioratenoturisme.com\/wp-content\/uploads\/Diseno-sin-titulo-6.png\" \/>\n\t<meta property=\"og:image:width\" content=\"1200\" \/>\n\t<meta property=\"og:image:height\" content=\"800\" \/>\n\t<meta property=\"og:image:type\" content=\"image\/png\" \/>\n<meta name=\"author\" content=\"Priorat Enoturisme\" \/>\n<meta name=\"twitter:card\" content=\"summary_large_image\" \/>\n<meta name=\"twitter:label1\" content=\"Escrito por\" \/>\n\t<meta name=\"twitter:data1\" content=\"Priorat Enoturisme\" \/>\n\t<meta name=\"twitter:label2\" content=\"Tiempo de lectura\" \/>\n\t<meta name=\"twitter:data2\" content=\"5 minutos\" \/>\n<script type=\"application\/ld+json\" class=\"yoast-schema-graph\">{\"@context\":\"https:\/\/schema.org\",\"@graph\":[{\"@type\":\"Article\",\"@id\":\"https:\/\/www.prioratenoturisme.com\/seguim-amb-les-formacions\/#article\",\"isPartOf\":{\"@id\":\"https:\/\/www.prioratenoturisme.com\/seguim-amb-les-formacions\/\"},\"author\":{\"name\":\"Priorat Enoturisme\",\"@id\":\"https:\/\/www.prioratenoturisme.com\/#\/schema\/person\/21cb071ed0505ebc2f5e911eca6dccf7\"},\"headline\":\"Seguimos con las formaciones\",\"datePublished\":\"2023-10-18T07:36:01+00:00\",\"dateModified\":\"2023-10-18T08:04:26+00:00\",\"mainEntityOfPage\":{\"@id\":\"https:\/\/www.prioratenoturisme.com\/seguim-amb-les-formacions\/\"},\"wordCount\":1082,\"commentCount\":0,\"publisher\":{\"@id\":\"https:\/\/www.prioratenoturisme.com\/#organization\"},\"image\":{\"@id\":\"https:\/\/www.prioratenoturisme.com\/seguim-amb-les-formacions\/#primaryimage\"},\"thumbnailUrl\":\"https:\/\/www.prioratenoturisme.com\/wp-content\/uploads\/Diseno-sin-titulo-6.png\",\"articleSection\":[\"Bloc\",\"Blog\"],\"inLanguage\":\"es\",\"potentialAction\":[{\"@type\":\"CommentAction\",\"name\":\"Comment\",\"target\":[\"https:\/\/www.prioratenoturisme.com\/seguim-amb-les-formacions\/#respond\"]}]},{\"@type\":\"WebPage\",\"@id\":\"https:\/\/www.prioratenoturisme.com\/seguim-amb-les-formacions\/\",\"url\":\"https:\/\/www.prioratenoturisme.com\/seguim-amb-les-formacions\/\",\"name\":\"Seguimos con las formaciones - Priorat Enoturisme\",\"isPartOf\":{\"@id\":\"https:\/\/www.prioratenoturisme.com\/#website\"},\"primaryImageOfPage\":{\"@id\":\"https:\/\/www.prioratenoturisme.com\/seguim-amb-les-formacions\/#primaryimage\"},\"image\":{\"@id\":\"https:\/\/www.prioratenoturisme.com\/seguim-amb-les-formacions\/#primaryimage\"},\"thumbnailUrl\":\"https:\/\/www.prioratenoturisme.com\/wp-content\/uploads\/Diseno-sin-titulo-6.png\",\"datePublished\":\"2023-10-18T07:36:01+00:00\",\"dateModified\":\"2023-10-18T08:04:26+00:00\",\"breadcrumb\":{\"@id\":\"https:\/\/www.prioratenoturisme.com\/seguim-amb-les-formacions\/#breadcrumb\"},\"inLanguage\":\"es\",\"potentialAction\":[{\"@type\":\"ReadAction\",\"target\":[\"https:\/\/www.prioratenoturisme.com\/seguim-amb-les-formacions\/\"]}]},{\"@type\":\"ImageObject\",\"inLanguage\":\"es\",\"@id\":\"https:\/\/www.prioratenoturisme.com\/seguim-amb-les-formacions\/#primaryimage\",\"url\":\"https:\/\/www.prioratenoturisme.com\/wp-content\/uploads\/Diseno-sin-titulo-6.png\",\"contentUrl\":\"https:\/\/www.prioratenoturisme.com\/wp-content\/uploads\/Diseno-sin-titulo-6.png\",\"width\":1200,\"height\":800},{\"@type\":\"BreadcrumbList\",\"@id\":\"https:\/\/www.prioratenoturisme.com\/seguim-amb-les-formacions\/#breadcrumb\",\"itemListElement\":[{\"@type\":\"ListItem\",\"position\":1,\"name\":\"Portada\",\"item\":\"https:\/\/www.prioratenoturisme.com\/es\/inicio-vive-el-priorat\/\"},{\"@type\":\"ListItem\",\"position\":2,\"name\":\"Seguimos con las formaciones\"}]},{\"@type\":\"WebSite\",\"@id\":\"https:\/\/www.prioratenoturisme.com\/#website\",\"url\":\"https:\/\/www.prioratenoturisme.com\/\",\"name\":\"Priorat Enoturisme\",\"description\":\"Viu el Priorat\",\"publisher\":{\"@id\":\"https:\/\/www.prioratenoturisme.com\/#organization\"},\"potentialAction\":[{\"@type\":\"SearchAction\",\"target\":{\"@type\":\"EntryPoint\",\"urlTemplate\":\"https:\/\/www.prioratenoturisme.com\/?s={search_term_string}\"},\"query-input\":{\"@type\":\"PropertyValueSpecification\",\"valueRequired\":true,\"valueName\":\"search_term_string\"}}],\"inLanguage\":\"es\"},{\"@type\":\"Organization\",\"@id\":\"https:\/\/www.prioratenoturisme.com\/#organization\",\"name\":\"Priorat Enoturisme\",\"url\":\"https:\/\/www.prioratenoturisme.com\/\",\"logo\":{\"@type\":\"ImageObject\",\"inLanguage\":\"es\",\"@id\":\"https:\/\/www.prioratenoturisme.com\/#\/schema\/logo\/image\/\",\"url\":\"https:\/\/www.prioratenoturisme.com\/wp-content\/uploads\/2023\/03\/cropped-FAVICON.png\",\"contentUrl\":\"https:\/\/www.prioratenoturisme.com\/wp-content\/uploads\/2023\/03\/cropped-FAVICON.png\",\"width\":512,\"height\":512,\"caption\":\"Priorat Enoturisme\"},\"image\":{\"@id\":\"https:\/\/www.prioratenoturisme.com\/#\/schema\/logo\/image\/\"},\"sameAs\":[\"https:\/\/www.facebook.com\/prioratenoturisme\/\",\"https:\/\/www.instagram.com\/prioratenoturisme\/\"]},{\"@type\":\"Person\",\"@id\":\"https:\/\/www.prioratenoturisme.com\/#\/schema\/person\/21cb071ed0505ebc2f5e911eca6dccf7\",\"name\":\"Priorat Enoturisme\",\"image\":{\"@type\":\"ImageObject\",\"inLanguage\":\"es\",\"@id\":\"https:\/\/www.prioratenoturisme.com\/#\/schema\/person\/image\/\",\"url\":\"https:\/\/secure.gravatar.com\/avatar\/18e124132141ce8f3b812fb2b92f98d9180a5b7a1f465cb453ca291f504ea831?s=96&d=mm&r=g\",\"contentUrl\":\"https:\/\/secure.gravatar.com\/avatar\/18e124132141ce8f3b812fb2b92f98d9180a5b7a1f465cb453ca291f504ea831?s=96&d=mm&r=g\",\"caption\":\"Priorat Enoturisme\"},\"url\":\"https:\/\/www.prioratenoturisme.com\/es\/author\/prioratenoturisme_gestio\/\"}]}<\/script>\n<!-- \/ Yoast SEO plugin. -->","yoast_head_json":{"title":"Seguimos con las formaciones - Priorat Enoturisme","robots":{"index":"index","follow":"follow","max-snippet":"max-snippet:-1","max-image-preview":"max-image-preview:large","max-video-preview":"max-video-preview:-1"},"canonical":"https:\/\/www.prioratenoturisme.com\/seguim-amb-les-formacions\/","og_locale":"es_ES","og_type":"article","og_title":"Seguimos con las formaciones - Priorat Enoturisme","og_description":"La formaci\u00f3n nos ayuda a estar al d\u00eda y ofrecer a nuestros visitantes un servicio de calidad. CURSO COMUNICAR CON \u00c9XITO ENOTURISMO Y VINOS EN LAS REDES SOCIALES Descripci\u00f3n y contenidos &nbsp; La Escuela de Enoturismo de Catalu\u00f1a junto con Priorat Enoturismo presentan el curso sobre c\u00f3mo comunicar con \u00e9xito el enoturismo y vinos en [&hellip;]","og_url":"https:\/\/www.prioratenoturisme.com\/seguim-amb-les-formacions\/","og_site_name":"Priorat Enoturisme","article_publisher":"https:\/\/www.facebook.com\/prioratenoturisme\/","article_published_time":"2023-10-18T07:36:01+00:00","article_modified_time":"2023-10-18T08:04:26+00:00","og_image":[{"width":1200,"height":800,"url":"https:\/\/www.prioratenoturisme.com\/wp-content\/uploads\/Diseno-sin-titulo-6.png","type":"image\/png"}],"author":"Priorat Enoturisme","twitter_card":"summary_large_image","twitter_misc":{"Escrito por":"Priorat Enoturisme","Tiempo de lectura":"5 minutos"},"schema":{"@context":"https:\/\/schema.org","@graph":[{"@type":"Article","@id":"https:\/\/www.prioratenoturisme.com\/seguim-amb-les-formacions\/#article","isPartOf":{"@id":"https:\/\/www.prioratenoturisme.com\/seguim-amb-les-formacions\/"},"author":{"name":"Priorat Enoturisme","@id":"https:\/\/www.prioratenoturisme.com\/#\/schema\/person\/21cb071ed0505ebc2f5e911eca6dccf7"},"headline":"Seguimos con las formaciones","datePublished":"2023-10-18T07:36:01+00:00","dateModified":"2023-10-18T08:04:26+00:00","mainEntityOfPage":{"@id":"https:\/\/www.prioratenoturisme.com\/seguim-amb-les-formacions\/"},"wordCount":1082,"commentCount":0,"publisher":{"@id":"https:\/\/www.prioratenoturisme.com\/#organization"},"image":{"@id":"https:\/\/www.prioratenoturisme.com\/seguim-amb-les-formacions\/#primaryimage"},"thumbnailUrl":"https:\/\/www.prioratenoturisme.com\/wp-content\/uploads\/Diseno-sin-titulo-6.png","articleSection":["Bloc","Blog"],"inLanguage":"es","potentialAction":[{"@type":"CommentAction","name":"Comment","target":["https:\/\/www.prioratenoturisme.com\/seguim-amb-les-formacions\/#respond"]}]},{"@type":"WebPage","@id":"https:\/\/www.prioratenoturisme.com\/seguim-amb-les-formacions\/","url":"https:\/\/www.prioratenoturisme.com\/seguim-amb-les-formacions\/","name":"Seguimos con las formaciones - Priorat Enoturisme","isPartOf":{"@id":"https:\/\/www.prioratenoturisme.com\/#website"},"primaryImageOfPage":{"@id":"https:\/\/www.prioratenoturisme.com\/seguim-amb-les-formacions\/#primaryimage"},"image":{"@id":"https:\/\/www.prioratenoturisme.com\/seguim-amb-les-formacions\/#primaryimage"},"thumbnailUrl":"https:\/\/www.prioratenoturisme.com\/wp-content\/uploads\/Diseno-sin-titulo-6.png","datePublished":"2023-10-18T07:36:01+00:00","dateModified":"2023-10-18T08:04:26+00:00","breadcrumb":{"@id":"https:\/\/www.prioratenoturisme.com\/seguim-amb-les-formacions\/#breadcrumb"},"inLanguage":"es","potentialAction":[{"@type":"ReadAction","target":["https:\/\/www.prioratenoturisme.com\/seguim-amb-les-formacions\/"]}]},{"@type":"ImageObject","inLanguage":"es","@id":"https:\/\/www.prioratenoturisme.com\/seguim-amb-les-formacions\/#primaryimage","url":"https:\/\/www.prioratenoturisme.com\/wp-content\/uploads\/Diseno-sin-titulo-6.png","contentUrl":"https:\/\/www.prioratenoturisme.com\/wp-content\/uploads\/Diseno-sin-titulo-6.png","width":1200,"height":800},{"@type":"BreadcrumbList","@id":"https:\/\/www.prioratenoturisme.com\/seguim-amb-les-formacions\/#breadcrumb","itemListElement":[{"@type":"ListItem","position":1,"name":"Portada","item":"https:\/\/www.prioratenoturisme.com\/es\/inicio-vive-el-priorat\/"},{"@type":"ListItem","position":2,"name":"Seguimos con las formaciones"}]},{"@type":"WebSite","@id":"https:\/\/www.prioratenoturisme.com\/#website","url":"https:\/\/www.prioratenoturisme.com\/","name":"Priorat Enoturisme","description":"Viu el Priorat","publisher":{"@id":"https:\/\/www.prioratenoturisme.com\/#organization"},"potentialAction":[{"@type":"SearchAction","target":{"@type":"EntryPoint","urlTemplate":"https:\/\/www.prioratenoturisme.com\/?s={search_term_string}"},"query-input":{"@type":"PropertyValueSpecification","valueRequired":true,"valueName":"search_term_string"}}],"inLanguage":"es"},{"@type":"Organization","@id":"https:\/\/www.prioratenoturisme.com\/#organization","name":"Priorat Enoturisme","url":"https:\/\/www.prioratenoturisme.com\/","logo":{"@type":"ImageObject","inLanguage":"es","@id":"https:\/\/www.prioratenoturisme.com\/#\/schema\/logo\/image\/","url":"https:\/\/www.prioratenoturisme.com\/wp-content\/uploads\/2023\/03\/cropped-FAVICON.png","contentUrl":"https:\/\/www.prioratenoturisme.com\/wp-content\/uploads\/2023\/03\/cropped-FAVICON.png","width":512,"height":512,"caption":"Priorat Enoturisme"},"image":{"@id":"https:\/\/www.prioratenoturisme.com\/#\/schema\/logo\/image\/"},"sameAs":["https:\/\/www.facebook.com\/prioratenoturisme\/","https:\/\/www.instagram.com\/prioratenoturisme\/"]},{"@type":"Person","@id":"https:\/\/www.prioratenoturisme.com\/#\/schema\/person\/21cb071ed0505ebc2f5e911eca6dccf7","name":"Priorat Enoturisme","image":{"@type":"ImageObject","inLanguage":"es","@id":"https:\/\/www.prioratenoturisme.com\/#\/schema\/person\/image\/","url":"https:\/\/secure.gravatar.com\/avatar\/18e124132141ce8f3b812fb2b92f98d9180a5b7a1f465cb453ca291f504ea831?s=96&d=mm&r=g","contentUrl":"https:\/\/secure.gravatar.com\/avatar\/18e124132141ce8f3b812fb2b92f98d9180a5b7a1f465cb453ca291f504ea831?s=96&d=mm&r=g","caption":"Priorat Enoturisme"},"url":"https:\/\/www.prioratenoturisme.com\/es\/author\/prioratenoturisme_gestio\/"}]}},"_links":{"self":[{"href":"https:\/\/www.prioratenoturisme.com\/es\/wp-json\/wp\/v2\/posts\/29849","targetHints":{"allow":["GET"]}}],"collection":[{"href":"https:\/\/www.prioratenoturisme.com\/es\/wp-json\/wp\/v2\/posts"}],"about":[{"href":"https:\/\/www.prioratenoturisme.com\/es\/wp-json\/wp\/v2\/types\/post"}],"author":[{"embeddable":true,"href":"https:\/\/www.prioratenoturisme.com\/es\/wp-json\/wp\/v2\/users\/2"}],"replies":[{"embeddable":true,"href":"https:\/\/www.prioratenoturisme.com\/es\/wp-json\/wp\/v2\/comments?post=29849"}],"version-history":[{"count":2,"href":"https:\/\/www.prioratenoturisme.com\/es\/wp-json\/wp\/v2\/posts\/29849\/revisions"}],"predecessor-version":[{"id":29851,"href":"https:\/\/www.prioratenoturisme.com\/es\/wp-json\/wp\/v2\/posts\/29849\/revisions\/29851"}],"wp:featuredmedia":[{"embeddable":true,"href":"https:\/\/www.prioratenoturisme.com\/es\/wp-json\/wp\/v2\/media\/29921"}],"wp:attachment":[{"href":"https:\/\/www.prioratenoturisme.com\/es\/wp-json\/wp\/v2\/media?parent=29849"}],"wp:term":[{"taxonomy":"category","embeddable":true,"href":"https:\/\/www.prioratenoturisme.com\/es\/wp-json\/wp\/v2\/categories?post=29849"},{"taxonomy":"post_tag","embeddable":true,"href":"https:\/\/www.prioratenoturisme.com\/es\/wp-json\/wp\/v2\/tags?post=29849"}],"curies":[{"name":"wp","href":"https:\/\/api.w.org\/{rel}","templated":true}]}}