{"id":31921,"date":"2023-10-31T17:41:10","date_gmt":"2023-10-31T16:41:10","guid":{"rendered":"https:\/\/www.prioratenoturisme.com\/que-hacer-en-el-priorat-del-1-al-15-de-noviembre\/"},"modified":"2023-10-31T17:43:22","modified_gmt":"2023-10-31T16:43:22","slug":"que-hacer-en-el-priorat-del-1-al-15-de-noviembre","status":"publish","type":"post","link":"https:\/\/www.prioratenoturisme.com\/es\/que-hacer-en-el-priorat-del-1-al-15-de-noviembre\/","title":{"rendered":"QU\u00c9 HACER EN EL PRIORAT DEL 1 AL 15 DE NOVIEMBRE"},"content":{"rendered":"<p>[et_pb_section fb_built=\u00bb1&#8243; _builder_version=\u00bb4.20.4&#8243; _module_preset=\u00bbdefault\u00bb global_colors_info=\u00bb{}\u00bb][et_pb_row _builder_version=\u00bb4.20.4&#8243; _module_preset=\u00bbdefault\u00bb global_colors_info=\u00bb{}\u00bb][et_pb_column type=\u00bb4_4&#8243; _builder_version=\u00bb4.20.4&#8243; _module_preset=\u00bbdefault\u00bb global_colors_info=\u00bb{}\u00bb][et_pb_testimonial quote_icon_color=\u00bb#FFFFFF\u00bb quote_icon_background_color=\u00bb#7E8032&#8243; admin_label=\u00bbTestimonial\u00bb _builder_version=\u00bb4.20.4&#8243; _module_preset=\u00bbdefault\u00bb border_width_all=\u00bb2px\u00bb border_color_all=\u00bb#909C2D\u00bb global_colors_info=\u00bb{}\u00bb]<\/p>\n<p style=\"padding-left: 40px; text-align: center;\"><strong>Por San Mart\u00edn mata el cerdo y empieza el vino.<\/strong><\/p>\n<p style=\"text-align: center;\">Dicho popular<\/p>\n<p>[\/et_pb_testimonial][\/et_pb_column][\/et_pb_row][et_pb_row _builder_version=\u00bb4.20.4&#8243; _module_preset=\u00bbdefault\u00bb global_colors_info=\u00bb{}\u00bb][et_pb_column type=\u00bb4_4&#8243; _builder_version=\u00bb4.20.4&#8243; _module_preset=\u00bbdefault\u00bb global_colors_info=\u00bb{}\u00bb][et_pb_text _builder_version=\u00bb4.20.4&#8243; _module_preset=\u00bbdefault\u00bb global_colors_info=\u00bb{}\u00bb]<\/p>\n<h4>ENOTURISMO<\/h4>\n<p>[\/et_pb_text][\/et_pb_column][\/et_pb_row][et_pb_row column_structure=\u00bb1_2,1_2&#8243; _builder_version=\u00bb4.20.4&#8243; _module_preset=\u00bbdefault\u00bb global_colors_info=\u00bb{}\u00bb][et_pb_column type=\u00bb1_2&#8243; _builder_version=\u00bb4.20.4&#8243; _module_preset=\u00bbdefault\u00bb global_colors_info=\u00bb{}\u00bb][et_pb_text admin_label=\u00bbText\u00bb _builder_version=\u00bb4.20.4&#8243; _module_preset=\u00bbdefault\u00bb global_colors_info=\u00bb{}\u00bb]<\/p>\n<p class=\"p1\"><b>LLEGA PRONTO EL VINO NOVEL A LA BODEGA MASROIG<\/b><\/p>\n<p class=\"p1\"><img loading=\"lazy\" decoding=\"async\" class=\"wp-image-31847 alignleft size-full\" src=\"https:\/\/www.prioratenoturisme.com\/wp-content\/uploads\/Captura-de-pantalla-2023-10-31-a-les-9.49.49.png\" alt=\"\" width=\"832\" height=\"905\" srcset=\"https:\/\/www.prioratenoturisme.com\/wp-content\/uploads\/Captura-de-pantalla-2023-10-31-a-les-9.49.49.png 832w, https:\/\/www.prioratenoturisme.com\/wp-content\/uploads\/Captura-de-pantalla-2023-10-31-a-les-9.49.49-480x522.png 480w\" sizes=\"(min-width: 0px) and (max-width: 480px) 480px, (min-width: 481px) 832px, 100vw\" \/><\/p>\n<p>[\/et_pb_text][\/et_pb_column][et_pb_column type=\u00bb1_2&#8243; _builder_version=\u00bb4.20.4&#8243; _module_preset=\u00bbdefault\u00bb global_colors_info=\u00bb{}\u00bb][et_pb_text _builder_version=\u00bb4.20.4&#8243; _module_preset=\u00bbdefault\u00bb custom_margin=\u00bb||0px|0px|false|false\u00bb border_color_all=\u00bb#7E8032&#8243; global_colors_info=\u00bb{}\u00bb]<\/p>\n<p>&nbsp;<\/p>\n<p><img loading=\"lazy\" decoding=\"async\" class=\"alignleft wp-image-31850 size-large\" src=\"https:\/\/www.prioratenoturisme.com\/wp-content\/uploads\/Captura-de-pantalla-2023-10-31-a-les-9.50.17-943x1024.png\" alt=\"\" width=\"943\" height=\"1024\"><\/p>\n<p>&nbsp;<\/p>\n<p>[\/et_pb_text][et_pb_icon font_icon=\u00bb&#x4c;||divi||400&#8243; _builder_version=\u00bb4.20.4&#8243; _module_preset=\u00bbdefault\u00bb global_colors_info=\u00bb{}\u00bb][\/et_pb_icon][et_pb_button button_url=\u00bbhttps:\/\/www.entrapolis.com\/entradas\/festa-del-vi-novell-2023-celler-masroig-celler-masroig\u00bb button_text=\u00bbCompra tu entrada aqu\u00ed\u00bb _builder_version=\u00bb4.20.4&#8243; _module_preset=\u00bbdefault\u00bb custom_margin=\u00bb0px||||false|false\u00bb custom_margin_tablet=\u00bb\u00bb custom_margin_phone=\u00bb\u00bb custom_margin_last_edited=\u00bbon|desktop\u00bb global_colors_info=\u00bb{}\u00bb][\/et_pb_button][\/et_pb_column][\/et_pb_row][et_pb_row _builder_version=\u00bb4.20.4&#8243; _module_preset=\u00bbdefault\u00bb global_colors_info=\u00bb{}\u00bb][et_pb_column type=\u00bb4_4&#8243; _builder_version=\u00bb4.20.4&#8243; _module_preset=\u00bbdefault\u00bb global_colors_info=\u00bb{}\u00bb][et_pb_text _builder_version=\u00bb4.20.4&#8243; _module_preset=\u00bbdefault\u00bb global_colors_info=\u00bb{}\u00bb]<\/p>\n<hr>\n<p>&nbsp;<\/p>\n<p class=\"p1\">[\/et_pb_text][\/et_pb_column][\/et_pb_row][et_pb_row column_structure=\u00bb1_2,1_2&#8243; _builder_version=\u00bb4.20.4&#8243; _module_preset=\u00bbdefault\u00bb global_colors_info=\u00bb{}\u00bb][et_pb_column type=\u00bb1_2&#8243; _builder_version=\u00bb4.20.4&#8243; _module_preset=\u00bbdefault\u00bb global_colors_info=\u00bb{}\u00bb][et_pb_text admin_label=\u00bbText\u00bb _builder_version=\u00bb4.20.4&#8243; _module_preset=\u00bbdefault\u00bb global_colors_info=\u00bb{}\u00bb]<\/p>\n<p class=\"entry_title\"><strong>VISITA A LA BODEGA DEVINSSI CON CATA DE VINO NOVEL, DOQ PRIORAT  <\/strong><\/p>\n<p class=\"entry_title\"><strong>(D\u00cdA MUNDIAL DEL ENOTURISMO)<\/strong><\/p>\n<p>Este a\u00f1o, <u><br \/>\n  <a href=\"https:\/\/www.ara.cat\/economia\/alimentacio\/sequera-avancar-verema-redueix-30-produccio-d-vins_25_4785127.html\" target=\"_blank\" rel=\"noopener\">la vendienta ha sido m\u00e1s limitada debido a la sequ\u00eda<\/a><br \/>\n<\/u>, y a\u00fan as\u00ed, Devinssi ha decidido proponer esta actividad, que se plasmar\u00e1 en solo 4 visitas con aforo muy limitado.<\/p>\n<p>Os invitan a visitarlos para descubrir los vi\u00f1edos y catar el <strong>vino novel 2023<\/strong>, una a\u00f1ada que ser\u00e1 hist\u00f3rica!<\/p>\n<ul>\n<li>La actividad incluye: visita a la vi\u00f1a + visita a la bodega + cata de vinos (incluyendo <strong>vino novel 2023<\/strong>)<\/li>\n<li>Duraci\u00f3n aproximada: 2h<\/li>\n<li>Precio: 20\u20ac \/ persona<\/li>\n<li>Aforo limitado. <u><br \/>\n  <a href=\"https:\/\/www.taulaseleccio.com\/ca\/producto\/cata-de-vi-novell-2021-al-celler-devinssi-doq-priorat-dia-mundial-enoturisme\/\" target=\"_blank\" rel=\"noopener\"><br \/>\n    <strong>La reserva debe hacerse a trav\u00e9s de la tienda online<\/strong><br \/>\n  <\/a><br \/>\n<\/u>.<\/li>\n<\/ul>\n<p><strong>Recuerde que se debe reservar cualquier visita con DOS D\u00cdAS DE ANTELACI\u00d3N.<\/strong><\/p>\n<p class=\"p1\">[\/et_pb_text][\/et_pb_column][et_pb_column type=\u00bb1_2&#8243; _builder_version=\u00bb4.20.4&#8243; _module_preset=\u00bbdefault\u00bb global_colors_info=\u00bb{}\u00bb][et_pb_text _builder_version=\u00bb4.20.4&#8243; _module_preset=\u00bbdefault\u00bb custom_margin=\u00bb||0px|0px|false|false\u00bb border_color_all=\u00bb#7E8032&#8243; global_colors_info=\u00bb{}\u00bb]<\/p>\n<div class=\"post_content_holder\">\n<div class=\"post_text\">\n<div class=\"post_text_inner\">\n<p>Horarios:<\/p>\n<ul>\n<li>Jueves 9 de noviembre, a las 12:00h<\/li>\n<li>Viernes 10 de noviembre, a las 12:00h<\/li>\n<li>Lunes 13 de noviembre, a las 12:00h<\/li>\n<li>Martes 14 de noviembre, a las 12:00h<\/li>\n<\/ul>\n<\/div>\n<\/div>\n<\/div>\n<p class=\"p1\">[\/et_pb_text][et_pb_icon font_icon=\u00bb&#x4c;||divi||400&#8243; _builder_version=\u00bb4.20.4&#8243; _module_preset=\u00bbdefault\u00bb global_colors_info=\u00bb{}\u00bb][\/et_pb_icon][et_pb_button button_url=\u00bbhttps:\/\/devinssi.com\/ca\/winery-visit-and-young-wine-tasting-doq-priorat-world-wine-tourism-day\/\u00bb button_text=\u00bbReserva tu experiencia aqu\u00ed\u00bb _builder_version=\u00bb4.20.4&#8243; _module_preset=\u00bbdefault\u00bb custom_margin=\u00bb0px||||false|false\u00bb custom_margin_tablet=\u00bb\u00bb custom_margin_phone=\u00bb\u00bb custom_margin_last_edited=\u00bbon|desktop\u00bb global_colors_info=\u00bb{}\u00bb][\/et_pb_button][\/et_pb_column][\/et_pb_row][et_pb_row _builder_version=\u00bb4.20.4&#8243; _module_preset=\u00bbdefault\u00bb global_colors_info=\u00bb{}\u00bb][et_pb_column type=\u00bb4_4&#8243; _builder_version=\u00bb4.20.4&#8243; _module_preset=\u00bbdefault\u00bb global_colors_info=\u00bb{}\u00bb][et_pb_text _builder_version=\u00bb4.20.4&#8243; _module_preset=\u00bbdefault\u00bb global_colors_info=\u00bb{}\u00bb]<\/p>\n<hr>\n<p>&nbsp;<\/p>\n<p class=\"p1\">[\/et_pb_text][\/et_pb_column][\/et_pb_row][et_pb_row column_structure=\u00bb1_2,1_2&#8243; _builder_version=\u00bb4.20.4&#8243; _module_preset=\u00bbdefault\u00bb global_colors_info=\u00bb{}\u00bb][et_pb_column type=\u00bb1_2&#8243; _builder_version=\u00bb4.20.4&#8243; _module_preset=\u00bbdefault\u00bb global_colors_info=\u00bb{}\u00bb][et_pb_text admin_label=\u00bbText\u00bb _builder_version=\u00bb4.20.4&#8243; _module_preset=\u00bbdefault\u00bb link_option_url=\u00bbhttps:\/\/montsantnatura.cat\/tast-de-setembre-2023\/\u00bb global_colors_info=\u00bb{}\u00bb]<\/p>\n<p><b>NUEVA TIENDA DE LA BODEGA CAP\u00c7ANES<\/b><\/p>\n<div class=\"modal-body text-center\">\n<p>Este verano se inaugur\u00f3 la nueva tienda en la bodega que cuenta con un bar de vinos.<\/p>\n<p>Pod\u00e9is pasar a catar y a comprar tienda de lunes a s\u00e1bado, de 9h a 14h.<\/p>\n<p>\u00a1Muy pronto se reanudar\u00e1n las visitas guiadas as\u00ed que est\u00e9is atentos!<\/p>\n<\/div>\n<p class=\"p1\">[\/et_pb_text][\/et_pb_column][et_pb_column type=\u00bb1_2&#8243; _builder_version=\u00bb4.20.4&#8243; _module_preset=\u00bbdefault\u00bb global_colors_info=\u00bb{}\u00bb][et_pb_text _builder_version=\u00bb4.20.4&#8243; _module_preset=\u00bbdefault\u00bb custom_margin=\u00bb|||0px|false|false\u00bb border_color_all=\u00bb#7E8032&#8243; global_colors_info=\u00bb{}\u00bb]<\/p>\n<p><img loading=\"lazy\" decoding=\"async\" class=\"alignleft wp-image-31875 size-medium\" src=\"https:\/\/www.prioratenoturisme.com\/wp-content\/uploads\/Captura-de-pantalla-2023-10-31-a-les-11.15.59-300x293.png\" alt=\"\" width=\"300\" height=\"293\"><\/p>\n<p class=\"p1\">[\/et_pb_text][\/et_pb_column][\/et_pb_row][et_pb_row _builder_version=\u00bb4.20.4&#8243; _module_preset=\u00bbdefault\u00bb global_colors_info=\u00bb{}\u00bb][et_pb_column type=\u00bb4_4&#8243; _builder_version=\u00bb4.20.4&#8243; _module_preset=\u00bbdefault\u00bb global_colors_info=\u00bb{}\u00bb][et_pb_text _builder_version=\u00bb4.20.4&#8243; _module_preset=\u00bbdefault\u00bb global_colors_info=\u00bb{}\u00bb]<\/p>\n<hr>\n<p class=\"p1\">[\/et_pb_text][\/et_pb_column][\/et_pb_row][et_pb_row column_structure=\u00bb1_2,1_2&#8243; _builder_version=\u00bb4.20.4&#8243; _module_preset=\u00bbdefault\u00bb global_colors_info=\u00bb{}\u00bb][et_pb_column type=\u00bb1_2&#8243; _builder_version=\u00bb4.20.4&#8243; _module_preset=\u00bbdefault\u00bb global_colors_info=\u00bb{}\u00bb][et_pb_text _builder_version=\u00bb4.20.4&#8243; _module_preset=\u00bbdefault\u00bb background_color=\u00bbRGBA(255,255,255,0)\u00bb border_color_all=\u00bb#7E8032&#8243; global_colors_info=\u00bb{}\u00bb]<\/p>\n<div class=\"field field--name-node-title field--type-ds field--label-hidden field__item\">\n<p><strong>EXPOSICI\u00d3N TEMPORAL ARTISTAS DE TRACTOR Sara Bold\u00fa<\/strong><\/p>\n<\/div>\n<p>&nbsp;<\/p>\n<div class=\"field field--name-node-title field--type-ds field--label-hidden field__item\">\n<div class=\"field field-name-field-dates field-type-datetime field-label-hidden\">\n<div class=\"field-items\">\n<div class=\"field-item even\"><span class=\"date-display-range\"><span class=\"date-display-start\">Del s\u00e1bado, 14 octubre<\/span> al <span class=\"date-display-end\">domingo, 26 noviembre de 2023<\/span><\/span><\/div>\n<\/div>\n<\/div>\n<div class=\"field field-name-body field-type-text-with-summary field-label-hidden\">\n<div class=\"field-items\">\n<div class=\"field-item even\">\n<p>Sara Bold\u00fa Botam propone un homenaje a la tierra y el campesinado desde un punto de vista art\u00edstico, concretamente, a partir de fotograf\u00edas a vista de p\u00e1jaro hechas con dron que muestran la belleza de las formas, tonalidades y geometr\u00edas de los cultivos y las aradas de los tractores.<\/p>\n<p>Desde el aire los campos parecen un lienzo y los campesinos y las campesinas los artistas que lo dibujan.<\/p>\n<p>La exposici\u00f3n se complementa con v\u00eddeos y entrevistas, para documentar, tambi\u00e9n, la vida al trago.<\/p>\n<p>Del 14 de octubre al 26 <strong>de noviembre<\/strong><\/p>\n<\/div>\n<\/div>\n<\/div>\n<\/div>\n<p class=\"p1\">[\/et_pb_text][\/et_pb_column][et_pb_column type=\u00bb1_2&#8243; _builder_version=\u00bb4.20.4&#8243; _module_preset=\u00bbdefault\u00bb global_colors_info=\u00bb{}\u00bb][et_pb_text _builder_version=\u00bb4.20.4&#8243; _module_preset=\u00bbdefault\u00bb background_color=\u00bbRGBA(255,255,255,0)\u00bb custom_margin=\u00bb|||0px|false|false\u00bb border_width_all=\u00bb2px\u00bb border_color_all=\u00bb#7E8032&#8243; border_width_top=\u00bb0px\u00bb border_width_right=\u00bb0px\u00bb border_width_bottom=\u00bb0px\u00bb border_width_left=\u00bb0px\u00bb border_color_left=\u00bbRGBA(255,255,255,0)\u00bb global_colors_info=\u00bb{}\u00bb]<\/p>\n<p>&nbsp;<\/p>\n<div class=\"field field--name-node-title field--type-ds field--label-hidden field__item\">\n<div class=\"field field-name-body field-type-text-with-summary field-label-hidden\">\n<div class=\"field-items\">\n<div class=\"field-item even\">\n<p><a href=\"https:\/\/www.instagram.com\/artistestractor\/\">https:\/\/www.instagram.com\/artistestractor\/<\/a><\/p>\n<\/div>\n<\/div>\n<\/div>\n<div class=\"field field-name-field-additional-info field-type-text-long field-label-hidden\">\n<div class=\"field-items\">\n<div class=\"field-item even\">\n<p><strong>Horario de invierno  [octubre-mar\u00e7]<\/strong><br \/>Lunes, jueves, viernes, s\u00e1bado de 10 a 14 h y de 16 a 18 h.<br \/>Domingo de 10 a 14 h.<\/p>\n<\/div>\n<\/div>\n<\/div>\n<\/div>\n<p><img loading=\"lazy\" decoding=\"async\" class=\"alignleft wp-image-29892 size-medium\" src=\"https:\/\/www.prioratenoturisme.com\/wp-content\/uploads\/Captura-de-pantalla-2023-10-18-a-les-11.10.09-213x300.png\" alt=\"\" width=\"213\" height=\"300\" srcset=\"https:\/\/www.prioratenoturisme.com\/wp-content\/uploads\/Captura-de-pantalla-2023-10-18-a-les-11.10.09-213x300.png 213w, https:\/\/www.prioratenoturisme.com\/wp-content\/uploads\/Captura-de-pantalla-2023-10-18-a-les-11.10.09.png 453w\" sizes=\"(max-width: 213px) 100vw, 213px\" \/><\/p>\n<p class=\"p1\">[\/et_pb_text][\/et_pb_column][\/et_pb_row][et_pb_row _builder_version=\u00bb4.20.4&#8243; _module_preset=\u00bbdefault\u00bb global_colors_info=\u00bb{}\u00bb][et_pb_column type=\u00bb4_4&#8243; _builder_version=\u00bb4.20.4&#8243; _module_preset=\u00bbdefault\u00bb global_colors_info=\u00bb{}\u00bb][et_pb_text _builder_version=\u00bb4.20.4&#8243; _module_preset=\u00bbdefault\u00bb global_colors_info=\u00bb{}\u00bb]<\/p>\n<hr>\n<p class=\"p1\">[\/et_pb_text][\/et_pb_column][\/et_pb_row][et_pb_row _builder_version=\u00bb4.20.4&#8243; _module_preset=\u00bbdefault\u00bb global_colors_info=\u00bb{}\u00bb][et_pb_column type=\u00bb4_4&#8243; _builder_version=\u00bb4.20.4&#8243; _module_preset=\u00bbdefault\u00bb global_colors_info=\u00bb{}\u00bb][et_pb_text _builder_version=\u00bb4.20.4&#8243; _module_preset=\u00bbdefault\u00bb global_colors_info=\u00bb{}\u00bb]<\/p>\n<h4 class=\"p1\">CULTURA<\/h4>\n<p>[\/et_pb_text][\/et_pb_column][\/et_pb_row][et_pb_row column_structure=\u00bb1_2,1_2&#8243; _builder_version=\u00bb4.20.4&#8243; _module_preset=\u00bbdefault\u00bb global_colors_info=\u00bb{}\u00bb][et_pb_column type=\u00bb1_2&#8243; _builder_version=\u00bb4.20.4&#8243; _module_preset=\u00bbdefault\u00bb global_colors_info=\u00bb{}\u00bb][et_pb_text _builder_version=\u00bb4.20.4&#8243; _module_preset=\u00bbdefault\u00bb background_color=\u00bbRGBA(255,255,255,0)\u00bb border_color_all=\u00bb#7E8032&#8243; global_colors_info=\u00bb{}\u00bb]<\/p>\n<div class=\"field field--name-node-title field--type-ds field--label-hidden field__item\">\n<p class=\"p1\"><b>-10.000 \/\/ VIVE LOS CAMINOS DEL ARTE RUPESTRE EN CATALU\u00d1A  <\/b><\/p>\n<div class=\"field field-name-field-dates field-type-datetime field-label-hidden\">\n<div class=\"field-items\"> <\/div>\n<\/div>\n<div class=\"field field-name-body field-type-text-with-summary field-label-hidden\">\n<div class=\"field-items\">\n<div class=\"field-item even\">\n<p>4 de noviembre<\/p>\n<p>(Cada primer s\u00e1bado de mes)<\/p>\n<p>10:30h<\/p>\n<p class=\"p1\">Punto de encuentro en el Celler cooperativo de Solivella<\/p>\n<p class=\"p1\">Recorrido por los conjuntos rupestres de los barrancos de La Vall y La Graell a trav\u00e9s de una visita rigurosa, apasionante y l\u00fadica, adecuada para todos los p\u00fablicos. Una experiencia que integra arte, cultura, naturaleza, paisaje, as\u00ed como alguna u otra sorpresa.<\/p>\n<p class=\"p3\"><span class=\"s1\"><b>m\u00e1s informaci\u00f3n y reservas<\/b>: <a href=\"https:\/\/codoleducacio.com\/activitats\/capcanes-art-rupestre-al-priorat\/\">https:\/\/codoleducacio.com\/activitats\/capcanes-art-rupestre-al-priorat\/<\/a><\/span><\/p>\n<\/div>\n<\/div>\n<\/div>\n<\/div>\n<p class=\"p1\">[\/et_pb_text][\/et_pb_column][et_pb_column type=\u00bb1_2&#8243; _builder_version=\u00bb4.20.4&#8243; _module_preset=\u00bbdefault\u00bb global_colors_info=\u00bb{}\u00bb][et_pb_text _builder_version=\u00bb4.20.4&#8243; _module_preset=\u00bbdefault\u00bb background_color=\u00bbRGBA(255,255,255,0)\u00bb width=\u00bb%22560%22&#8243; height=\u00bb%22315%22&#8243; custom_margin=\u00bb|||0px|false|false\u00bb border_width_all=\u00bb2px\u00bb border_color_all=\u00bb#7E8032&#8243; border_width_top=\u00bb0px\u00bb border_width_right=\u00bb0px\u00bb border_width_bottom=\u00bb0px\u00bb border_width_left=\u00bb0px\u00bb border_color_left=\u00bbRGBA(255,255,255,0)\u00bb global_colors_info=\u00bb{}\u00bb]<\/p>\n<div class=\"field field--name-node-title field--type-ds field--label-hidden field__item\">\n<div class=\"field field-name-body field-type-text-with-summary field-label-hidden\">\n<div class=\"field-items\">\n<div class=\"field-item even\">\n<p><img loading=\"lazy\" decoding=\"async\" class=\"wp-image-31890 alignleft size-large\" src=\"https:\/\/www.prioratenoturisme.com\/wp-content\/uploads\/Captura-de-pantalla-2023-10-31-a-les-11.42.09-1024x486.png\" alt=\"\" width=\"1024\" height=\"486\" srcset=\"https:\/\/www.prioratenoturisme.com\/wp-content\/uploads\/Captura-de-pantalla-2023-10-31-a-les-11.42.09-980x465.png 980w, https:\/\/www.prioratenoturisme.com\/wp-content\/uploads\/Captura-de-pantalla-2023-10-31-a-les-11.42.09-480x228.png 480w\" sizes=\"(min-width: 0px) and (max-width: 480px) 480px, (min-width: 481px) and (max-width: 980px) 980px, (min-width: 981px) 1024px, 100vw\" \/><\/p>\n<\/div>\n<\/div>\n<\/div>\n<\/div>\n<p class=\"p1\">[\/et_pb_text][\/et_pb_column][\/et_pb_row][et_pb_row _builder_version=\u00bb4.20.4&#8243; _module_preset=\u00bbdefault\u00bb collapsed=\u00bboff\u00bb global_colors_info=\u00bb{}\u00bb][et_pb_column type=\u00bb4_4&#8243; _builder_version=\u00bb4.20.4&#8243; _module_preset=\u00bbdefault\u00bb global_colors_info=\u00bb{}\u00bb][et_pb_text _builder_version=\u00bb4.20.4&#8243; _module_preset=\u00bbdefault\u00bb global_colors_info=\u00bb{}\u00bb]<\/p>\n<hr>\n<p style=\"padding-left: 40px;\">[\/et_pb_text][\/et_pb_column][\/et_pb_row][et_pb_row column_structure=\u00bb1_2,1_2&#8243; admin_label=\u00bbRow\u00bb _builder_version=\u00bb4.20.4&#8243; _module_preset=\u00bbdefault\u00bb custom_padding=\u00bb24px|||||\u00bb global_colors_info=\u00bb{}\u00bb][et_pb_column type=\u00bb1_2&#8243; _builder_version=\u00bb4.20.4&#8243; _module_preset=\u00bbdefault\u00bb global_colors_info=\u00bb{}\u00bb][et_pb_text _builder_version=\u00bb4.20.4&#8243; _module_preset=\u00bbdefault\u00bb background_color=\u00bbRGBA(255,255,255,0)\u00bb link_option_url=\u00bbhttps:\/\/www.terrer.cat\/\u00bb border_color_all=\u00bb#7E8032&#8243; global_colors_info=\u00bb{}\u00bb]<\/p>\n<h4 class=\"p1\">M\u00daSICA<\/h4>\n<p class=\"p1\"><b>Festival Terrer: FETUS, Els Guingueta.<\/b><\/p>\n<p class=\"p1\">La propuesta de Fetus mezcla el punk-rock m\u00e1s irreverente con el folclore catal\u00e1n para crear un imaginario \u00fanico de historias populares de su Empord\u00e0 natal y de toda Catalu\u00f1a. Todo ello cataliza a La Sierra de los Perdidos, su \u00faltimo disco, que se convierte en una potent\u00edsima declaraci\u00f3n de intenciones.<\/p>\n<p>Apertura de puertas a las 18:30 h<br \/>\nCasal Olivera<\/p>\n<p>&#8230;&#8230;&#8230;&#8230;&#8230;&#8230;&#8230;&#8230;&#8230;&#8230;&#8230;&#8230;&#8230;&#8230;&#8230;&#8230;&#8230;&#8230;..<\/p>\n<p>Opciones enoturismo bodegas: Bodega Carrilete, Celler Masroig<\/p>\n<p class=\"p1\">Opciones gastronom\u00eda Falset: Restaurant Brichs, Mas Trucafort, El Cairat, Quinoa, Lotus, Restaurant Hostal Sport.<\/p>\n<p class=\"p1\">Opciones dormir: Hostal Sport, Hotel Secrets, Apartamentos Lotus, Mas Trucafort.<\/p>\n<p class=\"p1\">[\/et_pb_text][et_pb_button button_text=\u00bbM\u00e1s informaci\u00f3n y entradas: https:\/\/www.terrer.cat\/\u00bb _builder_version=\u00bb4.20.4&#8243; _module_preset=\u00bbdefault\u00bb custom_button=\u00bbon\u00bb button_text_size=\u00bb14px\u00bb button_text_color=\u00bb#909C2D\u00bb global_colors_info=\u00bb{}\u00bb][\/et_pb_button][\/et_pb_column][et_pb_column type=\u00bb1_2&#8243; _builder_version=\u00bb4.20.4&#8243; _module_preset=\u00bbdefault\u00bb global_colors_info=\u00bb{}\u00bb][et_pb_text _builder_version=\u00bb4.20.4&#8243; _module_preset=\u00bbdefault\u00bb background_color=\u00bbRGBA(255,255,255,0)\u00bb border_color_all=\u00bb#7E8032&#8243; global_colors_info=\u00bb{}\u00bb]<\/p>\n<p>&nbsp;<\/p>\n<p>&nbsp;<\/p>\n<p>&nbsp;<\/p>\n<p><img loading=\"lazy\" decoding=\"async\" class=\"wp-image-31844 alignleft size-full\" src=\"https:\/\/www.prioratenoturisme.com\/wp-content\/uploads\/Captura-de-pantalla-2023-10-31-a-les-10.16.15.png\" alt=\"\" width=\"818\" height=\"658\" srcset=\"https:\/\/www.prioratenoturisme.com\/wp-content\/uploads\/Captura-de-pantalla-2023-10-31-a-les-10.16.15.png 818w, https:\/\/www.prioratenoturisme.com\/wp-content\/uploads\/Captura-de-pantalla-2023-10-31-a-les-10.16.15-480x386.png 480w\" sizes=\"(min-width: 0px) and (max-width: 480px) 480px, (min-width: 481px) 818px, 100vw\" \/><\/p>\n<p>&nbsp;<\/p>\n<p>&nbsp;<\/p>\n<p>&nbsp;<\/p>\n<p class=\"p1\">[\/et_pb_text][\/et_pb_column][\/et_pb_row][et_pb_row _builder_version=\u00bb4.20.4&#8243; _module_preset=\u00bbdefault\u00bb global_colors_info=\u00bb{}\u00bb][et_pb_column type=\u00bb4_4&#8243; _builder_version=\u00bb4.20.4&#8243; _module_preset=\u00bbdefault\u00bb global_colors_info=\u00bb{}\u00bb][et_pb_text _builder_version=\u00bb4.20.4&#8243; _module_preset=\u00bbdefault\u00bb global_colors_info=\u00bb{}\u00bb]<\/p>\n<h4 class=\"p1\">A FINALES DE MES&#8230;.<\/h4>\n<p class=\"p1\">[\/et_pb_text][\/et_pb_column][\/et_pb_row][et_pb_row _builder_version=\u00bb4.20.4&#8243; _module_preset=\u00bbdefault\u00bb global_colors_info=\u00bb{}\u00bb][et_pb_column type=\u00bb4_4&#8243; _builder_version=\u00bb4.20.4&#8243; _module_preset=\u00bbdefault\u00bb global_colors_info=\u00bb{}\u00bb][et_pb_text _builder_version=\u00bb4.20.4&#8243; _module_preset=\u00bbdefault\u00bb global_colors_info=\u00bb{}\u00bb]<\/p>\n<hr>\n<p class=\"p1\">[\/et_pb_text][\/et_pb_column][\/et_pb_row][et_pb_row column_structure=\u00bb1_2,1_2&#8243; _builder_version=\u00bb4.20.4&#8243; _module_preset=\u00bbdefault\u00bb global_colors_info=\u00bb{}\u00bb][et_pb_column type=\u00bb1_2&#8243; _builder_version=\u00bb4.20.4&#8243; _module_preset=\u00bbdefault\u00bb global_colors_info=\u00bb{}\u00bb][et_pb_text _builder_version=\u00bb4.20.4&#8243; _module_preset=\u00bbdefault\u00bb background_color=\u00bbRGBA(255,255,255,0)\u00bb border_color_all=\u00bb#7E8032&#8243; global_colors_info=\u00bb{}\u00bb]<\/p>\n<div class=\"field field--name-node-title field--type-ds field--label-hidden field__item\">\n<p><strong>LLEGAR\u00c1 EL ACEITE NUEVO<\/strong><\/p>\n<p>Te informaremos de las actividades de oleoturismo que puedes hacer en la comarca a partir de la segunda quincena de noviembre.<\/p>\n<p>&nbsp;<\/p>\n<p><img loading=\"lazy\" decoding=\"async\" class=\"alignleft wp-image-31900 size-medium\" src=\"https:\/\/www.prioratenoturisme.com\/wp-content\/uploads\/olives-300x200.png\" alt=\"\" width=\"300\" height=\"200\"><\/p>\n<p>&nbsp;<\/p>\n<p>&nbsp;<\/p>\n<p>&nbsp;<\/p>\n<\/div>\n<p class=\"p1\">[\/et_pb_text][\/et_pb_column][et_pb_column type=\u00bb1_2&#8243; _builder_version=\u00bb4.20.4&#8243; _module_preset=\u00bbdefault\u00bb global_colors_info=\u00bb{}\u00bb][et_pb_text _builder_version=\u00bb4.20.4&#8243; _module_preset=\u00bbdefault\u00bb background_color=\u00bbRGBA(255,255,255,0)\u00bb custom_margin=\u00bb|||0px|false|false\u00bb border_color_all=\u00bbRGBA(255,255,255,0)\u00bb border_style_all=\u00bbnone\u00bb border_width_top=\u00bb0px\u00bb border_width_right=\u00bb0px\u00bb border_width_bottom=\u00bb0px\u00bb border_width_left=\u00bb3px\u00bb border_color_left=\u00bb#909C2D\u00bb global_colors_info=\u00bb{}\u00bb]<\/p>\n<div class=\"field field--name-node-title field--type-ds field--label-hidden field__item\"> <\/div>\n<p><strong>MOST FESTIVAL EN EL PRIORAT  <\/strong><\/p>\n<p>Del 22 al 26 el cine y el vino se unen, proyecciones de pel\u00edculas en lugares peculiares de la comarca, ya todo un cl\u00e1sico que aterriza en la comarca dentro del programa del festival nacido en el Pened\u00e8s.<\/p>\n<p>&nbsp;<\/p>\n<p><img loading=\"lazy\" decoding=\"async\" class=\"alignleft wp-image-31903 size-medium\" src=\"https:\/\/www.prioratenoturisme.com\/wp-content\/uploads\/Copia-de-Diseno-sin-titulo-300x200.png\" alt=\"\" width=\"300\" height=\"200\"><\/p>\n<p style=\"padding-left: 40px;\">[\/et_pb_text][\/et_pb_column][\/et_pb_row][et_pb_row _builder_version=\u00bb4.20.4&#8243; _module_preset=\u00bbdefault\u00bb global_colors_info=\u00bb{}\u00bb][et_pb_column type=\u00bb4_4&#8243; _builder_version=\u00bb4.20.4&#8243; _module_preset=\u00bbdefault\u00bb global_colors_info=\u00bb{}\u00bb][et_pb_text _builder_version=\u00bb4.20.4&#8243; _module_preset=\u00bbdefault\u00bb global_colors_info=\u00bb{}\u00bb]<\/p>\n<hr>\n<p class=\"p1\">[\/et_pb_text][\/et_pb_column][\/et_pb_row][\/et_pb_section]<\/p>\n","protected":false},"excerpt":{"rendered":"<p>Por San Mart\u00edn mata el cerdo y empieza el vino. Dicho popular ENOTURISMO LLEGA PRONTO EL VINO NOVEL A LA BODEGA MASROIG &nbsp; &nbsp; &nbsp; VISITA A LA BODEGA DEVINSSI CON CATA DE VINO NOVEL, DOQ PRIORAT (D\u00cdA MUNDIAL DEL ENOTURISMO) Este a\u00f1o, la vendienta ha sido m\u00e1s limitada debido a la sequ\u00eda , y [&hellip;]<\/p>\n","protected":false},"author":2,"featured_media":0,"comment_status":"open","ping_status":"open","sticky":false,"template":"","format":"standard","meta":{"_acf_changed":false,"_et_pb_use_builder":"on","_et_pb_old_content":"","_et_gb_content_width":"","footnotes":""},"categories":[297],"tags":[301,52,298,299,220],"class_list":["post-31921","post","type-post","status-publish","format-standard","hentry","category-blog-es","tag-agenda-es","tag-enoturisme","tag-enoturismo-es","tag-otono-es","tag-priorat"],"acf":[],"yoast_head":"<!-- This site is optimized with the Yoast SEO plugin v25.6 - https:\/\/yoast.com\/wordpress\/plugins\/seo\/ -->\n<title>QU\u00c9 HACER EN EL PRIORAT DEL 1 AL 15 DE NOVIEMBRE - Priorat Enoturisme<\/title>\n<meta name=\"robots\" content=\"index, follow, max-snippet:-1, max-image-preview:large, max-video-preview:-1\" \/>\n<link rel=\"canonical\" href=\"https:\/\/www.prioratenoturisme.com\/que-fer-al-priorat-del-1-al-15-de-novembre\/\" \/>\n<meta property=\"og:locale\" content=\"es_ES\" \/>\n<meta property=\"og:type\" content=\"article\" \/>\n<meta property=\"og:title\" content=\"QU\u00c9 HACER EN EL PRIORAT DEL 1 AL 15 DE NOVIEMBRE - Priorat Enoturisme\" \/>\n<meta property=\"og:description\" content=\"Por San Mart\u00edn mata el cerdo y empieza el vino. Dicho popular ENOTURISMO LLEGA PRONTO EL VINO NOVEL A LA BODEGA MASROIG &nbsp; &nbsp; &nbsp; VISITA A LA BODEGA DEVINSSI CON CATA DE VINO NOVEL, DOQ PRIORAT (D\u00cdA MUNDIAL DEL ENOTURISMO) Este a\u00f1o, la vendienta ha sido m\u00e1s limitada debido a la sequ\u00eda , y [&hellip;]\" \/>\n<meta property=\"og:url\" content=\"https:\/\/www.prioratenoturisme.com\/que-fer-al-priorat-del-1-al-15-de-novembre\/\" \/>\n<meta property=\"og:site_name\" content=\"Priorat Enoturisme\" \/>\n<meta property=\"article:publisher\" content=\"https:\/\/www.facebook.com\/prioratenoturisme\/\" \/>\n<meta property=\"article:published_time\" content=\"2023-10-31T16:41:10+00:00\" \/>\n<meta property=\"article:modified_time\" content=\"2023-10-31T16:43:22+00:00\" \/>\n<meta property=\"og:image\" content=\"https:\/\/www.prioratenoturisme.com\/wp-content\/uploads\/Captura-de-pantalla-2023-10-31-a-les-9.49.49.png\" \/>\n<meta name=\"author\" content=\"Priorat Enoturisme\" \/>\n<meta name=\"twitter:card\" content=\"summary_large_image\" \/>\n<meta name=\"twitter:label1\" content=\"Escrito por\" \/>\n\t<meta name=\"twitter:data1\" content=\"Priorat Enoturisme\" \/>\n\t<meta name=\"twitter:label2\" content=\"Tiempo de lectura\" \/>\n\t<meta name=\"twitter:data2\" content=\"10 minutos\" \/>\n<script type=\"application\/ld+json\" class=\"yoast-schema-graph\">{\"@context\":\"https:\/\/schema.org\",\"@graph\":[{\"@type\":\"Article\",\"@id\":\"https:\/\/www.prioratenoturisme.com\/que-fer-al-priorat-del-1-al-15-de-novembre\/#article\",\"isPartOf\":{\"@id\":\"https:\/\/www.prioratenoturisme.com\/que-fer-al-priorat-del-1-al-15-de-novembre\/\"},\"author\":{\"name\":\"Priorat Enoturisme\",\"@id\":\"https:\/\/www.prioratenoturisme.com\/#\/schema\/person\/21cb071ed0505ebc2f5e911eca6dccf7\"},\"headline\":\"QU\u00c9 HACER EN EL PRIORAT DEL 1 AL 15 DE NOVIEMBRE\",\"datePublished\":\"2023-10-31T16:41:10+00:00\",\"dateModified\":\"2023-10-31T16:43:22+00:00\",\"mainEntityOfPage\":{\"@id\":\"https:\/\/www.prioratenoturisme.com\/que-fer-al-priorat-del-1-al-15-de-novembre\/\"},\"wordCount\":2050,\"commentCount\":0,\"publisher\":{\"@id\":\"https:\/\/www.prioratenoturisme.com\/#organization\"},\"image\":{\"@id\":\"https:\/\/www.prioratenoturisme.com\/que-fer-al-priorat-del-1-al-15-de-novembre\/#primaryimage\"},\"thumbnailUrl\":\"https:\/\/www.prioratenoturisme.com\/wp-content\/uploads\/Captura-de-pantalla-2023-10-31-a-les-9.49.49.png\",\"keywords\":[\"agenda\",\"enoturisme\",\"enoturismo\",\"oto\u00f1o\",\"priorat\"],\"articleSection\":[\"Blog\"],\"inLanguage\":\"es\",\"potentialAction\":[{\"@type\":\"CommentAction\",\"name\":\"Comment\",\"target\":[\"https:\/\/www.prioratenoturisme.com\/que-fer-al-priorat-del-1-al-15-de-novembre\/#respond\"]}]},{\"@type\":\"WebPage\",\"@id\":\"https:\/\/www.prioratenoturisme.com\/que-fer-al-priorat-del-1-al-15-de-novembre\/\",\"url\":\"https:\/\/www.prioratenoturisme.com\/que-fer-al-priorat-del-1-al-15-de-novembre\/\",\"name\":\"QU\u00c9 HACER EN EL PRIORAT DEL 1 AL 15 DE NOVIEMBRE - Priorat Enoturisme\",\"isPartOf\":{\"@id\":\"https:\/\/www.prioratenoturisme.com\/#website\"},\"primaryImageOfPage\":{\"@id\":\"https:\/\/www.prioratenoturisme.com\/que-fer-al-priorat-del-1-al-15-de-novembre\/#primaryimage\"},\"image\":{\"@id\":\"https:\/\/www.prioratenoturisme.com\/que-fer-al-priorat-del-1-al-15-de-novembre\/#primaryimage\"},\"thumbnailUrl\":\"https:\/\/www.prioratenoturisme.com\/wp-content\/uploads\/Captura-de-pantalla-2023-10-31-a-les-9.49.49.png\",\"datePublished\":\"2023-10-31T16:41:10+00:00\",\"dateModified\":\"2023-10-31T16:43:22+00:00\",\"breadcrumb\":{\"@id\":\"https:\/\/www.prioratenoturisme.com\/que-fer-al-priorat-del-1-al-15-de-novembre\/#breadcrumb\"},\"inLanguage\":\"es\",\"potentialAction\":[{\"@type\":\"ReadAction\",\"target\":[\"https:\/\/www.prioratenoturisme.com\/que-fer-al-priorat-del-1-al-15-de-novembre\/\"]}]},{\"@type\":\"ImageObject\",\"inLanguage\":\"es\",\"@id\":\"https:\/\/www.prioratenoturisme.com\/que-fer-al-priorat-del-1-al-15-de-novembre\/#primaryimage\",\"url\":\"https:\/\/www.prioratenoturisme.com\/wp-content\/uploads\/Captura-de-pantalla-2023-10-31-a-les-9.49.49.png\",\"contentUrl\":\"https:\/\/www.prioratenoturisme.com\/wp-content\/uploads\/Captura-de-pantalla-2023-10-31-a-les-9.49.49.png\"},{\"@type\":\"BreadcrumbList\",\"@id\":\"https:\/\/www.prioratenoturisme.com\/que-fer-al-priorat-del-1-al-15-de-novembre\/#breadcrumb\",\"itemListElement\":[{\"@type\":\"ListItem\",\"position\":1,\"name\":\"Portada\",\"item\":\"https:\/\/www.prioratenoturisme.com\/es\/inicio-vive-el-priorat\/\"},{\"@type\":\"ListItem\",\"position\":2,\"name\":\"QU\u00c9 HACER EN EL PRIORAT DEL 1 AL 15 DE NOVIEMBRE\"}]},{\"@type\":\"WebSite\",\"@id\":\"https:\/\/www.prioratenoturisme.com\/#website\",\"url\":\"https:\/\/www.prioratenoturisme.com\/\",\"name\":\"Priorat Enoturisme\",\"description\":\"Viu el Priorat\",\"publisher\":{\"@id\":\"https:\/\/www.prioratenoturisme.com\/#organization\"},\"potentialAction\":[{\"@type\":\"SearchAction\",\"target\":{\"@type\":\"EntryPoint\",\"urlTemplate\":\"https:\/\/www.prioratenoturisme.com\/?s={search_term_string}\"},\"query-input\":{\"@type\":\"PropertyValueSpecification\",\"valueRequired\":true,\"valueName\":\"search_term_string\"}}],\"inLanguage\":\"es\"},{\"@type\":\"Organization\",\"@id\":\"https:\/\/www.prioratenoturisme.com\/#organization\",\"name\":\"Priorat Enoturisme\",\"url\":\"https:\/\/www.prioratenoturisme.com\/\",\"logo\":{\"@type\":\"ImageObject\",\"inLanguage\":\"es\",\"@id\":\"https:\/\/www.prioratenoturisme.com\/#\/schema\/logo\/image\/\",\"url\":\"https:\/\/www.prioratenoturisme.com\/wp-content\/uploads\/2023\/03\/cropped-FAVICON.png\",\"contentUrl\":\"https:\/\/www.prioratenoturisme.com\/wp-content\/uploads\/2023\/03\/cropped-FAVICON.png\",\"width\":512,\"height\":512,\"caption\":\"Priorat Enoturisme\"},\"image\":{\"@id\":\"https:\/\/www.prioratenoturisme.com\/#\/schema\/logo\/image\/\"},\"sameAs\":[\"https:\/\/www.facebook.com\/prioratenoturisme\/\",\"https:\/\/www.instagram.com\/prioratenoturisme\/\"]},{\"@type\":\"Person\",\"@id\":\"https:\/\/www.prioratenoturisme.com\/#\/schema\/person\/21cb071ed0505ebc2f5e911eca6dccf7\",\"name\":\"Priorat Enoturisme\",\"image\":{\"@type\":\"ImageObject\",\"inLanguage\":\"es\",\"@id\":\"https:\/\/www.prioratenoturisme.com\/#\/schema\/person\/image\/\",\"url\":\"https:\/\/secure.gravatar.com\/avatar\/18e124132141ce8f3b812fb2b92f98d9180a5b7a1f465cb453ca291f504ea831?s=96&d=mm&r=g\",\"contentUrl\":\"https:\/\/secure.gravatar.com\/avatar\/18e124132141ce8f3b812fb2b92f98d9180a5b7a1f465cb453ca291f504ea831?s=96&d=mm&r=g\",\"caption\":\"Priorat Enoturisme\"},\"url\":\"https:\/\/www.prioratenoturisme.com\/es\/author\/prioratenoturisme_gestio\/\"}]}<\/script>\n<!-- \/ Yoast SEO plugin. -->","yoast_head_json":{"title":"QU\u00c9 HACER EN EL PRIORAT DEL 1 AL 15 DE NOVIEMBRE - Priorat Enoturisme","robots":{"index":"index","follow":"follow","max-snippet":"max-snippet:-1","max-image-preview":"max-image-preview:large","max-video-preview":"max-video-preview:-1"},"canonical":"https:\/\/www.prioratenoturisme.com\/que-fer-al-priorat-del-1-al-15-de-novembre\/","og_locale":"es_ES","og_type":"article","og_title":"QU\u00c9 HACER EN EL PRIORAT DEL 1 AL 15 DE NOVIEMBRE - Priorat Enoturisme","og_description":"Por San Mart\u00edn mata el cerdo y empieza el vino. Dicho popular ENOTURISMO LLEGA PRONTO EL VINO NOVEL A LA BODEGA MASROIG &nbsp; &nbsp; &nbsp; VISITA A LA BODEGA DEVINSSI CON CATA DE VINO NOVEL, DOQ PRIORAT (D\u00cdA MUNDIAL DEL ENOTURISMO) Este a\u00f1o, la vendienta ha sido m\u00e1s limitada debido a la sequ\u00eda , y [&hellip;]","og_url":"https:\/\/www.prioratenoturisme.com\/que-fer-al-priorat-del-1-al-15-de-novembre\/","og_site_name":"Priorat Enoturisme","article_publisher":"https:\/\/www.facebook.com\/prioratenoturisme\/","article_published_time":"2023-10-31T16:41:10+00:00","article_modified_time":"2023-10-31T16:43:22+00:00","og_image":[{"url":"https:\/\/www.prioratenoturisme.com\/wp-content\/uploads\/Captura-de-pantalla-2023-10-31-a-les-9.49.49.png","type":"","width":"","height":""}],"author":"Priorat Enoturisme","twitter_card":"summary_large_image","twitter_misc":{"Escrito por":"Priorat Enoturisme","Tiempo de lectura":"10 minutos"},"schema":{"@context":"https:\/\/schema.org","@graph":[{"@type":"Article","@id":"https:\/\/www.prioratenoturisme.com\/que-fer-al-priorat-del-1-al-15-de-novembre\/#article","isPartOf":{"@id":"https:\/\/www.prioratenoturisme.com\/que-fer-al-priorat-del-1-al-15-de-novembre\/"},"author":{"name":"Priorat Enoturisme","@id":"https:\/\/www.prioratenoturisme.com\/#\/schema\/person\/21cb071ed0505ebc2f5e911eca6dccf7"},"headline":"QU\u00c9 HACER EN EL PRIORAT DEL 1 AL 15 DE NOVIEMBRE","datePublished":"2023-10-31T16:41:10+00:00","dateModified":"2023-10-31T16:43:22+00:00","mainEntityOfPage":{"@id":"https:\/\/www.prioratenoturisme.com\/que-fer-al-priorat-del-1-al-15-de-novembre\/"},"wordCount":2050,"commentCount":0,"publisher":{"@id":"https:\/\/www.prioratenoturisme.com\/#organization"},"image":{"@id":"https:\/\/www.prioratenoturisme.com\/que-fer-al-priorat-del-1-al-15-de-novembre\/#primaryimage"},"thumbnailUrl":"https:\/\/www.prioratenoturisme.com\/wp-content\/uploads\/Captura-de-pantalla-2023-10-31-a-les-9.49.49.png","keywords":["agenda","enoturisme","enoturismo","oto\u00f1o","priorat"],"articleSection":["Blog"],"inLanguage":"es","potentialAction":[{"@type":"CommentAction","name":"Comment","target":["https:\/\/www.prioratenoturisme.com\/que-fer-al-priorat-del-1-al-15-de-novembre\/#respond"]}]},{"@type":"WebPage","@id":"https:\/\/www.prioratenoturisme.com\/que-fer-al-priorat-del-1-al-15-de-novembre\/","url":"https:\/\/www.prioratenoturisme.com\/que-fer-al-priorat-del-1-al-15-de-novembre\/","name":"QU\u00c9 HACER EN EL PRIORAT DEL 1 AL 15 DE NOVIEMBRE - Priorat Enoturisme","isPartOf":{"@id":"https:\/\/www.prioratenoturisme.com\/#website"},"primaryImageOfPage":{"@id":"https:\/\/www.prioratenoturisme.com\/que-fer-al-priorat-del-1-al-15-de-novembre\/#primaryimage"},"image":{"@id":"https:\/\/www.prioratenoturisme.com\/que-fer-al-priorat-del-1-al-15-de-novembre\/#primaryimage"},"thumbnailUrl":"https:\/\/www.prioratenoturisme.com\/wp-content\/uploads\/Captura-de-pantalla-2023-10-31-a-les-9.49.49.png","datePublished":"2023-10-31T16:41:10+00:00","dateModified":"2023-10-31T16:43:22+00:00","breadcrumb":{"@id":"https:\/\/www.prioratenoturisme.com\/que-fer-al-priorat-del-1-al-15-de-novembre\/#breadcrumb"},"inLanguage":"es","potentialAction":[{"@type":"ReadAction","target":["https:\/\/www.prioratenoturisme.com\/que-fer-al-priorat-del-1-al-15-de-novembre\/"]}]},{"@type":"ImageObject","inLanguage":"es","@id":"https:\/\/www.prioratenoturisme.com\/que-fer-al-priorat-del-1-al-15-de-novembre\/#primaryimage","url":"https:\/\/www.prioratenoturisme.com\/wp-content\/uploads\/Captura-de-pantalla-2023-10-31-a-les-9.49.49.png","contentUrl":"https:\/\/www.prioratenoturisme.com\/wp-content\/uploads\/Captura-de-pantalla-2023-10-31-a-les-9.49.49.png"},{"@type":"BreadcrumbList","@id":"https:\/\/www.prioratenoturisme.com\/que-fer-al-priorat-del-1-al-15-de-novembre\/#breadcrumb","itemListElement":[{"@type":"ListItem","position":1,"name":"Portada","item":"https:\/\/www.prioratenoturisme.com\/es\/inicio-vive-el-priorat\/"},{"@type":"ListItem","position":2,"name":"QU\u00c9 HACER EN EL PRIORAT DEL 1 AL 15 DE NOVIEMBRE"}]},{"@type":"WebSite","@id":"https:\/\/www.prioratenoturisme.com\/#website","url":"https:\/\/www.prioratenoturisme.com\/","name":"Priorat Enoturisme","description":"Viu el Priorat","publisher":{"@id":"https:\/\/www.prioratenoturisme.com\/#organization"},"potentialAction":[{"@type":"SearchAction","target":{"@type":"EntryPoint","urlTemplate":"https:\/\/www.prioratenoturisme.com\/?s={search_term_string}"},"query-input":{"@type":"PropertyValueSpecification","valueRequired":true,"valueName":"search_term_string"}}],"inLanguage":"es"},{"@type":"Organization","@id":"https:\/\/www.prioratenoturisme.com\/#organization","name":"Priorat Enoturisme","url":"https:\/\/www.prioratenoturisme.com\/","logo":{"@type":"ImageObject","inLanguage":"es","@id":"https:\/\/www.prioratenoturisme.com\/#\/schema\/logo\/image\/","url":"https:\/\/www.prioratenoturisme.com\/wp-content\/uploads\/2023\/03\/cropped-FAVICON.png","contentUrl":"https:\/\/www.prioratenoturisme.com\/wp-content\/uploads\/2023\/03\/cropped-FAVICON.png","width":512,"height":512,"caption":"Priorat Enoturisme"},"image":{"@id":"https:\/\/www.prioratenoturisme.com\/#\/schema\/logo\/image\/"},"sameAs":["https:\/\/www.facebook.com\/prioratenoturisme\/","https:\/\/www.instagram.com\/prioratenoturisme\/"]},{"@type":"Person","@id":"https:\/\/www.prioratenoturisme.com\/#\/schema\/person\/21cb071ed0505ebc2f5e911eca6dccf7","name":"Priorat Enoturisme","image":{"@type":"ImageObject","inLanguage":"es","@id":"https:\/\/www.prioratenoturisme.com\/#\/schema\/person\/image\/","url":"https:\/\/secure.gravatar.com\/avatar\/18e124132141ce8f3b812fb2b92f98d9180a5b7a1f465cb453ca291f504ea831?s=96&d=mm&r=g","contentUrl":"https:\/\/secure.gravatar.com\/avatar\/18e124132141ce8f3b812fb2b92f98d9180a5b7a1f465cb453ca291f504ea831?s=96&d=mm&r=g","caption":"Priorat Enoturisme"},"url":"https:\/\/www.prioratenoturisme.com\/es\/author\/prioratenoturisme_gestio\/"}]}},"_links":{"self":[{"href":"https:\/\/www.prioratenoturisme.com\/es\/wp-json\/wp\/v2\/posts\/31921","targetHints":{"allow":["GET"]}}],"collection":[{"href":"https:\/\/www.prioratenoturisme.com\/es\/wp-json\/wp\/v2\/posts"}],"about":[{"href":"https:\/\/www.prioratenoturisme.com\/es\/wp-json\/wp\/v2\/types\/post"}],"author":[{"embeddable":true,"href":"https:\/\/www.prioratenoturisme.com\/es\/wp-json\/wp\/v2\/users\/2"}],"replies":[{"embeddable":true,"href":"https:\/\/www.prioratenoturisme.com\/es\/wp-json\/wp\/v2\/comments?post=31921"}],"version-history":[{"count":7,"href":"https:\/\/www.prioratenoturisme.com\/es\/wp-json\/wp\/v2\/posts\/31921\/revisions"}],"predecessor-version":[{"id":31931,"href":"https:\/\/www.prioratenoturisme.com\/es\/wp-json\/wp\/v2\/posts\/31921\/revisions\/31931"}],"wp:attachment":[{"href":"https:\/\/www.prioratenoturisme.com\/es\/wp-json\/wp\/v2\/media?parent=31921"}],"wp:term":[{"taxonomy":"category","embeddable":true,"href":"https:\/\/www.prioratenoturisme.com\/es\/wp-json\/wp\/v2\/categories?post=31921"},{"taxonomy":"post_tag","embeddable":true,"href":"https:\/\/www.prioratenoturisme.com\/es\/wp-json\/wp\/v2\/tags?post=31921"}],"curies":[{"name":"wp","href":"https:\/\/api.w.org\/{rel}","templated":true}]}}