{"id":33897,"date":"2023-11-08T14:27:04","date_gmt":"2023-11-08T13:27:04","guid":{"rendered":"https:\/\/www.prioratenoturisme.com\/?p=33897"},"modified":"2023-11-17T16:44:39","modified_gmt":"2023-11-17T15:44:39","slug":"que-hacer-en-el-priorat-del-15-al-31-de-noviembre","status":"publish","type":"post","link":"https:\/\/www.prioratenoturisme.com\/es\/que-hacer-en-el-priorat-del-15-al-31-de-noviembre\/","title":{"rendered":"QU\u00c9 HACER EN EL PRIORAT DEL 15 AL 31 DE NOVIEMBRE"},"content":{"rendered":"<p>[et_pb_section fb_built=\u00bb1&#8243; admin_label=\u00bbREFRANEO\u00bb _builder_version=\u00bb4.20.4&#8243; _module_preset=\u00bbdefault\u00bb global_colors_info=\u00bb{}\u00bb][et_pb_row admin_label=\u00bbREFRANY\u00bb _builder_version=\u00bb4.20.4&#8243; _module_preset=\u00bbdefault\u00bb global_colors_info=\u00bb{}\u00bb][et_pb_column type=\u00bb4_4&#8243; _builder_version=\u00bb4.20.4&#8243; _module_preset=\u00bbdefault\u00bb global_colors_info=\u00bb{}\u00bb][et_pb_testimonial quote_icon_color=\u00bb#FFFFFF\u00bb quote_icon_background_color=\u00bb#7E8032&#8243; admin_label=\u00bbREFRANY\u00bb _builder_version=\u00bb4.20.4&#8243; _module_preset=\u00bbdefault\u00bb border_width_all=\u00bb2px\u00bb border_color_all=\u00bb#909C2D\u00bb global_colors_info=\u00bb{}\u00bb]<\/p>\n<p><span>Despu\u00e9s de San Mart\u00edn, deja el agua y bebe el vino.<\/span><\/p>\n<p style=\"text-align: center;\">Dicho popular<\/p>\n<p>[\/et_pb_testimonial][\/et_pb_column][\/et_pb_row][et_pb_row _builder_version=\u00bb4.20.4&#8243; _module_preset=\u00bbdefault\u00bb global_colors_info=\u00bb{}\u00bb][et_pb_column type=\u00bb4_4&#8243; _builder_version=\u00bb4.20.4&#8243; _module_preset=\u00bbdefault\u00bb global_colors_info=\u00bb{}\u00bb][et_pb_divider _builder_version=\u00bb4.20.4&#8243; _module_preset=\u00bbdefault\u00bb global_colors_info=\u00bb{}\u00bb][\/et_pb_divider][\/et_pb_column][\/et_pb_row][\/et_pb_section][et_pb_section fb_built=\u00bb1&#8243; admin_label=\u00bbSECCI\u00d3 ENOTURISME\u00bb _builder_version=\u00bb4.20.4&#8243; _module_preset=\u00bbdefault\u00bb min_height=\u00bb891.7px\u00bb custom_padding=\u00bb||0px|||\u00bb global_colors_info=\u00bb{}\u00bb][et_pb_row admin_label=\u00bbTITULO ENOTURISMO\u00bb _builder_version=\u00bb4.20.4&#8243; _module_preset=\u00bbdefault\u00bb custom_margin=\u00bb-73px|auto||auto||\u00bb global_colors_info=\u00bb{}\u00bb][et_pb_column type=\u00bb4_4&#8243; _builder_version=\u00bb4.20.4&#8243; _module_preset=\u00bbdefault\u00bb global_colors_info=\u00bb{}\u00bb][et_pb_text _builder_version=\u00bb4.20.4&#8243; _module_preset=\u00bbdefault\u00bb global_colors_info=\u00bb{}\u00bb]<\/p>\n<h2><strong><span style=\"color: #808000;\">ENOTURISMO<\/span><\/strong><\/h2>\n<p>[\/et_pb_text][\/et_pb_column][\/et_pb_row][et_pb_row column_structure=\u00bb1_2,1_2&#8243; admin_label=\u00bbACTIVIDAD ENOTURISMO\u00bb _builder_version=\u00bb4.20.4&#8243; _module_preset=\u00bbdefault\u00bb global_colors_info=\u00bb{}\u00bb][et_pb_column type=\u00bb1_2&#8243; _builder_version=\u00bb4.20.4&#8243; _module_preset=\u00bbdefault\u00bb global_colors_info=\u00bb{}\u00bb][et_pb_text admin_label=\u00bbFOTO FIRA RANCIS\u00bb _builder_version=\u00bb4.20.4&#8243; _module_preset=\u00bbdefault\u00bb hover_enabled=\u00bb0&#8243; global_colors_info=\u00bb{}\u00bb content__hover_enabled=\u00bboff|desktop\u00bb sticky_enabled=\u00bb0&#8243;]<\/p>\n<p class=\"p1\"><b>FERIA DE SANT ANDREU, FALSET<\/b><\/p>\n<p class=\"p1\"><b>2\u00aa Muestra de rancios y dulces del Priorat<\/b><\/p>\n<p class=\"p1\"><img loading=\"lazy\" decoding=\"async\" src=\"https:\/\/www.prioratenoturisme.com\/wp-content\/uploads\/Captura-de-pantalla-2023-11-17-a-les-12.00.47-727x1024.png\" width=\"727\" height=\"1024\" alt=\"\" class=\"wp-image-33878 alignleft size-large\" srcset=\"https:\/\/www.prioratenoturisme.com\/wp-content\/uploads\/Captura-de-pantalla-2023-11-17-a-les-12.00.47-727x1024.png 727w, https:\/\/www.prioratenoturisme.com\/wp-content\/uploads\/Captura-de-pantalla-2023-11-17-a-les-12.00.47-480x676.png 480w\" sizes=\"(min-width: 0px) and (max-width: 480px) 480px, (min-width: 481px) 727px, 100vw\" \/><\/p>\n<p>[\/et_pb_text][\/et_pb_column][et_pb_column type=\u00bb1_2&#8243; _builder_version=\u00bb4.20.4&#8243; _module_preset=\u00bbdefault\u00bb global_colors_info=\u00bb{}\u00bb][et_pb_text admin_label=\u00bbTEXT RANCIS\u00bb _builder_version=\u00bb4.20.4&#8243; _module_preset=\u00bbdefault\u00bb custom_margin=\u00bb||0px|0px|false|false\u00bb border_color_all=\u00bb#7E8032&#8243; global_colors_info=\u00bb{}\u00bb]<\/p>\n<p>&nbsp;<\/p>\n<p>&nbsp;<\/p>\n<p>La Fira cuenta con muchas actividades pero os queremos destacar:<\/p>\n<p>17:00 &#8211; 21:00 h. Abside del Castillo de Falset FERIA 2\u00aa Muestra de Rancios y Dulces del Priorat<\/p>\n<p>El Priorat es una comarca con una larga tradici\u00f3n de vinos rancios y dulces, muchos de ellos pasando de generaci\u00f3n en generaci\u00f3n y con gran reconocimiento de la cr\u00edtica internacional.<\/p>\n<p>Bodegas de la DO Montsant y DOQ Priorat nos presentar\u00e1n sus vinos en la sala del Absis del Castillo de Falset.<\/p>\n<p>Organiza: Feria del Vino de Falset y Ayuntamiento de Falset<\/p>\n<p>Precio: 18 \u20ac entrada para probar lo que se quiera<\/p>\n<p>&nbsp;<\/p>\n<p>Con las bodegas socios:<\/p>\n<p>Bodega de Cap\u00e7anes<\/p>\n<p>Viticultores Mas d&#8217;en Gil<\/p>\n<p>Vin\u00edcola del PrioratCoca y Fit\u00f3<\/p>\n<p>Cooperativa Falset Mar\u00e7\u00e0<\/p>\n<p>&nbsp;<\/p>\n<p>[\/et_pb_text][et_pb_button button_url=\u00bbhttps:\/\/www.falset.org\/sites\/default\/files\/diapositives\/documents\/fira_sant_andreu_2023_reedicio.pdf\u00bb url_new_window=\u00bbon\u00bb button_text=\u00bbM\u00e1s informaci\u00f3n\u00bb button_alignment=\u00bbleft\u00bb _builder_version=\u00bb4.20.4&#8243; _module_preset=\u00bbdefault\u00bb custom_margin=\u00bb0px||||false|false\u00bb custom_margin_tablet=\u00bb\u00bb custom_margin_phone=\u00bb\u00bb custom_margin_last_edited=\u00bbon|desktop\u00bb global_colors_info=\u00bb{}\u00bb][\/et_pb_button][\/et_pb_column][\/et_pb_row][et_pb_row _builder_version=\u00bb4.20.4&#8243; _module_preset=\u00bbdefault\u00bb global_colors_info=\u00bb{}\u00bb][et_pb_column type=\u00bb4_4&#8243; _builder_version=\u00bb4.20.4&#8243; _module_preset=\u00bbdefault\u00bb global_colors_info=\u00bb{}\u00bb][et_pb_divider color=\u00bb#6E7E25&#8243; _builder_version=\u00bb4.20.4&#8243; _module_preset=\u00bbdefault\u00bb global_colors_info=\u00bb{}\u00bb][\/et_pb_divider][\/et_pb_column][\/et_pb_row][\/et_pb_section][et_pb_section fb_built=\u00bb1&#8243; admin_label=\u00bbACTIVITATS CULTURALS\u00bb _builder_version=\u00bb4.20.4&#8243; _module_preset=\u00bbdefault\u00bb global_colors_info=\u00bb{}\u00bb][et_pb_row admin_label=\u00bbTITULO CULTURA\u00bb _builder_version=\u00bb4.20.4&#8243; _module_preset=\u00bbdefault\u00bb custom_margin=\u00bb-70px|auto||auto||\u00bb global_colors_info=\u00bb{}\u00bb][et_pb_column type=\u00bb4_4&#8243; _builder_version=\u00bb4.20.4&#8243; _module_preset=\u00bbdefault\u00bb global_colors_info=\u00bb{}\u00bb][et_pb_text admin_label=\u00bbTITOL CULTURA\u00bb _builder_version=\u00bb4.20.4&#8243; _module_preset=\u00bbdefault\u00bb global_colors_info=\u00bb{}\u00bb]<\/p>\n<h2><strong><span style=\"color: #808000;\">CULTURA<\/span><\/strong><\/h2>\n<p>[\/et_pb_text][\/et_pb_column][\/et_pb_row][et_pb_row column_structure=\u00bb1_2,1_2&#8243; admin_label=\u00bbACTIVIDADES CULTURALES\u00bb _builder_version=\u00bb4.20.4&#8243; _module_preset=\u00bbdefault\u00bb custom_margin=\u00bb-25px|auto||auto||\u00bb global_colors_info=\u00bb{}\u00bb][et_pb_column type=\u00bb1_2&#8243; _builder_version=\u00bb4.20.4&#8243; _module_preset=\u00bbdefault\u00bb global_colors_info=\u00bb{}\u00bb][et_pb_text admin_label=\u00bbtext los fumero terrer\u00bb _builder_version=\u00bb4.20.4&#8243; _module_preset=\u00bbdefault\u00bb background_color=\u00bbRGBA(255,255,255,0)\u00bb border_color_all=\u00bb#7E8032&#8243; global_colors_info=\u00bb{}\u00bb]<\/p>\n<div class=\"field field--name-node-title field--type-ds field--label-hidden field__item\">\n<p><strong>FESTIVAL TERRER<\/strong><\/p>\n<p><strong><\/strong><\/p>\n<\/div>\n<div class=\"info\">\n<div class=\"info-left\">\n<div class=\"field field--name-field-date-text field--type-string field--label-hidden field__item\" style=\"text-align: justify;\">LOS FUMERO<\/div>\n<div class=\"field field--name-field-date-text field--type-string field--label-hidden field__item\" style=\"text-align: justify;\">S\u00e1bado 18 de noviembre <span style=\"font-size: 14px;\">a las 19:00 h<\/span> <span style=\"font-size: 14px;\">22\u20ac<\/span><\/div>\n<div class=\"location\">\n<div class=\"field field--name-field-location field--type-string field--label-hidden field__item\" style=\"text-align: justify;\">Teatro de Cabac\u00e9s<\/div>\n<div class=\"field field--name-field-town field--type-entity-reference field--label-hidden field__item\" style=\"text-align: justify;\"><span>Dos m\u00fasicos unidos por un mismo apellido que ya es historia viva del jazz en nuestro pa\u00eds presentan este proyecto excepcional formado por la pianista y cantante Lucia Fumero y el contrabajista Horacio Fumero. Padre e hija evidencian una complicidad natural inmortalizada en su primer disco a d\u00fao donde podr\u00e1 escuchar composiciones propias como Camino o Torcacita y arreglos propios de canciones del repertorio de la m\u00fasica popular de Latinoam\u00e9rica.<\/span><\/div>\n<\/div>\n<\/div>\n<\/div>\n<p>[\/et_pb_text][et_pb_text admin_label=\u00bbtext CARLES terrer\u00bb _builder_version=\u00bb4.20.4&#8243; _module_preset=\u00bbdefault\u00bb background_color=\u00bbRGBA(255,255,255,0)\u00bb border_color_all=\u00bb#7E8032&#8243; global_colors_info=\u00bb{}\u00bb]<\/p>\n<div class=\"info\">\n<div class=\"info-left\">\n<div class=\"location\">\n<div class=\"field field--name-field-town field--type-entity-reference field--label-hidden field__item\" style=\"text-align: justify;\">SAN JOSEX &amp; CARLOS BELDA \u00abCANTUD\u00bb<\/div>\n<div class=\"field field--name-field-town field--type-entity-reference field--label-hidden field__item\">\n<div class=\"info\" style=\"text-align: justify;\">\n<div class=\"info-left\">\n<div class=\"field field--name-field-date-text field--type-string field--label-hidden field__item\">\n<div class=\"info\">\n<div class=\"info-left\">\n<div class=\"field field--name-field-date-text field--type-string field--label-hidden field__item\">S\u00e1bado 2 de diciembre a las 19:00 h<\/div>\n<div class=\"field field--name-field-price field--type-string field--label-hidden field__item\">25\u20ac El Casal, Porrera<\/div>\n<\/div>\n<\/div>\n<\/div>\n<\/div>\n<\/div>\n<p class=\"p1\" style=\"text-align: justify;\"><span>Los dos Carlos se sumergieron de lleno en el cancionero online Cantut: Canciones de tradici\u00f3n oral, impulsado por el music\u00f3logo Albert Massip y que rastrea la huella del canto de tradici\u00f3n oral en las comarcas de Girona. Entonces reun\u00eda unas mil grabaciones (\u00a1ahora ya son casi el doble!) y entre todos escogieron las quince canciones que acabar\u00edan configurando el disco que, en clave de homenaje, bautizaron con el mismo nombre que el cancionero. Dos m\u00fasicos de Osona, la violinista Coloma Bertran y el multiinstrumentista Jordi Casades\u00fas, se sumaron a la aventura para transportar este cancionero a una nueva dimensi\u00f3n, siempre con un pie pegado a la tradici\u00f3n y el otro jugando con la vanguardia.<\/span><\/p>\n<\/div>\n<\/div>\n<\/div>\n<\/div>\n<p>[\/et_pb_text][et_pb_button button_url=\u00bbhttps:\/\/entradium.com\/es\/events\/los-fumero\u00bb button_text=\u00bbCompra tu entrada aqu\u00ed\u00bb _builder_version=\u00bb4.20.4&#8243; _module_preset=\u00bbdefault\u00bb global_colors_info=\u00bb{}\u00bb][\/et_pb_button][\/et_pb_column][et_pb_column type=\u00bb1_2&#8243; _builder_version=\u00bb4.20.4&#8243; _module_preset=\u00bbdefault\u00bb global_colors_info=\u00bb{}\u00bb][et_pb_text admin_label=\u00bbfoto los fumero\u00bb _builder_version=\u00bb4.20.4&#8243; _module_preset=\u00bbdefault\u00bb background_color=\u00bbRGBA(255,255,255,0)\u00bb custom_margin=\u00bb|||0px|false|false\u00bb border_width_all=\u00bb2px\u00bb border_color_all=\u00bb#7E8032&#8243; border_width_top=\u00bb0px\u00bb border_width_right=\u00bb0px\u00bb border_width_bottom=\u00bb0px\u00bb border_width_left=\u00bb0px\u00bb border_color_left=\u00bbRGBA(255,255,255,0)\u00bb global_colors_info=\u00bb{}\u00bb]<\/p>\n<div class=\"field field--name-node-title field--type-ds field--label-hidden field__item\">\n<div class=\"field field-name-field-additional-info field-type-text-long field-label-hidden\">\n<div class=\"field-items\">\n<div class=\"field-item even\">\n<p><img loading=\"lazy\" decoding=\"async\" src=\"https:\/\/www.prioratenoturisme.com\/wp-content\/uploads\/Captura-de-pantalla-2023-11-17-a-les-12.15.52-202x300.png\" width=\"202\" height=\"300\" alt=\"\" class=\"wp-image-33866 alignleft size-medium\"><\/p>\n<\/div>\n<\/div>\n<\/div>\n<\/div>\n<p>&nbsp;<\/p>\n<p class=\"p1\">\n<p class=\"p1\"><img loading=\"lazy\" decoding=\"async\" src=\"https:\/\/www.prioratenoturisme.com\/wp-content\/uploads\/Captura-de-pantalla-2023-11-17-a-les-12.36.38-300x237.png\" width=\"300\" height=\"237\" alt=\"\" class=\"wp-image-33875 alignleft size-medium\"><\/p>\n<p>[\/et_pb_text][\/et_pb_column][\/et_pb_row][et_pb_row column_structure=\u00bb1_2,1_2&#8243; admin_label=\u00bbACTIVIDADES CULTURALES\u00bb _builder_version=\u00bb4.20.4&#8243; _module_preset=\u00bbdefault\u00bb custom_margin=\u00bb-25px|auto||auto||\u00bb global_colors_info=\u00bb{}\u00bb][et_pb_column type=\u00bb1_2&#8243; _builder_version=\u00bb4.20.4&#8243; _module_preset=\u00bbdefault\u00bb global_colors_info=\u00bb{}\u00bb][et_pb_divider color=\u00bb#6E7E25&#8243; _builder_version=\u00bb4.20.4&#8243; _module_preset=\u00bbdefault\u00bb global_colors_info=\u00bb{}\u00bb][\/et_pb_divider][et_pb_text admin_label=\u00bbText most festival\u00bb _builder_version=\u00bb4.20.4&#8243; _module_preset=\u00bbdefault\u00bb background_color=\u00bbRGBA(255,255,255,0)\u00bb border_color_all=\u00bb#7E8032&#8243; global_colors_info=\u00bb{}\u00bb]<\/p>\n<div class=\"field field--name-node-title field--type-ds field--label-hidden field__item\">\n<p><strong>MOST FESTIVAL INTERNACIONAL DE CINE DEL VINO<\/strong><\/p>\n<\/div>\n<div class=\"info\">\n<div class=\"info-left\">\n<div class=\"field field--name-field-date-text field--type-string field--label-hidden field__item\">\n<p>Most Festival es un evento de alcance internacional que recoge la mejor producci\u00f3n audiovisual relacionada con la cultura del vi\u00f1edo, el vino y el cava. Asimismo, el festival brinda por el buen cine con la proyecci\u00f3n de pel\u00edculas de grandes directores no estrenadas comercialmente.<\/p>\n<p>Situado en el Pened\u00e8s, y desde 2016 tambi\u00e9n en el Priorat, dos territorios de una larga tradici\u00f3n vin\u00edcola y diversos atractivos enotur\u00edsticos, el festival quiere difundir las artes y las culturas vin\u00edcolas a trav\u00e9s de la creaci\u00f3n audiovisual, as\u00ed como acercarse al enolog\u00eda desde todas las vertientes posibles, potenciando valores como la calidad, la diversidad o la implicaci\u00f3n con el territorio.<\/p>\n<\/div>\n<\/div>\n<\/div>\n<p>[\/et_pb_text][et_pb_button button_url=\u00bbhttps:\/\/www.mostfestival.cat\/programa\/\u00bb button_text=\u00bbM\u00e1s informaci\u00f3n y entradas aqu\u00ed\u00bb _builder_version=\u00bb4.20.4&#8243; _module_preset=\u00bbdefault\u00bb global_colors_info=\u00bb{}\u00bb][\/et_pb_button][\/et_pb_column][et_pb_column type=\u00bb1_2&#8243; _builder_version=\u00bb4.20.4&#8243; _module_preset=\u00bbdefault\u00bb global_colors_info=\u00bb{}\u00bb][et_pb_text admin_label=\u00bbfoto progama most\u00bb _builder_version=\u00bb4.20.4&#8243; _module_preset=\u00bbdefault\u00bb background_color=\u00bbRGBA(255,255,255,0)\u00bb custom_margin=\u00bb|||0px|false|false\u00bb border_width_all=\u00bb2px\u00bb border_color_all=\u00bb#7E8032&#8243; border_width_top=\u00bb0px\u00bb border_width_right=\u00bb0px\u00bb border_width_bottom=\u00bb0px\u00bb border_width_left=\u00bb0px\u00bb border_color_left=\u00bbRGBA(255,255,255,0)\u00bb global_colors_info=\u00bb{}\u00bb]<\/p>\n<div class=\"field field--name-node-title field--type-ds field--label-hidden field__item\">\n<div class=\"field field-name-field-additional-info field-type-text-long field-label-hidden\">\n<div class=\"field-items\">\n<div class=\"field-item even\">\n<p><img loading=\"lazy\" decoding=\"async\" src=\"https:\/\/www.prioratenoturisme.com\/wp-content\/uploads\/Diseno-sin-titulo-7.png\" width=\"1200\" height=\"800\" alt=\"\" class=\"wp-image-33872 aligncenter size-full\" srcset=\"https:\/\/www.prioratenoturisme.com\/wp-content\/uploads\/Diseno-sin-titulo-7.png 1200w, https:\/\/www.prioratenoturisme.com\/wp-content\/uploads\/Diseno-sin-titulo-7-980x653.png 980w, https:\/\/www.prioratenoturisme.com\/wp-content\/uploads\/Diseno-sin-titulo-7-480x320.png 480w\" sizes=\"(min-width: 0px) and (max-width: 480px) 480px, (min-width: 481px) and (max-width: 980px) 980px, (min-width: 981px) 1200px, 100vw\" \/><\/p>\n<\/div>\n<\/div>\n<\/div>\n<\/div>\n<p>&nbsp;<\/p>\n<p class=\"p1\">[\/et_pb_text][\/et_pb_column][\/et_pb_row][et_pb_row _builder_version=\u00bb4.20.4&#8243; _module_preset=\u00bbdefault\u00bb global_colors_info=\u00bb{}\u00bb][et_pb_column type=\u00bb4_4&#8243; _builder_version=\u00bb4.20.4&#8243; _module_preset=\u00bbdefault\u00bb global_colors_info=\u00bb{}\u00bb][et_pb_divider color=\u00bb#6E7E25&#8243; _builder_version=\u00bb4.20.4&#8243; _module_preset=\u00bbdefault\u00bb global_colors_info=\u00bb{}\u00bb][\/et_pb_divider][\/et_pb_column][\/et_pb_row][\/et_pb_section][et_pb_section fb_built=\u00bb1&#8243; admin_label=\u00bbI BEN AVIAT&#8230;.\u00bb _builder_version=\u00bb4.20.4&#8243; _module_preset=\u00bbdefault\u00bb min_height=\u00bb859.4px\u00bb custom_margin=\u00bb-81px||-150px|||\u00bb global_colors_info=\u00bb{}\u00bb][et_pb_row admin_label=\u00bbTITULO Y BIEN PRONTO&#8230;\u00bb _builder_version=\u00bb4.20.4&#8243; _module_preset=\u00bbdefault\u00bb min_height=\u00bb40.6px\u00bb global_colors_info=\u00bb{}\u00bb][et_pb_column type=\u00bb4_4&#8243; _builder_version=\u00bb4.20.4&#8243; _module_preset=\u00bbdefault\u00bb global_colors_info=\u00bb{}\u00bb][et_pb_text admin_label=\u00bbTITOL I BEN AVIAT&#8230;\u00bb _builder_version=\u00bb4.20.4&#8243; _module_preset=\u00bbdefault\u00bb global_colors_info=\u00bb{}\u00bb]<\/p>\n<h2><span style=\"color: #808000;\"><strong>Y NOS SUMAMOS AL RECONOCIMIENTO A &#8230;<\/strong><\/span><\/h2>\n<p>[\/et_pb_text][\/et_pb_column][\/et_pb_row][et_pb_row column_structure=\u00bb1_2,1_2&#8243; _builder_version=\u00bb4.20.4&#8243; _module_preset=\u00bbdefault\u00bb global_colors_info=\u00bb{}\u00bb][et_pb_column type=\u00bb1_2&#8243; _builder_version=\u00bb4.20.4&#8243; _module_preset=\u00bbdefault\u00bb global_colors_info=\u00bb{}\u00bb][et_pb_text admin_label=\u00bbFOTO AGUILO\u00bb _builder_version=\u00bb4.20.4&#8243; _module_preset=\u00bbdefault\u00bb background_color=\u00bbRGBA(255,255,255,0)\u00bb border_color_all=\u00bb#7E8032&#8243; global_colors_info=\u00bb{}\u00bb]<\/p>\n<p><img loading=\"lazy\" decoding=\"async\" src=\"https:\/\/www.prioratenoturisme.com\/wp-content\/uploads\/Captura-de-pantalla-2023-11-17-a-les-13.41.29.png\" width=\"778\" height=\"679\" alt=\"\" class=\"wp-image-33881 alignleft size-full\" srcset=\"https:\/\/www.prioratenoturisme.com\/wp-content\/uploads\/Captura-de-pantalla-2023-11-17-a-les-13.41.29.png 778w, https:\/\/www.prioratenoturisme.com\/wp-content\/uploads\/Captura-de-pantalla-2023-11-17-a-les-13.41.29-480x419.png 480w\" sizes=\"(min-width: 0px) and (max-width: 480px) 480px, (min-width: 481px) 778px, 100vw\" \/><\/p>\n<p>[\/et_pb_text][\/et_pb_column][et_pb_column type=\u00bb1_2&#8243; _builder_version=\u00bb4.20.4&#8243; _module_preset=\u00bbdefault\u00bb global_colors_info=\u00bb{}\u00bb][et_pb_text admin_label=\u00bbText AGUIL\u00d3\u00bb _builder_version=\u00bb4.20.4&#8243; _module_preset=\u00bbdefault\u00bb background_color=\u00bbRGBA(255,255,255,0)\u00bb custom_margin=\u00bb|||0px|false|false\u00bb border_color_all=\u00bbRGBA(255,255,255,0)\u00bb border_style_all=\u00bbnone\u00bb border_width_top=\u00bb0px\u00bb border_width_right=\u00bb0px\u00bb border_width_bottom=\u00bb0px\u00bb border_width_left=\u00bb3px\u00bb border_color_left=\u00bb#909C2D\u00bb global_colors_info=\u00bb{}\u00bb]<\/p>\n<div class=\"field field--name-node-title field--type-ds field--label-hidden field__item\"><\/div>\n<p><strong>AGUIL\u00d3 VINATERIA<\/strong><\/p>\n<div class=\"field field-name-body field-type-text-with-summary field-label-hidden\">\n<div class=\"field-items\">\n<div class=\"field-item even\">\n<p><strong>Aguil\u00f3 Vinateria, de Falset, obtuvo el premio como<\/strong><span> <\/span><strong>mejor tienda especializada en el International Wine Challenge Industry Awards Spain 2023<\/strong> . Se trata de unos premios que en el Estado se conceden desde hace 8 a\u00f1os, aunque en Reino Unido, donde nacieron, se entregan desde hace 25 a\u00f1os y cuentan con un gran prestigio.<\/p>\n<p>Aguil\u00f3 Vinateria es un establecimiento hist\u00f3rico de Falset, especializado en los vinos de Priorat y Montsant. Como afirma una de las cabezas visibles frente a la empresa, Enric Aguil\u00f3, \u201ca m\u00ed me gusta explicar que, en el fondo, nosotros hemos crecido en paralelo al resurgimiento vitivin\u00edcola de esta comarca porque hace treinta a\u00f1os la mayor\u00eda de bodegas que ahora hay, simplemente no exist\u00edan. Casi todo son nuevos proyectos. As\u00ed que nos ha tocado evolucionar junto a nosotros, y muchas cosas las hemos aprendido juntos. A nosotros nos ha tocado ser el testimonio comercial de un resurgimiento enol\u00f3gico, vin\u00edcola y social fuera de serie\u201d.<\/p>\n<p>Enric Aguil\u00f3 se muestra muy satisfecho por el premio recibido que, a su entender, tambi\u00e9n es un reconocimiento a todo el trabajo que se ha realizado en un territorio peque\u00f1o y rural como es la comarca del Priorat.  <\/p>\n<\/div>\n<\/div>\n<\/div>\n<div class=\"field field-name-field-etiquetes field-type-taxonomy-term-reference field-label-above\"><\/div>\n<p style=\"padding-left: 40px;\">[\/et_pb_text][\/et_pb_column][\/et_pb_row][et_pb_row _builder_version=\u00bb4.20.4&#8243; _module_preset=\u00bbdefault\u00bb global_colors_info=\u00bb{}\u00bb][et_pb_column type=\u00bb4_4&#8243; _builder_version=\u00bb4.20.4&#8243; _module_preset=\u00bbdefault\u00bb global_colors_info=\u00bb{}\u00bb][et_pb_divider _builder_version=\u00bb4.20.4&#8243; _module_preset=\u00bbdefault\u00bb global_colors_info=\u00bb{}\u00bb][\/et_pb_divider][\/et_pb_column][\/et_pb_row][\/et_pb_section]<\/p>\n","protected":false},"excerpt":{"rendered":"<p>Despu\u00e9s de San Mart\u00edn, deja el agua y bebe el vino. Dicho popularENOTURISMOFERIA DE SANT ANDREU, FALSET 2\u00aa Muestra de rancios y dulces del Priorat &nbsp; &nbsp; La Fira cuenta con muchas actividades pero os queremos destacar: 17:00 &#8211; 21:00 h. Abside del Castillo de Falset FERIA 2\u00aa Muestra de Rancios y Dulces del Priorat [&hellip;]<\/p>\n","protected":false},"author":2,"featured_media":29927,"comment_status":"open","ping_status":"open","sticky":false,"template":"","format":"standard","meta":{"_acf_changed":false,"_et_pb_use_builder":"on","_et_pb_old_content":"","_et_gb_content_width":"","footnotes":""},"categories":[297],"tags":[301,298,299,220],"class_list":["post-33897","post","type-post","status-publish","format-standard","has-post-thumbnail","hentry","category-blog-es","tag-agenda-es","tag-enoturismo-es","tag-otono-es","tag-priorat"],"acf":[],"yoast_head":"<!-- This site is optimized with the Yoast SEO plugin v25.6 - https:\/\/yoast.com\/wordpress\/plugins\/seo\/ -->\n<title>QU\u00c9 HACER EN EL PRIORAT DEL 15 AL 31 DE NOVIEMBRE - Priorat Enoturisme<\/title>\n<meta name=\"robots\" content=\"index, follow, max-snippet:-1, max-image-preview:large, max-video-preview:-1\" \/>\n<link rel=\"canonical\" href=\"https:\/\/www.prioratenoturisme.com\/que-fer-al-priorat-del-15-al-31-de-novembre\/\" \/>\n<meta property=\"og:locale\" content=\"es_ES\" \/>\n<meta property=\"og:type\" content=\"article\" \/>\n<meta property=\"og:title\" content=\"QU\u00c9 HACER EN EL PRIORAT DEL 15 AL 31 DE NOVIEMBRE - Priorat Enoturisme\" \/>\n<meta property=\"og:description\" content=\"Despu\u00e9s de San Mart\u00edn, deja el agua y bebe el vino. Dicho popularENOTURISMOFERIA DE SANT ANDREU, FALSET 2\u00aa Muestra de rancios y dulces del Priorat &nbsp; &nbsp; La Fira cuenta con muchas actividades pero os queremos destacar: 17:00 - 21:00 h. Abside del Castillo de Falset FERIA 2\u00aa Muestra de Rancios y Dulces del Priorat [&hellip;]\" \/>\n<meta property=\"og:url\" content=\"https:\/\/www.prioratenoturisme.com\/que-fer-al-priorat-del-15-al-31-de-novembre\/\" \/>\n<meta property=\"og:site_name\" content=\"Priorat Enoturisme\" \/>\n<meta property=\"article:publisher\" content=\"https:\/\/www.facebook.com\/prioratenoturisme\/\" \/>\n<meta property=\"article:published_time\" content=\"2023-11-08T13:27:04+00:00\" \/>\n<meta property=\"article:modified_time\" content=\"2023-11-17T15:44:39+00:00\" \/>\n<meta property=\"og:image\" content=\"https:\/\/www.prioratenoturisme.com\/wp-content\/uploads\/QUE-FER-AL-PRIORAT-1.png\" \/>\n\t<meta property=\"og:image:width\" content=\"1200\" \/>\n\t<meta property=\"og:image:height\" content=\"800\" \/>\n\t<meta property=\"og:image:type\" content=\"image\/png\" \/>\n<meta name=\"author\" content=\"Priorat Enoturisme\" \/>\n<meta name=\"twitter:card\" content=\"summary_large_image\" \/>\n<meta name=\"twitter:label1\" content=\"Escrito por\" \/>\n\t<meta name=\"twitter:data1\" content=\"Priorat Enoturisme\" \/>\n\t<meta name=\"twitter:label2\" content=\"Tiempo de lectura\" \/>\n\t<meta name=\"twitter:data2\" content=\"9 minutos\" \/>\n<script type=\"application\/ld+json\" class=\"yoast-schema-graph\">{\"@context\":\"https:\/\/schema.org\",\"@graph\":[{\"@type\":\"Article\",\"@id\":\"https:\/\/www.prioratenoturisme.com\/que-fer-al-priorat-del-15-al-31-de-novembre\/#article\",\"isPartOf\":{\"@id\":\"https:\/\/www.prioratenoturisme.com\/que-fer-al-priorat-del-15-al-31-de-novembre\/\"},\"author\":{\"name\":\"Priorat Enoturisme\",\"@id\":\"https:\/\/www.prioratenoturisme.com\/#\/schema\/person\/21cb071ed0505ebc2f5e911eca6dccf7\"},\"headline\":\"QU\u00c9 HACER EN EL PRIORAT DEL 15 AL 31 DE NOVIEMBRE\",\"datePublished\":\"2023-11-08T13:27:04+00:00\",\"dateModified\":\"2023-11-17T15:44:39+00:00\",\"mainEntityOfPage\":{\"@id\":\"https:\/\/www.prioratenoturisme.com\/que-fer-al-priorat-del-15-al-31-de-novembre\/\"},\"wordCount\":1905,\"commentCount\":0,\"publisher\":{\"@id\":\"https:\/\/www.prioratenoturisme.com\/#organization\"},\"image\":{\"@id\":\"https:\/\/www.prioratenoturisme.com\/que-fer-al-priorat-del-15-al-31-de-novembre\/#primaryimage\"},\"thumbnailUrl\":\"https:\/\/www.prioratenoturisme.com\/wp-content\/uploads\/QUE-FER-AL-PRIORAT-1.png\",\"keywords\":[\"agenda\",\"enoturismo\",\"oto\u00f1o\",\"priorat\"],\"articleSection\":[\"Blog\"],\"inLanguage\":\"es\",\"potentialAction\":[{\"@type\":\"CommentAction\",\"name\":\"Comment\",\"target\":[\"https:\/\/www.prioratenoturisme.com\/que-fer-al-priorat-del-15-al-31-de-novembre\/#respond\"]}]},{\"@type\":\"WebPage\",\"@id\":\"https:\/\/www.prioratenoturisme.com\/que-fer-al-priorat-del-15-al-31-de-novembre\/\",\"url\":\"https:\/\/www.prioratenoturisme.com\/que-fer-al-priorat-del-15-al-31-de-novembre\/\",\"name\":\"QU\u00c9 HACER EN EL PRIORAT DEL 15 AL 31 DE NOVIEMBRE - Priorat Enoturisme\",\"isPartOf\":{\"@id\":\"https:\/\/www.prioratenoturisme.com\/#website\"},\"primaryImageOfPage\":{\"@id\":\"https:\/\/www.prioratenoturisme.com\/que-fer-al-priorat-del-15-al-31-de-novembre\/#primaryimage\"},\"image\":{\"@id\":\"https:\/\/www.prioratenoturisme.com\/que-fer-al-priorat-del-15-al-31-de-novembre\/#primaryimage\"},\"thumbnailUrl\":\"https:\/\/www.prioratenoturisme.com\/wp-content\/uploads\/QUE-FER-AL-PRIORAT-1.png\",\"datePublished\":\"2023-11-08T13:27:04+00:00\",\"dateModified\":\"2023-11-17T15:44:39+00:00\",\"breadcrumb\":{\"@id\":\"https:\/\/www.prioratenoturisme.com\/que-fer-al-priorat-del-15-al-31-de-novembre\/#breadcrumb\"},\"inLanguage\":\"es\",\"potentialAction\":[{\"@type\":\"ReadAction\",\"target\":[\"https:\/\/www.prioratenoturisme.com\/que-fer-al-priorat-del-15-al-31-de-novembre\/\"]}]},{\"@type\":\"ImageObject\",\"inLanguage\":\"es\",\"@id\":\"https:\/\/www.prioratenoturisme.com\/que-fer-al-priorat-del-15-al-31-de-novembre\/#primaryimage\",\"url\":\"https:\/\/www.prioratenoturisme.com\/wp-content\/uploads\/QUE-FER-AL-PRIORAT-1.png\",\"contentUrl\":\"https:\/\/www.prioratenoturisme.com\/wp-content\/uploads\/QUE-FER-AL-PRIORAT-1.png\",\"width\":1200,\"height\":800},{\"@type\":\"BreadcrumbList\",\"@id\":\"https:\/\/www.prioratenoturisme.com\/que-fer-al-priorat-del-15-al-31-de-novembre\/#breadcrumb\",\"itemListElement\":[{\"@type\":\"ListItem\",\"position\":1,\"name\":\"Portada\",\"item\":\"https:\/\/www.prioratenoturisme.com\/es\/inicio-vive-el-priorat\/\"},{\"@type\":\"ListItem\",\"position\":2,\"name\":\"QU\u00c9 HACER EN EL PRIORAT DEL 15 AL 31 DE NOVIEMBRE\"}]},{\"@type\":\"WebSite\",\"@id\":\"https:\/\/www.prioratenoturisme.com\/#website\",\"url\":\"https:\/\/www.prioratenoturisme.com\/\",\"name\":\"Priorat Enoturisme\",\"description\":\"Viu el Priorat\",\"publisher\":{\"@id\":\"https:\/\/www.prioratenoturisme.com\/#organization\"},\"potentialAction\":[{\"@type\":\"SearchAction\",\"target\":{\"@type\":\"EntryPoint\",\"urlTemplate\":\"https:\/\/www.prioratenoturisme.com\/?s={search_term_string}\"},\"query-input\":{\"@type\":\"PropertyValueSpecification\",\"valueRequired\":true,\"valueName\":\"search_term_string\"}}],\"inLanguage\":\"es\"},{\"@type\":\"Organization\",\"@id\":\"https:\/\/www.prioratenoturisme.com\/#organization\",\"name\":\"Priorat Enoturisme\",\"url\":\"https:\/\/www.prioratenoturisme.com\/\",\"logo\":{\"@type\":\"ImageObject\",\"inLanguage\":\"es\",\"@id\":\"https:\/\/www.prioratenoturisme.com\/#\/schema\/logo\/image\/\",\"url\":\"https:\/\/www.prioratenoturisme.com\/wp-content\/uploads\/2023\/03\/cropped-FAVICON.png\",\"contentUrl\":\"https:\/\/www.prioratenoturisme.com\/wp-content\/uploads\/2023\/03\/cropped-FAVICON.png\",\"width\":512,\"height\":512,\"caption\":\"Priorat Enoturisme\"},\"image\":{\"@id\":\"https:\/\/www.prioratenoturisme.com\/#\/schema\/logo\/image\/\"},\"sameAs\":[\"https:\/\/www.facebook.com\/prioratenoturisme\/\",\"https:\/\/www.instagram.com\/prioratenoturisme\/\"]},{\"@type\":\"Person\",\"@id\":\"https:\/\/www.prioratenoturisme.com\/#\/schema\/person\/21cb071ed0505ebc2f5e911eca6dccf7\",\"name\":\"Priorat Enoturisme\",\"image\":{\"@type\":\"ImageObject\",\"inLanguage\":\"es\",\"@id\":\"https:\/\/www.prioratenoturisme.com\/#\/schema\/person\/image\/\",\"url\":\"https:\/\/secure.gravatar.com\/avatar\/18e124132141ce8f3b812fb2b92f98d9180a5b7a1f465cb453ca291f504ea831?s=96&d=mm&r=g\",\"contentUrl\":\"https:\/\/secure.gravatar.com\/avatar\/18e124132141ce8f3b812fb2b92f98d9180a5b7a1f465cb453ca291f504ea831?s=96&d=mm&r=g\",\"caption\":\"Priorat Enoturisme\"},\"url\":\"https:\/\/www.prioratenoturisme.com\/es\/author\/prioratenoturisme_gestio\/\"}]}<\/script>\n<!-- \/ Yoast SEO plugin. -->","yoast_head_json":{"title":"QU\u00c9 HACER EN EL PRIORAT DEL 15 AL 31 DE NOVIEMBRE - Priorat Enoturisme","robots":{"index":"index","follow":"follow","max-snippet":"max-snippet:-1","max-image-preview":"max-image-preview:large","max-video-preview":"max-video-preview:-1"},"canonical":"https:\/\/www.prioratenoturisme.com\/que-fer-al-priorat-del-15-al-31-de-novembre\/","og_locale":"es_ES","og_type":"article","og_title":"QU\u00c9 HACER EN EL PRIORAT DEL 15 AL 31 DE NOVIEMBRE - Priorat Enoturisme","og_description":"Despu\u00e9s de San Mart\u00edn, deja el agua y bebe el vino. Dicho popularENOTURISMOFERIA DE SANT ANDREU, FALSET 2\u00aa Muestra de rancios y dulces del Priorat &nbsp; &nbsp; La Fira cuenta con muchas actividades pero os queremos destacar: 17:00 - 21:00 h. Abside del Castillo de Falset FERIA 2\u00aa Muestra de Rancios y Dulces del Priorat [&hellip;]","og_url":"https:\/\/www.prioratenoturisme.com\/que-fer-al-priorat-del-15-al-31-de-novembre\/","og_site_name":"Priorat Enoturisme","article_publisher":"https:\/\/www.facebook.com\/prioratenoturisme\/","article_published_time":"2023-11-08T13:27:04+00:00","article_modified_time":"2023-11-17T15:44:39+00:00","og_image":[{"width":1200,"height":800,"url":"https:\/\/www.prioratenoturisme.com\/wp-content\/uploads\/QUE-FER-AL-PRIORAT-1.png","type":"image\/png"}],"author":"Priorat Enoturisme","twitter_card":"summary_large_image","twitter_misc":{"Escrito por":"Priorat Enoturisme","Tiempo de lectura":"9 minutos"},"schema":{"@context":"https:\/\/schema.org","@graph":[{"@type":"Article","@id":"https:\/\/www.prioratenoturisme.com\/que-fer-al-priorat-del-15-al-31-de-novembre\/#article","isPartOf":{"@id":"https:\/\/www.prioratenoturisme.com\/que-fer-al-priorat-del-15-al-31-de-novembre\/"},"author":{"name":"Priorat Enoturisme","@id":"https:\/\/www.prioratenoturisme.com\/#\/schema\/person\/21cb071ed0505ebc2f5e911eca6dccf7"},"headline":"QU\u00c9 HACER EN EL PRIORAT DEL 15 AL 31 DE NOVIEMBRE","datePublished":"2023-11-08T13:27:04+00:00","dateModified":"2023-11-17T15:44:39+00:00","mainEntityOfPage":{"@id":"https:\/\/www.prioratenoturisme.com\/que-fer-al-priorat-del-15-al-31-de-novembre\/"},"wordCount":1905,"commentCount":0,"publisher":{"@id":"https:\/\/www.prioratenoturisme.com\/#organization"},"image":{"@id":"https:\/\/www.prioratenoturisme.com\/que-fer-al-priorat-del-15-al-31-de-novembre\/#primaryimage"},"thumbnailUrl":"https:\/\/www.prioratenoturisme.com\/wp-content\/uploads\/QUE-FER-AL-PRIORAT-1.png","keywords":["agenda","enoturismo","oto\u00f1o","priorat"],"articleSection":["Blog"],"inLanguage":"es","potentialAction":[{"@type":"CommentAction","name":"Comment","target":["https:\/\/www.prioratenoturisme.com\/que-fer-al-priorat-del-15-al-31-de-novembre\/#respond"]}]},{"@type":"WebPage","@id":"https:\/\/www.prioratenoturisme.com\/que-fer-al-priorat-del-15-al-31-de-novembre\/","url":"https:\/\/www.prioratenoturisme.com\/que-fer-al-priorat-del-15-al-31-de-novembre\/","name":"QU\u00c9 HACER EN EL PRIORAT DEL 15 AL 31 DE NOVIEMBRE - Priorat Enoturisme","isPartOf":{"@id":"https:\/\/www.prioratenoturisme.com\/#website"},"primaryImageOfPage":{"@id":"https:\/\/www.prioratenoturisme.com\/que-fer-al-priorat-del-15-al-31-de-novembre\/#primaryimage"},"image":{"@id":"https:\/\/www.prioratenoturisme.com\/que-fer-al-priorat-del-15-al-31-de-novembre\/#primaryimage"},"thumbnailUrl":"https:\/\/www.prioratenoturisme.com\/wp-content\/uploads\/QUE-FER-AL-PRIORAT-1.png","datePublished":"2023-11-08T13:27:04+00:00","dateModified":"2023-11-17T15:44:39+00:00","breadcrumb":{"@id":"https:\/\/www.prioratenoturisme.com\/que-fer-al-priorat-del-15-al-31-de-novembre\/#breadcrumb"},"inLanguage":"es","potentialAction":[{"@type":"ReadAction","target":["https:\/\/www.prioratenoturisme.com\/que-fer-al-priorat-del-15-al-31-de-novembre\/"]}]},{"@type":"ImageObject","inLanguage":"es","@id":"https:\/\/www.prioratenoturisme.com\/que-fer-al-priorat-del-15-al-31-de-novembre\/#primaryimage","url":"https:\/\/www.prioratenoturisme.com\/wp-content\/uploads\/QUE-FER-AL-PRIORAT-1.png","contentUrl":"https:\/\/www.prioratenoturisme.com\/wp-content\/uploads\/QUE-FER-AL-PRIORAT-1.png","width":1200,"height":800},{"@type":"BreadcrumbList","@id":"https:\/\/www.prioratenoturisme.com\/que-fer-al-priorat-del-15-al-31-de-novembre\/#breadcrumb","itemListElement":[{"@type":"ListItem","position":1,"name":"Portada","item":"https:\/\/www.prioratenoturisme.com\/es\/inicio-vive-el-priorat\/"},{"@type":"ListItem","position":2,"name":"QU\u00c9 HACER EN EL PRIORAT DEL 15 AL 31 DE NOVIEMBRE"}]},{"@type":"WebSite","@id":"https:\/\/www.prioratenoturisme.com\/#website","url":"https:\/\/www.prioratenoturisme.com\/","name":"Priorat Enoturisme","description":"Viu el Priorat","publisher":{"@id":"https:\/\/www.prioratenoturisme.com\/#organization"},"potentialAction":[{"@type":"SearchAction","target":{"@type":"EntryPoint","urlTemplate":"https:\/\/www.prioratenoturisme.com\/?s={search_term_string}"},"query-input":{"@type":"PropertyValueSpecification","valueRequired":true,"valueName":"search_term_string"}}],"inLanguage":"es"},{"@type":"Organization","@id":"https:\/\/www.prioratenoturisme.com\/#organization","name":"Priorat Enoturisme","url":"https:\/\/www.prioratenoturisme.com\/","logo":{"@type":"ImageObject","inLanguage":"es","@id":"https:\/\/www.prioratenoturisme.com\/#\/schema\/logo\/image\/","url":"https:\/\/www.prioratenoturisme.com\/wp-content\/uploads\/2023\/03\/cropped-FAVICON.png","contentUrl":"https:\/\/www.prioratenoturisme.com\/wp-content\/uploads\/2023\/03\/cropped-FAVICON.png","width":512,"height":512,"caption":"Priorat Enoturisme"},"image":{"@id":"https:\/\/www.prioratenoturisme.com\/#\/schema\/logo\/image\/"},"sameAs":["https:\/\/www.facebook.com\/prioratenoturisme\/","https:\/\/www.instagram.com\/prioratenoturisme\/"]},{"@type":"Person","@id":"https:\/\/www.prioratenoturisme.com\/#\/schema\/person\/21cb071ed0505ebc2f5e911eca6dccf7","name":"Priorat Enoturisme","image":{"@type":"ImageObject","inLanguage":"es","@id":"https:\/\/www.prioratenoturisme.com\/#\/schema\/person\/image\/","url":"https:\/\/secure.gravatar.com\/avatar\/18e124132141ce8f3b812fb2b92f98d9180a5b7a1f465cb453ca291f504ea831?s=96&d=mm&r=g","contentUrl":"https:\/\/secure.gravatar.com\/avatar\/18e124132141ce8f3b812fb2b92f98d9180a5b7a1f465cb453ca291f504ea831?s=96&d=mm&r=g","caption":"Priorat Enoturisme"},"url":"https:\/\/www.prioratenoturisme.com\/es\/author\/prioratenoturisme_gestio\/"}]}},"_links":{"self":[{"href":"https:\/\/www.prioratenoturisme.com\/es\/wp-json\/wp\/v2\/posts\/33897","targetHints":{"allow":["GET"]}}],"collection":[{"href":"https:\/\/www.prioratenoturisme.com\/es\/wp-json\/wp\/v2\/posts"}],"about":[{"href":"https:\/\/www.prioratenoturisme.com\/es\/wp-json\/wp\/v2\/types\/post"}],"author":[{"embeddable":true,"href":"https:\/\/www.prioratenoturisme.com\/es\/wp-json\/wp\/v2\/users\/2"}],"replies":[{"embeddable":true,"href":"https:\/\/www.prioratenoturisme.com\/es\/wp-json\/wp\/v2\/comments?post=33897"}],"version-history":[{"count":10,"href":"https:\/\/www.prioratenoturisme.com\/es\/wp-json\/wp\/v2\/posts\/33897\/revisions"}],"predecessor-version":[{"id":33918,"href":"https:\/\/www.prioratenoturisme.com\/es\/wp-json\/wp\/v2\/posts\/33897\/revisions\/33918"}],"wp:featuredmedia":[{"embeddable":true,"href":"https:\/\/www.prioratenoturisme.com\/es\/wp-json\/wp\/v2\/media\/29927"}],"wp:attachment":[{"href":"https:\/\/www.prioratenoturisme.com\/es\/wp-json\/wp\/v2\/media?parent=33897"}],"wp:term":[{"taxonomy":"category","embeddable":true,"href":"https:\/\/www.prioratenoturisme.com\/es\/wp-json\/wp\/v2\/categories?post=33897"},{"taxonomy":"post_tag","embeddable":true,"href":"https:\/\/www.prioratenoturisme.com\/es\/wp-json\/wp\/v2\/tags?post=33897"}],"curies":[{"name":"wp","href":"https:\/\/api.w.org\/{rel}","templated":true}]}}