{"id":36178,"date":"2024-03-13T13:09:14","date_gmt":"2024-03-13T12:09:14","guid":{"rendered":"https:\/\/www.prioratenoturisme.com\/que-hacer-en-el-priorat-esta-semana-santa-2024\/"},"modified":"2024-03-13T13:23:01","modified_gmt":"2024-03-13T12:23:01","slug":"que-hacer-en-el-priorat-esta-semana-santa-2024","status":"publish","type":"post","link":"https:\/\/www.prioratenoturisme.com\/es\/que-hacer-en-el-priorat-esta-semana-santa-2024\/","title":{"rendered":"QU\u00c9 HACER EN EL PRIORAT ESTA SEMANA SANTA 2024"},"content":{"rendered":"<p>[et_pb_section fb_built=\u00bb1&#8243; admin_label=\u00bbREFRANY\u00bb _builder_version=\u00bb4.20.4&#8243; _module_preset=\u00bbdefault\u00bb custom_padding=\u00bb50px||0px|||\u00bb global_colors_info=\u00bb{}\u00bb][et_pb_row admin_label=\u00bbREFRANEO\u00bb _builder_version=\u00bb4.20.4&#8243; _module_preset=\u00bbdefault\u00bb global_colors_info=\u00bb{}\u00bb][et_pb_column type=\u00bb4_4&#8243; _builder_version=\u00bb4.20.4&#8243; _module_preset=\u00bbdefault\u00bb global_colors_info=\u00bb{}\u00bb][et_pb_testimonial quote_icon_color=\u00bb#FFFFFF\u00bb quote_icon_background_color=\u00bb#7E8032&#8243; admin_label=\u00bbREFRANY\u00bb _builder_version=\u00bb4.20.4&#8243; _module_preset=\u00bbdefault\u00bb custom_margin=\u00bb||-47px|||\u00bb border_width_all=\u00bb2px\u00bb border_color_all=\u00bb#909C2D\u00bb global_colors_info=\u00bb{}\u00bb]<\/p>\n<p style=\"text-align: center;\">Para Viernes Santo, cosecha el <a title=\"Tomillo\" href=\"https:\/\/ca.wikiquote.org\/wiki\/Farigola\">tomillo<\/a> en el campo.<\/p>\n<p style=\"text-align: center;\">Dicho popular<\/p>\n<p>[\/et_pb_testimonial][\/et_pb_column][\/et_pb_row][et_pb_row _builder_version=\u00bb4.20.4&#8243; _module_preset=\u00bbdefault\u00bb custom_margin=\u00bb-26px|auto||auto||\u00bb global_colors_info=\u00bb{}\u00bb][et_pb_column type=\u00bb4_4&#8243; _builder_version=\u00bb4.20.4&#8243; _module_preset=\u00bbdefault\u00bb global_colors_info=\u00bb{}\u00bb][et_pb_divider _builder_version=\u00bb4.20.4&#8243; _module_preset=\u00bbdefault\u00bb global_colors_info=\u00bb{}\u00bb][\/et_pb_divider][\/et_pb_column][\/et_pb_row][\/et_pb_section][et_pb_section fb_built=\u00bb1&#8243; admin_label=\u00bbSECCI\u00d3 GASTRO\u00bb _builder_version=\u00bb4.20.4&#8243; _module_preset=\u00bbdefault\u00bb min_height=\u00bb359.7px\u00bb custom_padding=\u00bb||0px|||\u00bb global_colors_info=\u00bb{}\u00bb][et_pb_row admin_label=\u00bbTITULO\u00bb _builder_version=\u00bb4.20.4&#8243; _module_preset=\u00bbdefault\u00bb custom_margin=\u00bb-83px|auto||auto||\u00bb custom_padding=\u00bb8px|||||\u00bb global_colors_info=\u00bb{}\u00bb][et_pb_column type=\u00bb4_4&#8243; _builder_version=\u00bb4.20.4&#8243; _module_preset=\u00bbdefault\u00bb global_colors_info=\u00bb{}\u00bb][\/et_pb_column][\/et_pb_row][et_pb_row admin_label=\u00bbTITULO\u00bb _builder_version=\u00bb4.20.4&#8243; _module_preset=\u00bbdefault\u00bb custom_margin=\u00bb-70px|auto||auto||\u00bb global_colors_info=\u00bb{}\u00bb][et_pb_column type=\u00bb4_4&#8243; _builder_version=\u00bb4.20.4&#8243; _module_preset=\u00bbdefault\u00bb global_colors_info=\u00bb{}\u00bb][et_pb_text admin_label=\u00bbI TAMB\u00c9\u00bb _builder_version=\u00bb4.20.4&#8243; _module_preset=\u00bbdefault\u00bb global_colors_info=\u00bb{}\u00bb]<\/p>\n<h2><strong><span style=\"color: #808000;\">GASTRONOM\u00cdA<\/span><\/strong><\/h2>\n<p>[\/et_pb_text][\/et_pb_column][\/et_pb_row][et_pb_row admin_label=\u00bbGASTRO\u00bb _builder_version=\u00bb4.20.4&#8243; _module_preset=\u00bbdefault\u00bb custom_margin=\u00bb-24px|auto||auto||\u00bb global_colors_info=\u00bb{}\u00bb][et_pb_column type=\u00bb4_4&#8243; _builder_version=\u00bb4.20.4&#8243; _module_preset=\u00bbdefault\u00bb global_colors_info=\u00bb{}\u00bb][et_pb_text admin_label=\u00bbtext\u00bb _builder_version=\u00bb4.20.4&#8243; _module_preset=\u00bbdefault\u00bb custom_margin=\u00bb||0px|0px|false|false\u00bb border_color_all=\u00bb#7E8032&#8243; global_colors_info=\u00bb{}\u00bb]<\/p>\n<p>Esta Semana Santa los establecimientos de PRIORAT ENOTURISMO hacen horarios especiales para poder atender a los visitantes.<\/p>\n<p>\u00a1Restaurantes y bodegas os esperan con los brazos abiertos!<\/p>\n<p><strong>\u00a1Sobre todo!  <\/strong><strong>Intente hacer sus reservas con tiempo.<\/strong><\/p>\n<p>&nbsp;<\/p>\n<p>[\/et_pb_text][et_pb_button button_url=\u00bbhttps:\/\/drive.google.com\/file\/d\/14QOf514gopaVWYGJ7AOxBq4cMzFjDhkJ\/view?usp=drive_link\u00bb button_text=\u00bbCONSULTA LOS HORARIOS AQU\u00cd\u00bb _builder_version=\u00bb4.20.4&#8243; _module_preset=\u00bbdefault\u00bb global_colors_info=\u00bb{}\u00bb][\/et_pb_button][\/et_pb_column][\/et_pb_row][\/et_pb_section][et_pb_section fb_built=\u00bb1&#8243; admin_label=\u00bbSECCI\u00d3 ENOTURISME\u00bb _builder_version=\u00bb4.20.4&#8243; _module_preset=\u00bbdefault\u00bb min_height=\u00bb1143.7px\u00bb custom_padding=\u00bb||0px|||\u00bb global_colors_info=\u00bb{}\u00bb][et_pb_row admin_label=\u00bbTITULO\u00bb _builder_version=\u00bb4.20.4&#8243; _module_preset=\u00bbdefault\u00bb custom_margin=\u00bb-70px|auto||auto||\u00bb global_colors_info=\u00bb{}\u00bb][et_pb_column type=\u00bb4_4&#8243; _builder_version=\u00bb4.20.4&#8243; _module_preset=\u00bbdefault\u00bb global_colors_info=\u00bb{}\u00bb][et_pb_text admin_label=\u00bbI TAMB\u00c9\u00bb _builder_version=\u00bb4.20.4&#8243; _module_preset=\u00bbdefault\u00bb global_colors_info=\u00bb{}\u00bb]<\/p>\n<h2><strong><span style=\"color: #808000;\">ENOTURISMO<\/span><\/strong><\/h2>\n<p>[\/et_pb_text][\/et_pb_column][\/et_pb_row][et_pb_row column_structure=\u00bb1_2,1_2&#8243; admin_label=\u00bbACTIVIDAD ENOTURISMO\u00bb _builder_version=\u00bb4.20.4&#8243; _module_preset=\u00bbdefault\u00bb global_colors_info=\u00bb{}\u00bb][et_pb_column type=\u00bb1_2&#8243; _builder_version=\u00bb4.20.4&#8243; _module_preset=\u00bbdefault\u00bb global_colors_info=\u00bb{}\u00bb][et_pb_text admin_label=\u00bbFOTO enigmasroig\u00bb _builder_version=\u00bb4.20.4&#8243; _module_preset=\u00bbdefault\u00bb global_colors_info=\u00bb{}\u00bb content__hover_enabled=\u00bboff|desktop\u00bb]<\/p>\n<p><img loading=\"lazy\" decoding=\"async\" class=\"alignleft wp-image-36131 size-full\" src=\"https:\/\/www.prioratenoturisme.com\/wp-content\/uploads\/Captura-de-pantalla-2024-03-13-a-les-11.15.36.png\" alt=\"\" width=\"820\" height=\"649\" srcset=\"https:\/\/www.prioratenoturisme.com\/wp-content\/uploads\/Captura-de-pantalla-2024-03-13-a-les-11.15.36.png 820w, https:\/\/www.prioratenoturisme.com\/wp-content\/uploads\/Captura-de-pantalla-2024-03-13-a-les-11.15.36-480x380.png 480w\" sizes=\"(min-width: 0px) and (max-width: 480px) 480px, (min-width: 481px) 820px, 100vw\" \/><\/p>\n<p>[\/et_pb_text][\/et_pb_column][et_pb_column type=\u00bb1_2&#8243; _builder_version=\u00bb4.20.4&#8243; _module_preset=\u00bbdefault\u00bb global_colors_info=\u00bb{}\u00bb][et_pb_text admin_label=\u00bbTEXT MASROIG\u00bb _builder_version=\u00bb4.20.4&#8243; _module_preset=\u00bbdefault\u00bb custom_margin=\u00bb||0px|0px|false|false\u00bb border_color_all=\u00bb#7E8032&#8243; global_colors_info=\u00bb{}\u00bb]<\/p>\n<p><strong>ENIGMASROIG (Masroig)<\/strong><\/p>\n<p><strong>BODEGA MASROIG. EnigmasroIG, bodega en familia. De lunes 11 a jueves 14 a las 16:00 h.<\/strong><\/p>\n<p>&nbsp;<\/p>\n<p>La actividad Enigmasroig est\u00e1 pensada para disfrutar en familia de una visita a la bodega m\u00e1s amena. Por eso, proponemos un recorrido en el que los ni\u00f1os podr\u00e1n aprender sobre su historia y ver c\u00f3mo se produce el vino mientras descifran una serie de enigmas y pistas, que les llevar\u00e1n a un premio al final de la visita.<\/p>\n<p>Desde las almazaras centenarias hasta la nueva nave de botas, podr\u00e1 descubrir la bodega y el mundo del vino de forma interactiva y divertida. Al final de la visita, se realizar\u00e1 una cata de vinos y los ni\u00f1os podr\u00e1n probar mosto y aceite de oliva virgen extra.<\/p>\n<p>Precio: 10\u20ac los adultos y 5\u20ac cada ni\u00f1o.<\/p>\n<p>Plazas: 1 familia por turno.<\/p>\n<p>Es necesaria reserva previa con un m\u00ednimo de un d\u00eda de antelaci\u00f3n. Disponibilidad seg\u00fan orden de reserva.<\/p>\n<p>&nbsp;<\/p>\n<p>[\/et_pb_text][et_pb_button button_url=\u00bbhttps:\/\/cellermasroig.com\/agenda-dactivitats-del-celler-durant-la-setmana-santa\/\u00bb url_new_window=\u00bbon\u00bb button_text=\u00bbM\u00e1s informaci\u00f3n\u00bb button_alignment=\u00bbleft\u00bb _builder_version=\u00bb4.20.4&#8243; _module_preset=\u00bbdefault\u00bb custom_margin=\u00bb0px||||false|false\u00bb custom_margin_tablet=\u00bb\u00bb custom_margin_phone=\u00bb\u00bb custom_margin_last_edited=\u00bbon|desktop\u00bb global_colors_info=\u00bb{}\u00bb][\/et_pb_button][\/et_pb_column][\/et_pb_row][et_pb_row _builder_version=\u00bb4.20.4&#8243; _module_preset=\u00bbdefault\u00bb global_colors_info=\u00bb{}\u00bb][et_pb_column type=\u00bb4_4&#8243; _builder_version=\u00bb4.20.4&#8243; _module_preset=\u00bbdefault\u00bb global_colors_info=\u00bb{}\u00bb][et_pb_divider color=\u00bb#6E7E25&#8243; _builder_version=\u00bb4.20.4&#8243; _module_preset=\u00bbdefault\u00bb global_colors_info=\u00bb{}\u00bb][\/et_pb_divider][\/et_pb_column][\/et_pb_row][et_pb_row column_structure=\u00bb1_2,1_2&#8243; admin_label=\u00bbACTIVIDAD ENOTURISMO\u00bb _builder_version=\u00bb4.20.4&#8243; _module_preset=\u00bbdefault\u00bb global_colors_info=\u00bb{}\u00bb][et_pb_column type=\u00bb1_2&#8243; _builder_version=\u00bb4.20.4&#8243; _module_preset=\u00bbdefault\u00bb global_colors_info=\u00bb{}\u00bb][et_pb_text admin_label=\u00bbFOTO Cornudella tast modernista\u00bb _builder_version=\u00bb4.20.4&#8243; _module_preset=\u00bbdefault\u00bb global_colors_info=\u00bb{}\u00bb content__hover_enabled=\u00bboff|desktop\u00bb]<\/p>\n<p><img loading=\"lazy\" decoding=\"async\" class=\"alignleft wp-image-36128\" src=\"https:\/\/www.prioratenoturisme.com\/wp-content\/uploads\/Captura-de-pantalla-2024-03-13-a-les-11.17.07-300x198.png\" alt=\"\" width=\"909\" height=\"600\" srcset=\"https:\/\/www.prioratenoturisme.com\/wp-content\/uploads\/Captura-de-pantalla-2024-03-13-a-les-11.17.07-300x198.png 909w, https:\/\/www.prioratenoturisme.com\/wp-content\/uploads\/Captura-de-pantalla-2024-03-13-a-les-11.17.07-480x317.png 480w\" sizes=\"(min-width: 0px) and (max-width: 480px) 480px, (min-width: 481px) 909px, 100vw\" \/><\/p>\n<p>[\/et_pb_text][\/et_pb_column][et_pb_column type=\u00bb1_2&#8243; _builder_version=\u00bb4.20.4&#8243; _module_preset=\u00bbdefault\u00bb global_colors_info=\u00bb{}\u00bb][et_pb_text admin_label=\u00bbTEXT CORNUDELLA\u00bb _builder_version=\u00bb4.20.4&#8243; _module_preset=\u00bbdefault\u00bb custom_margin=\u00bb||0px|0px|false|false\u00bb border_color_all=\u00bb#7E8032&#8243; global_colors_info=\u00bb{}\u00bb]<\/p>\n<p><strong>CATA DE MODERNISMO COOPERATIVA DE CORNUDELLA DE MONTSANT<\/strong><\/p>\n<p><strong>Con la Cata de Modernismo, descubrir\u00e1 las espectaculares instalaciones de esta bodega ya centenaria.<\/strong><\/p>\n<p>&nbsp;<\/p>\n<p>Un monumento industrial obra de C\u00e8sar Martinell, un arquitecto vallense que dej\u00f3 huella en la provincia tarraconense. Un edificio emblem\u00e1tico de Cornudella de Montsant que encontramos s\u00f3lo al entrar en el pueblo y un lugar especial para degustar unos vinos que con los a\u00f1os han ido madurando de la mejor forma posible.<\/p>\n<div>\n<p>Adem\u00e1s, podr\u00e1 descubrir los lugares sorprendentes del edificio, conocer\u00e1 las principales diferencias entre el proceso de elaboraci\u00f3n del vino de nuestros antepasados \u200b\u200by el actual sistema de producci\u00f3n y comercializaci\u00f3n.<\/p>\n<p>Al final de la visita, podr\u00e1 probar 3 de los vinos que se elaboran en la misma bodega, acompa\u00f1ados de unos productos locales.<\/p>\n<\/div>\n<div>\n<div>\n<div>\n<div>\n<div>\n<div>\n<p>S\u00e1bados a las 18h Aproximadamente: 1:30h<br \/>Para grupos de m\u00e1s de 10 personas, existe la opci\u00f3n de concertar visita especial.<br \/>ATENCI\u00d3N!! Es necesario reservar previamente, m\u00e1ximo a las 17h del mismo d\u00eda<\/p>\n<\/div>\n<\/div>\n<\/div>\n<\/div>\n<\/div>\n<div>\n<p>&nbsp;<\/p>\n<p>&nbsp;<\/p>\n<\/div>\n<\/div>\n<p>[\/et_pb_text][et_pb_button button_url=\u00bbhttps:\/\/montsantnatura.cat\/tastdemodernisme\/\u00bb url_new_window=\u00bbon\u00bb button_text=\u00bbM\u00e1s informaci\u00f3n\u00bb button_alignment=\u00bbleft\u00bb _builder_version=\u00bb4.20.4&#8243; _module_preset=\u00bbdefault\u00bb custom_margin=\u00bb0px||||false|false\u00bb custom_margin_tablet=\u00bb\u00bb custom_margin_phone=\u00bb\u00bb custom_margin_last_edited=\u00bbon|desktop\u00bb global_colors_info=\u00bb{}\u00bb][\/et_pb_button][\/et_pb_column][\/et_pb_row][et_pb_row _builder_version=\u00bb4.20.4&#8243; _module_preset=\u00bbdefault\u00bb global_colors_info=\u00bb{}\u00bb][et_pb_column type=\u00bb4_4&#8243; _builder_version=\u00bb4.20.4&#8243; _module_preset=\u00bbdefault\u00bb global_colors_info=\u00bb{}\u00bb][et_pb_divider color=\u00bb#6E7E25&#8243; _builder_version=\u00bb4.20.4&#8243; _module_preset=\u00bbdefault\u00bb global_colors_info=\u00bb{}\u00bb][\/et_pb_divider][\/et_pb_column][\/et_pb_row][et_pb_row column_structure=\u00bb1_2,1_2&#8243; admin_label=\u00bbACTIVIDAD ENOTURISMO\u00bb _builder_version=\u00bb4.20.4&#8243; _module_preset=\u00bbdefault\u00bb global_colors_info=\u00bb{}\u00bb][et_pb_column type=\u00bb1_2&#8243; _builder_version=\u00bb4.20.4&#8243; _module_preset=\u00bbdefault\u00bb global_colors_info=\u00bb{}\u00bb][et_pb_text admin_label=\u00bbFOTO Cornudella tast modernista\u00bb _builder_version=\u00bb4.20.4&#8243; _module_preset=\u00bbdefault\u00bb global_colors_info=\u00bb{}\u00bb content__hover_enabled=\u00bboff|desktop\u00bb]<\/p>\n<p><img loading=\"lazy\" decoding=\"async\" class=\"alignleft wp-image-36125\" src=\"https:\/\/www.prioratenoturisme.com\/wp-content\/uploads\/Captura-de-pantalla-2024-03-13-a-les-11.19.55-300x197.png\" alt=\"\" width=\"909\" height=\"596\" srcset=\"https:\/\/www.prioratenoturisme.com\/wp-content\/uploads\/Captura-de-pantalla-2024-03-13-a-les-11.19.55-300x197.png 909w, https:\/\/www.prioratenoturisme.com\/wp-content\/uploads\/Captura-de-pantalla-2024-03-13-a-les-11.19.55-480x315.png 480w\" sizes=\"(min-width: 0px) and (max-width: 480px) 480px, (min-width: 481px) 909px, 100vw\" \/><\/p>\n<p>[\/et_pb_text][\/et_pb_column][et_pb_column type=\u00bb1_2&#8243; _builder_version=\u00bb4.20.4&#8243; _module_preset=\u00bbdefault\u00bb global_colors_info=\u00bb{}\u00bb][et_pb_text admin_label=\u00bbTEXT virmut cornudella\u00bb _builder_version=\u00bb4.20.4&#8243; _module_preset=\u00bbdefault\u00bb custom_margin=\u00bb||0px|0px|false|false\u00bb border_color_all=\u00bb#7E8032&#8243; global_colors_info=\u00bb{}\u00bb]<\/p>\n<p><strong>VIRMUD  <\/strong><\/p>\n<p><strong>COOPERATIVA DE CORNUDELLA DE MONTSANT<\/strong><\/p>\n<p><strong>  La hora del vermut es uno de los mejores momentos del fin de semana. Ya sea con la pareja, la familia y los amigos.<\/strong><\/p>\n<p>&nbsp;<\/p>\n<p>Es por este motivo, que queremos invitar a nuestro Celler, un edificio modernista, centenario y cargado de sorpresas antiguas y bonitas para disfrutar de una actividad enogastron\u00f3mica, visitando la bodega, probando nuestro vermut, y dos de los vinos que elaboramos , y todo acompa\u00f1ado del t\u00edpico tentempi\u00e9.<\/p>\n<div>\n<div>\n<div>\n<div>\n<div>Domingos a las 12h<br \/>Para grupos de m\u00e1s de 10 personas, existe la opci\u00f3n de concertar visita especial.<br \/>ATENCI\u00d3N!! Es necesario reservar previamente, m\u00e1ximo a las 11h del mismo d\u00eda.<\/div>\n<\/div>\n<\/div>\n<\/div>\n<\/div>\n<div>\n<div>\n<div>\n<div> <\/div>\n<div>\n<div>Aproximadamente: 1:30h<\/div>\n<\/div>\n<\/div>\n<\/div>\n<\/div>\n<div>\n<div>\n<div>\n<div>\n<div>Adultos (+18 a\u00f1os): 12\u20ac<br \/>Infantil (de 5 a 17 a\u00f1os): 7\u20ac No incluye vino<\/div>\n<\/div>\n<div> <\/div>\n<div>\n<div> <\/div>\n<\/div>\n<\/div>\n<\/div>\n<\/div>\n<p>[\/et_pb_text][et_pb_button button_url=\u00bbhttps:\/\/montsantnatura.cat\/virmut\/\u00bb url_new_window=\u00bbon\u00bb button_text=\u00bbM\u00e1s informaci\u00f3n\u00bb button_alignment=\u00bbleft\u00bb _builder_version=\u00bb4.20.4&#8243; _module_preset=\u00bbdefault\u00bb custom_margin=\u00bb0px||||false|false\u00bb custom_margin_tablet=\u00bb\u00bb custom_margin_phone=\u00bb\u00bb custom_margin_last_edited=\u00bbon|desktop\u00bb global_colors_info=\u00bb{}\u00bb][\/et_pb_button][\/et_pb_column][\/et_pb_row][et_pb_row _builder_version=\u00bb4.20.4&#8243; _module_preset=\u00bbdefault\u00bb global_colors_info=\u00bb{}\u00bb][et_pb_column type=\u00bb4_4&#8243; _builder_version=\u00bb4.20.4&#8243; _module_preset=\u00bbdefault\u00bb global_colors_info=\u00bb{}\u00bb][et_pb_divider color=\u00bb#6E7E25&#8243; _builder_version=\u00bb4.20.4&#8243; _module_preset=\u00bbdefault\u00bb global_colors_info=\u00bb{}\u00bb][\/et_pb_divider][\/et_pb_column][\/et_pb_row][et_pb_row column_structure=\u00bb1_2,1_2&#8243; admin_label=\u00bbACTIVIDAD ENOTURISMO\u00bb _builder_version=\u00bb4.20.4&#8243; _module_preset=\u00bbdefault\u00bb global_colors_info=\u00bb{}\u00bb][et_pb_column type=\u00bb1_2&#8243; _builder_version=\u00bb4.20.4&#8243; _module_preset=\u00bbdefault\u00bb global_colors_info=\u00bb{}\u00bb][et_pb_text admin_label=\u00bbFOTO cartell Devinssi\u00bb _builder_version=\u00bb4.20.4&#8243; _module_preset=\u00bbdefault\u00bb global_colors_info=\u00bb{}\u00bb content__hover_enabled=\u00bboff|desktop\u00bb]<\/p>\n<p><img loading=\"lazy\" decoding=\"async\" class=\"alignleft wp-image-36122 size-full\" src=\"https:\/\/www.prioratenoturisme.com\/wp-content\/uploads\/Captura-de-pantalla-2024-03-13-a-les-11.26.47.png\" alt=\"\" width=\"600\" height=\"580\" srcset=\"https:\/\/www.prioratenoturisme.com\/wp-content\/uploads\/Captura-de-pantalla-2024-03-13-a-les-11.26.47.png 600w, https:\/\/www.prioratenoturisme.com\/wp-content\/uploads\/Captura-de-pantalla-2024-03-13-a-les-11.26.47-480x464.png 480w\" sizes=\"(min-width: 0px) and (max-width: 480px) 480px, (min-width: 481px) 600px, 100vw\" \/><\/p>\n<p>[\/et_pb_text][\/et_pb_column][et_pb_column type=\u00bb1_2&#8243; _builder_version=\u00bb4.20.4&#8243; _module_preset=\u00bbdefault\u00bb global_colors_info=\u00bb{}\u00bb][et_pb_text admin_label=\u00bbTEXT devinssi \u00bb _builder_version=\u00bb4.20.4&#8243; _module_preset=\u00bbdefault\u00bb custom_margin=\u00bb||0px|0px|false|false\u00bb border_color_all=\u00bb#7E8032&#8243; global_colors_info=\u00bb{}\u00bb]<\/p>\n<p><strong>CATA SORPRESA EN DEVINSSI (Gratallops)<\/strong><\/p>\n<p><strong>\u00bfNunca ha intentado hacer una cata de vinos a ciegas? Pues entre los vinos que se probar\u00e1n en Celler Devinssi esta Semana Santa (del 29 de marzo al 1 de abril), habr\u00e1 un vino sorpresa para descubrir y disfrutar.<\/strong><\/p>\n<p>&nbsp;<\/p>\n<p>Lo probaremos a ciegas. \u00a1Apto para todos los niveles de experiencia \/ de inter\u00e9s!<\/p>\n<p>La cata sorpresa incluye tambi\u00e9n una copa de nuestro cava \u00bb <a href=\"https:\/\/www.taulaseleccio.com\/ca\/producto\/le-jardin-de-ma-tante-do-cava-ecologic\/\" target=\"_blank\" rel=\"noopener\">Le jardin de ma tante<\/a> \u00ab<\/p>\n<p>Como visitantes disfrutar\u00e1, adem\u00e1s, de los descuentos sobre nuestro Mas de les Valls negre 2021 y podr\u00e1 participar en el sorteo de dos vales de 50\u20ac: <a href=\"https:\/\/devinssi.com\/ca\/elmesdelmas-2024-descomptes-i-sorteig-a-la-nostra-botiga-online\/\" target=\"_blank\" rel=\"noopener\">consulte aqu\u00ed las condiciones de la campa\u00f1a #ElMesDelMas<\/a> .<\/p>\n<p>La visita vale 20\u20ac \/ persona (m\u00ednimo 2 personas) e incluye:<\/p>\n<ul>\n<li>salida a la vi\u00f1a y explicaci\u00f3n de la bodega<\/li>\n<li>cata de 3 vinos tintos (uno de los cuales ser\u00e1 el vino sorpresa)<\/li>\n<\/ul>\n<p>[\/et_pb_text][et_pb_button button_url=\u00bbhttps:\/\/devinssi.com\/ca\/setmana-santa-al-priorat-cata-vins-sorpresa-al-celler-devinssi\/\u00bb url_new_window=\u00bbon\u00bb button_text=\u00bbM\u00e1s informaci\u00f3n\u00bb button_alignment=\u00bbleft\u00bb _builder_version=\u00bb4.20.4&#8243; _module_preset=\u00bbdefault\u00bb custom_margin=\u00bb0px||||false|false\u00bb custom_margin_tablet=\u00bb\u00bb custom_margin_phone=\u00bb\u00bb custom_margin_last_edited=\u00bbon|desktop\u00bb global_colors_info=\u00bb{}\u00bb][\/et_pb_button][\/et_pb_column][\/et_pb_row][et_pb_row _builder_version=\u00bb4.20.4&#8243; _module_preset=\u00bbdefault\u00bb global_colors_info=\u00bb{}\u00bb][et_pb_column type=\u00bb4_4&#8243; _builder_version=\u00bb4.20.4&#8243; _module_preset=\u00bbdefault\u00bb global_colors_info=\u00bb{}\u00bb][et_pb_divider color=\u00bb#6E7E25&#8243; _builder_version=\u00bb4.20.4&#8243; _module_preset=\u00bbdefault\u00bb global_colors_info=\u00bb{}\u00bb][\/et_pb_divider][\/et_pb_column][\/et_pb_row][et_pb_row column_structure=\u00bb1_2,1_2&#8243; admin_label=\u00bbACTIVIDAD ENOTURISMO\u00bb _builder_version=\u00bb4.20.4&#8243; _module_preset=\u00bbdefault\u00bb global_colors_info=\u00bb{}\u00bb][et_pb_column type=\u00bb1_2&#8243; _builder_version=\u00bb4.20.4&#8243; _module_preset=\u00bbdefault\u00bb global_colors_info=\u00bb{}\u00bb][et_pb_text admin_label=\u00bbFOTO TAST\u00bb _builder_version=\u00bb4.20.4&#8243; _module_preset=\u00bbdefault\u00bb global_colors_info=\u00bb{}\u00bb content__hover_enabled=\u00bboff|desktop\u00bb]<\/p>\n<p><img loading=\"lazy\" decoding=\"async\" class=\"alignleft wp-image-36119 size-full\" src=\"https:\/\/www.prioratenoturisme.com\/wp-content\/uploads\/Captura-de-pantalla-2024-03-13-a-les-11.28.01.png\" alt=\"\" width=\"962\" height=\"513\" srcset=\"https:\/\/www.prioratenoturisme.com\/wp-content\/uploads\/Captura-de-pantalla-2024-03-13-a-les-11.28.01.png 962w, https:\/\/www.prioratenoturisme.com\/wp-content\/uploads\/Captura-de-pantalla-2024-03-13-a-les-11.28.01-480x256.png 480w\" sizes=\"(min-width: 0px) and (max-width: 480px) 480px, (min-width: 481px) 962px, 100vw\" \/><\/p>\n<p>[\/et_pb_text][et_pb_text admin_label=\u00bbFOTO TAST\u00bb _builder_version=\u00bb4.20.4&#8243; _module_preset=\u00bbdefault\u00bb global_colors_info=\u00bb{}\u00bb content__hover_enabled=\u00bboff|desktop\u00bb]<\/p>\n<p><img loading=\"lazy\" decoding=\"async\" class=\"alignleft wp-image-36148 size-large\" src=\"https:\/\/www.prioratenoturisme.com\/wp-content\/uploads\/Captura-de-pantalla-2024-03-13-a-les-12.58.02-896x1024.png\" alt=\"\" width=\"896\" height=\"1024\"><\/p>\n<p>[\/et_pb_text][\/et_pb_column][et_pb_column type=\u00bb1_2&#8243; _builder_version=\u00bb4.20.4&#8243; _module_preset=\u00bbdefault\u00bb global_colors_info=\u00bb{}\u00bb][et_pb_text admin_label=\u00bbTEXT TAST COOPERATIVES\u00bb _builder_version=\u00bb4.20.4&#8243; _module_preset=\u00bbdefault\u00bb custom_margin=\u00bb||0px|0px|false|false\u00bb border_color_all=\u00bb#7E8032&#8243; global_colors_info=\u00bb{}\u00bb]<\/p>\n<div id=\"et-boc\">\n<div class=\"et-l\">\n<div class=\"et_pb_module et_pb_text et_pb_text_1 et_pb_text_align_left et_pb_bg_layout_light\">\n<div class=\"et_pb_text_inner\">\n<p><strong>CATA DE VINOS DE COOPERATIVAS<\/strong><\/p>\n<p><strong>LO REFUGIO GASTROBAR (Cornudella de Montsant) &amp; THE WINE TRUCK<\/strong><\/p>\n<p>&nbsp;<\/p>\n<p>Entre 1917 y 1933 nacieron 5 cooperativas en una sola comarca con menos de 20.000 habitantes, hoy viven menos de 10.000 y siguen uniendo esfuerzos por mantener una tierra singular que hace grandes vinos.<\/p>\n<p>Descubriremos 1 vino de cada una de las cooperativas a la vez que peque\u00f1as historias que nos adentran en edificios modernistas, azoteas con damajoanas a sol y serena, etiquetas de vinos art\u00edsticas\u2026.. y pinceladas sobre la DO Montsant y la DOQ Priorat.<\/p>\n<p><strong>INCLUYE<\/strong><br \/>Cata de 5 #vinassos en tus narices!<br \/>Peque\u00f1os snacks<br \/>10% de descuento en la compra de los vinos de la cata<\/p>\n<p>&nbsp;<\/p>\n<\/div>\n<\/div>\n<\/div>\n<\/div>\n<p>[\/et_pb_text][et_pb_button button_url=\u00bbhttps:\/\/botiga.montsantnatura.cat\/reserva-activitats\/activitats-enoturistiques\/tast-de-cooperatives-31-03-2024\/\u00bb url_new_window=\u00bbon\u00bb button_text=\u00bbM\u00e1s informaci\u00f3n\u00bb button_alignment=\u00bbleft\u00bb _builder_version=\u00bb4.20.4&#8243; _module_preset=\u00bbdefault\u00bb custom_margin=\u00bb0px||||false|false\u00bb custom_margin_tablet=\u00bb\u00bb custom_margin_phone=\u00bb\u00bb custom_margin_last_edited=\u00bbon|desktop\u00bb global_colors_info=\u00bb{}\u00bb][\/et_pb_button][\/et_pb_column][\/et_pb_row][et_pb_row _builder_version=\u00bb4.20.4&#8243; _module_preset=\u00bbdefault\u00bb global_colors_info=\u00bb{}\u00bb][et_pb_column type=\u00bb4_4&#8243; _builder_version=\u00bb4.20.4&#8243; _module_preset=\u00bbdefault\u00bb global_colors_info=\u00bb{}\u00bb][et_pb_divider color=\u00bb#6E7E25&#8243; _builder_version=\u00bb4.20.4&#8243; _module_preset=\u00bbdefault\u00bb global_colors_info=\u00bb{}\u00bb][\/et_pb_divider][\/et_pb_column][\/et_pb_row][\/et_pb_section][et_pb_section fb_built=\u00bb1&#8243; admin_label=\u00bbACTIVITATS CULTURALS\u00bb _builder_version=\u00bb4.20.4&#8243; _module_preset=\u00bbdefault\u00bb global_colors_info=\u00bb{}\u00bb][et_pb_row admin_label=\u00bbTITULO\u00bb _builder_version=\u00bb4.20.4&#8243; _module_preset=\u00bbdefault\u00bb custom_margin=\u00bb-70px|auto||auto||\u00bb global_colors_info=\u00bb{}\u00bb][et_pb_column type=\u00bb4_4&#8243; _builder_version=\u00bb4.20.4&#8243; _module_preset=\u00bbdefault\u00bb global_colors_info=\u00bb{}\u00bb][et_pb_text admin_label=\u00bbI TAMB\u00c9\u00bb _builder_version=\u00bb4.20.4&#8243; _module_preset=\u00bbdefault\u00bb global_colors_info=\u00bb{}\u00bb]<\/p>\n<h2><strong><span style=\"color: #808000;\">Y TAMBI\u00c9N&#8230;<\/span><\/strong><\/h2>\n<p>[\/et_pb_text][\/et_pb_column][\/et_pb_row][et_pb_row admin_label=\u00bbACTIVIDADES CULTURALES\u00bb _builder_version=\u00bb4.20.4&#8243; _module_preset=\u00bbdefault\u00bb custom_margin=\u00bb-25px|auto||auto||\u00bb global_colors_info=\u00bb{}\u00bb][et_pb_column type=\u00bb4_4&#8243; _builder_version=\u00bb4.20.4&#8243; _module_preset=\u00bbdefault\u00bb global_colors_info=\u00bb{}\u00bb][et_pb_text admin_label=\u00bbtext los fumero terrer\u00bb _builder_version=\u00bb4.20.4&#8243; _module_preset=\u00bbdefault\u00bb background_color=\u00bbRGBA(255,255,255,0)\u00bb border_color_all=\u00bb#7E8032&#8243; global_colors_info=\u00bb{}\u00bb]<\/p>\n<div class=\"field field--name-node-title field--type-ds field--label-hidden field__item\">\n<p><span style=\"text-align: justify;\"><b>COCA Y FIT\u00d3 (Mar\u00e7\u00e0)<\/b><\/span> <span style=\"text-align: justify;\">Visita con puesta de sol en los vi\u00f1edos si el tiempo lo permite.<\/span><\/p>\n<p>&nbsp;<\/p>\n<\/div>\n<div class=\"info\">\n<div class=\"info-left\">\n<div class=\"location\">\n<div class=\"field field--name-field-town field--type-entity-reference field--label-hidden field__item\" style=\"text-align: justify;\"><strong>SAN GEN\u00cdS Y VAQU\u00c9 (Porrera)<\/strong> Visita especial al vi\u00f1edo y visita a la bodega.<\/div>\n<div> <\/div>\n<div> <\/div>\n<div>\n<p><span style=\"text-align: justify;\"><b>CRIVELL\u00c9 Y VALLS (Poboleda)<\/b><\/span> <span style=\"text-align: justify;\">Visita con puesta de sol en los vi\u00f1edos si el tiempo lo permite.<\/span><\/p>\n<p>&nbsp;<\/p>\n<p><strong>BODEGA GRITELLES (Cornudella de Montsant)<\/strong> Paseo por vi\u00f1edos del norte del Priorat. Cata de vinos exclusivo de tinas y barricas. Desayuno y merienda en el vi\u00f1edo.<\/p>\n<\/div>\n<\/div>\n<\/div>\n<\/div>\n<p>[\/et_pb_text][\/et_pb_column][\/et_pb_row][et_pb_row _builder_version=\u00bb4.20.4&#8243; _module_preset=\u00bbdefault\u00bb global_colors_info=\u00bb{}\u00bb][et_pb_column type=\u00bb4_4&#8243; _builder_version=\u00bb4.20.4&#8243; _module_preset=\u00bbdefault\u00bb global_colors_info=\u00bb{}\u00bb][et_pb_divider color=\u00bb#6E7E25&#8243; _builder_version=\u00bb4.20.4&#8243; _module_preset=\u00bbdefault\u00bb global_colors_info=\u00bb{}\u00bb][\/et_pb_divider][\/et_pb_column][\/et_pb_row][\/et_pb_section]<\/p>\n","protected":false},"excerpt":{"rendered":"<p>Para Viernes Santo, cosecha el tomillo en el campo. Dicho popularGASTRONOM\u00cdAEsta Semana Santa los establecimientos de PRIORAT ENOTURISMO hacen horarios especiales para poder atender a los visitantes. \u00a1Restaurantes y bodegas os esperan con los brazos abiertos! \u00a1Sobre todo! Intente hacer sus reservas con tiempo. &nbsp;ENOTURISMOENIGMASROIG (Masroig) BODEGA MASROIG. EnigmasroIG, bodega en familia. De lunes 11 [&hellip;]<\/p>\n","protected":false},"author":2,"featured_media":29933,"comment_status":"open","ping_status":"open","sticky":false,"template":"","format":"standard","meta":{"_acf_changed":false,"_et_pb_use_builder":"on","_et_pb_old_content":"","_et_gb_content_width":"","footnotes":""},"categories":[297],"tags":[301,300,298,323,324,220,325,326],"class_list":["post-36178","post","type-post","status-publish","format-standard","has-post-thumbnail","hentry","category-blog-es","tag-agenda-es","tag-catalunya-es","tag-enoturismo-es","tag-escapada-es","tag-montsant-es","tag-priorat","tag-semana-santa-es","tag-winelover-es"],"acf":[],"yoast_head":"<!-- This site is optimized with the Yoast SEO plugin v25.6 - https:\/\/yoast.com\/wordpress\/plugins\/seo\/ -->\n<title>QU\u00c9 HACER EN EL PRIORAT ESTA SEMANA SANTA 2024 - Priorat Enoturisme<\/title>\n<meta name=\"robots\" content=\"index, follow, max-snippet:-1, max-image-preview:large, max-video-preview:-1\" \/>\n<link rel=\"canonical\" href=\"https:\/\/www.prioratenoturisme.com\/que-fer-al-priorat-aquesta-setmana-santa-2024\/\" \/>\n<meta property=\"og:locale\" content=\"es_ES\" \/>\n<meta property=\"og:type\" content=\"article\" \/>\n<meta property=\"og:title\" content=\"QU\u00c9 HACER EN EL PRIORAT ESTA SEMANA SANTA 2024 - Priorat Enoturisme\" \/>\n<meta property=\"og:description\" content=\"Para Viernes Santo, cosecha el tomillo en el campo. Dicho popularGASTRONOM\u00cdAEsta Semana Santa los establecimientos de PRIORAT ENOTURISMO hacen horarios especiales para poder atender a los visitantes. \u00a1Restaurantes y bodegas os esperan con los brazos abiertos! \u00a1Sobre todo! Intente hacer sus reservas con tiempo. &nbsp;ENOTURISMOENIGMASROIG (Masroig) BODEGA MASROIG. EnigmasroIG, bodega en familia. De lunes 11 [&hellip;]\" \/>\n<meta property=\"og:url\" content=\"https:\/\/www.prioratenoturisme.com\/que-fer-al-priorat-aquesta-setmana-santa-2024\/\" \/>\n<meta property=\"og:site_name\" content=\"Priorat Enoturisme\" \/>\n<meta property=\"article:publisher\" content=\"https:\/\/www.facebook.com\/prioratenoturisme\/\" \/>\n<meta property=\"article:published_time\" content=\"2024-03-13T12:09:14+00:00\" \/>\n<meta property=\"article:modified_time\" content=\"2024-03-13T12:23:01+00:00\" \/>\n<meta property=\"og:image\" content=\"https:\/\/www.prioratenoturisme.com\/wp-content\/uploads\/QUE-FER-AL-PRIORAT-3.png\" \/>\n\t<meta property=\"og:image:width\" content=\"1200\" \/>\n\t<meta property=\"og:image:height\" content=\"800\" \/>\n\t<meta property=\"og:image:type\" content=\"image\/png\" \/>\n<meta name=\"author\" content=\"Priorat Enoturisme\" \/>\n<meta name=\"twitter:card\" content=\"summary_large_image\" \/>\n<meta name=\"twitter:label1\" content=\"Escrito por\" \/>\n\t<meta name=\"twitter:data1\" content=\"Priorat Enoturisme\" \/>\n\t<meta name=\"twitter:label2\" content=\"Tiempo de lectura\" \/>\n\t<meta name=\"twitter:data2\" content=\"13 minutos\" \/>\n<script type=\"application\/ld+json\" class=\"yoast-schema-graph\">{\"@context\":\"https:\/\/schema.org\",\"@graph\":[{\"@type\":\"Article\",\"@id\":\"https:\/\/www.prioratenoturisme.com\/que-fer-al-priorat-aquesta-setmana-santa-2024\/#article\",\"isPartOf\":{\"@id\":\"https:\/\/www.prioratenoturisme.com\/que-fer-al-priorat-aquesta-setmana-santa-2024\/\"},\"author\":{\"name\":\"Priorat Enoturisme\",\"@id\":\"https:\/\/www.prioratenoturisme.com\/#\/schema\/person\/21cb071ed0505ebc2f5e911eca6dccf7\"},\"headline\":\"QU\u00c9 HACER EN EL PRIORAT ESTA SEMANA SANTA 2024\",\"datePublished\":\"2024-03-13T12:09:14+00:00\",\"dateModified\":\"2024-03-13T12:23:01+00:00\",\"mainEntityOfPage\":{\"@id\":\"https:\/\/www.prioratenoturisme.com\/que-fer-al-priorat-aquesta-setmana-santa-2024\/\"},\"wordCount\":2511,\"commentCount\":0,\"publisher\":{\"@id\":\"https:\/\/www.prioratenoturisme.com\/#organization\"},\"image\":{\"@id\":\"https:\/\/www.prioratenoturisme.com\/que-fer-al-priorat-aquesta-setmana-santa-2024\/#primaryimage\"},\"thumbnailUrl\":\"https:\/\/www.prioratenoturisme.com\/wp-content\/uploads\/QUE-FER-AL-PRIORAT-3.png\",\"keywords\":[\"agenda\",\"catalunya\",\"enoturismo\",\"escapada\",\"montsant\",\"priorat\",\"semana santa\",\"winelover\"],\"articleSection\":[\"Blog\"],\"inLanguage\":\"es\",\"potentialAction\":[{\"@type\":\"CommentAction\",\"name\":\"Comment\",\"target\":[\"https:\/\/www.prioratenoturisme.com\/que-fer-al-priorat-aquesta-setmana-santa-2024\/#respond\"]}]},{\"@type\":\"WebPage\",\"@id\":\"https:\/\/www.prioratenoturisme.com\/que-fer-al-priorat-aquesta-setmana-santa-2024\/\",\"url\":\"https:\/\/www.prioratenoturisme.com\/que-fer-al-priorat-aquesta-setmana-santa-2024\/\",\"name\":\"QU\u00c9 HACER EN EL PRIORAT ESTA SEMANA SANTA 2024 - Priorat Enoturisme\",\"isPartOf\":{\"@id\":\"https:\/\/www.prioratenoturisme.com\/#website\"},\"primaryImageOfPage\":{\"@id\":\"https:\/\/www.prioratenoturisme.com\/que-fer-al-priorat-aquesta-setmana-santa-2024\/#primaryimage\"},\"image\":{\"@id\":\"https:\/\/www.prioratenoturisme.com\/que-fer-al-priorat-aquesta-setmana-santa-2024\/#primaryimage\"},\"thumbnailUrl\":\"https:\/\/www.prioratenoturisme.com\/wp-content\/uploads\/QUE-FER-AL-PRIORAT-3.png\",\"datePublished\":\"2024-03-13T12:09:14+00:00\",\"dateModified\":\"2024-03-13T12:23:01+00:00\",\"breadcrumb\":{\"@id\":\"https:\/\/www.prioratenoturisme.com\/que-fer-al-priorat-aquesta-setmana-santa-2024\/#breadcrumb\"},\"inLanguage\":\"es\",\"potentialAction\":[{\"@type\":\"ReadAction\",\"target\":[\"https:\/\/www.prioratenoturisme.com\/que-fer-al-priorat-aquesta-setmana-santa-2024\/\"]}]},{\"@type\":\"ImageObject\",\"inLanguage\":\"es\",\"@id\":\"https:\/\/www.prioratenoturisme.com\/que-fer-al-priorat-aquesta-setmana-santa-2024\/#primaryimage\",\"url\":\"https:\/\/www.prioratenoturisme.com\/wp-content\/uploads\/QUE-FER-AL-PRIORAT-3.png\",\"contentUrl\":\"https:\/\/www.prioratenoturisme.com\/wp-content\/uploads\/QUE-FER-AL-PRIORAT-3.png\",\"width\":1200,\"height\":800},{\"@type\":\"BreadcrumbList\",\"@id\":\"https:\/\/www.prioratenoturisme.com\/que-fer-al-priorat-aquesta-setmana-santa-2024\/#breadcrumb\",\"itemListElement\":[{\"@type\":\"ListItem\",\"position\":1,\"name\":\"Portada\",\"item\":\"https:\/\/www.prioratenoturisme.com\/es\/inicio-vive-el-priorat\/\"},{\"@type\":\"ListItem\",\"position\":2,\"name\":\"QU\u00c9 HACER EN EL PRIORAT ESTA SEMANA SANTA 2024\"}]},{\"@type\":\"WebSite\",\"@id\":\"https:\/\/www.prioratenoturisme.com\/#website\",\"url\":\"https:\/\/www.prioratenoturisme.com\/\",\"name\":\"Priorat Enoturisme\",\"description\":\"Viu el Priorat\",\"publisher\":{\"@id\":\"https:\/\/www.prioratenoturisme.com\/#organization\"},\"potentialAction\":[{\"@type\":\"SearchAction\",\"target\":{\"@type\":\"EntryPoint\",\"urlTemplate\":\"https:\/\/www.prioratenoturisme.com\/?s={search_term_string}\"},\"query-input\":{\"@type\":\"PropertyValueSpecification\",\"valueRequired\":true,\"valueName\":\"search_term_string\"}}],\"inLanguage\":\"es\"},{\"@type\":\"Organization\",\"@id\":\"https:\/\/www.prioratenoturisme.com\/#organization\",\"name\":\"Priorat Enoturisme\",\"url\":\"https:\/\/www.prioratenoturisme.com\/\",\"logo\":{\"@type\":\"ImageObject\",\"inLanguage\":\"es\",\"@id\":\"https:\/\/www.prioratenoturisme.com\/#\/schema\/logo\/image\/\",\"url\":\"https:\/\/www.prioratenoturisme.com\/wp-content\/uploads\/2023\/03\/cropped-FAVICON.png\",\"contentUrl\":\"https:\/\/www.prioratenoturisme.com\/wp-content\/uploads\/2023\/03\/cropped-FAVICON.png\",\"width\":512,\"height\":512,\"caption\":\"Priorat Enoturisme\"},\"image\":{\"@id\":\"https:\/\/www.prioratenoturisme.com\/#\/schema\/logo\/image\/\"},\"sameAs\":[\"https:\/\/www.facebook.com\/prioratenoturisme\/\",\"https:\/\/www.instagram.com\/prioratenoturisme\/\"]},{\"@type\":\"Person\",\"@id\":\"https:\/\/www.prioratenoturisme.com\/#\/schema\/person\/21cb071ed0505ebc2f5e911eca6dccf7\",\"name\":\"Priorat Enoturisme\",\"image\":{\"@type\":\"ImageObject\",\"inLanguage\":\"es\",\"@id\":\"https:\/\/www.prioratenoturisme.com\/#\/schema\/person\/image\/\",\"url\":\"https:\/\/secure.gravatar.com\/avatar\/18e124132141ce8f3b812fb2b92f98d9180a5b7a1f465cb453ca291f504ea831?s=96&d=mm&r=g\",\"contentUrl\":\"https:\/\/secure.gravatar.com\/avatar\/18e124132141ce8f3b812fb2b92f98d9180a5b7a1f465cb453ca291f504ea831?s=96&d=mm&r=g\",\"caption\":\"Priorat Enoturisme\"},\"url\":\"https:\/\/www.prioratenoturisme.com\/es\/author\/prioratenoturisme_gestio\/\"}]}<\/script>\n<!-- \/ Yoast SEO plugin. -->","yoast_head_json":{"title":"QU\u00c9 HACER EN EL PRIORAT ESTA SEMANA SANTA 2024 - Priorat Enoturisme","robots":{"index":"index","follow":"follow","max-snippet":"max-snippet:-1","max-image-preview":"max-image-preview:large","max-video-preview":"max-video-preview:-1"},"canonical":"https:\/\/www.prioratenoturisme.com\/que-fer-al-priorat-aquesta-setmana-santa-2024\/","og_locale":"es_ES","og_type":"article","og_title":"QU\u00c9 HACER EN EL PRIORAT ESTA SEMANA SANTA 2024 - Priorat Enoturisme","og_description":"Para Viernes Santo, cosecha el tomillo en el campo. Dicho popularGASTRONOM\u00cdAEsta Semana Santa los establecimientos de PRIORAT ENOTURISMO hacen horarios especiales para poder atender a los visitantes. \u00a1Restaurantes y bodegas os esperan con los brazos abiertos! \u00a1Sobre todo! Intente hacer sus reservas con tiempo. &nbsp;ENOTURISMOENIGMASROIG (Masroig) BODEGA MASROIG. EnigmasroIG, bodega en familia. De lunes 11 [&hellip;]","og_url":"https:\/\/www.prioratenoturisme.com\/que-fer-al-priorat-aquesta-setmana-santa-2024\/","og_site_name":"Priorat Enoturisme","article_publisher":"https:\/\/www.facebook.com\/prioratenoturisme\/","article_published_time":"2024-03-13T12:09:14+00:00","article_modified_time":"2024-03-13T12:23:01+00:00","og_image":[{"width":1200,"height":800,"url":"https:\/\/www.prioratenoturisme.com\/wp-content\/uploads\/QUE-FER-AL-PRIORAT-3.png","type":"image\/png"}],"author":"Priorat Enoturisme","twitter_card":"summary_large_image","twitter_misc":{"Escrito por":"Priorat Enoturisme","Tiempo de lectura":"13 minutos"},"schema":{"@context":"https:\/\/schema.org","@graph":[{"@type":"Article","@id":"https:\/\/www.prioratenoturisme.com\/que-fer-al-priorat-aquesta-setmana-santa-2024\/#article","isPartOf":{"@id":"https:\/\/www.prioratenoturisme.com\/que-fer-al-priorat-aquesta-setmana-santa-2024\/"},"author":{"name":"Priorat Enoturisme","@id":"https:\/\/www.prioratenoturisme.com\/#\/schema\/person\/21cb071ed0505ebc2f5e911eca6dccf7"},"headline":"QU\u00c9 HACER EN EL PRIORAT ESTA SEMANA SANTA 2024","datePublished":"2024-03-13T12:09:14+00:00","dateModified":"2024-03-13T12:23:01+00:00","mainEntityOfPage":{"@id":"https:\/\/www.prioratenoturisme.com\/que-fer-al-priorat-aquesta-setmana-santa-2024\/"},"wordCount":2511,"commentCount":0,"publisher":{"@id":"https:\/\/www.prioratenoturisme.com\/#organization"},"image":{"@id":"https:\/\/www.prioratenoturisme.com\/que-fer-al-priorat-aquesta-setmana-santa-2024\/#primaryimage"},"thumbnailUrl":"https:\/\/www.prioratenoturisme.com\/wp-content\/uploads\/QUE-FER-AL-PRIORAT-3.png","keywords":["agenda","catalunya","enoturismo","escapada","montsant","priorat","semana santa","winelover"],"articleSection":["Blog"],"inLanguage":"es","potentialAction":[{"@type":"CommentAction","name":"Comment","target":["https:\/\/www.prioratenoturisme.com\/que-fer-al-priorat-aquesta-setmana-santa-2024\/#respond"]}]},{"@type":"WebPage","@id":"https:\/\/www.prioratenoturisme.com\/que-fer-al-priorat-aquesta-setmana-santa-2024\/","url":"https:\/\/www.prioratenoturisme.com\/que-fer-al-priorat-aquesta-setmana-santa-2024\/","name":"QU\u00c9 HACER EN EL PRIORAT ESTA SEMANA SANTA 2024 - Priorat Enoturisme","isPartOf":{"@id":"https:\/\/www.prioratenoturisme.com\/#website"},"primaryImageOfPage":{"@id":"https:\/\/www.prioratenoturisme.com\/que-fer-al-priorat-aquesta-setmana-santa-2024\/#primaryimage"},"image":{"@id":"https:\/\/www.prioratenoturisme.com\/que-fer-al-priorat-aquesta-setmana-santa-2024\/#primaryimage"},"thumbnailUrl":"https:\/\/www.prioratenoturisme.com\/wp-content\/uploads\/QUE-FER-AL-PRIORAT-3.png","datePublished":"2024-03-13T12:09:14+00:00","dateModified":"2024-03-13T12:23:01+00:00","breadcrumb":{"@id":"https:\/\/www.prioratenoturisme.com\/que-fer-al-priorat-aquesta-setmana-santa-2024\/#breadcrumb"},"inLanguage":"es","potentialAction":[{"@type":"ReadAction","target":["https:\/\/www.prioratenoturisme.com\/que-fer-al-priorat-aquesta-setmana-santa-2024\/"]}]},{"@type":"ImageObject","inLanguage":"es","@id":"https:\/\/www.prioratenoturisme.com\/que-fer-al-priorat-aquesta-setmana-santa-2024\/#primaryimage","url":"https:\/\/www.prioratenoturisme.com\/wp-content\/uploads\/QUE-FER-AL-PRIORAT-3.png","contentUrl":"https:\/\/www.prioratenoturisme.com\/wp-content\/uploads\/QUE-FER-AL-PRIORAT-3.png","width":1200,"height":800},{"@type":"BreadcrumbList","@id":"https:\/\/www.prioratenoturisme.com\/que-fer-al-priorat-aquesta-setmana-santa-2024\/#breadcrumb","itemListElement":[{"@type":"ListItem","position":1,"name":"Portada","item":"https:\/\/www.prioratenoturisme.com\/es\/inicio-vive-el-priorat\/"},{"@type":"ListItem","position":2,"name":"QU\u00c9 HACER EN EL PRIORAT ESTA SEMANA SANTA 2024"}]},{"@type":"WebSite","@id":"https:\/\/www.prioratenoturisme.com\/#website","url":"https:\/\/www.prioratenoturisme.com\/","name":"Priorat Enoturisme","description":"Viu el Priorat","publisher":{"@id":"https:\/\/www.prioratenoturisme.com\/#organization"},"potentialAction":[{"@type":"SearchAction","target":{"@type":"EntryPoint","urlTemplate":"https:\/\/www.prioratenoturisme.com\/?s={search_term_string}"},"query-input":{"@type":"PropertyValueSpecification","valueRequired":true,"valueName":"search_term_string"}}],"inLanguage":"es"},{"@type":"Organization","@id":"https:\/\/www.prioratenoturisme.com\/#organization","name":"Priorat Enoturisme","url":"https:\/\/www.prioratenoturisme.com\/","logo":{"@type":"ImageObject","inLanguage":"es","@id":"https:\/\/www.prioratenoturisme.com\/#\/schema\/logo\/image\/","url":"https:\/\/www.prioratenoturisme.com\/wp-content\/uploads\/2023\/03\/cropped-FAVICON.png","contentUrl":"https:\/\/www.prioratenoturisme.com\/wp-content\/uploads\/2023\/03\/cropped-FAVICON.png","width":512,"height":512,"caption":"Priorat Enoturisme"},"image":{"@id":"https:\/\/www.prioratenoturisme.com\/#\/schema\/logo\/image\/"},"sameAs":["https:\/\/www.facebook.com\/prioratenoturisme\/","https:\/\/www.instagram.com\/prioratenoturisme\/"]},{"@type":"Person","@id":"https:\/\/www.prioratenoturisme.com\/#\/schema\/person\/21cb071ed0505ebc2f5e911eca6dccf7","name":"Priorat Enoturisme","image":{"@type":"ImageObject","inLanguage":"es","@id":"https:\/\/www.prioratenoturisme.com\/#\/schema\/person\/image\/","url":"https:\/\/secure.gravatar.com\/avatar\/18e124132141ce8f3b812fb2b92f98d9180a5b7a1f465cb453ca291f504ea831?s=96&d=mm&r=g","contentUrl":"https:\/\/secure.gravatar.com\/avatar\/18e124132141ce8f3b812fb2b92f98d9180a5b7a1f465cb453ca291f504ea831?s=96&d=mm&r=g","caption":"Priorat Enoturisme"},"url":"https:\/\/www.prioratenoturisme.com\/es\/author\/prioratenoturisme_gestio\/"}]}},"_links":{"self":[{"href":"https:\/\/www.prioratenoturisme.com\/es\/wp-json\/wp\/v2\/posts\/36178","targetHints":{"allow":["GET"]}}],"collection":[{"href":"https:\/\/www.prioratenoturisme.com\/es\/wp-json\/wp\/v2\/posts"}],"about":[{"href":"https:\/\/www.prioratenoturisme.com\/es\/wp-json\/wp\/v2\/types\/post"}],"author":[{"embeddable":true,"href":"https:\/\/www.prioratenoturisme.com\/es\/wp-json\/wp\/v2\/users\/2"}],"replies":[{"embeddable":true,"href":"https:\/\/www.prioratenoturisme.com\/es\/wp-json\/wp\/v2\/comments?post=36178"}],"version-history":[{"count":15,"href":"https:\/\/www.prioratenoturisme.com\/es\/wp-json\/wp\/v2\/posts\/36178\/revisions"}],"predecessor-version":[{"id":36222,"href":"https:\/\/www.prioratenoturisme.com\/es\/wp-json\/wp\/v2\/posts\/36178\/revisions\/36222"}],"wp:featuredmedia":[{"embeddable":true,"href":"https:\/\/www.prioratenoturisme.com\/es\/wp-json\/wp\/v2\/media\/29933"}],"wp:attachment":[{"href":"https:\/\/www.prioratenoturisme.com\/es\/wp-json\/wp\/v2\/media?parent=36178"}],"wp:term":[{"taxonomy":"category","embeddable":true,"href":"https:\/\/www.prioratenoturisme.com\/es\/wp-json\/wp\/v2\/categories?post=36178"},{"taxonomy":"post_tag","embeddable":true,"href":"https:\/\/www.prioratenoturisme.com\/es\/wp-json\/wp\/v2\/tags?post=36178"}],"curies":[{"name":"wp","href":"https:\/\/api.w.org\/{rel}","templated":true}]}}