{"id":36202,"date":"2024-02-04T13:05:38","date_gmt":"2024-02-04T12:05:38","guid":{"rendered":"https:\/\/www.prioratenoturisme.com\/viaje-por-el-priorat-antiguo\/"},"modified":"2024-03-13T13:18:19","modified_gmt":"2024-03-13T12:18:19","slug":"viaje-por-el-priorat-antiguo","status":"publish","type":"post","link":"https:\/\/www.prioratenoturisme.com\/es\/viaje-por-el-priorat-antiguo\/","title":{"rendered":"Viaje por el Priorat antiguo"},"content":{"rendered":"<p>[et_pb_section fb_built=\u00bb1&#8243; _builder_version=\u00bb4.20.4&#8243; _module_preset=\u00bbdefault\u00bb collapsed=\u00bboff\u00bb global_colors_info=\u00bb{}\u00bb][et_pb_row _builder_version=\u00bb4.20.4&#8243; _module_preset=\u00bbdefault\u00bb global_colors_info=\u00bb{}\u00bb][et_pb_column type=\u00bb4_4&#8243; _builder_version=\u00bb4.20.4&#8243; _module_preset=\u00bbdefault\u00bb global_colors_info=\u00bb{}\u00bb][et_pb_testimonial admin_label=\u00bbFRASE ENGRESCADORA\u00bb _builder_version=\u00bb4.20.4&#8243; _module_preset=\u00bbdefault\u00bb body_font=\u00bbTimes New Roman||||||||\u00bb body_font_size=\u00bb24px\u00bb body_quote_font=\u00bbTimes New Roman||||||||\u00bb body_quote_text_align=\u00bbcenter\u00bb body_quote_font_size=\u00bb18px\u00bb body_quote_letter_spacing=\u00bb2px\u00bb text_orientation=\u00bbcenter\u00bb global_colors_info=\u00bb{}\u00bb]<\/p>\n<p style=\"text-align: center;\"><em>Os proponemos una estancia de 5 noches para descubrir los or\u00edgenes del Priorat.  <\/em><\/p>\n<p>[\/et_pb_testimonial][\/et_pb_column][\/et_pb_row][et_pb_row column_structure=\u00bb1_2,1_2&#8243; _builder_version=\u00bb4.20.4&#8243; _module_preset=\u00bbdefault\u00bb global_colors_info=\u00bb{}\u00bb][et_pb_column type=\u00bb1_2&#8243; _builder_version=\u00bb4.20.4&#8243; _module_preset=\u00bbdefault\u00bb global_colors_info=\u00bb{}\u00bb][et_pb_gallery gallery_ids=\u00bb24066,24070,25623,25626,24153,455,453,22782,22785&#8243; dbdb_version=\u00bb4.1.5&#8243; show_title_and_caption=\u00bboff\u00bb admin_label=\u00bbGALERIA FOTOS DEL PACK\u00bb _builder_version=\u00bb4.20.4&#8243; _module_preset=\u00bbdefault\u00bb global_colors_info=\u00bb{}\u00bb][\/et_pb_gallery][\/et_pb_column][et_pb_column type=\u00bb1_2&#8243; _builder_version=\u00bb4.20.4&#8243; _module_preset=\u00bbdefault\u00bb global_colors_info=\u00bb{}\u00bb][et_pb_text admin_label=\u00bbDESCRIPCI\u00d3 LLARGA DEL PACK\u00bb _builder_version=\u00bb4.20.4&#8243; _module_preset=\u00bbdefault\u00bb global_colors_info=\u00bb{}\u00bb]<\/p>\n<p><strong>EL PACK INCLUYE:<\/strong><br \/> \u00b7 5 noches de alojamiento con desayuno en Cal Giral 2<br \/>\u00b7 2 cenas LoRefugi Gastrobar<br \/>\u00b7 Visita con almuerzo en el Mol\u00ed Mir\u00f3 Cubells<br \/>\u00b7 Visita a Bodegas Escaladei<br \/>\u00b7 Visita a la Bodega Cooperativa de Cornudella<br \/>\u00b7 Visita a la Cartuja<\/p>\n<p><strong>D\u00eda 1<\/strong><br \/>&#8211; Llegada y check-in en el alojamiento en Cornudella de Montsant. Recibimiento y brirefing de bienvenida<br \/>&#8211; Cena en LoRefugi Gastrobar<\/p>\n<p><strong>D\u00eda 2. \u00abLa Reconquista\u00bb<\/strong><br \/>&#8211; Ruta circular de senderismo de 14Km. Caminos de Conquista le llevar\u00e1 a descubrir Siurana, \u00faltimo reducto \u00e1rabe en la Catalunya Nova.<\/p>\n<p><strong>D\u00eda 3. \u201cDespu\u00e9s de la Reconquista, la cuna del Priorat\u201d, Escaladei<\/strong><br \/>&#8211; Visita a la Cartuja de Scala Dei, el primer monasterio de los cartujos en la pen\u00ednsula y la cuna del Priorat<br \/>&#8211; Visita guiada a Bodegas de Scala Dei, la bodega m\u00e1s antigua del Priorat<\/p>\n<p><strong>D\u00eda 4. \u00abEl Aceite, la otra cara del Priorat\u00bb, Cabac\u00e9s  <\/strong><br \/>Acompa\u00f1ados por los propietarios del molino Mir\u00f3 Cubells, descubrir\u00e1 los olivos, el molino y disfrutar\u00e1 de una comida de cocina tradicional acompa\u00f1ada de uno de los mejores aceites del mundo: \u00a1el aceite de arbequina!<\/p>\n<p><strong>D\u00eda 5. \u00a1Estira las piernas!<\/strong><br \/>&#8211; Ruta circular de unos 14 Km por los pies del Parque Natural de Montsant, siguiendo un tramo de Cam\u00ed de Cortoixans hasta subir al punto m\u00e1s alto de la sierra: Roca Corbatera a 1164m. De bajada pasar\u00e1 por la Ermita de San Juan del Codolar, la \u00fanica ermita ocupada de Montsant.<br \/>&#8211; Por la tarde, la Cata de Modernismo le llevar\u00e1 a descubrir la Bodega Cooperativa de Cornudella, un edificio modernista, obra de C\u00e9sar Martinell y una de las conocidas Catedrales del Vino.<br \/>&#8211; Cena de despedida en LoRefugi Gastrobar<\/p>\n<p><strong>D\u00eda 6. Regreso a casa<\/strong><br \/>Despu\u00e9s del desayuno, recoger\u00e1 y cerrar\u00e1 maletas para volver a casa.<\/p>\n<p><strong>Desde 998\u20ac por pareja.<\/strong><\/p>\n<p>[\/et_pb_text][\/et_pb_column][\/et_pb_row][et_pb_row _builder_version=\u00bb4.20.4&#8243; _module_preset=\u00bbdefault\u00bb global_colors_info=\u00bb{}\u00bb][et_pb_column type=\u00bb4_4&#8243; _builder_version=\u00bb4.20.4&#8243; _module_preset=\u00bbdefault\u00bb global_colors_info=\u00bb{}\u00bb][et_pb_button button_url=\u00bbhttps:\/\/siuranatours.com\/producte\/viatge-pel-priorat-antic\/\u00bb button_text=\u00bbRESERVA TU PACK CON SIURANA TOURS AQU\u00cd\u00bb button_alignment=\u00bbcenter\u00bb _builder_version=\u00bb4.20.4&#8243; _module_preset=\u00bbdefault\u00bb custom_button=\u00bbon\u00bb button_text_color=\u00bb#FFFFFF\u00bb button_bg_color=\u00bb#7E8032&#8243; global_colors_info=\u00bb{}\u00bb][\/et_pb_button][\/et_pb_column][\/et_pb_row][\/et_pb_section]<\/p>\n","protected":false},"excerpt":{"rendered":"<p>Os proponemos una estancia de 5 noches para descubrir los or\u00edgenes del Priorat. EL PACK INCLUYE: \u00b7 5 noches de alojamiento con desayuno en Cal Giral 2\u00b7 2 cenas LoRefugi Gastrobar\u00b7 Visita con almuerzo en el Mol\u00ed Mir\u00f3 Cubells\u00b7 Visita a Bodegas Escaladei\u00b7 Visita a la Bodega Cooperativa de Cornudella\u00b7 Visita a la Cartuja D\u00eda [&hellip;]<\/p>\n","protected":false},"author":2,"featured_media":24087,"comment_status":"closed","ping_status":"closed","sticky":false,"template":"","format":"standard","meta":{"_acf_changed":false,"_et_pb_use_builder":"on","_et_pb_old_content":"","_et_gb_content_width":"","footnotes":""},"categories":[309],"tags":[],"class_list":["post-36202","post","type-post","status-publish","format-standard","has-post-thumbnail","hentry","category-experiencias"],"acf":[],"yoast_head":"<!-- This site is optimized with the Yoast SEO plugin v25.6 - https:\/\/yoast.com\/wordpress\/plugins\/seo\/ -->\n<title>Viaje por el Priorat antiguo - Priorat Enoturisme<\/title>\n<meta name=\"robots\" content=\"index, follow, max-snippet:-1, max-image-preview:large, max-video-preview:-1\" \/>\n<link rel=\"canonical\" href=\"https:\/\/www.prioratenoturisme.com\/viatge-pel-priorat-antic-experiencies\/\" \/>\n<meta property=\"og:locale\" content=\"es_ES\" \/>\n<meta property=\"og:type\" content=\"article\" \/>\n<meta property=\"og:title\" content=\"Viaje por el Priorat antiguo - Priorat Enoturisme\" \/>\n<meta property=\"og:description\" content=\"Os proponemos una estancia de 5 noches para descubrir los or\u00edgenes del Priorat. EL PACK INCLUYE: \u00b7 5 noches de alojamiento con desayuno en Cal Giral 2\u00b7 2 cenas LoRefugi Gastrobar\u00b7 Visita con almuerzo en el Mol\u00ed Mir\u00f3 Cubells\u00b7 Visita a Bodegas Escaladei\u00b7 Visita a la Bodega Cooperativa de Cornudella\u00b7 Visita a la Cartuja D\u00eda [&hellip;]\" \/>\n<meta property=\"og:url\" content=\"https:\/\/www.prioratenoturisme.com\/viatge-pel-priorat-antic-experiencies\/\" \/>\n<meta property=\"og:site_name\" content=\"Priorat Enoturisme\" \/>\n<meta property=\"article:publisher\" content=\"https:\/\/www.facebook.com\/prioratenoturisme\/\" \/>\n<meta property=\"article:published_time\" content=\"2024-02-04T12:05:38+00:00\" \/>\n<meta property=\"article:modified_time\" content=\"2024-03-13T12:18:19+00:00\" \/>\n<meta property=\"og:image\" content=\"https:\/\/www.prioratenoturisme.com\/wp-content\/uploads\/scala-dei-1.png\" \/>\n\t<meta property=\"og:image:width\" content=\"801\" \/>\n\t<meta property=\"og:image:height\" content=\"503\" \/>\n\t<meta property=\"og:image:type\" content=\"image\/png\" \/>\n<meta name=\"author\" content=\"Priorat Enoturisme\" \/>\n<meta name=\"twitter:card\" content=\"summary_large_image\" \/>\n<meta name=\"twitter:label1\" content=\"Escrito por\" \/>\n\t<meta name=\"twitter:data1\" content=\"Priorat Enoturisme\" \/>\n\t<meta name=\"twitter:label2\" content=\"Tiempo de lectura\" \/>\n\t<meta name=\"twitter:data2\" content=\"3 minutos\" \/>\n<script type=\"application\/ld+json\" class=\"yoast-schema-graph\">{\"@context\":\"https:\/\/schema.org\",\"@graph\":[{\"@type\":\"Article\",\"@id\":\"https:\/\/www.prioratenoturisme.com\/viatge-pel-priorat-antic-experiencies\/#article\",\"isPartOf\":{\"@id\":\"https:\/\/www.prioratenoturisme.com\/viatge-pel-priorat-antic-experiencies\/\"},\"author\":{\"name\":\"Priorat Enoturisme\",\"@id\":\"https:\/\/www.prioratenoturisme.com\/#\/schema\/person\/21cb071ed0505ebc2f5e911eca6dccf7\"},\"headline\":\"Viaje por el Priorat antiguo\",\"datePublished\":\"2024-02-04T12:05:38+00:00\",\"dateModified\":\"2024-03-13T12:18:19+00:00\",\"mainEntityOfPage\":{\"@id\":\"https:\/\/www.prioratenoturisme.com\/viatge-pel-priorat-antic-experiencies\/\"},\"wordCount\":582,\"publisher\":{\"@id\":\"https:\/\/www.prioratenoturisme.com\/#organization\"},\"image\":{\"@id\":\"https:\/\/www.prioratenoturisme.com\/viatge-pel-priorat-antic-experiencies\/#primaryimage\"},\"thumbnailUrl\":\"https:\/\/www.prioratenoturisme.com\/wp-content\/uploads\/scala-dei-1.png\",\"articleSection\":[\"experiencias\"],\"inLanguage\":\"es\"},{\"@type\":\"WebPage\",\"@id\":\"https:\/\/www.prioratenoturisme.com\/viatge-pel-priorat-antic-experiencies\/\",\"url\":\"https:\/\/www.prioratenoturisme.com\/viatge-pel-priorat-antic-experiencies\/\",\"name\":\"Viaje por el Priorat antiguo - Priorat Enoturisme\",\"isPartOf\":{\"@id\":\"https:\/\/www.prioratenoturisme.com\/#website\"},\"primaryImageOfPage\":{\"@id\":\"https:\/\/www.prioratenoturisme.com\/viatge-pel-priorat-antic-experiencies\/#primaryimage\"},\"image\":{\"@id\":\"https:\/\/www.prioratenoturisme.com\/viatge-pel-priorat-antic-experiencies\/#primaryimage\"},\"thumbnailUrl\":\"https:\/\/www.prioratenoturisme.com\/wp-content\/uploads\/scala-dei-1.png\",\"datePublished\":\"2024-02-04T12:05:38+00:00\",\"dateModified\":\"2024-03-13T12:18:19+00:00\",\"breadcrumb\":{\"@id\":\"https:\/\/www.prioratenoturisme.com\/viatge-pel-priorat-antic-experiencies\/#breadcrumb\"},\"inLanguage\":\"es\",\"potentialAction\":[{\"@type\":\"ReadAction\",\"target\":[\"https:\/\/www.prioratenoturisme.com\/viatge-pel-priorat-antic-experiencies\/\"]}]},{\"@type\":\"ImageObject\",\"inLanguage\":\"es\",\"@id\":\"https:\/\/www.prioratenoturisme.com\/viatge-pel-priorat-antic-experiencies\/#primaryimage\",\"url\":\"https:\/\/www.prioratenoturisme.com\/wp-content\/uploads\/scala-dei-1.png\",\"contentUrl\":\"https:\/\/www.prioratenoturisme.com\/wp-content\/uploads\/scala-dei-1.png\",\"width\":801,\"height\":503},{\"@type\":\"BreadcrumbList\",\"@id\":\"https:\/\/www.prioratenoturisme.com\/viatge-pel-priorat-antic-experiencies\/#breadcrumb\",\"itemListElement\":[{\"@type\":\"ListItem\",\"position\":1,\"name\":\"Portada\",\"item\":\"https:\/\/www.prioratenoturisme.com\/es\/inicio-vive-el-priorat\/\"},{\"@type\":\"ListItem\",\"position\":2,\"name\":\"Viaje por el Priorat antiguo\"}]},{\"@type\":\"WebSite\",\"@id\":\"https:\/\/www.prioratenoturisme.com\/#website\",\"url\":\"https:\/\/www.prioratenoturisme.com\/\",\"name\":\"Priorat Enoturisme\",\"description\":\"Viu el Priorat\",\"publisher\":{\"@id\":\"https:\/\/www.prioratenoturisme.com\/#organization\"},\"potentialAction\":[{\"@type\":\"SearchAction\",\"target\":{\"@type\":\"EntryPoint\",\"urlTemplate\":\"https:\/\/www.prioratenoturisme.com\/?s={search_term_string}\"},\"query-input\":{\"@type\":\"PropertyValueSpecification\",\"valueRequired\":true,\"valueName\":\"search_term_string\"}}],\"inLanguage\":\"es\"},{\"@type\":\"Organization\",\"@id\":\"https:\/\/www.prioratenoturisme.com\/#organization\",\"name\":\"Priorat Enoturisme\",\"url\":\"https:\/\/www.prioratenoturisme.com\/\",\"logo\":{\"@type\":\"ImageObject\",\"inLanguage\":\"es\",\"@id\":\"https:\/\/www.prioratenoturisme.com\/#\/schema\/logo\/image\/\",\"url\":\"https:\/\/www.prioratenoturisme.com\/wp-content\/uploads\/2023\/03\/cropped-FAVICON.png\",\"contentUrl\":\"https:\/\/www.prioratenoturisme.com\/wp-content\/uploads\/2023\/03\/cropped-FAVICON.png\",\"width\":512,\"height\":512,\"caption\":\"Priorat Enoturisme\"},\"image\":{\"@id\":\"https:\/\/www.prioratenoturisme.com\/#\/schema\/logo\/image\/\"},\"sameAs\":[\"https:\/\/www.facebook.com\/prioratenoturisme\/\",\"https:\/\/www.instagram.com\/prioratenoturisme\/\"]},{\"@type\":\"Person\",\"@id\":\"https:\/\/www.prioratenoturisme.com\/#\/schema\/person\/21cb071ed0505ebc2f5e911eca6dccf7\",\"name\":\"Priorat Enoturisme\",\"image\":{\"@type\":\"ImageObject\",\"inLanguage\":\"es\",\"@id\":\"https:\/\/www.prioratenoturisme.com\/#\/schema\/person\/image\/\",\"url\":\"https:\/\/secure.gravatar.com\/avatar\/18e124132141ce8f3b812fb2b92f98d9180a5b7a1f465cb453ca291f504ea831?s=96&d=mm&r=g\",\"contentUrl\":\"https:\/\/secure.gravatar.com\/avatar\/18e124132141ce8f3b812fb2b92f98d9180a5b7a1f465cb453ca291f504ea831?s=96&d=mm&r=g\",\"caption\":\"Priorat Enoturisme\"},\"url\":\"https:\/\/www.prioratenoturisme.com\/es\/author\/prioratenoturisme_gestio\/\"}]}<\/script>\n<!-- \/ Yoast SEO plugin. -->","yoast_head_json":{"title":"Viaje por el Priorat antiguo - Priorat Enoturisme","robots":{"index":"index","follow":"follow","max-snippet":"max-snippet:-1","max-image-preview":"max-image-preview:large","max-video-preview":"max-video-preview:-1"},"canonical":"https:\/\/www.prioratenoturisme.com\/viatge-pel-priorat-antic-experiencies\/","og_locale":"es_ES","og_type":"article","og_title":"Viaje por el Priorat antiguo - Priorat Enoturisme","og_description":"Os proponemos una estancia de 5 noches para descubrir los or\u00edgenes del Priorat. EL PACK INCLUYE: \u00b7 5 noches de alojamiento con desayuno en Cal Giral 2\u00b7 2 cenas LoRefugi Gastrobar\u00b7 Visita con almuerzo en el Mol\u00ed Mir\u00f3 Cubells\u00b7 Visita a Bodegas Escaladei\u00b7 Visita a la Bodega Cooperativa de Cornudella\u00b7 Visita a la Cartuja D\u00eda [&hellip;]","og_url":"https:\/\/www.prioratenoturisme.com\/viatge-pel-priorat-antic-experiencies\/","og_site_name":"Priorat Enoturisme","article_publisher":"https:\/\/www.facebook.com\/prioratenoturisme\/","article_published_time":"2024-02-04T12:05:38+00:00","article_modified_time":"2024-03-13T12:18:19+00:00","og_image":[{"width":801,"height":503,"url":"https:\/\/www.prioratenoturisme.com\/wp-content\/uploads\/scala-dei-1.png","type":"image\/png"}],"author":"Priorat Enoturisme","twitter_card":"summary_large_image","twitter_misc":{"Escrito por":"Priorat Enoturisme","Tiempo de lectura":"3 minutos"},"schema":{"@context":"https:\/\/schema.org","@graph":[{"@type":"Article","@id":"https:\/\/www.prioratenoturisme.com\/viatge-pel-priorat-antic-experiencies\/#article","isPartOf":{"@id":"https:\/\/www.prioratenoturisme.com\/viatge-pel-priorat-antic-experiencies\/"},"author":{"name":"Priorat Enoturisme","@id":"https:\/\/www.prioratenoturisme.com\/#\/schema\/person\/21cb071ed0505ebc2f5e911eca6dccf7"},"headline":"Viaje por el Priorat antiguo","datePublished":"2024-02-04T12:05:38+00:00","dateModified":"2024-03-13T12:18:19+00:00","mainEntityOfPage":{"@id":"https:\/\/www.prioratenoturisme.com\/viatge-pel-priorat-antic-experiencies\/"},"wordCount":582,"publisher":{"@id":"https:\/\/www.prioratenoturisme.com\/#organization"},"image":{"@id":"https:\/\/www.prioratenoturisme.com\/viatge-pel-priorat-antic-experiencies\/#primaryimage"},"thumbnailUrl":"https:\/\/www.prioratenoturisme.com\/wp-content\/uploads\/scala-dei-1.png","articleSection":["experiencias"],"inLanguage":"es"},{"@type":"WebPage","@id":"https:\/\/www.prioratenoturisme.com\/viatge-pel-priorat-antic-experiencies\/","url":"https:\/\/www.prioratenoturisme.com\/viatge-pel-priorat-antic-experiencies\/","name":"Viaje por el Priorat antiguo - Priorat Enoturisme","isPartOf":{"@id":"https:\/\/www.prioratenoturisme.com\/#website"},"primaryImageOfPage":{"@id":"https:\/\/www.prioratenoturisme.com\/viatge-pel-priorat-antic-experiencies\/#primaryimage"},"image":{"@id":"https:\/\/www.prioratenoturisme.com\/viatge-pel-priorat-antic-experiencies\/#primaryimage"},"thumbnailUrl":"https:\/\/www.prioratenoturisme.com\/wp-content\/uploads\/scala-dei-1.png","datePublished":"2024-02-04T12:05:38+00:00","dateModified":"2024-03-13T12:18:19+00:00","breadcrumb":{"@id":"https:\/\/www.prioratenoturisme.com\/viatge-pel-priorat-antic-experiencies\/#breadcrumb"},"inLanguage":"es","potentialAction":[{"@type":"ReadAction","target":["https:\/\/www.prioratenoturisme.com\/viatge-pel-priorat-antic-experiencies\/"]}]},{"@type":"ImageObject","inLanguage":"es","@id":"https:\/\/www.prioratenoturisme.com\/viatge-pel-priorat-antic-experiencies\/#primaryimage","url":"https:\/\/www.prioratenoturisme.com\/wp-content\/uploads\/scala-dei-1.png","contentUrl":"https:\/\/www.prioratenoturisme.com\/wp-content\/uploads\/scala-dei-1.png","width":801,"height":503},{"@type":"BreadcrumbList","@id":"https:\/\/www.prioratenoturisme.com\/viatge-pel-priorat-antic-experiencies\/#breadcrumb","itemListElement":[{"@type":"ListItem","position":1,"name":"Portada","item":"https:\/\/www.prioratenoturisme.com\/es\/inicio-vive-el-priorat\/"},{"@type":"ListItem","position":2,"name":"Viaje por el Priorat antiguo"}]},{"@type":"WebSite","@id":"https:\/\/www.prioratenoturisme.com\/#website","url":"https:\/\/www.prioratenoturisme.com\/","name":"Priorat Enoturisme","description":"Viu el Priorat","publisher":{"@id":"https:\/\/www.prioratenoturisme.com\/#organization"},"potentialAction":[{"@type":"SearchAction","target":{"@type":"EntryPoint","urlTemplate":"https:\/\/www.prioratenoturisme.com\/?s={search_term_string}"},"query-input":{"@type":"PropertyValueSpecification","valueRequired":true,"valueName":"search_term_string"}}],"inLanguage":"es"},{"@type":"Organization","@id":"https:\/\/www.prioratenoturisme.com\/#organization","name":"Priorat Enoturisme","url":"https:\/\/www.prioratenoturisme.com\/","logo":{"@type":"ImageObject","inLanguage":"es","@id":"https:\/\/www.prioratenoturisme.com\/#\/schema\/logo\/image\/","url":"https:\/\/www.prioratenoturisme.com\/wp-content\/uploads\/2023\/03\/cropped-FAVICON.png","contentUrl":"https:\/\/www.prioratenoturisme.com\/wp-content\/uploads\/2023\/03\/cropped-FAVICON.png","width":512,"height":512,"caption":"Priorat Enoturisme"},"image":{"@id":"https:\/\/www.prioratenoturisme.com\/#\/schema\/logo\/image\/"},"sameAs":["https:\/\/www.facebook.com\/prioratenoturisme\/","https:\/\/www.instagram.com\/prioratenoturisme\/"]},{"@type":"Person","@id":"https:\/\/www.prioratenoturisme.com\/#\/schema\/person\/21cb071ed0505ebc2f5e911eca6dccf7","name":"Priorat Enoturisme","image":{"@type":"ImageObject","inLanguage":"es","@id":"https:\/\/www.prioratenoturisme.com\/#\/schema\/person\/image\/","url":"https:\/\/secure.gravatar.com\/avatar\/18e124132141ce8f3b812fb2b92f98d9180a5b7a1f465cb453ca291f504ea831?s=96&d=mm&r=g","contentUrl":"https:\/\/secure.gravatar.com\/avatar\/18e124132141ce8f3b812fb2b92f98d9180a5b7a1f465cb453ca291f504ea831?s=96&d=mm&r=g","caption":"Priorat Enoturisme"},"url":"https:\/\/www.prioratenoturisme.com\/es\/author\/prioratenoturisme_gestio\/"}]}},"_links":{"self":[{"href":"https:\/\/www.prioratenoturisme.com\/es\/wp-json\/wp\/v2\/posts\/36202","targetHints":{"allow":["GET"]}}],"collection":[{"href":"https:\/\/www.prioratenoturisme.com\/es\/wp-json\/wp\/v2\/posts"}],"about":[{"href":"https:\/\/www.prioratenoturisme.com\/es\/wp-json\/wp\/v2\/types\/post"}],"author":[{"embeddable":true,"href":"https:\/\/www.prioratenoturisme.com\/es\/wp-json\/wp\/v2\/users\/2"}],"replies":[{"embeddable":true,"href":"https:\/\/www.prioratenoturisme.com\/es\/wp-json\/wp\/v2\/comments?post=36202"}],"version-history":[{"count":5,"href":"https:\/\/www.prioratenoturisme.com\/es\/wp-json\/wp\/v2\/posts\/36202\/revisions"}],"predecessor-version":[{"id":36207,"href":"https:\/\/www.prioratenoturisme.com\/es\/wp-json\/wp\/v2\/posts\/36202\/revisions\/36207"}],"wp:featuredmedia":[{"embeddable":true,"href":"https:\/\/www.prioratenoturisme.com\/es\/wp-json\/wp\/v2\/media\/24087"}],"wp:attachment":[{"href":"https:\/\/www.prioratenoturisme.com\/es\/wp-json\/wp\/v2\/media?parent=36202"}],"wp:term":[{"taxonomy":"category","embeddable":true,"href":"https:\/\/www.prioratenoturisme.com\/es\/wp-json\/wp\/v2\/categories?post=36202"},{"taxonomy":"post_tag","embeddable":true,"href":"https:\/\/www.prioratenoturisme.com\/es\/wp-json\/wp\/v2\/tags?post=36202"}],"curies":[{"name":"wp","href":"https:\/\/api.w.org\/{rel}","templated":true}]}}