{"id":36211,"date":"2024-02-04T12:48:33","date_gmt":"2024-02-04T11:48:33","guid":{"rendered":"https:\/\/www.prioratenoturisme.com\/priorat-de-altura\/"},"modified":"2024-03-13T13:20:22","modified_gmt":"2024-03-13T12:20:22","slug":"priorat-de-altura","status":"publish","type":"post","link":"https:\/\/www.prioratenoturisme.com\/es\/priorat-de-altura\/","title":{"rendered":"Priorat de altura"},"content":{"rendered":"<p>[et_pb_section fb_built=\u00bb1&#8243; _builder_version=\u00bb4.20.4&#8243; _module_preset=\u00bbdefault\u00bb collapsed=\u00bboff\u00bb global_colors_info=\u00bb{}\u00bb][et_pb_row _builder_version=\u00bb4.20.4&#8243; _module_preset=\u00bbdefault\u00bb global_colors_info=\u00bb{}\u00bb][et_pb_column type=\u00bb4_4&#8243; _builder_version=\u00bb4.20.4&#8243; _module_preset=\u00bbdefault\u00bb global_colors_info=\u00bb{}\u00bb][et_pb_testimonial admin_label=\u00bbFRASE ENGRESCADORA\u00bb _builder_version=\u00bb4.20.4&#8243; _module_preset=\u00bbdefault\u00bb body_font=\u00bbTimes New Roman||||||||\u00bb body_font_size=\u00bb24px\u00bb body_quote_font=\u00bbTimes New Roman||||||||\u00bb body_quote_text_align=\u00bbcenter\u00bb body_quote_font_size=\u00bb18px\u00bb body_quote_letter_spacing=\u00bb2px\u00bb text_orientation=\u00bbcenter\u00bb global_colors_info=\u00bb{}\u00bb]<\/p>\n<p style=\"text-align: center;\"><em>Sum\u00e9rjase en un viaje inolvidable por las zonas m\u00e1s altas del Priorat, a los pies del Parque Natural del Montsant.<\/em><\/p>\n<p>[\/et_pb_testimonial][et_pb_text _builder_version=\u00bb4.20.4&#8243; _module_preset=\u00bbdefault\u00bb global_colors_info=\u00bb{}\u00bb][\/et_pb_text][\/et_pb_column][\/et_pb_row][et_pb_row column_structure=\u00bb1_2,1_2&#8243; _builder_version=\u00bb4.20.4&#8243; _module_preset=\u00bbdefault\u00bb global_colors_info=\u00bb{}\u00bb][et_pb_column type=\u00bb1_2&#8243; _builder_version=\u00bb4.20.4&#8243; _module_preset=\u00bbdefault\u00bb global_colors_info=\u00bb{}\u00bb][et_pb_gallery gallery_ids=\u00bb25693,25581,25681,35857&#8243; dbdb_version=\u00bb4.1.5&#8243; show_title_and_caption=\u00bboff\u00bb admin_label=\u00bbGALERIA FOTOS DEL PACK\u00bb _builder_version=\u00bb4.20.4&#8243; _module_preset=\u00bbdefault\u00bb global_colors_info=\u00bb{}\u00bb][\/et_pb_gallery][\/et_pb_column][et_pb_column type=\u00bb1_2&#8243; _builder_version=\u00bb4.20.4&#8243; _module_preset=\u00bbdefault\u00bb global_colors_info=\u00bb{}\u00bb][et_pb_text admin_label=\u00bbDESCRIPCI\u00d3 LLARGA DEL PACK\u00bb _builder_version=\u00bb4.20.4&#8243; _module_preset=\u00bbdefault\u00bb global_colors_info=\u00bb{}\u00bb]<b>EL PACK INCLUYE:<\/b><br \/>\n \u00b7 1 noche alojamiento con desayuno<br \/>\n\u00b7 Almuerzo en el Restaurante La Morera<br \/>\n\u00b7 Visita a la Cartuja de Escaladei<br \/>\n\u00b7 Visita a la Bodega La Conreria de Escaladei<br \/>\n\u00b7 Visita a la Bodega Passanau<br \/>\n\u00b7 Ruta Entrevinyes en 4\u00d74<\/p>\n<p class=\"p1\"><b>D\u00eda 1. LLEGADA A LAS TIERRAS DEL PRIOR<br \/>\n<\/b>En La Morera de Montsant, encontrar\u00e1 el <b>Celler Pasanau<\/b> . En 1995 los hermanos Pasanau, con el empuje de su padre, construyen la bodega en la que elaboran hoy sus vinos. La familia lleva siglos cultivando vi\u00f1edos en el Priorat, las referencias m\u00e1s antiguas se remontan al siglo XIV.<\/p>\n<p class=\"p1\">Almuerzo en el <b>Restaurante La Morera<\/b><\/p>\n<p class=\"p1\">Despu\u00e9s de instalarse en el <b>Hotel Balco del Priorat<\/b> , disfrutar\u00e1 del <b>Entrevinyes en 4\u00d74<\/b> , un itinerario circular entre vi\u00f1edos en veh\u00edculo 4\u00d74, pasando por fincas inscritas tanto en la DOQ Priorat como en la DO Montsant . Har\u00e1 una parada en una finca de garnacha donde, adem\u00e1s de conocer in situ nuestra viticultura, podr\u00e1s degustar queso de producci\u00f3n local acompa\u00f1ado de un buen vino.<\/p>\n<p class=\"p1\"><b>D\u00eda 2: LA CUNA DEL PRIORATO<\/b><br \/>\n La <b>Cartuja de Scala Dei<\/b> . Comenzar\u00e1 el d\u00eda con una visita a la Cartuja de Scala Dei, fundada en el siglo XII por Alfonso el Casto y fue la primera cartuja de la Pen\u00ednsula Ib\u00e9rica, de la que surgieron las otras cartujas catalanas. Sus dominios configuraron el territorio hist\u00f3rico del Priorat, m\u00e1s reducidos que la actual comarca del mismo nombre.<\/p>\n<p class=\"p1\">A continuaci\u00f3n visitar\u00e1 la <b>Bodega La Conreria de Scala Dei<\/b> , nacido de la voluntad y el entusiasmo de un grupo de personas hist\u00f3ricamente ligadas al Priorat, con el deseo de dar a conocer al mundo los magn\u00edficos vinos que se elaboran en esta tierra .<\/p>\n<p><strong>Desde 449\u20ac por pareja.<\/strong><br \/>\n[\/et_pb_text][\/et_pb_column][\/et_pb_row][et_pb_row _builder_version=\u00bb4.20.4&#8243; _module_preset=\u00bbdefault\u00bb global_colors_info=\u00bb{}\u00bb][et_pb_column type=\u00bb4_4&#8243; _builder_version=\u00bb4.20.4&#8243; _module_preset=\u00bbdefault\u00bb global_colors_info=\u00bb{}\u00bb][et_pb_button button_url=\u00bbhttps:\/\/siuranatours.com\/producte\/priorat-dalcada\/\u00bb button_text=\u00bbRESERVA TU PACK CON SIURANA TOURS AQU\u00cd\u00bb button_alignment=\u00bbcenter\u00bb _builder_version=\u00bb4.20.4&#8243; _module_preset=\u00bbdefault\u00bb custom_button=\u00bbon\u00bb button_text_color=\u00bb#FFFFFF\u00bb button_bg_color=\u00bb#7E8032&#8243; global_colors_info=\u00bb{}\u00bb][\/et_pb_button][\/et_pb_column][\/et_pb_row][\/et_pb_section]<\/p>\n","protected":false},"excerpt":{"rendered":"<p>Sum\u00e9rjase en un viaje inolvidable por las zonas m\u00e1s altas del Priorat, a los pies del Parque Natural del Montsant.EL PACK INCLUYE: \u00b7 1 noche alojamiento con desayuno \u00b7 Almuerzo en el Restaurante La Morera \u00b7 Visita a la Cartuja de Escaladei \u00b7 Visita a la Bodega La Conreria de Escaladei \u00b7 Visita a la [&hellip;]<\/p>\n","protected":false},"author":2,"featured_media":35827,"comment_status":"closed","ping_status":"closed","sticky":false,"template":"","format":"standard","meta":{"_acf_changed":false,"_et_pb_use_builder":"on","_et_pb_old_content":"","_et_gb_content_width":"","footnotes":""},"categories":[309],"tags":[220],"class_list":["post-36211","post","type-post","status-publish","format-standard","has-post-thumbnail","hentry","category-experiencias","tag-priorat"],"acf":[],"yoast_head":"<!-- This site is optimized with the Yoast SEO plugin v25.6 - https:\/\/yoast.com\/wordpress\/plugins\/seo\/ -->\n<title>Priorat de altura - Priorat Enoturisme<\/title>\n<meta name=\"robots\" content=\"index, follow, max-snippet:-1, max-image-preview:large, max-video-preview:-1\" \/>\n<link rel=\"canonical\" href=\"https:\/\/www.prioratenoturisme.com\/priorat-dalcada\/\" \/>\n<meta property=\"og:locale\" content=\"es_ES\" \/>\n<meta property=\"og:type\" content=\"article\" \/>\n<meta property=\"og:title\" content=\"Priorat de altura - Priorat Enoturisme\" \/>\n<meta property=\"og:description\" content=\"Sum\u00e9rjase en un viaje inolvidable por las zonas m\u00e1s altas del Priorat, a los pies del Parque Natural del Montsant.EL PACK INCLUYE: \u00b7 1 noche alojamiento con desayuno \u00b7 Almuerzo en el Restaurante La Morera \u00b7 Visita a la Cartuja de Escaladei \u00b7 Visita a la Bodega La Conreria de Escaladei \u00b7 Visita a la [&hellip;]\" \/>\n<meta property=\"og:url\" content=\"https:\/\/www.prioratenoturisme.com\/priorat-dalcada\/\" \/>\n<meta property=\"og:site_name\" content=\"Priorat Enoturisme\" \/>\n<meta property=\"article:publisher\" content=\"https:\/\/www.facebook.com\/prioratenoturisme\/\" \/>\n<meta property=\"article:published_time\" content=\"2024-02-04T11:48:33+00:00\" \/>\n<meta property=\"article:modified_time\" content=\"2024-03-13T12:20:22+00:00\" \/>\n<meta property=\"og:image\" content=\"https:\/\/www.prioratenoturisme.com\/wp-content\/uploads\/Captura-de-pantalla-2023-12-11-a-les-10.42.51-1024x688.png\" \/>\n\t<meta property=\"og:image:width\" content=\"1024\" \/>\n\t<meta property=\"og:image:height\" content=\"688\" \/>\n\t<meta property=\"og:image:type\" content=\"image\/png\" \/>\n<meta name=\"author\" content=\"Priorat Enoturisme\" \/>\n<meta name=\"twitter:card\" content=\"summary_large_image\" \/>\n<meta name=\"twitter:label1\" content=\"Escrito por\" \/>\n\t<meta name=\"twitter:data1\" content=\"Priorat Enoturisme\" \/>\n\t<meta name=\"twitter:label2\" content=\"Tiempo de lectura\" \/>\n\t<meta name=\"twitter:data2\" content=\"3 minutos\" \/>\n<script type=\"application\/ld+json\" class=\"yoast-schema-graph\">{\"@context\":\"https:\/\/schema.org\",\"@graph\":[{\"@type\":\"Article\",\"@id\":\"https:\/\/www.prioratenoturisme.com\/priorat-dalcada\/#article\",\"isPartOf\":{\"@id\":\"https:\/\/www.prioratenoturisme.com\/priorat-dalcada\/\"},\"author\":{\"name\":\"Priorat Enoturisme\",\"@id\":\"https:\/\/www.prioratenoturisme.com\/#\/schema\/person\/21cb071ed0505ebc2f5e911eca6dccf7\"},\"headline\":\"Priorat de altura\",\"datePublished\":\"2024-02-04T11:48:33+00:00\",\"dateModified\":\"2024-03-13T12:20:22+00:00\",\"mainEntityOfPage\":{\"@id\":\"https:\/\/www.prioratenoturisme.com\/priorat-dalcada\/\"},\"wordCount\":592,\"publisher\":{\"@id\":\"https:\/\/www.prioratenoturisme.com\/#organization\"},\"image\":{\"@id\":\"https:\/\/www.prioratenoturisme.com\/priorat-dalcada\/#primaryimage\"},\"thumbnailUrl\":\"https:\/\/www.prioratenoturisme.com\/wp-content\/uploads\/Captura-de-pantalla-2023-12-11-a-les-10.42.51.png\",\"keywords\":[\"priorat\"],\"articleSection\":[\"experiencias\"],\"inLanguage\":\"es\"},{\"@type\":\"WebPage\",\"@id\":\"https:\/\/www.prioratenoturisme.com\/priorat-dalcada\/\",\"url\":\"https:\/\/www.prioratenoturisme.com\/priorat-dalcada\/\",\"name\":\"Priorat de altura - Priorat Enoturisme\",\"isPartOf\":{\"@id\":\"https:\/\/www.prioratenoturisme.com\/#website\"},\"primaryImageOfPage\":{\"@id\":\"https:\/\/www.prioratenoturisme.com\/priorat-dalcada\/#primaryimage\"},\"image\":{\"@id\":\"https:\/\/www.prioratenoturisme.com\/priorat-dalcada\/#primaryimage\"},\"thumbnailUrl\":\"https:\/\/www.prioratenoturisme.com\/wp-content\/uploads\/Captura-de-pantalla-2023-12-11-a-les-10.42.51.png\",\"datePublished\":\"2024-02-04T11:48:33+00:00\",\"dateModified\":\"2024-03-13T12:20:22+00:00\",\"breadcrumb\":{\"@id\":\"https:\/\/www.prioratenoturisme.com\/priorat-dalcada\/#breadcrumb\"},\"inLanguage\":\"es\",\"potentialAction\":[{\"@type\":\"ReadAction\",\"target\":[\"https:\/\/www.prioratenoturisme.com\/priorat-dalcada\/\"]}]},{\"@type\":\"ImageObject\",\"inLanguage\":\"es\",\"@id\":\"https:\/\/www.prioratenoturisme.com\/priorat-dalcada\/#primaryimage\",\"url\":\"https:\/\/www.prioratenoturisme.com\/wp-content\/uploads\/Captura-de-pantalla-2023-12-11-a-les-10.42.51.png\",\"contentUrl\":\"https:\/\/www.prioratenoturisme.com\/wp-content\/uploads\/Captura-de-pantalla-2023-12-11-a-les-10.42.51.png\",\"width\":1764,\"height\":1185},{\"@type\":\"BreadcrumbList\",\"@id\":\"https:\/\/www.prioratenoturisme.com\/priorat-dalcada\/#breadcrumb\",\"itemListElement\":[{\"@type\":\"ListItem\",\"position\":1,\"name\":\"Portada\",\"item\":\"https:\/\/www.prioratenoturisme.com\/es\/inicio-vive-el-priorat\/\"},{\"@type\":\"ListItem\",\"position\":2,\"name\":\"Priorat de altura\"}]},{\"@type\":\"WebSite\",\"@id\":\"https:\/\/www.prioratenoturisme.com\/#website\",\"url\":\"https:\/\/www.prioratenoturisme.com\/\",\"name\":\"Priorat Enoturisme\",\"description\":\"Viu el Priorat\",\"publisher\":{\"@id\":\"https:\/\/www.prioratenoturisme.com\/#organization\"},\"potentialAction\":[{\"@type\":\"SearchAction\",\"target\":{\"@type\":\"EntryPoint\",\"urlTemplate\":\"https:\/\/www.prioratenoturisme.com\/?s={search_term_string}\"},\"query-input\":{\"@type\":\"PropertyValueSpecification\",\"valueRequired\":true,\"valueName\":\"search_term_string\"}}],\"inLanguage\":\"es\"},{\"@type\":\"Organization\",\"@id\":\"https:\/\/www.prioratenoturisme.com\/#organization\",\"name\":\"Priorat Enoturisme\",\"url\":\"https:\/\/www.prioratenoturisme.com\/\",\"logo\":{\"@type\":\"ImageObject\",\"inLanguage\":\"es\",\"@id\":\"https:\/\/www.prioratenoturisme.com\/#\/schema\/logo\/image\/\",\"url\":\"https:\/\/www.prioratenoturisme.com\/wp-content\/uploads\/2023\/03\/cropped-FAVICON.png\",\"contentUrl\":\"https:\/\/www.prioratenoturisme.com\/wp-content\/uploads\/2023\/03\/cropped-FAVICON.png\",\"width\":512,\"height\":512,\"caption\":\"Priorat Enoturisme\"},\"image\":{\"@id\":\"https:\/\/www.prioratenoturisme.com\/#\/schema\/logo\/image\/\"},\"sameAs\":[\"https:\/\/www.facebook.com\/prioratenoturisme\/\",\"https:\/\/www.instagram.com\/prioratenoturisme\/\"]},{\"@type\":\"Person\",\"@id\":\"https:\/\/www.prioratenoturisme.com\/#\/schema\/person\/21cb071ed0505ebc2f5e911eca6dccf7\",\"name\":\"Priorat Enoturisme\",\"image\":{\"@type\":\"ImageObject\",\"inLanguage\":\"es\",\"@id\":\"https:\/\/www.prioratenoturisme.com\/#\/schema\/person\/image\/\",\"url\":\"https:\/\/secure.gravatar.com\/avatar\/18e124132141ce8f3b812fb2b92f98d9180a5b7a1f465cb453ca291f504ea831?s=96&d=mm&r=g\",\"contentUrl\":\"https:\/\/secure.gravatar.com\/avatar\/18e124132141ce8f3b812fb2b92f98d9180a5b7a1f465cb453ca291f504ea831?s=96&d=mm&r=g\",\"caption\":\"Priorat Enoturisme\"},\"url\":\"https:\/\/www.prioratenoturisme.com\/es\/author\/prioratenoturisme_gestio\/\"}]}<\/script>\n<!-- \/ Yoast SEO plugin. -->","yoast_head_json":{"title":"Priorat de altura - Priorat Enoturisme","robots":{"index":"index","follow":"follow","max-snippet":"max-snippet:-1","max-image-preview":"max-image-preview:large","max-video-preview":"max-video-preview:-1"},"canonical":"https:\/\/www.prioratenoturisme.com\/priorat-dalcada\/","og_locale":"es_ES","og_type":"article","og_title":"Priorat de altura - Priorat Enoturisme","og_description":"Sum\u00e9rjase en un viaje inolvidable por las zonas m\u00e1s altas del Priorat, a los pies del Parque Natural del Montsant.EL PACK INCLUYE: \u00b7 1 noche alojamiento con desayuno \u00b7 Almuerzo en el Restaurante La Morera \u00b7 Visita a la Cartuja de Escaladei \u00b7 Visita a la Bodega La Conreria de Escaladei \u00b7 Visita a la [&hellip;]","og_url":"https:\/\/www.prioratenoturisme.com\/priorat-dalcada\/","og_site_name":"Priorat Enoturisme","article_publisher":"https:\/\/www.facebook.com\/prioratenoturisme\/","article_published_time":"2024-02-04T11:48:33+00:00","article_modified_time":"2024-03-13T12:20:22+00:00","og_image":[{"width":1024,"height":688,"url":"https:\/\/www.prioratenoturisme.com\/wp-content\/uploads\/Captura-de-pantalla-2023-12-11-a-les-10.42.51-1024x688.png","type":"image\/png"}],"author":"Priorat Enoturisme","twitter_card":"summary_large_image","twitter_misc":{"Escrito por":"Priorat Enoturisme","Tiempo de lectura":"3 minutos"},"schema":{"@context":"https:\/\/schema.org","@graph":[{"@type":"Article","@id":"https:\/\/www.prioratenoturisme.com\/priorat-dalcada\/#article","isPartOf":{"@id":"https:\/\/www.prioratenoturisme.com\/priorat-dalcada\/"},"author":{"name":"Priorat Enoturisme","@id":"https:\/\/www.prioratenoturisme.com\/#\/schema\/person\/21cb071ed0505ebc2f5e911eca6dccf7"},"headline":"Priorat de altura","datePublished":"2024-02-04T11:48:33+00:00","dateModified":"2024-03-13T12:20:22+00:00","mainEntityOfPage":{"@id":"https:\/\/www.prioratenoturisme.com\/priorat-dalcada\/"},"wordCount":592,"publisher":{"@id":"https:\/\/www.prioratenoturisme.com\/#organization"},"image":{"@id":"https:\/\/www.prioratenoturisme.com\/priorat-dalcada\/#primaryimage"},"thumbnailUrl":"https:\/\/www.prioratenoturisme.com\/wp-content\/uploads\/Captura-de-pantalla-2023-12-11-a-les-10.42.51.png","keywords":["priorat"],"articleSection":["experiencias"],"inLanguage":"es"},{"@type":"WebPage","@id":"https:\/\/www.prioratenoturisme.com\/priorat-dalcada\/","url":"https:\/\/www.prioratenoturisme.com\/priorat-dalcada\/","name":"Priorat de altura - Priorat Enoturisme","isPartOf":{"@id":"https:\/\/www.prioratenoturisme.com\/#website"},"primaryImageOfPage":{"@id":"https:\/\/www.prioratenoturisme.com\/priorat-dalcada\/#primaryimage"},"image":{"@id":"https:\/\/www.prioratenoturisme.com\/priorat-dalcada\/#primaryimage"},"thumbnailUrl":"https:\/\/www.prioratenoturisme.com\/wp-content\/uploads\/Captura-de-pantalla-2023-12-11-a-les-10.42.51.png","datePublished":"2024-02-04T11:48:33+00:00","dateModified":"2024-03-13T12:20:22+00:00","breadcrumb":{"@id":"https:\/\/www.prioratenoturisme.com\/priorat-dalcada\/#breadcrumb"},"inLanguage":"es","potentialAction":[{"@type":"ReadAction","target":["https:\/\/www.prioratenoturisme.com\/priorat-dalcada\/"]}]},{"@type":"ImageObject","inLanguage":"es","@id":"https:\/\/www.prioratenoturisme.com\/priorat-dalcada\/#primaryimage","url":"https:\/\/www.prioratenoturisme.com\/wp-content\/uploads\/Captura-de-pantalla-2023-12-11-a-les-10.42.51.png","contentUrl":"https:\/\/www.prioratenoturisme.com\/wp-content\/uploads\/Captura-de-pantalla-2023-12-11-a-les-10.42.51.png","width":1764,"height":1185},{"@type":"BreadcrumbList","@id":"https:\/\/www.prioratenoturisme.com\/priorat-dalcada\/#breadcrumb","itemListElement":[{"@type":"ListItem","position":1,"name":"Portada","item":"https:\/\/www.prioratenoturisme.com\/es\/inicio-vive-el-priorat\/"},{"@type":"ListItem","position":2,"name":"Priorat de altura"}]},{"@type":"WebSite","@id":"https:\/\/www.prioratenoturisme.com\/#website","url":"https:\/\/www.prioratenoturisme.com\/","name":"Priorat Enoturisme","description":"Viu el Priorat","publisher":{"@id":"https:\/\/www.prioratenoturisme.com\/#organization"},"potentialAction":[{"@type":"SearchAction","target":{"@type":"EntryPoint","urlTemplate":"https:\/\/www.prioratenoturisme.com\/?s={search_term_string}"},"query-input":{"@type":"PropertyValueSpecification","valueRequired":true,"valueName":"search_term_string"}}],"inLanguage":"es"},{"@type":"Organization","@id":"https:\/\/www.prioratenoturisme.com\/#organization","name":"Priorat Enoturisme","url":"https:\/\/www.prioratenoturisme.com\/","logo":{"@type":"ImageObject","inLanguage":"es","@id":"https:\/\/www.prioratenoturisme.com\/#\/schema\/logo\/image\/","url":"https:\/\/www.prioratenoturisme.com\/wp-content\/uploads\/2023\/03\/cropped-FAVICON.png","contentUrl":"https:\/\/www.prioratenoturisme.com\/wp-content\/uploads\/2023\/03\/cropped-FAVICON.png","width":512,"height":512,"caption":"Priorat Enoturisme"},"image":{"@id":"https:\/\/www.prioratenoturisme.com\/#\/schema\/logo\/image\/"},"sameAs":["https:\/\/www.facebook.com\/prioratenoturisme\/","https:\/\/www.instagram.com\/prioratenoturisme\/"]},{"@type":"Person","@id":"https:\/\/www.prioratenoturisme.com\/#\/schema\/person\/21cb071ed0505ebc2f5e911eca6dccf7","name":"Priorat Enoturisme","image":{"@type":"ImageObject","inLanguage":"es","@id":"https:\/\/www.prioratenoturisme.com\/#\/schema\/person\/image\/","url":"https:\/\/secure.gravatar.com\/avatar\/18e124132141ce8f3b812fb2b92f98d9180a5b7a1f465cb453ca291f504ea831?s=96&d=mm&r=g","contentUrl":"https:\/\/secure.gravatar.com\/avatar\/18e124132141ce8f3b812fb2b92f98d9180a5b7a1f465cb453ca291f504ea831?s=96&d=mm&r=g","caption":"Priorat Enoturisme"},"url":"https:\/\/www.prioratenoturisme.com\/es\/author\/prioratenoturisme_gestio\/"}]}},"_links":{"self":[{"href":"https:\/\/www.prioratenoturisme.com\/es\/wp-json\/wp\/v2\/posts\/36211","targetHints":{"allow":["GET"]}}],"collection":[{"href":"https:\/\/www.prioratenoturisme.com\/es\/wp-json\/wp\/v2\/posts"}],"about":[{"href":"https:\/\/www.prioratenoturisme.com\/es\/wp-json\/wp\/v2\/types\/post"}],"author":[{"embeddable":true,"href":"https:\/\/www.prioratenoturisme.com\/es\/wp-json\/wp\/v2\/users\/2"}],"replies":[{"embeddable":true,"href":"https:\/\/www.prioratenoturisme.com\/es\/wp-json\/wp\/v2\/comments?post=36211"}],"version-history":[{"count":2,"href":"https:\/\/www.prioratenoturisme.com\/es\/wp-json\/wp\/v2\/posts\/36211\/revisions"}],"predecessor-version":[{"id":36213,"href":"https:\/\/www.prioratenoturisme.com\/es\/wp-json\/wp\/v2\/posts\/36211\/revisions\/36213"}],"wp:featuredmedia":[{"embeddable":true,"href":"https:\/\/www.prioratenoturisme.com\/es\/wp-json\/wp\/v2\/media\/35827"}],"wp:attachment":[{"href":"https:\/\/www.prioratenoturisme.com\/es\/wp-json\/wp\/v2\/media?parent=36211"}],"wp:term":[{"taxonomy":"category","embeddable":true,"href":"https:\/\/www.prioratenoturisme.com\/es\/wp-json\/wp\/v2\/categories?post=36211"},{"taxonomy":"post_tag","embeddable":true,"href":"https:\/\/www.prioratenoturisme.com\/es\/wp-json\/wp\/v2\/tags?post=36211"}],"curies":[{"name":"wp","href":"https:\/\/api.w.org\/{rel}","templated":true}]}}