{"id":36554,"date":"2024-11-27T13:44:26","date_gmt":"2024-11-27T12:44:26","guid":{"rendered":"https:\/\/www.prioratenoturisme.com\/exit-de-la-primera-festa-de-temps-de-priorat\/"},"modified":"2024-11-27T13:48:07","modified_gmt":"2024-11-27T12:48:07","slug":"exit-de-la-primera-festa-de-temps-de-priorat","status":"publish","type":"post","link":"https:\/\/www.prioratenoturisme.com\/es\/exit-de-la-primera-festa-de-temps-de-priorat\/","title":{"rendered":"\u00c8XIT de la primera festa de TEMPS DE PRIORAT"},"content":{"rendered":"<p>[et_pb_section fb_built=\u00bb1&#8243; admin_label=\u00bbsection\u00bb _builder_version=\u00bb4.16&#8243; global_colors_info=\u00bb{}\u00bb][et_pb_row admin_label=\u00bbrow\u00bb _builder_version=\u00bb4.16&#8243; background_size=\u00bbinitial\u00bb background_position=\u00bbtop_left\u00bb background_repeat=\u00bbrepeat\u00bb collapsed=\u00bboff\u00bb global_colors_info=\u00bb{}\u00bb][et_pb_column type=\u00bb4_4&#8243; _builder_version=\u00bb4.16&#8243; custom_padding=\u00bb|||\u00bb global_colors_info=\u00bb{}\u00bb custom_padding__hover=\u00bb|||\u00bb][et_pb_text admin_label=\u00bbText\u00bb _builder_version=\u00bb4.27.4&#8243; _module_preset=\u00bbdefault\u00bb global_colors_info=\u00bb{}\u00bb]<\/p>\n<p>Aquest cap de setmana s\u2019ha celebrat a la comarca del Priorat la <strong>primera edici\u00f3 de la festa Temps de Priorat Enoturisme,<\/strong> amb la col\u00b7laboraci\u00f3 de l\u2019INCAVI i de la Diputaci\u00f3 de Tarragona.<\/p>\n<p>En conjunt, m\u00e9s de 200 persones han passat per alguna de les activitats organitzades pels socis de Priorat Enoturisme, activitats de petit format que, en la majoria de casos, han fet sold out.<\/p>\n<p>L\u2019\u00e0mplia oferta, amb activitats per a diferents p\u00fablics i edats, ha girat al voltant del vi, la gastronomia i la cultura, amb molts dels agents i motors econ\u00f2mics de la comarca implicats, des de cellers fins a restauradors, passant per allotjaments, molins d\u2019oli, etc.<\/p>\n<p>La valoraci\u00f3 de la festa per part de l\u2019associaci\u00f3 \u00e9s molt positiva: \u201cPer ser una primera edici\u00f3 podem estar molt contents\u201d, assegura Gemma Peir\u00ed, de Mas Ard\u00e9vol, una de les precursores de la festa.<\/p>\n<p>\u201cDiferents p\u00fablics, diferents localitzacions i activitats per a tots els gustos han fet moure gent per la comarca i pels establiments dels socis\u201d, remarca.<\/p>\n<p>I \u00e9s que aquest era el principal objectiu de l\u2019associaci\u00f3 amb l\u2019organitzaci\u00f3 d\u2019aquesta festa, abra\u00e7ar l\u2019ess\u00e8ncia del Priorat submergint al visitant en els seus paisatges accidentats; celebrar la diversitat oferint diversitat d\u2019experi\u00e8ncies que s\u2019adaptin a un ampli ventall d\u2019interessos.<\/p>\n<p>Fomentar la inclusi\u00f3 a trav\u00e9s d\u2019un entorn acollidor i accessible per a tots\u00a0 i col\u00b7laborar amb els residents i les empreses locals per garantir experi\u00e8ncies personalitzades als visitants.<\/p>\n<p>Falset, 25 de novembre de 2024<\/p>\n<p>[\/et_pb_text][\/et_pb_column][\/et_pb_row][et_pb_row column_structure=\u00bb1_3,1_3,1_3&#8243; admin_label=\u00bbrow\u00bb _builder_version=\u00bb4.16&#8243; background_size=\u00bbinitial\u00bb background_position=\u00bbtop_left\u00bb background_repeat=\u00bbrepeat\u00bb global_colors_info=\u00bb{}\u00bb][et_pb_column type=\u00bb1_3&#8243; _builder_version=\u00bb4.16&#8243; custom_padding=\u00bb|||\u00bb global_colors_info=\u00bb{}\u00bb custom_padding__hover=\u00bb|||\u00bb][et_pb_image src=\u00bbhttps:\/\/www.prioratenoturisme.com\/wp-content\/uploads\/69e12e8a-6adf-4849-88da-401d5c8b5b36_out-3008&#215;2016-scaled.jpg\u00bb title_text=\u00bb69e12e8a-6adf-4849-88da-401d5c8b5b36_out-3008&#215;2016&#8243; _builder_version=\u00bb4.27.4&#8243; _module_preset=\u00bbdefault\u00bb global_colors_info=\u00bb{}\u00bb][\/et_pb_image][\/et_pb_column][et_pb_column type=\u00bb1_3&#8243; _builder_version=\u00bb4.16&#8243; custom_padding=\u00bb|||\u00bb global_colors_info=\u00bb{}\u00bb custom_padding__hover=\u00bb|||\u00bb][et_pb_image src=\u00bbhttps:\/\/www.prioratenoturisme.com\/wp-content\/uploads\/VISITA-CARTOIXA.jpg\u00bb title_text=\u00bbVISITA CARTOIXA\u00bb _builder_version=\u00bb4.27.4&#8243; _module_preset=\u00bbdefault\u00bb global_colors_info=\u00bb{}\u00bb][\/et_pb_image][\/et_pb_column][et_pb_column type=\u00bb1_3&#8243; _builder_version=\u00bb4.16&#8243; custom_padding=\u00bb|||\u00bb global_colors_info=\u00bb{}\u00bb custom_padding__hover=\u00bb|||\u00bb][et_pb_image src=\u00bbhttps:\/\/www.prioratenoturisme.com\/wp-content\/uploads\/20241123_GKMPH_0149.jpg\u00bb title_text=\u00bbtast sensorial\u00bb _builder_version=\u00bb4.27.4&#8243; _module_preset=\u00bbdefault\u00bb global_colors_info=\u00bb{}\u00bb][\/et_pb_image][\/et_pb_column][\/et_pb_row][et_pb_row column_structure=\u00bb1_3,1_3,1_3&#8243; _builder_version=\u00bb4.27.4&#8243; _module_preset=\u00bbdefault\u00bb global_colors_info=\u00bb{}\u00bb][et_pb_column type=\u00bb1_3&#8243; _builder_version=\u00bb4.27.4&#8243; _module_preset=\u00bbdefault\u00bb global_colors_info=\u00bb{}\u00bb][et_pb_image src=\u00bbhttps:\/\/www.prioratenoturisme.com\/wp-content\/uploads\/20241123_GKMPH_0002.jpg\u00bb title_text=\u00bbatrezzo podcast\u00bb _builder_version=\u00bb4.27.4&#8243; _module_preset=\u00bbdefault\u00bb global_colors_info=\u00bb{}\u00bb][\/et_pb_image][\/et_pb_column][et_pb_column type=\u00bb1_3&#8243; _builder_version=\u00bb4.27.4&#8243; _module_preset=\u00bbdefault\u00bb global_colors_info=\u00bb{}\u00bb][et_pb_image src=\u00bbhttps:\/\/www.prioratenoturisme.com\/wp-content\/uploads\/20241122_GKMPH_0116.jpg\u00bb title_text=\u00bbsala tast gratallops\u00bb _builder_version=\u00bb4.27.4&#8243; _module_preset=\u00bbdefault\u00bb global_colors_info=\u00bb{}\u00bb][\/et_pb_image][\/et_pb_column][et_pb_column type=\u00bb1_3&#8243; _builder_version=\u00bb4.27.4&#8243; _module_preset=\u00bbdefault\u00bb global_colors_info=\u00bb{}\u00bb][et_pb_image src=\u00bbhttps:\/\/www.prioratenoturisme.com\/wp-content\/uploads\/20241122_GKMPH_0019.jpg\u00bb title_text=\u00bbsala jornada viticultura\u00bb admin_label=\u00bbImage\u00bb _builder_version=\u00bb4.27.4&#8243; _module_preset=\u00bbdefault\u00bb global_colors_info=\u00bb{}\u00bb][\/et_pb_image][\/et_pb_column][\/et_pb_row][et_pb_row column_structure=\u00bb1_3,1_3,1_3&#8243; _builder_version=\u00bb4.27.4&#8243; _module_preset=\u00bbdefault\u00bb global_colors_info=\u00bb{}\u00bb][et_pb_column type=\u00bb1_3&#8243; _builder_version=\u00bb4.27.4&#8243; _module_preset=\u00bbdefault\u00bb global_colors_info=\u00bb{}\u00bb][et_pb_image src=\u00bbhttps:\/\/www.prioratenoturisme.com\/wp-content\/uploads\/20241124_GKMPH_0083.jpg\u00bb title_text=\u00bbcuinera\u00bb _builder_version=\u00bb4.27.4&#8243; _module_preset=\u00bbdefault\u00bb global_colors_info=\u00bb{}\u00bb][\/et_pb_image][\/et_pb_column][et_pb_column type=\u00bb1_3&#8243; _builder_version=\u00bb4.27.4&#8243; _module_preset=\u00bbdefault\u00bb global_colors_info=\u00bb{}\u00bb][et_pb_image src=\u00bbhttps:\/\/www.prioratenoturisme.com\/wp-content\/uploads\/20241124_GKMPH_0017.jpg\u00bb title_text=\u00bbvisita a la cartoixa\u00bb _builder_version=\u00bb4.27.4&#8243; _module_preset=\u00bbdefault\u00bb global_colors_info=\u00bb{}\u00bb][\/et_pb_image][\/et_pb_column][et_pb_column type=\u00bb1_3&#8243; _builder_version=\u00bb4.27.4&#8243; _module_preset=\u00bbdefault\u00bb global_colors_info=\u00bb{}\u00bb][et_pb_image src=\u00bbhttps:\/\/www.prioratenoturisme.com\/wp-content\/uploads\/20241124_GKMPH_0104.jpg\u00bb title_text=\u00bbp\u00fablic cartoixa\u00bb admin_label=\u00bbImage\u00bb _builder_version=\u00bb4.27.4&#8243; _module_preset=\u00bbdefault\u00bb global_colors_info=\u00bb{}\u00bb][\/et_pb_image][\/et_pb_column][\/et_pb_row][et_pb_row _builder_version=\u00bb4.27.4&#8243; _module_preset=\u00bbdefault\u00bb global_colors_info=\u00bb{}\u00bb][et_pb_column type=\u00bb4_4&#8243; _builder_version=\u00bb4.27.4&#8243; _module_preset=\u00bbdefault\u00bb global_colors_info=\u00bb{}\u00bb][\/et_pb_column][\/et_pb_row][et_pb_row _builder_version=\u00bb4.27.4&#8243; _module_preset=\u00bbdefault\u00bb global_colors_info=\u00bb{}\u00bb][et_pb_column type=\u00bb4_4&#8243; _builder_version=\u00bb4.27.4&#8243; _module_preset=\u00bbdefault\u00bb global_colors_info=\u00bb{}\u00bb][et_pb_testimonial author=\u00bbHelena i Ignasi, Pened\u00e8s\u00bb _builder_version=\u00bb4.27.4&#8243; _module_preset=\u00bbdefault\u00bb global_colors_info=\u00bb{}\u00bb]<\/p>\n<p>Tast Sensorial de Magnums a Falset\u00a0<i>\u00abEns ha agradat molt el set d&#8217;aromes mentre tast\u00e0vem\u00a0i el final amb les espelmes. Un tast molt diferent la veritat\u00bb<\/i><\/p>\n<p>[\/et_pb_testimonial][et_pb_testimonial author=\u00bbGorka M.\u00bb _builder_version=\u00bb4.27.4&#8243; _module_preset=\u00bbdefault\u00bb global_colors_info=\u00bb{}\u00bb]<\/p>\n<p><i>\u00abAmb algun dels maridatges ens ha fet explotar el cap, molt atrevits\u00bb\u00a0<\/i>Comentava el Gorka que va assistir al Tast per canviar de vorera al Celler Clos Pachem a Gratallops.<\/p>\n<p>[\/et_pb_testimonial][et_pb_testimonial author=\u00bbBruno Tanino\u00bb _builder_version=\u00bb4.27.4&#8243; _module_preset=\u00bbdefault\u00bb global_colors_info=\u00bb{}\u00bb]<\/p>\n<p><i>\u00abL&#8217;any que ve haurem de venir a passar tot el cap de setmana per disfrutar de tot el que heu montat al Priorat\u00bb\u00a0<\/i>i \u00e9s que aquest era l&#8217;objectiu de la festa, un tastet de tot el que el Priorat pot oferir durant tot l&#8217;any i molt m\u00e9s que una visita a un celler o un dinar a un restaurant.<\/p>\n<p>[\/et_pb_testimonial][\/et_pb_column][\/et_pb_row][\/et_pb_section]<\/p>\n","protected":false},"excerpt":{"rendered":"<p>Aquest cap de setmana s\u2019ha celebrat a la comarca del Priorat la primera edici\u00f3 de la festa Temps de Priorat Enoturisme, amb la col\u00b7laboraci\u00f3 de l\u2019INCAVI i de la Diputaci\u00f3 de Tarragona. En conjunt, m\u00e9s de 200 persones han passat per alguna de les activitats organitzades pels socis de Priorat Enoturisme, activitats de petit format [&hellip;]<\/p>\n","protected":false},"author":2,"featured_media":36511,"comment_status":"open","ping_status":"open","sticky":false,"template":"","format":"standard","meta":{"_acf_changed":false,"_et_pb_use_builder":"on","_et_pb_old_content":"","_et_gb_content_width":"","footnotes":""},"categories":[297],"tags":[337,298,324,338],"class_list":["post-36554","post","type-post","status-publish","format-standard","has-post-thumbnail","hentry","category-blog-es","tag-doq-priorat-es","tag-enoturismo-es","tag-montsant-es","tag-temps-de-priorat-enoturisme-es"],"acf":[],"yoast_head":"<!-- This site is optimized with the Yoast SEO plugin v25.6 - https:\/\/yoast.com\/wordpress\/plugins\/seo\/ -->\n<title>\u00c8XIT de la primera festa de TEMPS DE PRIORAT - Priorat Enoturisme<\/title>\n<meta name=\"description\" content=\"La primera edici\u00f3 de la festa de TEMPS DE PRIORAT ha estat tot un \u00e8xit. P\u00fablic divers que ha gaudit de totes les activitats programades arreu de la comarca.\" \/>\n<meta name=\"robots\" content=\"index, follow, max-snippet:-1, max-image-preview:large, max-video-preview:-1\" \/>\n<link rel=\"canonical\" href=\"https:\/\/www.prioratenoturisme.com\/es\/exit-de-la-primera-festa-de-temps-de-priorat\/\" \/>\n<meta property=\"og:locale\" content=\"es_ES\" \/>\n<meta property=\"og:type\" content=\"article\" \/>\n<meta property=\"og:title\" content=\"\u00c8XIT de la primera festa de TEMPS DE PRIORAT - Priorat Enoturisme\" \/>\n<meta property=\"og:description\" content=\"La primera edici\u00f3 de la festa de TEMPS DE PRIORAT ha estat tot un \u00e8xit. P\u00fablic divers que ha gaudit de totes les activitats programades arreu de la comarca.\" \/>\n<meta property=\"og:url\" content=\"https:\/\/www.prioratenoturisme.com\/es\/exit-de-la-primera-festa-de-temps-de-priorat\/\" \/>\n<meta property=\"og:site_name\" content=\"Priorat Enoturisme\" \/>\n<meta property=\"article:publisher\" content=\"https:\/\/www.facebook.com\/prioratenoturisme\/\" \/>\n<meta property=\"article:published_time\" content=\"2024-11-27T12:44:26+00:00\" \/>\n<meta property=\"article:modified_time\" content=\"2024-11-27T12:48:07+00:00\" \/>\n<meta property=\"og:image\" content=\"https:\/\/www.prioratenoturisme.com\/wp-content\/uploads\/SENSORIAL_EQUIP-1.jpg\" \/>\n\t<meta property=\"og:image:width\" content=\"1500\" \/>\n\t<meta property=\"og:image:height\" content=\"1000\" \/>\n\t<meta property=\"og:image:type\" content=\"image\/jpeg\" \/>\n<meta name=\"author\" content=\"Priorat Enoturisme\" \/>\n<meta name=\"twitter:card\" content=\"summary_large_image\" \/>\n<meta name=\"twitter:label1\" content=\"Escrito por\" \/>\n\t<meta name=\"twitter:data1\" content=\"Priorat Enoturisme\" \/>\n\t<meta name=\"twitter:label2\" content=\"Tiempo de lectura\" \/>\n\t<meta name=\"twitter:data2\" content=\"4 minutos\" \/>\n<script type=\"application\/ld+json\" class=\"yoast-schema-graph\">{\"@context\":\"https:\/\/schema.org\",\"@graph\":[{\"@type\":\"Article\",\"@id\":\"https:\/\/www.prioratenoturisme.com\/es\/exit-de-la-primera-festa-de-temps-de-priorat\/#article\",\"isPartOf\":{\"@id\":\"https:\/\/www.prioratenoturisme.com\/es\/exit-de-la-primera-festa-de-temps-de-priorat\/\"},\"author\":{\"name\":\"Priorat Enoturisme\",\"@id\":\"https:\/\/www.prioratenoturisme.com\/#\/schema\/person\/21cb071ed0505ebc2f5e911eca6dccf7\"},\"headline\":\"\u00c8XIT de la primera festa de TEMPS DE PRIORAT\",\"datePublished\":\"2024-11-27T12:44:26+00:00\",\"dateModified\":\"2024-11-27T12:48:07+00:00\",\"mainEntityOfPage\":{\"@id\":\"https:\/\/www.prioratenoturisme.com\/es\/exit-de-la-primera-festa-de-temps-de-priorat\/\"},\"wordCount\":1056,\"commentCount\":0,\"publisher\":{\"@id\":\"https:\/\/www.prioratenoturisme.com\/#organization\"},\"image\":{\"@id\":\"https:\/\/www.prioratenoturisme.com\/es\/exit-de-la-primera-festa-de-temps-de-priorat\/#primaryimage\"},\"thumbnailUrl\":\"https:\/\/www.prioratenoturisme.com\/wp-content\/uploads\/SENSORIAL_EQUIP-1.jpg\",\"keywords\":[\"doq priorat\",\"enoturismo\",\"montsant\",\"TEMPS DE PRIORAT ENOTURISME\"],\"articleSection\":[\"Blog\"],\"inLanguage\":\"es\",\"potentialAction\":[{\"@type\":\"CommentAction\",\"name\":\"Comment\",\"target\":[\"https:\/\/www.prioratenoturisme.com\/es\/exit-de-la-primera-festa-de-temps-de-priorat\/#respond\"]}]},{\"@type\":\"WebPage\",\"@id\":\"https:\/\/www.prioratenoturisme.com\/es\/exit-de-la-primera-festa-de-temps-de-priorat\/\",\"url\":\"https:\/\/www.prioratenoturisme.com\/es\/exit-de-la-primera-festa-de-temps-de-priorat\/\",\"name\":\"\u00c8XIT de la primera festa de TEMPS DE PRIORAT - Priorat Enoturisme\",\"isPartOf\":{\"@id\":\"https:\/\/www.prioratenoturisme.com\/#website\"},\"primaryImageOfPage\":{\"@id\":\"https:\/\/www.prioratenoturisme.com\/es\/exit-de-la-primera-festa-de-temps-de-priorat\/#primaryimage\"},\"image\":{\"@id\":\"https:\/\/www.prioratenoturisme.com\/es\/exit-de-la-primera-festa-de-temps-de-priorat\/#primaryimage\"},\"thumbnailUrl\":\"https:\/\/www.prioratenoturisme.com\/wp-content\/uploads\/SENSORIAL_EQUIP-1.jpg\",\"datePublished\":\"2024-11-27T12:44:26+00:00\",\"dateModified\":\"2024-11-27T12:48:07+00:00\",\"description\":\"La primera edici\u00f3 de la festa de TEMPS DE PRIORAT ha estat tot un \u00e8xit. P\u00fablic divers que ha gaudit de totes les activitats programades arreu de la comarca.\",\"breadcrumb\":{\"@id\":\"https:\/\/www.prioratenoturisme.com\/es\/exit-de-la-primera-festa-de-temps-de-priorat\/#breadcrumb\"},\"inLanguage\":\"es\",\"potentialAction\":[{\"@type\":\"ReadAction\",\"target\":[\"https:\/\/www.prioratenoturisme.com\/es\/exit-de-la-primera-festa-de-temps-de-priorat\/\"]}]},{\"@type\":\"ImageObject\",\"inLanguage\":\"es\",\"@id\":\"https:\/\/www.prioratenoturisme.com\/es\/exit-de-la-primera-festa-de-temps-de-priorat\/#primaryimage\",\"url\":\"https:\/\/www.prioratenoturisme.com\/wp-content\/uploads\/SENSORIAL_EQUIP-1.jpg\",\"contentUrl\":\"https:\/\/www.prioratenoturisme.com\/wp-content\/uploads\/SENSORIAL_EQUIP-1.jpg\",\"width\":1500,\"height\":1000},{\"@type\":\"BreadcrumbList\",\"@id\":\"https:\/\/www.prioratenoturisme.com\/es\/exit-de-la-primera-festa-de-temps-de-priorat\/#breadcrumb\",\"itemListElement\":[{\"@type\":\"ListItem\",\"position\":1,\"name\":\"Portada\",\"item\":\"https:\/\/www.prioratenoturisme.com\/es\/inicio-vive-el-priorat\/\"},{\"@type\":\"ListItem\",\"position\":2,\"name\":\"\u00c8XIT de la primera festa de TEMPS DE PRIORAT\"}]},{\"@type\":\"WebSite\",\"@id\":\"https:\/\/www.prioratenoturisme.com\/#website\",\"url\":\"https:\/\/www.prioratenoturisme.com\/\",\"name\":\"Priorat Enoturisme\",\"description\":\"Viu el Priorat\",\"publisher\":{\"@id\":\"https:\/\/www.prioratenoturisme.com\/#organization\"},\"potentialAction\":[{\"@type\":\"SearchAction\",\"target\":{\"@type\":\"EntryPoint\",\"urlTemplate\":\"https:\/\/www.prioratenoturisme.com\/?s={search_term_string}\"},\"query-input\":{\"@type\":\"PropertyValueSpecification\",\"valueRequired\":true,\"valueName\":\"search_term_string\"}}],\"inLanguage\":\"es\"},{\"@type\":\"Organization\",\"@id\":\"https:\/\/www.prioratenoturisme.com\/#organization\",\"name\":\"Priorat Enoturisme\",\"url\":\"https:\/\/www.prioratenoturisme.com\/\",\"logo\":{\"@type\":\"ImageObject\",\"inLanguage\":\"es\",\"@id\":\"https:\/\/www.prioratenoturisme.com\/#\/schema\/logo\/image\/\",\"url\":\"https:\/\/www.prioratenoturisme.com\/wp-content\/uploads\/2023\/03\/cropped-FAVICON.png\",\"contentUrl\":\"https:\/\/www.prioratenoturisme.com\/wp-content\/uploads\/2023\/03\/cropped-FAVICON.png\",\"width\":512,\"height\":512,\"caption\":\"Priorat Enoturisme\"},\"image\":{\"@id\":\"https:\/\/www.prioratenoturisme.com\/#\/schema\/logo\/image\/\"},\"sameAs\":[\"https:\/\/www.facebook.com\/prioratenoturisme\/\",\"https:\/\/www.instagram.com\/prioratenoturisme\/\"]},{\"@type\":\"Person\",\"@id\":\"https:\/\/www.prioratenoturisme.com\/#\/schema\/person\/21cb071ed0505ebc2f5e911eca6dccf7\",\"name\":\"Priorat Enoturisme\",\"image\":{\"@type\":\"ImageObject\",\"inLanguage\":\"es\",\"@id\":\"https:\/\/www.prioratenoturisme.com\/#\/schema\/person\/image\/\",\"url\":\"https:\/\/secure.gravatar.com\/avatar\/18e124132141ce8f3b812fb2b92f98d9180a5b7a1f465cb453ca291f504ea831?s=96&d=mm&r=g\",\"contentUrl\":\"https:\/\/secure.gravatar.com\/avatar\/18e124132141ce8f3b812fb2b92f98d9180a5b7a1f465cb453ca291f504ea831?s=96&d=mm&r=g\",\"caption\":\"Priorat Enoturisme\"},\"url\":\"https:\/\/www.prioratenoturisme.com\/es\/author\/prioratenoturisme_gestio\/\"}]}<\/script>\n<!-- \/ Yoast SEO plugin. -->","yoast_head_json":{"title":"\u00c8XIT de la primera festa de TEMPS DE PRIORAT - Priorat Enoturisme","description":"La primera edici\u00f3 de la festa de TEMPS DE PRIORAT ha estat tot un \u00e8xit. P\u00fablic divers que ha gaudit de totes les activitats programades arreu de la comarca.","robots":{"index":"index","follow":"follow","max-snippet":"max-snippet:-1","max-image-preview":"max-image-preview:large","max-video-preview":"max-video-preview:-1"},"canonical":"https:\/\/www.prioratenoturisme.com\/es\/exit-de-la-primera-festa-de-temps-de-priorat\/","og_locale":"es_ES","og_type":"article","og_title":"\u00c8XIT de la primera festa de TEMPS DE PRIORAT - Priorat Enoturisme","og_description":"La primera edici\u00f3 de la festa de TEMPS DE PRIORAT ha estat tot un \u00e8xit. P\u00fablic divers que ha gaudit de totes les activitats programades arreu de la comarca.","og_url":"https:\/\/www.prioratenoturisme.com\/es\/exit-de-la-primera-festa-de-temps-de-priorat\/","og_site_name":"Priorat Enoturisme","article_publisher":"https:\/\/www.facebook.com\/prioratenoturisme\/","article_published_time":"2024-11-27T12:44:26+00:00","article_modified_time":"2024-11-27T12:48:07+00:00","og_image":[{"width":1500,"height":1000,"url":"https:\/\/www.prioratenoturisme.com\/wp-content\/uploads\/SENSORIAL_EQUIP-1.jpg","type":"image\/jpeg"}],"author":"Priorat Enoturisme","twitter_card":"summary_large_image","twitter_misc":{"Escrito por":"Priorat Enoturisme","Tiempo de lectura":"4 minutos"},"schema":{"@context":"https:\/\/schema.org","@graph":[{"@type":"Article","@id":"https:\/\/www.prioratenoturisme.com\/es\/exit-de-la-primera-festa-de-temps-de-priorat\/#article","isPartOf":{"@id":"https:\/\/www.prioratenoturisme.com\/es\/exit-de-la-primera-festa-de-temps-de-priorat\/"},"author":{"name":"Priorat Enoturisme","@id":"https:\/\/www.prioratenoturisme.com\/#\/schema\/person\/21cb071ed0505ebc2f5e911eca6dccf7"},"headline":"\u00c8XIT de la primera festa de TEMPS DE PRIORAT","datePublished":"2024-11-27T12:44:26+00:00","dateModified":"2024-11-27T12:48:07+00:00","mainEntityOfPage":{"@id":"https:\/\/www.prioratenoturisme.com\/es\/exit-de-la-primera-festa-de-temps-de-priorat\/"},"wordCount":1056,"commentCount":0,"publisher":{"@id":"https:\/\/www.prioratenoturisme.com\/#organization"},"image":{"@id":"https:\/\/www.prioratenoturisme.com\/es\/exit-de-la-primera-festa-de-temps-de-priorat\/#primaryimage"},"thumbnailUrl":"https:\/\/www.prioratenoturisme.com\/wp-content\/uploads\/SENSORIAL_EQUIP-1.jpg","keywords":["doq priorat","enoturismo","montsant","TEMPS DE PRIORAT ENOTURISME"],"articleSection":["Blog"],"inLanguage":"es","potentialAction":[{"@type":"CommentAction","name":"Comment","target":["https:\/\/www.prioratenoturisme.com\/es\/exit-de-la-primera-festa-de-temps-de-priorat\/#respond"]}]},{"@type":"WebPage","@id":"https:\/\/www.prioratenoturisme.com\/es\/exit-de-la-primera-festa-de-temps-de-priorat\/","url":"https:\/\/www.prioratenoturisme.com\/es\/exit-de-la-primera-festa-de-temps-de-priorat\/","name":"\u00c8XIT de la primera festa de TEMPS DE PRIORAT - Priorat Enoturisme","isPartOf":{"@id":"https:\/\/www.prioratenoturisme.com\/#website"},"primaryImageOfPage":{"@id":"https:\/\/www.prioratenoturisme.com\/es\/exit-de-la-primera-festa-de-temps-de-priorat\/#primaryimage"},"image":{"@id":"https:\/\/www.prioratenoturisme.com\/es\/exit-de-la-primera-festa-de-temps-de-priorat\/#primaryimage"},"thumbnailUrl":"https:\/\/www.prioratenoturisme.com\/wp-content\/uploads\/SENSORIAL_EQUIP-1.jpg","datePublished":"2024-11-27T12:44:26+00:00","dateModified":"2024-11-27T12:48:07+00:00","description":"La primera edici\u00f3 de la festa de TEMPS DE PRIORAT ha estat tot un \u00e8xit. P\u00fablic divers que ha gaudit de totes les activitats programades arreu de la comarca.","breadcrumb":{"@id":"https:\/\/www.prioratenoturisme.com\/es\/exit-de-la-primera-festa-de-temps-de-priorat\/#breadcrumb"},"inLanguage":"es","potentialAction":[{"@type":"ReadAction","target":["https:\/\/www.prioratenoturisme.com\/es\/exit-de-la-primera-festa-de-temps-de-priorat\/"]}]},{"@type":"ImageObject","inLanguage":"es","@id":"https:\/\/www.prioratenoturisme.com\/es\/exit-de-la-primera-festa-de-temps-de-priorat\/#primaryimage","url":"https:\/\/www.prioratenoturisme.com\/wp-content\/uploads\/SENSORIAL_EQUIP-1.jpg","contentUrl":"https:\/\/www.prioratenoturisme.com\/wp-content\/uploads\/SENSORIAL_EQUIP-1.jpg","width":1500,"height":1000},{"@type":"BreadcrumbList","@id":"https:\/\/www.prioratenoturisme.com\/es\/exit-de-la-primera-festa-de-temps-de-priorat\/#breadcrumb","itemListElement":[{"@type":"ListItem","position":1,"name":"Portada","item":"https:\/\/www.prioratenoturisme.com\/es\/inicio-vive-el-priorat\/"},{"@type":"ListItem","position":2,"name":"\u00c8XIT de la primera festa de TEMPS DE PRIORAT"}]},{"@type":"WebSite","@id":"https:\/\/www.prioratenoturisme.com\/#website","url":"https:\/\/www.prioratenoturisme.com\/","name":"Priorat Enoturisme","description":"Viu el Priorat","publisher":{"@id":"https:\/\/www.prioratenoturisme.com\/#organization"},"potentialAction":[{"@type":"SearchAction","target":{"@type":"EntryPoint","urlTemplate":"https:\/\/www.prioratenoturisme.com\/?s={search_term_string}"},"query-input":{"@type":"PropertyValueSpecification","valueRequired":true,"valueName":"search_term_string"}}],"inLanguage":"es"},{"@type":"Organization","@id":"https:\/\/www.prioratenoturisme.com\/#organization","name":"Priorat Enoturisme","url":"https:\/\/www.prioratenoturisme.com\/","logo":{"@type":"ImageObject","inLanguage":"es","@id":"https:\/\/www.prioratenoturisme.com\/#\/schema\/logo\/image\/","url":"https:\/\/www.prioratenoturisme.com\/wp-content\/uploads\/2023\/03\/cropped-FAVICON.png","contentUrl":"https:\/\/www.prioratenoturisme.com\/wp-content\/uploads\/2023\/03\/cropped-FAVICON.png","width":512,"height":512,"caption":"Priorat Enoturisme"},"image":{"@id":"https:\/\/www.prioratenoturisme.com\/#\/schema\/logo\/image\/"},"sameAs":["https:\/\/www.facebook.com\/prioratenoturisme\/","https:\/\/www.instagram.com\/prioratenoturisme\/"]},{"@type":"Person","@id":"https:\/\/www.prioratenoturisme.com\/#\/schema\/person\/21cb071ed0505ebc2f5e911eca6dccf7","name":"Priorat Enoturisme","image":{"@type":"ImageObject","inLanguage":"es","@id":"https:\/\/www.prioratenoturisme.com\/#\/schema\/person\/image\/","url":"https:\/\/secure.gravatar.com\/avatar\/18e124132141ce8f3b812fb2b92f98d9180a5b7a1f465cb453ca291f504ea831?s=96&d=mm&r=g","contentUrl":"https:\/\/secure.gravatar.com\/avatar\/18e124132141ce8f3b812fb2b92f98d9180a5b7a1f465cb453ca291f504ea831?s=96&d=mm&r=g","caption":"Priorat Enoturisme"},"url":"https:\/\/www.prioratenoturisme.com\/es\/author\/prioratenoturisme_gestio\/"}]}},"_links":{"self":[{"href":"https:\/\/www.prioratenoturisme.com\/es\/wp-json\/wp\/v2\/posts\/36554","targetHints":{"allow":["GET"]}}],"collection":[{"href":"https:\/\/www.prioratenoturisme.com\/es\/wp-json\/wp\/v2\/posts"}],"about":[{"href":"https:\/\/www.prioratenoturisme.com\/es\/wp-json\/wp\/v2\/types\/post"}],"author":[{"embeddable":true,"href":"https:\/\/www.prioratenoturisme.com\/es\/wp-json\/wp\/v2\/users\/2"}],"replies":[{"embeddable":true,"href":"https:\/\/www.prioratenoturisme.com\/es\/wp-json\/wp\/v2\/comments?post=36554"}],"version-history":[{"count":1,"href":"https:\/\/www.prioratenoturisme.com\/es\/wp-json\/wp\/v2\/posts\/36554\/revisions"}],"predecessor-version":[{"id":36559,"href":"https:\/\/www.prioratenoturisme.com\/es\/wp-json\/wp\/v2\/posts\/36554\/revisions\/36559"}],"wp:featuredmedia":[{"embeddable":true,"href":"https:\/\/www.prioratenoturisme.com\/es\/wp-json\/wp\/v2\/media\/36511"}],"wp:attachment":[{"href":"https:\/\/www.prioratenoturisme.com\/es\/wp-json\/wp\/v2\/media?parent=36554"}],"wp:term":[{"taxonomy":"category","embeddable":true,"href":"https:\/\/www.prioratenoturisme.com\/es\/wp-json\/wp\/v2\/categories?post=36554"},{"taxonomy":"post_tag","embeddable":true,"href":"https:\/\/www.prioratenoturisme.com\/es\/wp-json\/wp\/v2\/tags?post=36554"}],"curies":[{"name":"wp","href":"https:\/\/api.w.org\/{rel}","templated":true}]}}