{"id":36870,"date":"2025-08-07T22:27:52","date_gmt":"2025-08-07T21:27:52","guid":{"rendered":"https:\/\/www.prioratenoturisme.com\/un-mar-de-olivos-en-el-corazon-del-priorat\/"},"modified":"2025-08-07T22:27:52","modified_gmt":"2025-08-07T21:27:52","slug":"un-mar-de-olivos-en-el-corazon-del-priorat","status":"publish","type":"post","link":"https:\/\/www.prioratenoturisme.com\/es\/un-mar-de-olivos-en-el-corazon-del-priorat\/","title":{"rendered":"Un mar de olivos en el coraz\u00f3n del Priorat"},"content":{"rendered":"<p><img loading=\"lazy\" decoding=\"async\" class=\"aligncenter size-large wp-image-25918\" src=\"https:\/\/www.prioratenoturisme.com\/wp-content\/uploads\/moli_priordei_1-1024x683.jpg\" alt=\"\" width=\"1024\" height=\"683\" srcset=\"https:\/\/www.prioratenoturisme.com\/wp-content\/uploads\/moli_priordei_1-1024x683.jpg 1024w, https:\/\/www.prioratenoturisme.com\/wp-content\/uploads\/moli_priordei_1-980x653.jpg 980w, https:\/\/www.prioratenoturisme.com\/wp-content\/uploads\/moli_priordei_1-480x320.jpg 480w\" sizes=\"(min-width: 0px) and (max-width: 480px) 480px, (min-width: 481px) and (max-width: 980px) 980px, (min-width: 981px) 1024px, 100vw\" \/><\/p>\n<p class=\"p1\">Cuando te adentras en el Priorat, es f\u00e1cil dejarse cautivar por la fuerza de su paisaje. Entre vi\u00f1edos en costera y monta\u00f1as que abrazan el cielo, se extiende un mar de olivos que late con una calma ancestral. Desde hace siglos, estos olivos forman parte del car\u00e1cter del territorio. No s\u00f3lo lo modelan visualmente, sino que son una herencia viva, cuidada con dedicaci\u00f3n por generaciones de campesinos y campesinas que conocen a cada \u00e1rbol como si fuera de la familia.<\/p>\n<p class=\"p1\">Con la luz dorada del atardecer, este mar verdoso se transforma en un espect\u00e1culo casi m\u00e1gico. Los olivos, con sus ramas torceduras y llenas de vida, son testigo de siglos de historia. \u00a1De hecho, <i>algunas tienen m\u00e1s de 500 a\u00f1os!<\/i> Han resistido sequ\u00edas, vientos y cambios, y hoy siguen regalando un aceite de una calidad excepcional, reconocido por su intensidad y sabor profundo.<\/p>\n<p class=\"p1\">Este tesoro natural puede verse y vivirse de cerca en muchos puntos del Priorat. En lugares como <b>Cabac\u00e9s, Margalef o El Masroig<\/b> , los caminos te llevan entre olivos centenarios, rodeados de silencio y aromas mediterr\u00e1neos. Son lugares ideales para pasear, parar y conectar con la esencia de la tierra.<\/p>\n<p class=\"p1\">Adem\u00e1s, varios molinos y cooperativas, te abren las puertas para que descubras todo el proceso de elaboraci\u00f3n: desde la cosecha manual hasta la prensa en fr\u00edo, pasando por la cata de aceites virgen extra que no dejan indiferente. Estos espacios, adem\u00e1s, a menudo se combinan con experiencias de enoturismo, maridajes con vino DOQ Priorat o DO Montsant, y rutas culturales.<\/p>\n<p class=\"p1\"><strong><span class=\"s1\">\ud83d\udc49 \u00bf<\/span> <i>Sab\u00edas que este aceite tan sabroso nace de estos olivos centenarios?<\/i><\/strong><\/p>\n<p class=\"p1\"><em><strong>Ven a descubrirlo con todos los sentidos: anda, respira y prueba el Priorat m\u00e1s aut\u00e9ntico.<\/strong><\/em><\/p>\n<p>Nuestros socios que producen aceite:<\/p>\n<p class=\"p2\">CABAC\u00c9S<\/p>\n<p class=\"p2\"><span class=\"s1\"><a href=\"https:\/\/www.prioratenoturisme.com\/es\/molins-d-oli\/molino-de-aceite-miro-cubells\/\">https:\/\/www.prioratenoturisme.com\/molins-d-oli\/moli-doli-miro-cubells\/<\/a><\/span><\/p>\n<p class=\"p2\">MARGALEF<\/p>\n<p class=\"p2\"><span class=\"s1\"><a href=\"https:\/\/www.prioratenoturisme.com\/es\/molins-d-oli\/molino-de-aceite-priordei\/\">https:\/\/www.prioratenoturisme.com\/molins-d-oli\/moli-doli-priordei\/<\/a><\/span><\/p>\n<p class=\"p2\">MASROJO<\/p>\n<p class=\"p2\"><span class=\"s1\"><a href=\"https:\/\/www.prioratenoturisme.com\/es\/molins-d-oli\/molino-de-aceite-masroig\/\">https:\/\/www.prioratenoturisme.com\/molins-d-oli\/moli-doli-masroig\/<\/a><\/span><\/p>\n<p class=\"p2\">ULLDEMOLINS<\/p>\n<p class=\"p2\"><span class=\"s1\"><a href=\"https:\/\/www.prioratenoturisme.com\/es\/cellers\/cooperativa-de-ulldemolins\/\">https:\/\/www.prioratenoturisme.com\/cellers\/cooperativa-dulldemolins\/<\/a><\/span><\/p>\n<p class=\"p2\">FALSET<\/p>\n<p class=\"p2\"><span class=\"s1\"><a href=\"https:\/\/www.prioratenoturisme.com\/es\/cellers\/cooperativa-falset-marca-2\/\">https:\/\/www.prioratenoturisme.com\/cellers\/cooperativa-falset-marca\/<\/a><\/span><\/p>\n<p><img loading=\"lazy\" decoding=\"async\" class=\"alignright size-medium wp-image-36862\" src=\"https:\/\/www.prioratenoturisme.com\/wp-content\/uploads\/Captura-de-pantalla-2025-08-07-a-les-23.24.17-300x106.png\" alt=\"\" width=\"300\" height=\"106\"><\/p>\n<p>&nbsp;<\/p>\n<p>&nbsp;<\/p>\n<p>&nbsp;<\/p>\n<p>&nbsp;<\/p>\n","protected":false},"excerpt":{"rendered":"<p>Cuando te adentras en el Priorat, es f\u00e1cil dejarse cautivar por la fuerza de su paisaje. Entre vi\u00f1edos en costera y monta\u00f1as que abrazan el cielo, se extiende un mar de olivos que late con una calma ancestral. Desde hace siglos, estos olivos forman parte del car\u00e1cter del territorio. No s\u00f3lo lo modelan visualmente, sino [&hellip;]<\/p>\n","protected":false},"author":2,"featured_media":25920,"comment_status":"open","ping_status":"open","sticky":false,"template":"","format":"standard","meta":{"_acf_changed":false,"_et_pb_use_builder":"","_et_pb_old_content":"","_et_gb_content_width":"","footnotes":""},"categories":[297],"tags":[361,362,365,220,364,363],"class_list":["post-36870","post","type-post","status-publish","format-standard","has-post-thumbnail","hentry","category-blog-es","tag-aceite-es","tag-gastronomia-es","tag-km0-es","tag-priorat","tag-producto","tag-producto-de-proximidad"],"acf":[],"yoast_head":"<!-- This site is optimized with the Yoast SEO plugin v25.6 - https:\/\/yoast.com\/wordpress\/plugins\/seo\/ -->\n<title>Un mar de olivos en el coraz\u00f3n del Priorat - Priorat Enoturisme<\/title>\n<meta name=\"description\" content=\"\u00a1Ven a descubrir que hay mucho m\u00e1s que vino en el Priorat! Grandes aceites de peque\u00f1os proyectos.\" \/>\n<meta name=\"robots\" content=\"index, follow, max-snippet:-1, max-image-preview:large, max-video-preview:-1\" \/>\n<link rel=\"canonical\" href=\"https:\/\/www.prioratenoturisme.com\/es\/un-mar-de-olivos-en-el-corazon-del-priorat\/\" \/>\n<meta property=\"og:locale\" content=\"es_ES\" \/>\n<meta property=\"og:type\" content=\"article\" \/>\n<meta property=\"og:title\" content=\"Un mar de olivos en el coraz\u00f3n del Priorat - Priorat Enoturisme\" \/>\n<meta property=\"og:description\" content=\"\u00a1Ven a descubrir que hay mucho m\u00e1s que vino en el Priorat! Grandes aceites de peque\u00f1os proyectos.\" \/>\n<meta property=\"og:url\" content=\"https:\/\/www.prioratenoturisme.com\/es\/un-mar-de-olivos-en-el-corazon-del-priorat\/\" \/>\n<meta property=\"og:site_name\" content=\"Priorat Enoturisme\" \/>\n<meta property=\"article:publisher\" content=\"https:\/\/www.facebook.com\/prioratenoturisme\/\" \/>\n<meta property=\"article:published_time\" content=\"2025-08-07T21:27:52+00:00\" \/>\n<meta property=\"og:image\" content=\"https:\/\/www.prioratenoturisme.com\/wp-content\/uploads\/moli_miro_cubells_3.jpg\" \/>\n\t<meta property=\"og:image:width\" content=\"1200\" \/>\n\t<meta property=\"og:image:height\" content=\"800\" \/>\n\t<meta property=\"og:image:type\" content=\"image\/jpeg\" \/>\n<meta name=\"author\" content=\"Priorat Enoturisme\" \/>\n<meta name=\"twitter:card\" content=\"summary_large_image\" \/>\n<meta name=\"twitter:label1\" content=\"Escrito por\" \/>\n\t<meta name=\"twitter:data1\" content=\"Priorat Enoturisme\" \/>\n\t<meta name=\"twitter:label2\" content=\"Tiempo de lectura\" \/>\n\t<meta name=\"twitter:data2\" content=\"2 minutos\" \/>\n<script type=\"application\/ld+json\" class=\"yoast-schema-graph\">{\"@context\":\"https:\/\/schema.org\",\"@graph\":[{\"@type\":\"Article\",\"@id\":\"https:\/\/www.prioratenoturisme.com\/es\/un-mar-de-olivos-en-el-corazon-del-priorat\/#article\",\"isPartOf\":{\"@id\":\"https:\/\/www.prioratenoturisme.com\/es\/un-mar-de-olivos-en-el-corazon-del-priorat\/\"},\"author\":{\"name\":\"Priorat Enoturisme\",\"@id\":\"https:\/\/www.prioratenoturisme.com\/#\/schema\/person\/21cb071ed0505ebc2f5e911eca6dccf7\"},\"headline\":\"Un mar de olivos en el coraz\u00f3n del Priorat\",\"datePublished\":\"2025-08-07T21:27:52+00:00\",\"mainEntityOfPage\":{\"@id\":\"https:\/\/www.prioratenoturisme.com\/es\/un-mar-de-olivos-en-el-corazon-del-priorat\/\"},\"wordCount\":352,\"commentCount\":0,\"publisher\":{\"@id\":\"https:\/\/www.prioratenoturisme.com\/#organization\"},\"image\":{\"@id\":\"https:\/\/www.prioratenoturisme.com\/es\/un-mar-de-olivos-en-el-corazon-del-priorat\/#primaryimage\"},\"thumbnailUrl\":\"https:\/\/www.prioratenoturisme.com\/wp-content\/uploads\/moli_priordei_1.jpg\",\"keywords\":[\"aceite\",\"gastronom\u00eda\",\"km0\",\"priorat\",\"producto\",\"producto de proximidad\"],\"articleSection\":[\"Blog\"],\"inLanguage\":\"es\",\"potentialAction\":[{\"@type\":\"CommentAction\",\"name\":\"Comment\",\"target\":[\"https:\/\/www.prioratenoturisme.com\/es\/un-mar-de-olivos-en-el-corazon-del-priorat\/#respond\"]}]},{\"@type\":\"WebPage\",\"@id\":\"https:\/\/www.prioratenoturisme.com\/es\/un-mar-de-olivos-en-el-corazon-del-priorat\/\",\"url\":\"https:\/\/www.prioratenoturisme.com\/es\/un-mar-de-olivos-en-el-corazon-del-priorat\/\",\"name\":\"Un mar de olivos en el coraz\u00f3n del Priorat - Priorat Enoturisme\",\"isPartOf\":{\"@id\":\"https:\/\/www.prioratenoturisme.com\/#website\"},\"primaryImageOfPage\":{\"@id\":\"https:\/\/www.prioratenoturisme.com\/es\/un-mar-de-olivos-en-el-corazon-del-priorat\/#primaryimage\"},\"image\":{\"@id\":\"https:\/\/www.prioratenoturisme.com\/es\/un-mar-de-olivos-en-el-corazon-del-priorat\/#primaryimage\"},\"thumbnailUrl\":\"https:\/\/www.prioratenoturisme.com\/wp-content\/uploads\/moli_priordei_1.jpg\",\"datePublished\":\"2025-08-07T21:27:52+00:00\",\"description\":\"\u00a1Ven a descubrir que hay mucho m\u00e1s que vino en el Priorat! Grandes aceites de peque\u00f1os proyectos.\",\"breadcrumb\":{\"@id\":\"https:\/\/www.prioratenoturisme.com\/es\/un-mar-de-olivos-en-el-corazon-del-priorat\/#breadcrumb\"},\"inLanguage\":\"es\",\"potentialAction\":[{\"@type\":\"ReadAction\",\"target\":[\"https:\/\/www.prioratenoturisme.com\/es\/un-mar-de-olivos-en-el-corazon-del-priorat\/\"]}]},{\"@type\":\"ImageObject\",\"inLanguage\":\"es\",\"@id\":\"https:\/\/www.prioratenoturisme.com\/es\/un-mar-de-olivos-en-el-corazon-del-priorat\/#primaryimage\",\"url\":\"https:\/\/www.prioratenoturisme.com\/wp-content\/uploads\/moli_priordei_1.jpg\",\"contentUrl\":\"https:\/\/www.prioratenoturisme.com\/wp-content\/uploads\/moli_priordei_1.jpg\",\"width\":1200,\"height\":800},{\"@type\":\"BreadcrumbList\",\"@id\":\"https:\/\/www.prioratenoturisme.com\/es\/un-mar-de-olivos-en-el-corazon-del-priorat\/#breadcrumb\",\"itemListElement\":[{\"@type\":\"ListItem\",\"position\":1,\"name\":\"Portada\",\"item\":\"https:\/\/www.prioratenoturisme.com\/es\/inicio-vive-el-priorat\/\"},{\"@type\":\"ListItem\",\"position\":2,\"name\":\"Un mar de olivos en el coraz\u00f3n del Priorat\"}]},{\"@type\":\"WebSite\",\"@id\":\"https:\/\/www.prioratenoturisme.com\/#website\",\"url\":\"https:\/\/www.prioratenoturisme.com\/\",\"name\":\"Priorat Enoturisme\",\"description\":\"Viu el Priorat\",\"publisher\":{\"@id\":\"https:\/\/www.prioratenoturisme.com\/#organization\"},\"potentialAction\":[{\"@type\":\"SearchAction\",\"target\":{\"@type\":\"EntryPoint\",\"urlTemplate\":\"https:\/\/www.prioratenoturisme.com\/?s={search_term_string}\"},\"query-input\":{\"@type\":\"PropertyValueSpecification\",\"valueRequired\":true,\"valueName\":\"search_term_string\"}}],\"inLanguage\":\"es\"},{\"@type\":\"Organization\",\"@id\":\"https:\/\/www.prioratenoturisme.com\/#organization\",\"name\":\"Priorat Enoturisme\",\"url\":\"https:\/\/www.prioratenoturisme.com\/\",\"logo\":{\"@type\":\"ImageObject\",\"inLanguage\":\"es\",\"@id\":\"https:\/\/www.prioratenoturisme.com\/#\/schema\/logo\/image\/\",\"url\":\"https:\/\/www.prioratenoturisme.com\/wp-content\/uploads\/2023\/03\/cropped-FAVICON.png\",\"contentUrl\":\"https:\/\/www.prioratenoturisme.com\/wp-content\/uploads\/2023\/03\/cropped-FAVICON.png\",\"width\":512,\"height\":512,\"caption\":\"Priorat Enoturisme\"},\"image\":{\"@id\":\"https:\/\/www.prioratenoturisme.com\/#\/schema\/logo\/image\/\"},\"sameAs\":[\"https:\/\/www.facebook.com\/prioratenoturisme\/\",\"https:\/\/www.instagram.com\/prioratenoturisme\/\"]},{\"@type\":\"Person\",\"@id\":\"https:\/\/www.prioratenoturisme.com\/#\/schema\/person\/21cb071ed0505ebc2f5e911eca6dccf7\",\"name\":\"Priorat Enoturisme\",\"image\":{\"@type\":\"ImageObject\",\"inLanguage\":\"es\",\"@id\":\"https:\/\/www.prioratenoturisme.com\/#\/schema\/person\/image\/\",\"url\":\"https:\/\/secure.gravatar.com\/avatar\/18e124132141ce8f3b812fb2b92f98d9180a5b7a1f465cb453ca291f504ea831?s=96&d=mm&r=g\",\"contentUrl\":\"https:\/\/secure.gravatar.com\/avatar\/18e124132141ce8f3b812fb2b92f98d9180a5b7a1f465cb453ca291f504ea831?s=96&d=mm&r=g\",\"caption\":\"Priorat Enoturisme\"},\"url\":\"https:\/\/www.prioratenoturisme.com\/es\/author\/prioratenoturisme_gestio\/\"}]}<\/script>\n<!-- \/ Yoast SEO plugin. -->","yoast_head_json":{"title":"Un mar de olivos en el coraz\u00f3n del Priorat - Priorat Enoturisme","description":"\u00a1Ven a descubrir que hay mucho m\u00e1s que vino en el Priorat! Grandes aceites de peque\u00f1os proyectos.","robots":{"index":"index","follow":"follow","max-snippet":"max-snippet:-1","max-image-preview":"max-image-preview:large","max-video-preview":"max-video-preview:-1"},"canonical":"https:\/\/www.prioratenoturisme.com\/es\/un-mar-de-olivos-en-el-corazon-del-priorat\/","og_locale":"es_ES","og_type":"article","og_title":"Un mar de olivos en el coraz\u00f3n del Priorat - Priorat Enoturisme","og_description":"\u00a1Ven a descubrir que hay mucho m\u00e1s que vino en el Priorat! Grandes aceites de peque\u00f1os proyectos.","og_url":"https:\/\/www.prioratenoturisme.com\/es\/un-mar-de-olivos-en-el-corazon-del-priorat\/","og_site_name":"Priorat Enoturisme","article_publisher":"https:\/\/www.facebook.com\/prioratenoturisme\/","article_published_time":"2025-08-07T21:27:52+00:00","og_image":[{"width":1200,"height":800,"url":"https:\/\/www.prioratenoturisme.com\/wp-content\/uploads\/moli_miro_cubells_3.jpg","type":"image\/jpeg"}],"author":"Priorat Enoturisme","twitter_card":"summary_large_image","twitter_misc":{"Escrito por":"Priorat Enoturisme","Tiempo de lectura":"2 minutos"},"schema":{"@context":"https:\/\/schema.org","@graph":[{"@type":"Article","@id":"https:\/\/www.prioratenoturisme.com\/es\/un-mar-de-olivos-en-el-corazon-del-priorat\/#article","isPartOf":{"@id":"https:\/\/www.prioratenoturisme.com\/es\/un-mar-de-olivos-en-el-corazon-del-priorat\/"},"author":{"name":"Priorat Enoturisme","@id":"https:\/\/www.prioratenoturisme.com\/#\/schema\/person\/21cb071ed0505ebc2f5e911eca6dccf7"},"headline":"Un mar de olivos en el coraz\u00f3n del Priorat","datePublished":"2025-08-07T21:27:52+00:00","mainEntityOfPage":{"@id":"https:\/\/www.prioratenoturisme.com\/es\/un-mar-de-olivos-en-el-corazon-del-priorat\/"},"wordCount":352,"commentCount":0,"publisher":{"@id":"https:\/\/www.prioratenoturisme.com\/#organization"},"image":{"@id":"https:\/\/www.prioratenoturisme.com\/es\/un-mar-de-olivos-en-el-corazon-del-priorat\/#primaryimage"},"thumbnailUrl":"https:\/\/www.prioratenoturisme.com\/wp-content\/uploads\/moli_priordei_1.jpg","keywords":["aceite","gastronom\u00eda","km0","priorat","producto","producto de proximidad"],"articleSection":["Blog"],"inLanguage":"es","potentialAction":[{"@type":"CommentAction","name":"Comment","target":["https:\/\/www.prioratenoturisme.com\/es\/un-mar-de-olivos-en-el-corazon-del-priorat\/#respond"]}]},{"@type":"WebPage","@id":"https:\/\/www.prioratenoturisme.com\/es\/un-mar-de-olivos-en-el-corazon-del-priorat\/","url":"https:\/\/www.prioratenoturisme.com\/es\/un-mar-de-olivos-en-el-corazon-del-priorat\/","name":"Un mar de olivos en el coraz\u00f3n del Priorat - Priorat Enoturisme","isPartOf":{"@id":"https:\/\/www.prioratenoturisme.com\/#website"},"primaryImageOfPage":{"@id":"https:\/\/www.prioratenoturisme.com\/es\/un-mar-de-olivos-en-el-corazon-del-priorat\/#primaryimage"},"image":{"@id":"https:\/\/www.prioratenoturisme.com\/es\/un-mar-de-olivos-en-el-corazon-del-priorat\/#primaryimage"},"thumbnailUrl":"https:\/\/www.prioratenoturisme.com\/wp-content\/uploads\/moli_priordei_1.jpg","datePublished":"2025-08-07T21:27:52+00:00","description":"\u00a1Ven a descubrir que hay mucho m\u00e1s que vino en el Priorat! Grandes aceites de peque\u00f1os proyectos.","breadcrumb":{"@id":"https:\/\/www.prioratenoturisme.com\/es\/un-mar-de-olivos-en-el-corazon-del-priorat\/#breadcrumb"},"inLanguage":"es","potentialAction":[{"@type":"ReadAction","target":["https:\/\/www.prioratenoturisme.com\/es\/un-mar-de-olivos-en-el-corazon-del-priorat\/"]}]},{"@type":"ImageObject","inLanguage":"es","@id":"https:\/\/www.prioratenoturisme.com\/es\/un-mar-de-olivos-en-el-corazon-del-priorat\/#primaryimage","url":"https:\/\/www.prioratenoturisme.com\/wp-content\/uploads\/moli_priordei_1.jpg","contentUrl":"https:\/\/www.prioratenoturisme.com\/wp-content\/uploads\/moli_priordei_1.jpg","width":1200,"height":800},{"@type":"BreadcrumbList","@id":"https:\/\/www.prioratenoturisme.com\/es\/un-mar-de-olivos-en-el-corazon-del-priorat\/#breadcrumb","itemListElement":[{"@type":"ListItem","position":1,"name":"Portada","item":"https:\/\/www.prioratenoturisme.com\/es\/inicio-vive-el-priorat\/"},{"@type":"ListItem","position":2,"name":"Un mar de olivos en el coraz\u00f3n del Priorat"}]},{"@type":"WebSite","@id":"https:\/\/www.prioratenoturisme.com\/#website","url":"https:\/\/www.prioratenoturisme.com\/","name":"Priorat Enoturisme","description":"Viu el Priorat","publisher":{"@id":"https:\/\/www.prioratenoturisme.com\/#organization"},"potentialAction":[{"@type":"SearchAction","target":{"@type":"EntryPoint","urlTemplate":"https:\/\/www.prioratenoturisme.com\/?s={search_term_string}"},"query-input":{"@type":"PropertyValueSpecification","valueRequired":true,"valueName":"search_term_string"}}],"inLanguage":"es"},{"@type":"Organization","@id":"https:\/\/www.prioratenoturisme.com\/#organization","name":"Priorat Enoturisme","url":"https:\/\/www.prioratenoturisme.com\/","logo":{"@type":"ImageObject","inLanguage":"es","@id":"https:\/\/www.prioratenoturisme.com\/#\/schema\/logo\/image\/","url":"https:\/\/www.prioratenoturisme.com\/wp-content\/uploads\/2023\/03\/cropped-FAVICON.png","contentUrl":"https:\/\/www.prioratenoturisme.com\/wp-content\/uploads\/2023\/03\/cropped-FAVICON.png","width":512,"height":512,"caption":"Priorat Enoturisme"},"image":{"@id":"https:\/\/www.prioratenoturisme.com\/#\/schema\/logo\/image\/"},"sameAs":["https:\/\/www.facebook.com\/prioratenoturisme\/","https:\/\/www.instagram.com\/prioratenoturisme\/"]},{"@type":"Person","@id":"https:\/\/www.prioratenoturisme.com\/#\/schema\/person\/21cb071ed0505ebc2f5e911eca6dccf7","name":"Priorat Enoturisme","image":{"@type":"ImageObject","inLanguage":"es","@id":"https:\/\/www.prioratenoturisme.com\/#\/schema\/person\/image\/","url":"https:\/\/secure.gravatar.com\/avatar\/18e124132141ce8f3b812fb2b92f98d9180a5b7a1f465cb453ca291f504ea831?s=96&d=mm&r=g","contentUrl":"https:\/\/secure.gravatar.com\/avatar\/18e124132141ce8f3b812fb2b92f98d9180a5b7a1f465cb453ca291f504ea831?s=96&d=mm&r=g","caption":"Priorat Enoturisme"},"url":"https:\/\/www.prioratenoturisme.com\/es\/author\/prioratenoturisme_gestio\/"}]}},"_links":{"self":[{"href":"https:\/\/www.prioratenoturisme.com\/es\/wp-json\/wp\/v2\/posts\/36870","targetHints":{"allow":["GET"]}}],"collection":[{"href":"https:\/\/www.prioratenoturisme.com\/es\/wp-json\/wp\/v2\/posts"}],"about":[{"href":"https:\/\/www.prioratenoturisme.com\/es\/wp-json\/wp\/v2\/types\/post"}],"author":[{"embeddable":true,"href":"https:\/\/www.prioratenoturisme.com\/es\/wp-json\/wp\/v2\/users\/2"}],"replies":[{"embeddable":true,"href":"https:\/\/www.prioratenoturisme.com\/es\/wp-json\/wp\/v2\/comments?post=36870"}],"version-history":[{"count":0,"href":"https:\/\/www.prioratenoturisme.com\/es\/wp-json\/wp\/v2\/posts\/36870\/revisions"}],"wp:featuredmedia":[{"embeddable":true,"href":"https:\/\/www.prioratenoturisme.com\/es\/wp-json\/wp\/v2\/media\/25920"}],"wp:attachment":[{"href":"https:\/\/www.prioratenoturisme.com\/es\/wp-json\/wp\/v2\/media?parent=36870"}],"wp:term":[{"taxonomy":"category","embeddable":true,"href":"https:\/\/www.prioratenoturisme.com\/es\/wp-json\/wp\/v2\/categories?post=36870"},{"taxonomy":"post_tag","embeddable":true,"href":"https:\/\/www.prioratenoturisme.com\/es\/wp-json\/wp\/v2\/tags?post=36870"}],"curies":[{"name":"wp","href":"https:\/\/api.w.org\/{rel}","templated":true}]}}